{"id":279761,"date":"2023-03-29T16:16:33","date_gmt":"2023-03-29T14:16:33","guid":{"rendered":"https:\/\/www.intoscana.it\/it\/?p=279761"},"modified":"2023-03-30T10:20:30","modified_gmt":"2023-03-30T08:20:30","slug":"sportelli-arti-garfagnana","status":"publish","type":"post","link":"https:\/\/www.intoscana.it\/it\/sportelli-arti-garfagnana\/","title":{"rendered":"Arti arriva in Alta Garfagnana: due sportelli per l&#8217;impiego a San Romano e Piazza al Serchio"},"content":{"rendered":"<p>La rete dei <strong>servizi per l\u2019impiego<\/strong> della Toscana diventa pi\u00f9 accessibile ai cittadini e alle imprese dell\u2019Alta Garfagnana. Questa mattina a <strong>San Romano in Garfagnana e Piazza al Serchio<\/strong> sono stati inaugurati i due nuovi sportelli territoriali di <strong>Arti<\/strong>, l\u2019Agenzia regionale toscana per l\u2019impiego.<\/p>\n<p>Arti \u00e8 l&#8217;agenzia regionale per il lavoro che riunisce tutti i centri per l&#8217;impiego: nei due nuovi sportelli erogher\u00e0 <mark>servizi di prima accoglienza e prima informazione orientativa, percorsi di orientamento individualizzato e servizi alle imprese. <\/mark><\/p>\n<h3>Una rete di servizi per l&#8217;impiego pi\u00f9 vicina ai cittadini<\/h3>\n<p>Alla stregua di quelli gi\u00e0 inaugurati nelle settimane scorse in altri territori della Regione, vengono attivati nell\u2019ambito del piano attuativo regionale di <strong>Gol (Garanzia Occupabilit\u00e0 Lavoratori)<\/strong>, il programma di riforma delle politiche attive del lavoro inserito nel <strong>Pnrr,<\/strong> che punta ad una maggiore capillarit\u00e0 della rete dei servizi per il lavoro. In questo caso, i due nuovi sportelli nascono con l\u2019obiettivo di superare per tutta l\u2019Alta Garfagnana le attuali difficolt\u00e0 logistiche e di collegamento con il Centro per l\u2019Impiego di riferimento, quello della Valle del Serchio (uno dei tre dell\u2019area lucchese).<\/p>\n<p><em>\u201cIl nostro impegno per una rete di servizi per il lavoro sempre pi\u00f9 capillare prosegue con determinazione<\/em> &#8211; ha spiegato l\u2019assessora al lavoro e alla formazione della Toscana, <strong>Alessandra Nardini\u00a0<\/strong> &#8211; <em>anche grazie al programma Gol a<mark>bbiamo una grande occasione, che non vogliamo sprecare: quella di potenziare la diffusione e la capillarit\u00e0 sui territori dei punti di accesso al sistema regionale delle politiche attive. <\/mark>In pochi mesi abbiamo attivato sportelli a <a href=\"https:\/\/www.intoscana.it\/it\/articolo\/a-pontremoli-arriva-lo-sportello-arti-per-i-servizi-pubblici-per-limpiego\/\" target=\"_blank\" rel=\"noopener\">Pontremoli<\/a>, <a href=\"https:\/\/www.intoscana.it\/it\/articolo\/sportello-arti-carmignano\/\" target=\"_blank\" rel=\"noopener\">Carmignano<\/a>,\u00a0 Altopascio ed il servizio territoriale di Fucecchio e Cerreto Guidi\u201d.<\/em><\/p>\n<p><em>\u201cUna rete di servizi per l&#8217;impiego prossima a cittadine, cittadini e imprese<\/em> \u2013 ha concluso Nardini &#8211; <em>\u00e8 cruciale per migliorare l&#8217;incrocio <strong>domanda-offerta di lavoro.<\/strong> Ci consente di cogliere al meglio tutte le opportunit\u00e0 offerte dagli strumenti che stiamo mettendo a disposizione, da quelli finanziati con il Pnrr, al nuovo Patto per il lavoro e alle misure attivate con il nuovo settennato del Fondo sociale europeo.&#8221;<\/em><\/p>\n<div class=\"focuson\"><a href=\"https:\/\/www.intoscana.it\/it\/articolo\/politiche-del-lavoro-la-toscana-centra-i-target-del-pnrr\/\"><img decoding=\"async\" class=\"lazy\" src=\"https:\/\/www.intoscana.it\/wp-content\/uploads\/shutterstock_526848103-1.jpg\" style=\"\">\n                <div class=\"cat\">Politiche del lavoro in Toscana<\/div>\n                <h4>La Regione centra i target del Pnrr<\/h4><\/a>\n              <\/div>\n<h3>Gli sportelli per servire anche le piccole frazioni<\/h3>\n<p>Entrambi gli sportelli sono situati all\u2019interno delle sedi dei due municipi. Serviranno anche l\u2019utenza dei comuni limitrofi e delle loro <strong>piccole frazioni,<\/strong> da Minucciano e Sillano-Giuncugnano, pi\u00f9 vicini a Piazza al Serchio, a Camporgiano, Villa Collemandina e Castiglione di Garfagnana, pi\u00f9 vicini a San Romano in Garfagnana. Gli sportelli saranno aperti dalle 9 alle 13 il marted\u00ec a San Romano e il gioved\u00ec a Piazza al Serchio<\/p>\n<p><em>\u201cPer la nostre comunit\u00e0<\/em> \u2013 hanno dichiarato la sindaca di San Romano <strong>Raffaella Mariani<\/strong> e il primo cittadino di Piazza al Serchio <strong>Andrea Carrari<\/strong> &#8211; <em>quello di oggi \u00e8 un <strong>traguardo importante<\/strong>. Avvicinare i servizi alle comunit\u00e0 \u00e8 un segnale di grande attenzione soprattutto verso i territori di aree interne come i nostri e la collaborazione con i centri per l\u2019impiego ci permetter\u00e0 di avviare progetti dedicati alle esigenze locali soprattutto per giovani e donne alla ricerca di impiego\u201d.<\/em><\/p>\n","protected":false},"excerpt":{"rendered":"<p>Inaugurati questa mattina i due nuovi centri della rete dei servizi di lavoro della Regione Toscana. L&#8217;assessora Nardini: &#8220;Cruciale per migliorare l&#8217;incontro tra domanda e offerta di lavoro&#8221;<\/p>\n","protected":false},"author":525,"featured_media":279764,"comment_status":"open","ping_status":"open","sticky":false,"template":"","format":"standard","meta":{"_acf_changed":false,"footnotes":""},"categories":[494],"tags":[4437,260,151],"class_list":["post-279761","post","type-post","status-publish","format-standard","has-post-thumbnail","hentry","category-attualita","tag-garfagnana","tag-lavoro","tag-regione-toscana"],"acf":[],"yoast_head":"<!-- This site is optimized with the Yoast SEO Premium plugin v24.2 (Yoast SEO v25.6) - https:\/\/yoast.com\/wordpress\/plugins\/seo\/ -->\n<title>Arti arriva in Alta Garfagnana: due sportelli per l&#039;impiego a San Romano e Piazza al Serchio - intoscana<\/title>\n<meta name=\"description\" content=\"A San Romano e Piazza al Serchio, in Alta Garfagnana, aperti due nuovi sportelli di Arti, la rete dei servizi per l&#039;impiego della Regione.\" \/>\n<meta name=\"robots\" content=\"index, follow, max-snippet:-1, max-image-preview:large, max-video-preview:-1\" \/>\n<link rel=\"canonical\" href=\"https:\/\/www.intoscana.it\/it\/sportelli-arti-garfagnana\/\" \/>\n<meta property=\"og:locale\" content=\"it_IT\" \/>\n<meta property=\"og:type\" content=\"article\" \/>\n<meta property=\"og:title\" content=\"Arti arriva in Alta Garfagnana: due sportelli per l&#039;impiego a San Romano e Piazza al Serchio\" \/>\n<meta property=\"og:description\" content=\"A San Romano e Piazza al Serchio, in Alta Garfagnana, aperti due nuovi sportelli di Arti, la rete dei servizi per l&#039;impiego della Regione.\" \/>\n<meta property=\"og:url\" content=\"https:\/\/www.intoscana.it\/it\/sportelli-arti-garfagnana\/\" \/>\n<meta property=\"og:site_name\" content=\"intoscana\" \/>\n<meta property=\"article:publisher\" content=\"https:\/\/www.facebook.com\/intoscana.it\" \/>\n<meta property=\"article:published_time\" content=\"2023-03-29T14:16:33+00:00\" \/>\n<meta property=\"article:modified_time\" content=\"2023-03-30T08:20:30+00:00\" \/>\n<meta property=\"og:image\" content=\"https:\/\/www.intoscana.it\/wp-content\/uploads\/sportelli-arti-.jpeg\" \/>\n\t<meta property=\"og:image:width\" content=\"2048\" \/>\n\t<meta property=\"og:image:height\" content=\"1536\" \/>\n\t<meta property=\"og:image:type\" content=\"image\/jpeg\" \/>\n<meta name=\"author\" content=\"Redazione\" \/>\n<meta name=\"twitter:card\" content=\"summary_large_image\" \/>\n<meta name=\"twitter:creator\" content=\"@intoscana\" \/>\n<meta name=\"twitter:site\" content=\"@intoscana\" \/>\n<meta name=\"twitter:label1\" content=\"Written by\" \/>\n\t<meta name=\"twitter:data1\" content=\"Redazione\" \/>\n\t<meta name=\"twitter:label2\" content=\"Est. reading time\" \/>\n\t<meta name=\"twitter:data2\" content=\"2 minuti\" \/>\n<script type=\"application\/ld+json\" class=\"yoast-schema-graph\">{\"@context\":\"https:\/\/schema.org\",\"@graph\":[{\"@type\":\"WebPage\",\"@id\":\"https:\/\/www.intoscana.it\/it\/sportelli-arti-garfagnana\/\",\"url\":\"https:\/\/www.intoscana.it\/it\/sportelli-arti-garfagnana\/\",\"name\":\"Arti arriva in Alta Garfagnana: due sportelli per l'impiego a San Romano e Piazza al Serchio - intoscana\",\"isPartOf\":{\"@id\":\"https:\/\/www.intoscana.it\/it\/#website\"},\"primaryImageOfPage\":{\"@id\":\"https:\/\/www.intoscana.it\/it\/sportelli-arti-garfagnana\/#primaryimage\"},\"image\":{\"@id\":\"https:\/\/www.intoscana.it\/it\/sportelli-arti-garfagnana\/#primaryimage\"},\"thumbnailUrl\":\"https:\/\/www.intoscana.it\/wp-content\/uploads\/sportelli-arti-.jpeg\",\"datePublished\":\"2023-03-29T14:16:33+00:00\",\"dateModified\":\"2023-03-30T08:20:30+00:00\",\"author\":{\"@id\":\"https:\/\/www.intoscana.it\/it\/#\/schema\/person\/9223810753230f20bd670fdd322661f8\"},\"description\":\"A San Romano e Piazza al Serchio, in Alta Garfagnana, aperti due nuovi sportelli di Arti, la rete dei servizi per l'impiego della Regione.\",\"breadcrumb\":{\"@id\":\"https:\/\/www.intoscana.it\/it\/sportelli-arti-garfagnana\/#breadcrumb\"},\"inLanguage\":\"it-IT\",\"potentialAction\":[{\"@type\":\"ReadAction\",\"target\":[\"https:\/\/www.intoscana.it\/it\/sportelli-arti-garfagnana\/\"]}]},{\"@type\":\"ImageObject\",\"inLanguage\":\"it-IT\",\"@id\":\"https:\/\/www.intoscana.it\/it\/sportelli-arti-garfagnana\/#primaryimage\",\"url\":\"https:\/\/www.intoscana.it\/wp-content\/uploads\/sportelli-arti-.jpeg\",\"contentUrl\":\"https:\/\/www.intoscana.it\/wp-content\/uploads\/sportelli-arti-.jpeg\",\"width\":2048,\"height\":1536,\"caption\":\"L'inaugurazione dello sportello Arti a San Romano in Garfagnana\"},{\"@type\":\"BreadcrumbList\",\"@id\":\"https:\/\/www.intoscana.it\/it\/sportelli-arti-garfagnana\/#breadcrumb\",\"itemListElement\":[{\"@type\":\"ListItem\",\"position\":1,\"name\":\"Home\",\"item\":\"https:\/\/www.intoscana.it\/it\/\"},{\"@type\":\"ListItem\",\"position\":2,\"name\":\"Arti arriva in Alta Garfagnana: due sportelli per l&#8217;impiego a San Romano e Piazza al Serchio\"}]},{\"@type\":\"WebSite\",\"@id\":\"https:\/\/www.intoscana.it\/it\/#website\",\"url\":\"https:\/\/www.intoscana.it\/it\/\",\"name\":\"intoscana\",\"description\":\"\",\"potentialAction\":[{\"@type\":\"SearchAction\",\"target\":{\"@type\":\"EntryPoint\",\"urlTemplate\":\"https:\/\/www.intoscana.it\/it\/?s={search_term_string}\"},\"query-input\":{\"@type\":\"PropertyValueSpecification\",\"valueRequired\":true,\"valueName\":\"search_term_string\"}}],\"inLanguage\":\"it-IT\"},{\"@type\":\"Person\",\"@id\":\"https:\/\/www.intoscana.it\/it\/#\/schema\/person\/9223810753230f20bd670fdd322661f8\",\"name\":\"Redazione\",\"url\":\"https:\/\/www.intoscana.it\/it\/author\/redazione\/\"}]}<\/script>\n<!-- \/ Yoast SEO Premium plugin. -->","yoast_head_json":{"title":"Arti arriva in Alta Garfagnana: due sportelli per l'impiego a San Romano e Piazza al Serchio - intoscana","description":"A San Romano e Piazza al Serchio, in Alta Garfagnana, aperti due nuovi sportelli di Arti, la rete dei servizi per l'impiego della Regione.","robots":{"index":"index","follow":"follow","max-snippet":"max-snippet:-1","max-image-preview":"max-image-preview:large","max-video-preview":"max-video-preview:-1"},"canonical":"https:\/\/www.intoscana.it\/it\/sportelli-arti-garfagnana\/","og_locale":"it_IT","og_type":"article","og_title":"Arti arriva in Alta Garfagnana: due sportelli per l'impiego a San Romano e Piazza al Serchio","og_description":"A San Romano e Piazza al Serchio, in Alta Garfagnana, aperti due nuovi sportelli di Arti, la rete dei servizi per l'impiego della Regione.","og_url":"https:\/\/www.intoscana.it\/it\/sportelli-arti-garfagnana\/","og_site_name":"intoscana","article_publisher":"https:\/\/www.facebook.com\/intoscana.it","article_published_time":"2023-03-29T14:16:33+00:00","article_modified_time":"2023-03-30T08:20:30+00:00","og_image":[{"width":2048,"height":1536,"url":"https:\/\/www.intoscana.it\/wp-content\/uploads\/sportelli-arti-.jpeg","type":"image\/jpeg"}],"author":"Redazione","twitter_card":"summary_large_image","twitter_creator":"@intoscana","twitter_site":"@intoscana","twitter_misc":{"Written by":"Redazione","Est. reading time":"2 minuti"},"schema":{"@context":"https:\/\/schema.org","@graph":[{"@type":"WebPage","@id":"https:\/\/www.intoscana.it\/it\/sportelli-arti-garfagnana\/","url":"https:\/\/www.intoscana.it\/it\/sportelli-arti-garfagnana\/","name":"Arti arriva in Alta Garfagnana: due sportelli per l'impiego a San Romano e Piazza al Serchio - intoscana","isPartOf":{"@id":"https:\/\/www.intoscana.it\/it\/#website"},"primaryImageOfPage":{"@id":"https:\/\/www.intoscana.it\/it\/sportelli-arti-garfagnana\/#primaryimage"},"image":{"@id":"https:\/\/www.intoscana.it\/it\/sportelli-arti-garfagnana\/#primaryimage"},"thumbnailUrl":"https:\/\/www.intoscana.it\/wp-content\/uploads\/sportelli-arti-.jpeg","datePublished":"2023-03-29T14:16:33+00:00","dateModified":"2023-03-30T08:20:30+00:00","author":{"@id":"https:\/\/www.intoscana.it\/it\/#\/schema\/person\/9223810753230f20bd670fdd322661f8"},"description":"A San Romano e Piazza al Serchio, in Alta Garfagnana, aperti due nuovi sportelli di Arti, la rete dei servizi per l'impiego della Regione.","breadcrumb":{"@id":"https:\/\/www.intoscana.it\/it\/sportelli-arti-garfagnana\/#breadcrumb"},"inLanguage":"it-IT","potentialAction":[{"@type":"ReadAction","target":["https:\/\/www.intoscana.it\/it\/sportelli-arti-garfagnana\/"]}]},{"@type":"ImageObject","inLanguage":"it-IT","@id":"https:\/\/www.intoscana.it\/it\/sportelli-arti-garfagnana\/#primaryimage","url":"https:\/\/www.intoscana.it\/wp-content\/uploads\/sportelli-arti-.jpeg","contentUrl":"https:\/\/www.intoscana.it\/wp-content\/uploads\/sportelli-arti-.jpeg","width":2048,"height":1536,"caption":"L'inaugurazione dello sportello Arti a San Romano in Garfagnana"},{"@type":"BreadcrumbList","@id":"https:\/\/www.intoscana.it\/it\/sportelli-arti-garfagnana\/#breadcrumb","itemListElement":[{"@type":"ListItem","position":1,"name":"Home","item":"https:\/\/www.intoscana.it\/it\/"},{"@type":"ListItem","position":2,"name":"Arti arriva in Alta Garfagnana: due sportelli per l&#8217;impiego a San Romano e Piazza al Serchio"}]},{"@type":"WebSite","@id":"https:\/\/www.intoscana.it\/it\/#website","url":"https:\/\/www.intoscana.it\/it\/","name":"intoscana","description":"","potentialAction":[{"@type":"SearchAction","target":{"@type":"EntryPoint","urlTemplate":"https:\/\/www.intoscana.it\/it\/?s={search_term_string}"},"query-input":{"@type":"PropertyValueSpecification","valueRequired":true,"valueName":"search_term_string"}}],"inLanguage":"it-IT"},{"@type":"Person","@id":"https:\/\/www.intoscana.it\/it\/#\/schema\/person\/9223810753230f20bd670fdd322661f8","name":"Redazione","url":"https:\/\/www.intoscana.it\/it\/author\/redazione\/"}]}},"_links":{"self":[{"href":"https:\/\/www.intoscana.it\/it\/wp-json\/wp\/v2\/posts\/279761","targetHints":{"allow":["GET"]}}],"collection":[{"href":"https:\/\/www.intoscana.it\/it\/wp-json\/wp\/v2\/posts"}],"about":[{"href":"https:\/\/www.intoscana.it\/it\/wp-json\/wp\/v2\/types\/post"}],"author":[{"embeddable":true,"href":"https:\/\/www.intoscana.it\/it\/wp-json\/wp\/v2\/users\/525"}],"replies":[{"embeddable":true,"href":"https:\/\/www.intoscana.it\/it\/wp-json\/wp\/v2\/comments?post=279761"}],"version-history":[{"count":0,"href":"https:\/\/www.intoscana.it\/it\/wp-json\/wp\/v2\/posts\/279761\/revisions"}],"wp:featuredmedia":[{"embeddable":true,"href":"https:\/\/www.intoscana.it\/it\/wp-json\/wp\/v2\/media\/279764"}],"wp:attachment":[{"href":"https:\/\/www.intoscana.it\/it\/wp-json\/wp\/v2\/media?parent=279761"}],"wp:term":[{"taxonomy":"category","embeddable":true,"href":"https:\/\/www.intoscana.it\/it\/wp-json\/wp\/v2\/categories?post=279761"},{"taxonomy":"post_tag","embeddable":true,"href":"https:\/\/www.intoscana.it\/it\/wp-json\/wp\/v2\/tags?post=279761"}],"curies":[{"name":"wp","href":"https:\/\/api.w.org\/{rel}","templated":true}]}}