{"id":279835,"date":"2023-03-30T10:32:28","date_gmt":"2023-03-30T08:32:28","guid":{"rendered":"https:\/\/www.intoscana.it\/it\/?p=279835"},"modified":"2023-03-30T10:33:16","modified_gmt":"2023-03-30T08:33:16","slug":"parole-in-cammino-a-firenze-il-festival-dellitaliano-e-delle-lingue-ditalia","status":"publish","type":"post","link":"https:\/\/www.intoscana.it\/it\/parole-in-cammino-a-firenze-il-festival-dellitaliano-e-delle-lingue-ditalia\/","title":{"rendered":"&#8220;Parole in cammino&#8221; a Firenze il Festival dell&#8217;italiano e delle lingue d&#8217;Italia"},"content":{"rendered":"<p><strong>Dal 30 marzo al 1\u00b0 aprile<\/strong> a Firenze torna <em><strong>&#8220;Parole in cammino &#8211; Festival dell&#8217;italiano e delle lingue d&#8217;Italia&#8221;<\/strong><\/em> che si terr\u00e0\u00a0tra Palazzo Pegaso (Palazzo Pancitichi), Palazzo della Regione e Biblioteca delle Oblate,\u00a0con relatori del <strong>mondo accademico, giornalistico, della comunicazione e della societ\u00e0 civile.<\/strong><\/p>\n<p>I temi del <strong>festival nato a Siena nel 2017<\/strong> e giunto quest&#8217;anno alla<strong> quarta edizione<\/strong> saranno: sono<strong> lingua e genere, linguaggio inclusivo<\/strong> (o &#8220;ampio&#8221;) e forme di <strong>discriminazione linguistica; linguaggi giovanili;<\/strong> lingua e potere, politiche linguistiche; linguaggi della politica.<\/p>\n<p>Il progetto generale, sviluppato negli anni con il sostegno, il partenariato, la collaborazione di diversi soggetti, fra pubblici e privati \u00e8 pensato come <strong>un itinerario sull\u2019italiano fra passato, presente e futuro,<\/strong> senza trascurare il contributo portato alla storia linguistica, sociale, culturale del nostro paese dalle tante altre \u201clingue\u201d presenti sul territorio (dialetti, lingue minoritarie, linguaggi giovanili, lingue di contatto, gerghi tecnologici, ecc.), dalle maggiori lingue di cultura (con riferimento alla traduzione letteraria, alle parole \u201cin viaggio\u201d, ecc.), dalla<strong> comunicazione non verbale<\/strong> (la lingua dei segni, il linguaggio del corpo).<\/p>\n<p>Nelle tre giornate si parler\u00e0 di<strong> forme e significati del linguaggio della &#8220;nuova&#8221; politica<\/strong>; dei linguaggi della <strong>comunicazione politica<\/strong>; del ruolo dell&#8217;immagine nella politica; della leadership: come il leader politico \u00e8 cambiato nel tempo; dei <strong>movimenti politici e mass media;<\/strong> della comunicazione politica su internet e di Peccati di lingua.<\/p>\n<p>Per i <em><strong>&#8216;Progetti per le scuole&#8217;<\/strong> <\/em>invece ci sono i seguenti incontri: <strong>Dante slam<\/strong>; L&#8217;alfabetizzazione emotiva al tempo di Internet; La Costituzione pi\u00f9 bella del mondo; il Premio &#8220;Visioni&#8221;; Il premio letterario &#8220;Per vie brevi&#8221;; L&#8217;alfabeto dell&#8217;inclusione;<strong> Le parole per dire &#8220;pace&#8221; in tutte le lingue del mondo.<\/strong><\/p>\n<p><em>&#8220;La comunicazione politica, la lingua e il potere, il linguaggio giovanile, l&#8217;inclusione linguistica, in una parola la lingua &#8211; <\/em>ha detto il <strong>presidente della Regione Eugenio Giani<\/strong><em><strong> &#8211;<\/strong>, che \u00e8 uno strumento che si modifica in base alle necessit\u00e0 della comunit\u00e0 che la utilizza, ma \u00e8 anche un grande spazio abitato dalle persone che con la lingua si confrontano, possono crescere o possono rimanerne vittima. Bene dunque che ci siano iniziative come Il Festival dell&#8217;italiano e delle lingue d&#8217;Italia&#8221;.<\/em><\/p>\n<p><em>&#8220;Il Festival cresce ogni anno &#8211;<\/em> ha detto il <strong>vicepresidente del Consiglio Regionale della Toscana Stefano Scaramelli<\/strong><em> &#8211; e denota un livello di qualit\u00e0 artistico sempre pi\u00f9 elevato. Questa volta ci confrontiamo con il linguaggio dei giovani. Siamo contrari al linguaggio violento di oggi, con parole che possono diventare molto pericolose. La parola pu\u00f2 uccidere, ma pu\u00f2 anche salvare. Firenze e la Toscana sono al centro di un percorso che fa della centralit\u00e0 della lingua italiana un suo asse fondante&#8221;. <\/em><\/p>\n<h3>Come partecipare<\/h3>\n<p><strong>La partecipazione \u00e8 gratuita.<\/strong> \u00c8 consigliata la prenotazione che potr\u00e0 avvenire per gli eventi delle mattine del 30 e 31 marzo, contattando il numero 3313013200 o via mail a <strong>paroleincammino2@gmail.com.<\/strong><\/p>\n<p>Per gli eventi ospitati Biblioteca delle Oblate contattando il numero 055 2616512 o via mail a <strong>bibliotecadelleoblate@comune.fi.it<\/strong> oppure online.<\/p>\n<div class=\"titleimg\"><\/div>\n","protected":false},"excerpt":{"rendered":"<p>Dal 30 marzo al 1\u00b0 aprile torna per la quarta edizione il festival itinerante nato a Siena nel 2017, con tanti eventi e incontri per riflettere sulla nostra lingua<\/p>\n","protected":false},"author":525,"featured_media":279844,"comment_status":"open","ping_status":"open","sticky":false,"template":"","format":"standard","meta":{"_acf_changed":false,"footnotes":""},"categories":[493],"tags":[4474,228,202],"class_list":["post-279835","post","type-post","status-publish","format-standard","has-post-thumbnail","hentry","category-cultura","tag-eventi","tag-festival","tag-firenze"],"acf":[],"yoast_head":"<!-- This site is optimized with the Yoast SEO Premium plugin v24.2 (Yoast SEO v25.6) - https:\/\/yoast.com\/wordpress\/plugins\/seo\/ -->\n<title>&quot;Parole in cammino&quot; a Firenze il Festival dell&#039;italiano e delle lingue d&#039;Italia - intoscana<\/title>\n<meta name=\"description\" content=\"Dal 30 marzo al 1\u00b0 aprile la quarta edizione del festival itinerante nato a Siena nel 2017, tanti eventi e incontri\" \/>\n<meta name=\"robots\" content=\"index, follow, max-snippet:-1, max-image-preview:large, max-video-preview:-1\" \/>\n<link rel=\"canonical\" href=\"https:\/\/www.intoscana.it\/it\/parole-in-cammino-a-firenze-il-festival-dellitaliano-e-delle-lingue-ditalia\/\" \/>\n<meta property=\"og:locale\" content=\"it_IT\" \/>\n<meta property=\"og:type\" content=\"article\" \/>\n<meta property=\"og:title\" content=\"&quot;Parole in cammino&quot; a Firenze il Festival dell&#039;italiano e delle lingue d&#039;Italia\" \/>\n<meta property=\"og:description\" content=\"Dal 30 marzo al 1\u00b0 aprile la quarta edizione del festival itinerante nato a Siena nel 2017, tanti eventi e incontri\" \/>\n<meta property=\"og:url\" content=\"https:\/\/www.intoscana.it\/it\/parole-in-cammino-a-firenze-il-festival-dellitaliano-e-delle-lingue-ditalia\/\" \/>\n<meta property=\"og:site_name\" content=\"intoscana\" \/>\n<meta property=\"article:publisher\" content=\"https:\/\/www.facebook.com\/intoscana.it\" \/>\n<meta property=\"article:published_time\" content=\"2023-03-30T08:32:28+00:00\" \/>\n<meta property=\"article:modified_time\" content=\"2023-03-30T08:33:16+00:00\" \/>\n<meta property=\"og:image\" content=\"https:\/\/www.intoscana.it\/wp-content\/uploads\/banner-festiva.jpg\" \/>\n\t<meta property=\"og:image:width\" content=\"1640\" \/>\n\t<meta property=\"og:image:height\" content=\"924\" \/>\n\t<meta property=\"og:image:type\" content=\"image\/jpeg\" \/>\n<meta name=\"author\" content=\"Redazione\" \/>\n<meta name=\"twitter:card\" content=\"summary_large_image\" \/>\n<meta name=\"twitter:creator\" content=\"@intoscana\" \/>\n<meta name=\"twitter:site\" content=\"@intoscana\" \/>\n<meta name=\"twitter:label1\" content=\"Written by\" \/>\n\t<meta name=\"twitter:data1\" content=\"Redazione\" \/>\n\t<meta name=\"twitter:label2\" content=\"Est. reading time\" \/>\n\t<meta name=\"twitter:data2\" content=\"2 minuti\" \/>\n<script type=\"application\/ld+json\" class=\"yoast-schema-graph\">{\"@context\":\"https:\/\/schema.org\",\"@graph\":[{\"@type\":\"WebPage\",\"@id\":\"https:\/\/www.intoscana.it\/it\/parole-in-cammino-a-firenze-il-festival-dellitaliano-e-delle-lingue-ditalia\/\",\"url\":\"https:\/\/www.intoscana.it\/it\/parole-in-cammino-a-firenze-il-festival-dellitaliano-e-delle-lingue-ditalia\/\",\"name\":\"\\\"Parole in cammino\\\" a Firenze il Festival dell'italiano e delle lingue d'Italia - intoscana\",\"isPartOf\":{\"@id\":\"https:\/\/www.intoscana.it\/it\/#website\"},\"primaryImageOfPage\":{\"@id\":\"https:\/\/www.intoscana.it\/it\/parole-in-cammino-a-firenze-il-festival-dellitaliano-e-delle-lingue-ditalia\/#primaryimage\"},\"image\":{\"@id\":\"https:\/\/www.intoscana.it\/it\/parole-in-cammino-a-firenze-il-festival-dellitaliano-e-delle-lingue-ditalia\/#primaryimage\"},\"thumbnailUrl\":\"https:\/\/www.intoscana.it\/wp-content\/uploads\/banner-festiva.jpg\",\"datePublished\":\"2023-03-30T08:32:28+00:00\",\"dateModified\":\"2023-03-30T08:33:16+00:00\",\"author\":{\"@id\":\"https:\/\/www.intoscana.it\/it\/#\/schema\/person\/9223810753230f20bd670fdd322661f8\"},\"description\":\"Dal 30 marzo al 1\u00b0 aprile la quarta edizione del festival itinerante nato a Siena nel 2017, tanti eventi e incontri\",\"breadcrumb\":{\"@id\":\"https:\/\/www.intoscana.it\/it\/parole-in-cammino-a-firenze-il-festival-dellitaliano-e-delle-lingue-ditalia\/#breadcrumb\"},\"inLanguage\":\"it-IT\",\"potentialAction\":[{\"@type\":\"ReadAction\",\"target\":[\"https:\/\/www.intoscana.it\/it\/parole-in-cammino-a-firenze-il-festival-dellitaliano-e-delle-lingue-ditalia\/\"]}]},{\"@type\":\"ImageObject\",\"inLanguage\":\"it-IT\",\"@id\":\"https:\/\/www.intoscana.it\/it\/parole-in-cammino-a-firenze-il-festival-dellitaliano-e-delle-lingue-ditalia\/#primaryimage\",\"url\":\"https:\/\/www.intoscana.it\/wp-content\/uploads\/banner-festiva.jpg\",\"contentUrl\":\"https:\/\/www.intoscana.it\/wp-content\/uploads\/banner-festiva.jpg\",\"width\":1640,\"height\":924},{\"@type\":\"BreadcrumbList\",\"@id\":\"https:\/\/www.intoscana.it\/it\/parole-in-cammino-a-firenze-il-festival-dellitaliano-e-delle-lingue-ditalia\/#breadcrumb\",\"itemListElement\":[{\"@type\":\"ListItem\",\"position\":1,\"name\":\"Home\",\"item\":\"https:\/\/www.intoscana.it\/it\/\"},{\"@type\":\"ListItem\",\"position\":2,\"name\":\"&#8220;Parole in cammino&#8221; a Firenze il Festival dell&#8217;italiano e delle lingue d&#8217;Italia\"}]},{\"@type\":\"WebSite\",\"@id\":\"https:\/\/www.intoscana.it\/it\/#website\",\"url\":\"https:\/\/www.intoscana.it\/it\/\",\"name\":\"intoscana\",\"description\":\"\",\"potentialAction\":[{\"@type\":\"SearchAction\",\"target\":{\"@type\":\"EntryPoint\",\"urlTemplate\":\"https:\/\/www.intoscana.it\/it\/?s={search_term_string}\"},\"query-input\":{\"@type\":\"PropertyValueSpecification\",\"valueRequired\":true,\"valueName\":\"search_term_string\"}}],\"inLanguage\":\"it-IT\"},{\"@type\":\"Person\",\"@id\":\"https:\/\/www.intoscana.it\/it\/#\/schema\/person\/9223810753230f20bd670fdd322661f8\",\"name\":\"Redazione\",\"url\":\"https:\/\/www.intoscana.it\/it\/author\/redazione\/\"}]}<\/script>\n<!-- \/ Yoast SEO Premium plugin. -->","yoast_head_json":{"title":"\"Parole in cammino\" a Firenze il Festival dell'italiano e delle lingue d'Italia - intoscana","description":"Dal 30 marzo al 1\u00b0 aprile la quarta edizione del festival itinerante nato a Siena nel 2017, tanti eventi e incontri","robots":{"index":"index","follow":"follow","max-snippet":"max-snippet:-1","max-image-preview":"max-image-preview:large","max-video-preview":"max-video-preview:-1"},"canonical":"https:\/\/www.intoscana.it\/it\/parole-in-cammino-a-firenze-il-festival-dellitaliano-e-delle-lingue-ditalia\/","og_locale":"it_IT","og_type":"article","og_title":"\"Parole in cammino\" a Firenze il Festival dell'italiano e delle lingue d'Italia","og_description":"Dal 30 marzo al 1\u00b0 aprile la quarta edizione del festival itinerante nato a Siena nel 2017, tanti eventi e incontri","og_url":"https:\/\/www.intoscana.it\/it\/parole-in-cammino-a-firenze-il-festival-dellitaliano-e-delle-lingue-ditalia\/","og_site_name":"intoscana","article_publisher":"https:\/\/www.facebook.com\/intoscana.it","article_published_time":"2023-03-30T08:32:28+00:00","article_modified_time":"2023-03-30T08:33:16+00:00","og_image":[{"width":1640,"height":924,"url":"https:\/\/www.intoscana.it\/wp-content\/uploads\/banner-festiva.jpg","type":"image\/jpeg"}],"author":"Redazione","twitter_card":"summary_large_image","twitter_creator":"@intoscana","twitter_site":"@intoscana","twitter_misc":{"Written by":"Redazione","Est. reading time":"2 minuti"},"schema":{"@context":"https:\/\/schema.org","@graph":[{"@type":"WebPage","@id":"https:\/\/www.intoscana.it\/it\/parole-in-cammino-a-firenze-il-festival-dellitaliano-e-delle-lingue-ditalia\/","url":"https:\/\/www.intoscana.it\/it\/parole-in-cammino-a-firenze-il-festival-dellitaliano-e-delle-lingue-ditalia\/","name":"\"Parole in cammino\" a Firenze il Festival dell'italiano e delle lingue d'Italia - intoscana","isPartOf":{"@id":"https:\/\/www.intoscana.it\/it\/#website"},"primaryImageOfPage":{"@id":"https:\/\/www.intoscana.it\/it\/parole-in-cammino-a-firenze-il-festival-dellitaliano-e-delle-lingue-ditalia\/#primaryimage"},"image":{"@id":"https:\/\/www.intoscana.it\/it\/parole-in-cammino-a-firenze-il-festival-dellitaliano-e-delle-lingue-ditalia\/#primaryimage"},"thumbnailUrl":"https:\/\/www.intoscana.it\/wp-content\/uploads\/banner-festiva.jpg","datePublished":"2023-03-30T08:32:28+00:00","dateModified":"2023-03-30T08:33:16+00:00","author":{"@id":"https:\/\/www.intoscana.it\/it\/#\/schema\/person\/9223810753230f20bd670fdd322661f8"},"description":"Dal 30 marzo al 1\u00b0 aprile la quarta edizione del festival itinerante nato a Siena nel 2017, tanti eventi e incontri","breadcrumb":{"@id":"https:\/\/www.intoscana.it\/it\/parole-in-cammino-a-firenze-il-festival-dellitaliano-e-delle-lingue-ditalia\/#breadcrumb"},"inLanguage":"it-IT","potentialAction":[{"@type":"ReadAction","target":["https:\/\/www.intoscana.it\/it\/parole-in-cammino-a-firenze-il-festival-dellitaliano-e-delle-lingue-ditalia\/"]}]},{"@type":"ImageObject","inLanguage":"it-IT","@id":"https:\/\/www.intoscana.it\/it\/parole-in-cammino-a-firenze-il-festival-dellitaliano-e-delle-lingue-ditalia\/#primaryimage","url":"https:\/\/www.intoscana.it\/wp-content\/uploads\/banner-festiva.jpg","contentUrl":"https:\/\/www.intoscana.it\/wp-content\/uploads\/banner-festiva.jpg","width":1640,"height":924},{"@type":"BreadcrumbList","@id":"https:\/\/www.intoscana.it\/it\/parole-in-cammino-a-firenze-il-festival-dellitaliano-e-delle-lingue-ditalia\/#breadcrumb","itemListElement":[{"@type":"ListItem","position":1,"name":"Home","item":"https:\/\/www.intoscana.it\/it\/"},{"@type":"ListItem","position":2,"name":"&#8220;Parole in cammino&#8221; a Firenze il Festival dell&#8217;italiano e delle lingue d&#8217;Italia"}]},{"@type":"WebSite","@id":"https:\/\/www.intoscana.it\/it\/#website","url":"https:\/\/www.intoscana.it\/it\/","name":"intoscana","description":"","potentialAction":[{"@type":"SearchAction","target":{"@type":"EntryPoint","urlTemplate":"https:\/\/www.intoscana.it\/it\/?s={search_term_string}"},"query-input":{"@type":"PropertyValueSpecification","valueRequired":true,"valueName":"search_term_string"}}],"inLanguage":"it-IT"},{"@type":"Person","@id":"https:\/\/www.intoscana.it\/it\/#\/schema\/person\/9223810753230f20bd670fdd322661f8","name":"Redazione","url":"https:\/\/www.intoscana.it\/it\/author\/redazione\/"}]}},"_links":{"self":[{"href":"https:\/\/www.intoscana.it\/it\/wp-json\/wp\/v2\/posts\/279835","targetHints":{"allow":["GET"]}}],"collection":[{"href":"https:\/\/www.intoscana.it\/it\/wp-json\/wp\/v2\/posts"}],"about":[{"href":"https:\/\/www.intoscana.it\/it\/wp-json\/wp\/v2\/types\/post"}],"author":[{"embeddable":true,"href":"https:\/\/www.intoscana.it\/it\/wp-json\/wp\/v2\/users\/525"}],"replies":[{"embeddable":true,"href":"https:\/\/www.intoscana.it\/it\/wp-json\/wp\/v2\/comments?post=279835"}],"version-history":[{"count":0,"href":"https:\/\/www.intoscana.it\/it\/wp-json\/wp\/v2\/posts\/279835\/revisions"}],"wp:featuredmedia":[{"embeddable":true,"href":"https:\/\/www.intoscana.it\/it\/wp-json\/wp\/v2\/media\/279844"}],"wp:attachment":[{"href":"https:\/\/www.intoscana.it\/it\/wp-json\/wp\/v2\/media?parent=279835"}],"wp:term":[{"taxonomy":"category","embeddable":true,"href":"https:\/\/www.intoscana.it\/it\/wp-json\/wp\/v2\/categories?post=279835"},{"taxonomy":"post_tag","embeddable":true,"href":"https:\/\/www.intoscana.it\/it\/wp-json\/wp\/v2\/tags?post=279835"}],"curies":[{"name":"wp","href":"https:\/\/api.w.org\/{rel}","templated":true}]}}