{"id":279997,"date":"2023-03-31T11:29:47","date_gmt":"2023-03-31T09:29:47","guid":{"rendered":"https:\/\/www.intoscana.it\/it\/?p=279997"},"modified":"2023-03-31T12:17:14","modified_gmt":"2023-03-31T10:17:14","slug":"david-di-donatello-68-la-squadra-toscana-in-lizza","status":"publish","type":"post","link":"https:\/\/www.intoscana.it\/it\/david-di-donatello-68-la-squadra-toscana-in-lizza\/","title":{"rendered":"David di Donatello 68, la squadra toscana in lizza"},"content":{"rendered":"<h3>Gli &#8220;Oscar del cinema italiano&#8221; arrivano all&#8217;edizione 68: la cerimonia di premiazione si tiene il 10 maggio e sar\u00e0 trasmessa su Rai Uno<\/h3>\n<p>Annunciate, dall\u2019Accademia del Cinema Italiano, tutte le candidature ai <strong>David di Donatello 68<\/strong>. Come di consueto, l&#8217;Accademia assegner\u00e0<strong> 21 riconoscimenti<\/strong> ai film usciti nelle sale cinematografiche italiane dal 1\u00b0 marzo 2022 al 31 dicembre 2022, pi\u00f9 un Premio David per il cinema internazionale. La cerimonia di premiazione si terr\u00e0 <strong>mercoled\u00ec 10 maggio<\/strong> e sar\u00e0 trasmessa in diretta, in prima serata, su Rai Uno. La conduzione della serata sar\u00e0 affidata di nuovo all&#8217;anchorman fiorentino <strong>Carlo Conti<\/strong>, tra i pi\u00f9 apprezzati dal pubblico italiano. L\u2019evento si svolger\u00e0 nei Lumina Studios di Roma.<\/p>\n<p>I <strong>Premi David di Donatello<\/strong> <strong>hanno un legame sempre pi\u00f9 stretto con la Toscana<\/strong>: le conversazioni con i dieci autori selezionati per la sezione Miglior documentario, sono state trasmesse online sulla piattaforma <strong>Pi\u00f9 Compagni<\/strong>a, del cinema la Compagnia di Firenze; da segnalare, inoltre, che gli scorsi mesi \u00e8 stata annunciata anche la prima edizione del David di Donatello per gli attori che diventeranno gli ambasciatori del cinema italiano nel mondo, <strong>\u201cItalian Rising Stars<\/strong>\u201d, la cui consegna avverr\u00e0 a Firenze, a met\u00e0 dicembre, al termine della \u201c50 Giorni di Cinema\u201d.<\/p>\n<p>I <a href=\"https:\/\/www.daviddidonatello.it\"><strong>Premi David di Donatello<\/strong><\/a> sono organizzati dalla Fondazione Accademia del Cinema Italiano \u2013 Premi David di Donatello e dalla Rai, in collaborazione con Cinecitt\u00e0 S.p.A. <strong>Piera Detassis<\/strong> \u00e8 Presidente e Direttrice Artistica dell\u2019Accademia, il Consiglio Direttivo \u00e8 composto da Francesco Giambrone, Francesco Rutelli, Nicola Borrelli, Francesca Cima, Edoardo De Angelis, Domenico Dinoia, Valeria Golino, Giancarlo Leone, Luigi Lonigro, <strong>Mario Lorini<\/strong> (promotore culturale di Siena, presidente Anec), <strong>Francesco Ranieri Martinotti,<\/strong> un autore che ha uno stretto legame con la Toscana, essendo anche il direttore del festival della \u201c50 Giorni\u201d, <strong>France Odeon.<\/strong><\/p>\n<h3>Tra i film esordienti, in corsa il film &#8220;Margini&#8221;, di Niccol\u00f2 Falsetti, girato a Grosseto<\/h3>\n<p>In corsa ai <strong>David 68<\/strong>, come Miglior Film d\u2019esordio, <em><strong>Margini<\/strong><\/em>, di Niccol\u00f2 Falsetti, con Francesco Turbanti protagonista e co-autore, girato a Grosseto, che racconta le vicende di una band rock punk che sconvolger\u00e0 la tranquilla e sonnacchiosa vita di Grosseto, citt\u00e0 dalla quale provengono realmente i creatori del film. Realizzato con il sostegno di Toscana Film Commission nell\u2019ambito del programma Sensi Contemporanei Toscana per il cinema, <em><strong>Margini<\/strong><\/em> \u00e8 in lizza anche per la Miglior Canzone originale, con il brano <em><strong>La palude<\/strong><\/em> (composta dagli stessi realizzatori del film ed eseguita dai tre giovani protagonisti, Francesco Turbanti, Emanuele Linfatti e Matteo Creatini, il cui titolo \u00e8 una metafora del territorio grossetano). Altro film che si \u00e8 avvalso per le riprese della collaborazione di <a href=\"http:\/\/www.toscanafilmcommission.it\"><strong>Toscana Film Commission<\/strong><\/a> e di Toscana Promozione Turistica, candidato al David per la Migliore sceneggiatura non originale \u00e8 <em><strong>Il Colibr\u00ec<\/strong><\/em>, di Francesca Archibugi, ispirato al libro di <strong>Sandro Veronesi<\/strong>, &#8220;Premio Strega 2020&#8221;, anche questo girato in buona parte in Toscana, tra il centro storico di Firenze e la\u00a0 costa maremmana, nelle location al Monte Argentario, a Orbetello e a Capalbio. Il film ottiene la candidatura ai David di Donatello anche per il make up a Paola Gattabrusi e il truccatore prostetico o special make-up Lorenzo Tamburini, oltre ad essere nominato nella sezione David Giovani. L\u2019attrice romana Emanuela Fanelli, tiene alta la bandiera di un film che parla toscano, <em><strong>Siccit\u00e0<\/strong><\/em>, del livornese <strong>Paolo Virz\u00ec<\/strong>, candidata per la sezione Miglior attrice non protagonista. Il film di Virz\u00ec ottiene anche la candidatura per il Miglior compositore, con la presenza nella sezione di Franco Piersanti. Altra candidatura di peso \u00e8 quella del fiorentino pluripremiato <strong>Massimo Cantini Parrini<\/strong>, per la sezione Migliori Costumi, per il film <em><strong>Chiara,<\/strong> <\/em>di Susanna Nicchiarelli, nel quale ha contribuito a creare il personaggio di Santa Chiara, interpretato da Margherita Mazzucco (una delle due protagonista, nel ruolo di Elena Greco, della serie <em>L\u2019amica geniale)<\/em>.<\/p>\n","protected":false},"excerpt":{"rendered":"<p>Tra le candidature toscane, il film &#8220;Margini&#8221;, nella sezione Miglior film d&#8217;esordio e per i Migliori Costumi, in corsa Massimo Cantini Parrini, costume designer del film &#8220;Chiara&#8221;, di Susanna Nicchiarelli<\/p>\n","protected":false},"author":492,"featured_media":246148,"comment_status":"open","ping_status":"open","sticky":false,"template":"","format":"standard","meta":{"_acf_changed":false,"footnotes":""},"categories":[493],"tags":[188,6401],"class_list":["post-279997","post","type-post","status-publish","format-standard","has-post-thumbnail","hentry","category-cultura","tag-cinema","tag-david-di-donatello"],"acf":[],"yoast_head":"<!-- This site is optimized with the Yoast SEO Premium plugin v24.2 (Yoast SEO v25.6) - https:\/\/yoast.com\/wordpress\/plugins\/seo\/ -->\n<title>David di Donatello 68, la squadra toscana in lizza - intoscana<\/title>\n<meta name=\"description\" content=\"Il 10 maggio si tiene la cerimonia dei David di Donatello 68, trasmessa in diretta su Rai Uno. Tante le candidature di talenti toscani\" \/>\n<meta name=\"robots\" content=\"index, follow, max-snippet:-1, max-image-preview:large, max-video-preview:-1\" \/>\n<link rel=\"canonical\" href=\"https:\/\/www.intoscana.it\/it\/david-di-donatello-68-la-squadra-toscana-in-lizza\/\" \/>\n<meta property=\"og:locale\" content=\"it_IT\" \/>\n<meta property=\"og:type\" content=\"article\" \/>\n<meta property=\"og:title\" content=\"David di Donatello 68, la squadra toscana in lizza\" \/>\n<meta property=\"og:description\" content=\"Il 10 maggio si tiene la cerimonia dei David di Donatello 68, trasmessa in diretta su Rai Uno. Tante le candidature di talenti toscani\" \/>\n<meta property=\"og:url\" content=\"https:\/\/www.intoscana.it\/it\/david-di-donatello-68-la-squadra-toscana-in-lizza\/\" \/>\n<meta property=\"og:site_name\" content=\"intoscana\" \/>\n<meta property=\"article:publisher\" content=\"https:\/\/www.facebook.com\/intoscana.it\" \/>\n<meta property=\"article:published_time\" content=\"2023-03-31T09:29:47+00:00\" \/>\n<meta property=\"article:modified_time\" content=\"2023-03-31T10:17:14+00:00\" \/>\n<meta property=\"og:image\" content=\"https:\/\/www.intoscana.it\/wp-content\/uploads\/margini-e1680256518458.jpg\" \/>\n\t<meta property=\"og:image:width\" content=\"1280\" \/>\n\t<meta property=\"og:image:height\" content=\"604\" \/>\n\t<meta property=\"og:image:type\" content=\"image\/jpeg\" \/>\n<meta name=\"author\" content=\"Elisabetta Vagaggini\" \/>\n<meta name=\"twitter:card\" content=\"summary_large_image\" \/>\n<meta name=\"twitter:creator\" content=\"@intoscana\" \/>\n<meta name=\"twitter:site\" content=\"@intoscana\" \/>\n<meta name=\"twitter:label1\" content=\"Written by\" \/>\n\t<meta name=\"twitter:data1\" content=\"Elisabetta Vagaggini\" \/>\n\t<meta name=\"twitter:label2\" content=\"Est. reading time\" \/>\n\t<meta name=\"twitter:data2\" content=\"3 minuti\" \/>\n<script type=\"application\/ld+json\" class=\"yoast-schema-graph\">{\"@context\":\"https:\/\/schema.org\",\"@graph\":[{\"@type\":\"WebPage\",\"@id\":\"https:\/\/www.intoscana.it\/it\/david-di-donatello-68-la-squadra-toscana-in-lizza\/\",\"url\":\"https:\/\/www.intoscana.it\/it\/david-di-donatello-68-la-squadra-toscana-in-lizza\/\",\"name\":\"David di Donatello 68, la squadra toscana in lizza - intoscana\",\"isPartOf\":{\"@id\":\"https:\/\/www.intoscana.it\/it\/#website\"},\"primaryImageOfPage\":{\"@id\":\"https:\/\/www.intoscana.it\/it\/david-di-donatello-68-la-squadra-toscana-in-lizza\/#primaryimage\"},\"image\":{\"@id\":\"https:\/\/www.intoscana.it\/it\/david-di-donatello-68-la-squadra-toscana-in-lizza\/#primaryimage\"},\"thumbnailUrl\":\"https:\/\/www.intoscana.it\/wp-content\/uploads\/margini-e1680256518458.jpg\",\"datePublished\":\"2023-03-31T09:29:47+00:00\",\"dateModified\":\"2023-03-31T10:17:14+00:00\",\"author\":{\"@id\":\"https:\/\/www.intoscana.it\/it\/#\/schema\/person\/20956e1a83baf96027b69e776f754e43\"},\"description\":\"Il 10 maggio si tiene la cerimonia dei David di Donatello 68, trasmessa in diretta su Rai Uno. Tante le candidature di talenti toscani\",\"breadcrumb\":{\"@id\":\"https:\/\/www.intoscana.it\/it\/david-di-donatello-68-la-squadra-toscana-in-lizza\/#breadcrumb\"},\"inLanguage\":\"it-IT\",\"potentialAction\":[{\"@type\":\"ReadAction\",\"target\":[\"https:\/\/www.intoscana.it\/it\/david-di-donatello-68-la-squadra-toscana-in-lizza\/\"]}]},{\"@type\":\"ImageObject\",\"inLanguage\":\"it-IT\",\"@id\":\"https:\/\/www.intoscana.it\/it\/david-di-donatello-68-la-squadra-toscana-in-lizza\/#primaryimage\",\"url\":\"https:\/\/www.intoscana.it\/wp-content\/uploads\/margini-e1680256518458.jpg\",\"contentUrl\":\"https:\/\/www.intoscana.it\/wp-content\/uploads\/margini-e1680256518458.jpg\",\"width\":1280,\"height\":604,\"caption\":\"Il film \\\"Margini\\\"\"},{\"@type\":\"BreadcrumbList\",\"@id\":\"https:\/\/www.intoscana.it\/it\/david-di-donatello-68-la-squadra-toscana-in-lizza\/#breadcrumb\",\"itemListElement\":[{\"@type\":\"ListItem\",\"position\":1,\"name\":\"Home\",\"item\":\"https:\/\/www.intoscana.it\/it\/\"},{\"@type\":\"ListItem\",\"position\":2,\"name\":\"David di Donatello 68, la squadra toscana in lizza\"}]},{\"@type\":\"WebSite\",\"@id\":\"https:\/\/www.intoscana.it\/it\/#website\",\"url\":\"https:\/\/www.intoscana.it\/it\/\",\"name\":\"intoscana\",\"description\":\"\",\"potentialAction\":[{\"@type\":\"SearchAction\",\"target\":{\"@type\":\"EntryPoint\",\"urlTemplate\":\"https:\/\/www.intoscana.it\/it\/?s={search_term_string}\"},\"query-input\":{\"@type\":\"PropertyValueSpecification\",\"valueRequired\":true,\"valueName\":\"search_term_string\"}}],\"inLanguage\":\"it-IT\"},{\"@type\":\"Person\",\"@id\":\"https:\/\/www.intoscana.it\/it\/#\/schema\/person\/20956e1a83baf96027b69e776f754e43\",\"name\":\"Elisabetta Vagaggini\",\"url\":\"https:\/\/www.intoscana.it\/it\/author\/elisabetta-vagaggini\/\"}]}<\/script>\n<!-- \/ Yoast SEO Premium plugin. -->","yoast_head_json":{"title":"David di Donatello 68, la squadra toscana in lizza - intoscana","description":"Il 10 maggio si tiene la cerimonia dei David di Donatello 68, trasmessa in diretta su Rai Uno. Tante le candidature di talenti toscani","robots":{"index":"index","follow":"follow","max-snippet":"max-snippet:-1","max-image-preview":"max-image-preview:large","max-video-preview":"max-video-preview:-1"},"canonical":"https:\/\/www.intoscana.it\/it\/david-di-donatello-68-la-squadra-toscana-in-lizza\/","og_locale":"it_IT","og_type":"article","og_title":"David di Donatello 68, la squadra toscana in lizza","og_description":"Il 10 maggio si tiene la cerimonia dei David di Donatello 68, trasmessa in diretta su Rai Uno. Tante le candidature di talenti toscani","og_url":"https:\/\/www.intoscana.it\/it\/david-di-donatello-68-la-squadra-toscana-in-lizza\/","og_site_name":"intoscana","article_publisher":"https:\/\/www.facebook.com\/intoscana.it","article_published_time":"2023-03-31T09:29:47+00:00","article_modified_time":"2023-03-31T10:17:14+00:00","og_image":[{"width":1280,"height":604,"url":"https:\/\/www.intoscana.it\/wp-content\/uploads\/margini-e1680256518458.jpg","type":"image\/jpeg"}],"author":"Elisabetta Vagaggini","twitter_card":"summary_large_image","twitter_creator":"@intoscana","twitter_site":"@intoscana","twitter_misc":{"Written by":"Elisabetta Vagaggini","Est. reading time":"3 minuti"},"schema":{"@context":"https:\/\/schema.org","@graph":[{"@type":"WebPage","@id":"https:\/\/www.intoscana.it\/it\/david-di-donatello-68-la-squadra-toscana-in-lizza\/","url":"https:\/\/www.intoscana.it\/it\/david-di-donatello-68-la-squadra-toscana-in-lizza\/","name":"David di Donatello 68, la squadra toscana in lizza - intoscana","isPartOf":{"@id":"https:\/\/www.intoscana.it\/it\/#website"},"primaryImageOfPage":{"@id":"https:\/\/www.intoscana.it\/it\/david-di-donatello-68-la-squadra-toscana-in-lizza\/#primaryimage"},"image":{"@id":"https:\/\/www.intoscana.it\/it\/david-di-donatello-68-la-squadra-toscana-in-lizza\/#primaryimage"},"thumbnailUrl":"https:\/\/www.intoscana.it\/wp-content\/uploads\/margini-e1680256518458.jpg","datePublished":"2023-03-31T09:29:47+00:00","dateModified":"2023-03-31T10:17:14+00:00","author":{"@id":"https:\/\/www.intoscana.it\/it\/#\/schema\/person\/20956e1a83baf96027b69e776f754e43"},"description":"Il 10 maggio si tiene la cerimonia dei David di Donatello 68, trasmessa in diretta su Rai Uno. Tante le candidature di talenti toscani","breadcrumb":{"@id":"https:\/\/www.intoscana.it\/it\/david-di-donatello-68-la-squadra-toscana-in-lizza\/#breadcrumb"},"inLanguage":"it-IT","potentialAction":[{"@type":"ReadAction","target":["https:\/\/www.intoscana.it\/it\/david-di-donatello-68-la-squadra-toscana-in-lizza\/"]}]},{"@type":"ImageObject","inLanguage":"it-IT","@id":"https:\/\/www.intoscana.it\/it\/david-di-donatello-68-la-squadra-toscana-in-lizza\/#primaryimage","url":"https:\/\/www.intoscana.it\/wp-content\/uploads\/margini-e1680256518458.jpg","contentUrl":"https:\/\/www.intoscana.it\/wp-content\/uploads\/margini-e1680256518458.jpg","width":1280,"height":604,"caption":"Il film \"Margini\""},{"@type":"BreadcrumbList","@id":"https:\/\/www.intoscana.it\/it\/david-di-donatello-68-la-squadra-toscana-in-lizza\/#breadcrumb","itemListElement":[{"@type":"ListItem","position":1,"name":"Home","item":"https:\/\/www.intoscana.it\/it\/"},{"@type":"ListItem","position":2,"name":"David di Donatello 68, la squadra toscana in lizza"}]},{"@type":"WebSite","@id":"https:\/\/www.intoscana.it\/it\/#website","url":"https:\/\/www.intoscana.it\/it\/","name":"intoscana","description":"","potentialAction":[{"@type":"SearchAction","target":{"@type":"EntryPoint","urlTemplate":"https:\/\/www.intoscana.it\/it\/?s={search_term_string}"},"query-input":{"@type":"PropertyValueSpecification","valueRequired":true,"valueName":"search_term_string"}}],"inLanguage":"it-IT"},{"@type":"Person","@id":"https:\/\/www.intoscana.it\/it\/#\/schema\/person\/20956e1a83baf96027b69e776f754e43","name":"Elisabetta Vagaggini","url":"https:\/\/www.intoscana.it\/it\/author\/elisabetta-vagaggini\/"}]}},"_links":{"self":[{"href":"https:\/\/www.intoscana.it\/it\/wp-json\/wp\/v2\/posts\/279997","targetHints":{"allow":["GET"]}}],"collection":[{"href":"https:\/\/www.intoscana.it\/it\/wp-json\/wp\/v2\/posts"}],"about":[{"href":"https:\/\/www.intoscana.it\/it\/wp-json\/wp\/v2\/types\/post"}],"author":[{"embeddable":true,"href":"https:\/\/www.intoscana.it\/it\/wp-json\/wp\/v2\/users\/492"}],"replies":[{"embeddable":true,"href":"https:\/\/www.intoscana.it\/it\/wp-json\/wp\/v2\/comments?post=279997"}],"version-history":[{"count":0,"href":"https:\/\/www.intoscana.it\/it\/wp-json\/wp\/v2\/posts\/279997\/revisions"}],"wp:featuredmedia":[{"embeddable":true,"href":"https:\/\/www.intoscana.it\/it\/wp-json\/wp\/v2\/media\/246148"}],"wp:attachment":[{"href":"https:\/\/www.intoscana.it\/it\/wp-json\/wp\/v2\/media?parent=279997"}],"wp:term":[{"taxonomy":"category","embeddable":true,"href":"https:\/\/www.intoscana.it\/it\/wp-json\/wp\/v2\/categories?post=279997"},{"taxonomy":"post_tag","embeddable":true,"href":"https:\/\/www.intoscana.it\/it\/wp-json\/wp\/v2\/tags?post=279997"}],"curies":[{"name":"wp","href":"https:\/\/api.w.org\/{rel}","templated":true}]}}