{"id":280140,"date":"2023-04-01T08:21:42","date_gmt":"2023-04-01T06:21:42","guid":{"rendered":"https:\/\/www.intoscana.it\/it\/?p=280140"},"modified":"2023-04-01T08:42:58","modified_gmt":"2023-04-01T06:42:58","slug":"larte-urbana-invade-barga-il-gioiello-della-lucchesia-arrivano-le-opere-di-aria-gaia-e-muz","status":"publish","type":"post","link":"https:\/\/www.intoscana.it\/it\/larte-urbana-invade-barga-il-gioiello-della-lucchesia-arrivano-le-opere-di-aria-gaia-e-muz\/","title":{"rendered":"L\u2019arte urbana invade Barga il &#8220;gioiello&#8221; della Lucchesia: arrivano le opere di Aria, Gaia e Muz"},"content":{"rendered":"<p>Nel borgo di Barga, sulle pendici delle <strong>Apuane<\/strong>, arriva una mostra che esplora il rapporto con i luoghi, le citt\u00e0, le stratificazioni architettoniche e culturali dei territori che attraversiamo e in cui decidiamo di vivere.<\/p>\n<p>Si intitola<em> <strong>\u201cViaggio\u201d<\/strong> <\/em>la collettiva che riunisce le opere dei giovani artisti <strong>Aris, Gaia e Muz<\/strong> e che apre la nuova stagione della <strong>Galleria Comunale<\/strong>, curata da GianGuido Maria Grassi con l\u2019organizzazione dell\u2019associazione <strong>stART \u2013 Open your eyes<\/strong> e il patrocinio del Comune di Barga.<\/p>\n<p>Si tratta di una serie di progetti che segneranno l\u2019anno in corso, fino a gennaio 2024, per indagare il contemporaneo nel contesto medievale della <strong>\u201ccapitale\u201d della Media Valle del Serchio,<\/strong> scelta da<strong> artisti internazionali, nomadi digitali e residenti di ritorno,<\/strong> con l\u2019obiettivo di aggregare la comunit\u00e0 artistica del territorio, invitando a partecipare i creativi che vivono e sono legati alla <strong>Valle del Serchio, alla Garfagnana e alla Lucchesia.<\/strong><\/p>\n<p>Il tema centrale della collettiva <em><strong>\u201cViaggio\u201d<\/strong> <\/em>\u00e8 racchiuso nel titolo e incarnato dalle opere dei tre artisti, che grazie all\u2019arte urbana hanno avuto l\u2019occasione di visitare molti luoghi, spunto per le loro <strong>opere dislocate in tutto il mondo.<\/strong><\/p>\n<p>La volont\u00e0 della mostra \u00e8 quella di dar vita ad un ambiente che, unendo diversi medium, ricrei la percezione di un viaggio e delle tre sue componenti fondamentali: i<strong> luoghi,<\/strong> con le pitture e sculture di <strong>Muz,<\/strong> che riflettono architetture diverse e ne ricostruiscono i contesti;<strong> le storie<\/strong>, in particolare quelle in cui si \u00e8 imbattuto<strong> Gaia<\/strong> durante le sue avventure in giro per il mondo;<strong> le persone e gli incontri,<\/strong> tema affrontato da<strong> Aris<\/strong> attraverso i suoi volti che appaiono e scompaiono.<\/p>\n<p>Tutto questo ha dar\u00e0 vita a<strong> un itinerario di oltre trenta opere<\/strong> attraverso le pitture di Gaia; le ceramiche, le cianotipie e le tele di Aris; i disegni, le sculture e i dipinti di Muz, che realizzer\u00e0 anche interventi pittorici sulle pareti della galleria.<\/p>\n<p><strong>La mostra sar\u00e0 visitabile fino al 21 maggio 2023,<\/strong> dal gioved\u00ec alla domenica, dalle ore 18 alle ore 20 (ingresso libero).<\/p>\n<figure id=\"post-280126 media-280126\" class=\"align-none\"><img decoding=\"async\" src=\"https:\/\/www.intoscana.it\/wp-content\/uploads\/Aris_San_Marcello_Pistoiese_2021-scaled.jpg\" alt=\"\" \/><\/figure>\n<h3>Gli artisti in mostra<\/h3>\n<p><strong>Aris inizia la sua attivit\u00e0 nel 1993<\/strong> dipingendo su treni e spazi murali e sin da subito sviluppa un linguaggio personale con figure surreali, riconoscibili grazie a enigmatici profili e capaci di mutare continuamente in nuove forme e colori. Fondamentali per l&#8217;arte e la vita di Aris sono il <strong>viaggio e la necessit\u00e0 di esplorare<\/strong>. Infatti, l&#8217;artista ha lavorato in varie nazioni dando vita ad opere pubbliche in spazi non tradizionalmente votati all&#8217;arte.<\/p>\n<p><strong>Aris<\/strong> ha gi\u00e0 lavorato con l&#8217;associazione stART realizzando a Pisa un murale per la scuola Biagi e uno per le scuole Beltrami. Nel 2018 partecipa anche allo <strong>Start Festival-Welcome to Pisa,<\/strong> rassegna di arte pubblica organizzata dall&#8217;associazione stART con la collaborazione del Comune di Pisa. In quest&#8217;occasione realizza un murale su uno dei piloni del tratto sopraelevato della SGC Firenze-Pisa-Livorno, nel punto in cui interseca la Darsena pisana a Navicelli.<\/p>\n<p><strong>Andrew Pisacane, in arte Gaia,<\/strong> \u00e8 uno street artist che vive a Baltimora. A soli 20 anni \u00e8 stato citato come <strong>artista del momento dal New York Times<\/strong> e a 27 la rivista &#8221;Forbes&#8221; lo ha incluso tra i 30 under 30 che influenzeranno il nostro immaginario collettivo. Il suo nome deriva dalla <strong>dea greca della terra<\/strong> e incarna la sua grande<strong> sensibilit\u00e0 per la natura.<\/strong> Per l&#8217;artista indispensabile \u00e8 la narrazione storica, antropologica e sociale dei contesti in cui realizza le sue opere che riflettono l&#8217;identit\u00e0 dei territori e delle comunit\u00e0 con cui \u00e8 entrato in contatto.<\/p>\n<p>A Pisa, nel 2017 \u00e8 tra i protagonisti del Festival &#8216;<strong>&#8216;Welcome to Pisa&#8221;<\/strong>, nel 2021 prende parte all&#8217;Internet festival e nel 2022 partecipa alla mostra <strong>&#8221;ATTITUDE | Graffiti writing, Street art, Neo Muralismo&#8221;<\/strong> presso Palazzo Blu; qui espone 6 opere che rappresentano i 6 continenti che Gaia ha visitato e di cui ha restituito icone che ne simboleggiano l&#8217;identit\u00e0, l&#8217;ultimo pezzo \u00e8 stato realizzato live. Queste sette opere fanno parte della mostra \u201cViaggio\u201d presso la Galleria Comunale di Barga.<\/p>\n<p><strong>Samuel Rosi, in arte Muz<\/strong>, nasce nel 1995 a San Miniato. Vive e lavora tra Firenze e Milano, dove studia Pittura presso l\u2019Accademia di Belle Arti di Brera. Sono numerose le mostre a cui ha preso parte ed \u00e8 <strong>tra i pi\u00f9 interessanti giovani artisti italiani.<\/strong> Muz si approccia all&#8217;arte urbana interessandosi a <strong>luoghi marginali e di apparente inutilizzo<\/strong>; l\u2019attenzione rispetto all\u2019elemento pittorico si rivolge progressivamente verso <strong>l\u2019architettura del luogo dove viene compiuto l\u2019intervento<\/strong>, ricercandone e reinterpretandone gli elementi strutturali.<\/p>\n<p>Tale approccio permane all\u2019interno del proprio lavoro, proseguendo un<strong>\u2019indagine relativa alla percezione dello spazio circostante:<\/strong> Muz individua dei soggetti in grado di mostrarsi sia come unit\u00e0 sia come parte, una parte in grado di intervenire a completamento di una totalit\u00e0 preesistente. Fondamentale \u00e8 il concetto di vuoto per vivere in uno spazio con la massima libert\u00e0 possibile <strong>occorre innanzitutto creare il vuoto.<\/strong><\/p>\n<figure id=\"post-280125 media-280125\" class=\"align-none\"><img decoding=\"async\" src=\"https:\/\/www.intoscana.it\/wp-content\/uploads\/1-South-America-Full.jpg\" alt=\"\" \/><\/figure>\n","protected":false},"excerpt":{"rendered":"<p>Al via nella Galleria Comunale la prima di una serie mostre a cura di GianGuido Maria Grassi, \u2028per esplorare il contemporaneo nel contesto medievale della \u201ccapitale\u201d della Valle del Serchio, \u2028scelta da una comunit\u00e0 di artisti internazionali, nomadi digitali e residenti di ritorno<\/p>\n","protected":false},"author":525,"featured_media":280128,"comment_status":"open","ping_status":"open","sticky":false,"template":"","format":"standard","meta":{"_acf_changed":false,"footnotes":""},"categories":[493],"tags":[227,222],"class_list":["post-280140","post","type-post","status-publish","format-standard","has-post-thumbnail","hentry","category-cultura","tag-arte-contemporanea","tag-mostre"],"acf":[],"yoast_head":"<!-- This site is optimized with the Yoast SEO Premium plugin v24.2 (Yoast SEO v25.6) - https:\/\/yoast.com\/wordpress\/plugins\/seo\/ -->\n<title>L\u2019arte urbana invade Barga il &quot;gioiello&quot; della Lucchesia: arrivano le opere di Aria, Gaia e Muz - intoscana<\/title>\n<meta name=\"robots\" content=\"index, follow, max-snippet:-1, max-image-preview:large, max-video-preview:-1\" \/>\n<link rel=\"canonical\" href=\"https:\/\/www.intoscana.it\/it\/larte-urbana-invade-barga-il-gioiello-della-lucchesia-arrivano-le-opere-di-aria-gaia-e-muz\/\" \/>\n<meta property=\"og:locale\" content=\"it_IT\" \/>\n<meta property=\"og:type\" content=\"article\" \/>\n<meta property=\"og:title\" content=\"L\u2019arte urbana invade Barga il &quot;gioiello&quot; della Lucchesia: arrivano le opere di Aria, Gaia e Muz\" \/>\n<meta property=\"og:description\" content=\"Al via nella Galleria Comunale la prima di una serie mostre a cura di GianGuido Maria Grassi, \u2028per esplorare il contemporaneo nel contesto medievale della \u201ccapitale\u201d della Valle del Serchio, \u2028scelta da una comunit\u00e0 di artisti internazionali, nomadi digitali e residenti di ritorno\" \/>\n<meta property=\"og:url\" content=\"https:\/\/www.intoscana.it\/it\/larte-urbana-invade-barga-il-gioiello-della-lucchesia-arrivano-le-opere-di-aria-gaia-e-muz\/\" \/>\n<meta property=\"og:site_name\" content=\"intoscana\" \/>\n<meta property=\"article:publisher\" content=\"https:\/\/www.facebook.com\/intoscana.it\" \/>\n<meta property=\"article:published_time\" content=\"2023-04-01T06:21:42+00:00\" \/>\n<meta property=\"article:modified_time\" content=\"2023-04-01T06:42:58+00:00\" \/>\n<meta property=\"og:image\" content=\"https:\/\/www.intoscana.it\/wp-content\/uploads\/Gaia-Palazzo-Blu.jpg\" \/>\n\t<meta property=\"og:image:width\" content=\"1000\" \/>\n\t<meta property=\"og:image:height\" content=\"666\" \/>\n\t<meta property=\"og:image:type\" content=\"image\/jpeg\" \/>\n<meta name=\"author\" content=\"Redazione\" \/>\n<meta name=\"twitter:card\" content=\"summary_large_image\" \/>\n<meta name=\"twitter:creator\" content=\"@intoscana\" \/>\n<meta name=\"twitter:site\" content=\"@intoscana\" \/>\n<meta name=\"twitter:label1\" content=\"Written by\" \/>\n\t<meta name=\"twitter:data1\" content=\"Redazione\" \/>\n\t<meta name=\"twitter:label2\" content=\"Est. reading time\" \/>\n\t<meta name=\"twitter:data2\" content=\"4 minuti\" \/>\n<script type=\"application\/ld+json\" class=\"yoast-schema-graph\">{\"@context\":\"https:\/\/schema.org\",\"@graph\":[{\"@type\":\"WebPage\",\"@id\":\"https:\/\/www.intoscana.it\/it\/larte-urbana-invade-barga-il-gioiello-della-lucchesia-arrivano-le-opere-di-aria-gaia-e-muz\/\",\"url\":\"https:\/\/www.intoscana.it\/it\/larte-urbana-invade-barga-il-gioiello-della-lucchesia-arrivano-le-opere-di-aria-gaia-e-muz\/\",\"name\":\"L\u2019arte urbana invade Barga il \\\"gioiello\\\" della Lucchesia: arrivano le opere di Aria, Gaia e Muz - intoscana\",\"isPartOf\":{\"@id\":\"https:\/\/www.intoscana.it\/it\/#website\"},\"primaryImageOfPage\":{\"@id\":\"https:\/\/www.intoscana.it\/it\/larte-urbana-invade-barga-il-gioiello-della-lucchesia-arrivano-le-opere-di-aria-gaia-e-muz\/#primaryimage\"},\"image\":{\"@id\":\"https:\/\/www.intoscana.it\/it\/larte-urbana-invade-barga-il-gioiello-della-lucchesia-arrivano-le-opere-di-aria-gaia-e-muz\/#primaryimage\"},\"thumbnailUrl\":\"https:\/\/www.intoscana.it\/wp-content\/uploads\/Gaia-Palazzo-Blu.jpg\",\"datePublished\":\"2023-04-01T06:21:42+00:00\",\"dateModified\":\"2023-04-01T06:42:58+00:00\",\"author\":{\"@id\":\"https:\/\/www.intoscana.it\/it\/#\/schema\/person\/9223810753230f20bd670fdd322661f8\"},\"breadcrumb\":{\"@id\":\"https:\/\/www.intoscana.it\/it\/larte-urbana-invade-barga-il-gioiello-della-lucchesia-arrivano-le-opere-di-aria-gaia-e-muz\/#breadcrumb\"},\"inLanguage\":\"it-IT\",\"potentialAction\":[{\"@type\":\"ReadAction\",\"target\":[\"https:\/\/www.intoscana.it\/it\/larte-urbana-invade-barga-il-gioiello-della-lucchesia-arrivano-le-opere-di-aria-gaia-e-muz\/\"]}]},{\"@type\":\"ImageObject\",\"inLanguage\":\"it-IT\",\"@id\":\"https:\/\/www.intoscana.it\/it\/larte-urbana-invade-barga-il-gioiello-della-lucchesia-arrivano-le-opere-di-aria-gaia-e-muz\/#primaryimage\",\"url\":\"https:\/\/www.intoscana.it\/wp-content\/uploads\/Gaia-Palazzo-Blu.jpg\",\"contentUrl\":\"https:\/\/www.intoscana.it\/wp-content\/uploads\/Gaia-Palazzo-Blu.jpg\",\"width\":1000,\"height\":666},{\"@type\":\"BreadcrumbList\",\"@id\":\"https:\/\/www.intoscana.it\/it\/larte-urbana-invade-barga-il-gioiello-della-lucchesia-arrivano-le-opere-di-aria-gaia-e-muz\/#breadcrumb\",\"itemListElement\":[{\"@type\":\"ListItem\",\"position\":1,\"name\":\"Home\",\"item\":\"https:\/\/www.intoscana.it\/it\/\"},{\"@type\":\"ListItem\",\"position\":2,\"name\":\"L\u2019arte urbana invade Barga il &#8220;gioiello&#8221; della Lucchesia: arrivano le opere di Aria, Gaia e Muz\"}]},{\"@type\":\"WebSite\",\"@id\":\"https:\/\/www.intoscana.it\/it\/#website\",\"url\":\"https:\/\/www.intoscana.it\/it\/\",\"name\":\"intoscana\",\"description\":\"\",\"potentialAction\":[{\"@type\":\"SearchAction\",\"target\":{\"@type\":\"EntryPoint\",\"urlTemplate\":\"https:\/\/www.intoscana.it\/it\/?s={search_term_string}\"},\"query-input\":{\"@type\":\"PropertyValueSpecification\",\"valueRequired\":true,\"valueName\":\"search_term_string\"}}],\"inLanguage\":\"it-IT\"},{\"@type\":\"Person\",\"@id\":\"https:\/\/www.intoscana.it\/it\/#\/schema\/person\/9223810753230f20bd670fdd322661f8\",\"name\":\"Redazione\",\"url\":\"https:\/\/www.intoscana.it\/it\/author\/redazione\/\"}]}<\/script>\n<!-- \/ Yoast SEO Premium plugin. -->","yoast_head_json":{"title":"L\u2019arte urbana invade Barga il \"gioiello\" della Lucchesia: arrivano le opere di Aria, Gaia e Muz - intoscana","robots":{"index":"index","follow":"follow","max-snippet":"max-snippet:-1","max-image-preview":"max-image-preview:large","max-video-preview":"max-video-preview:-1"},"canonical":"https:\/\/www.intoscana.it\/it\/larte-urbana-invade-barga-il-gioiello-della-lucchesia-arrivano-le-opere-di-aria-gaia-e-muz\/","og_locale":"it_IT","og_type":"article","og_title":"L\u2019arte urbana invade Barga il \"gioiello\" della Lucchesia: arrivano le opere di Aria, Gaia e Muz","og_description":"Al via nella Galleria Comunale la prima di una serie mostre a cura di GianGuido Maria Grassi, \u2028per esplorare il contemporaneo nel contesto medievale della \u201ccapitale\u201d della Valle del Serchio, \u2028scelta da una comunit\u00e0 di artisti internazionali, nomadi digitali e residenti di ritorno","og_url":"https:\/\/www.intoscana.it\/it\/larte-urbana-invade-barga-il-gioiello-della-lucchesia-arrivano-le-opere-di-aria-gaia-e-muz\/","og_site_name":"intoscana","article_publisher":"https:\/\/www.facebook.com\/intoscana.it","article_published_time":"2023-04-01T06:21:42+00:00","article_modified_time":"2023-04-01T06:42:58+00:00","og_image":[{"width":1000,"height":666,"url":"https:\/\/www.intoscana.it\/wp-content\/uploads\/Gaia-Palazzo-Blu.jpg","type":"image\/jpeg"}],"author":"Redazione","twitter_card":"summary_large_image","twitter_creator":"@intoscana","twitter_site":"@intoscana","twitter_misc":{"Written by":"Redazione","Est. reading time":"4 minuti"},"schema":{"@context":"https:\/\/schema.org","@graph":[{"@type":"WebPage","@id":"https:\/\/www.intoscana.it\/it\/larte-urbana-invade-barga-il-gioiello-della-lucchesia-arrivano-le-opere-di-aria-gaia-e-muz\/","url":"https:\/\/www.intoscana.it\/it\/larte-urbana-invade-barga-il-gioiello-della-lucchesia-arrivano-le-opere-di-aria-gaia-e-muz\/","name":"L\u2019arte urbana invade Barga il \"gioiello\" della Lucchesia: arrivano le opere di Aria, Gaia e Muz - intoscana","isPartOf":{"@id":"https:\/\/www.intoscana.it\/it\/#website"},"primaryImageOfPage":{"@id":"https:\/\/www.intoscana.it\/it\/larte-urbana-invade-barga-il-gioiello-della-lucchesia-arrivano-le-opere-di-aria-gaia-e-muz\/#primaryimage"},"image":{"@id":"https:\/\/www.intoscana.it\/it\/larte-urbana-invade-barga-il-gioiello-della-lucchesia-arrivano-le-opere-di-aria-gaia-e-muz\/#primaryimage"},"thumbnailUrl":"https:\/\/www.intoscana.it\/wp-content\/uploads\/Gaia-Palazzo-Blu.jpg","datePublished":"2023-04-01T06:21:42+00:00","dateModified":"2023-04-01T06:42:58+00:00","author":{"@id":"https:\/\/www.intoscana.it\/it\/#\/schema\/person\/9223810753230f20bd670fdd322661f8"},"breadcrumb":{"@id":"https:\/\/www.intoscana.it\/it\/larte-urbana-invade-barga-il-gioiello-della-lucchesia-arrivano-le-opere-di-aria-gaia-e-muz\/#breadcrumb"},"inLanguage":"it-IT","potentialAction":[{"@type":"ReadAction","target":["https:\/\/www.intoscana.it\/it\/larte-urbana-invade-barga-il-gioiello-della-lucchesia-arrivano-le-opere-di-aria-gaia-e-muz\/"]}]},{"@type":"ImageObject","inLanguage":"it-IT","@id":"https:\/\/www.intoscana.it\/it\/larte-urbana-invade-barga-il-gioiello-della-lucchesia-arrivano-le-opere-di-aria-gaia-e-muz\/#primaryimage","url":"https:\/\/www.intoscana.it\/wp-content\/uploads\/Gaia-Palazzo-Blu.jpg","contentUrl":"https:\/\/www.intoscana.it\/wp-content\/uploads\/Gaia-Palazzo-Blu.jpg","width":1000,"height":666},{"@type":"BreadcrumbList","@id":"https:\/\/www.intoscana.it\/it\/larte-urbana-invade-barga-il-gioiello-della-lucchesia-arrivano-le-opere-di-aria-gaia-e-muz\/#breadcrumb","itemListElement":[{"@type":"ListItem","position":1,"name":"Home","item":"https:\/\/www.intoscana.it\/it\/"},{"@type":"ListItem","position":2,"name":"L\u2019arte urbana invade Barga il &#8220;gioiello&#8221; della Lucchesia: arrivano le opere di Aria, Gaia e Muz"}]},{"@type":"WebSite","@id":"https:\/\/www.intoscana.it\/it\/#website","url":"https:\/\/www.intoscana.it\/it\/","name":"intoscana","description":"","potentialAction":[{"@type":"SearchAction","target":{"@type":"EntryPoint","urlTemplate":"https:\/\/www.intoscana.it\/it\/?s={search_term_string}"},"query-input":{"@type":"PropertyValueSpecification","valueRequired":true,"valueName":"search_term_string"}}],"inLanguage":"it-IT"},{"@type":"Person","@id":"https:\/\/www.intoscana.it\/it\/#\/schema\/person\/9223810753230f20bd670fdd322661f8","name":"Redazione","url":"https:\/\/www.intoscana.it\/it\/author\/redazione\/"}]}},"_links":{"self":[{"href":"https:\/\/www.intoscana.it\/it\/wp-json\/wp\/v2\/posts\/280140","targetHints":{"allow":["GET"]}}],"collection":[{"href":"https:\/\/www.intoscana.it\/it\/wp-json\/wp\/v2\/posts"}],"about":[{"href":"https:\/\/www.intoscana.it\/it\/wp-json\/wp\/v2\/types\/post"}],"author":[{"embeddable":true,"href":"https:\/\/www.intoscana.it\/it\/wp-json\/wp\/v2\/users\/525"}],"replies":[{"embeddable":true,"href":"https:\/\/www.intoscana.it\/it\/wp-json\/wp\/v2\/comments?post=280140"}],"version-history":[{"count":0,"href":"https:\/\/www.intoscana.it\/it\/wp-json\/wp\/v2\/posts\/280140\/revisions"}],"wp:featuredmedia":[{"embeddable":true,"href":"https:\/\/www.intoscana.it\/it\/wp-json\/wp\/v2\/media\/280128"}],"wp:attachment":[{"href":"https:\/\/www.intoscana.it\/it\/wp-json\/wp\/v2\/media?parent=280140"}],"wp:term":[{"taxonomy":"category","embeddable":true,"href":"https:\/\/www.intoscana.it\/it\/wp-json\/wp\/v2\/categories?post=280140"},{"taxonomy":"post_tag","embeddable":true,"href":"https:\/\/www.intoscana.it\/it\/wp-json\/wp\/v2\/tags?post=280140"}],"curies":[{"name":"wp","href":"https:\/\/api.w.org\/{rel}","templated":true}]}}