{"id":280370,"date":"2023-04-03T15:51:13","date_gmt":"2023-04-03T13:51:13","guid":{"rendered":"https:\/\/www.intoscana.it\/it\/?p=280370"},"modified":"2023-04-03T15:51:13","modified_gmt":"2023-04-03T13:51:13","slug":"pasqua-nel-piatto-consapevolezza-e-tradizione-parola-di-chef-tomei","status":"publish","type":"post","link":"https:\/\/www.intoscana.it\/it\/pasqua-nel-piatto-consapevolezza-e-tradizione-parola-di-chef-tomei\/","title":{"rendered":"Pasqua, nel piatto consapevolezza e tradizione: parola di chef Tomei"},"content":{"rendered":"<p>Una Pasqua <strong>sostenibile e consapevole<\/strong>, rendendo protagoniste nel piatto <strong>verdure ed erbe selvatiche<\/strong>. Parola di <strong>Cristiano Tomei<\/strong>, chef del ristorante <strong>l&#8217;Imbuto a Lucca<\/strong> e volto noto del piccolo schermo per la partecipazione a numerosi programmi a cominciare da &#8220;<em>Cuochi d&#8217;Italia<\/em>&#8220;.<\/p>\n<p>La proposta di Tomei per alcuni potrebbe sembrare una <strong>provocazione<\/strong>, per altri <strong>marketing<\/strong> visto che il cuoco toscano ha dato alle stampe pochi mesi fa per <strong>Rizzoli-Bur<\/strong> un libro che gi\u00e0 dal titolo la dice lunga \u201c<em>Mio nonno mi portava a fa&#8217; gli erbi<\/em>\u201d.<\/p>\n<p>Per Tomei\u00a0 \u201c<em>le tendenze in cucina sono deleterie, il cibo non pu\u00f2 essere mai di moda<\/em>\u201d ecco perch\u00e9 bisogna avvicinarsi alla cucina e alle feste pi\u00f9 tradizionali partendo proprio <strong>dalla terra e dai ricordi<\/strong> d&#8217;infanzia e <mark>ascoltando il proprio corpo<\/mark>.<\/p>\n<h3>Ascoltare la pancia<\/h3>\n<p>&#8220;<em>Ormai siamo animali che hanno perso il rapporto con la pancia, con la sussistenza. E&#8217; la pancia che ci d\u00e0 l&#8217;input, che ci dice quando siamo sazi e cosa dobbiamo mangiare. La primavera lo dice la parola stessa, \u00e8 la stagione della rinascita. Ecco perch\u00e9 il verde \u00e8 il colore della rinascita: non a caso si dice verde speranza. Gli asparagi sono verdi, gli anni sono verdi, anche le fave fresche sono verdi. E&#8217; il momento di rinascita del nostro organismo<\/em>&#8221; racconta Tomei.<\/p>\n<p>E con una battuta chiosa: &#8220;<em>se ci fosse logica il 21 marzo sarebbe l\u2019inizio delle nostre fasi vitali, quando il nostro organismo ritorna bambino e si resetta, rinasce. Una risurrezione come organismo&#8221;.<\/em><\/p>\n<figure id=\"post-280379 media-280379\" class=\"align-none\"><img decoding=\"async\" src=\"https:\/\/www.intoscana.it\/wp-content\/uploads\/Cristiano-Tomei-1-\u00a9-FB-Cristiano-Tomei-e1680529402890.jpeg\" alt=\"\" \/><\/figure>\n<div class=\"titleimg\">Cristiano Tomei 1 \u2013 \u00a9 FB Cristiano Tomei<\/div>\n<h3>L&#8217;importanza di trattare i vegetali<\/h3>\n<p>Insomma per lo chef toscano bisogna essere &#8220;<em>consapevoli di quello che ci suggerisce la natura&#8221;. <\/em>A cominciare dal trattare i vegetali<em>: &#8220;ci sono quelli che vanno mangiati freschi, quelli che hanno bisogno di cottura, quelli croccanti e quelli che tirano fuori il gusto nelle cotture<\/em>&#8220;.<\/p>\n<p>Sulle polemiche che ogni anno accompagnano la Pasqua quando si parla di agnello, Tomei ammette che in parte &#8220;<em>\u00e8 anche giusta. Dal punto di vista degli animali non \u00e8 momento magico, povero bestioline<\/em>&#8220;. Fa anche notare che senza agnelli, non si potrebbero avere neanche i caprini.<\/p>\n<p>Il cuoco non entra nel merito di agnello si o no ma invita a un &#8220;<em>consumo giusto, ce lo dice l\u2019organismo stesso, a volte c&#8217;\u00e8 voglia di ciccia altre volte di pesce o di verdure<\/em>&#8220;. Insomma un invito a una scelta di libert\u00e0 secondo coscienza ed esigenze.<\/p>\n<h3>No alla logica del &#8220;cibo di moda&#8221;<\/h3>\n<p>Ecco quindi l&#8217;invito a uscire dalla logica del &#8220;<em>cibo di moda<\/em>&#8220;.\u00a0 &#8220;<em>Viviamo nell&#8217;Antropocene, c&#8217;\u00e8 l&#8217;uomo che decide, invece di violentare la natura cerchiamo di seguirla e non la rendiamo pi\u00f9 palluccosa, come si dice a Viareggio, di quello che \u00e8<\/em>&#8221; assicura.<\/p>\n<p>Tomei fa qualche esempio concreto: &#8220;<em>nel Neolitico si calcola che l&#8217;uomo consumava circa 200 tipi di vegetali, ora siamo scesi a una dozzina. Le nostre esigenze cambiano in base al momento, all\u2019umore e ai problemi di salute ma cos\u00ec ci perdiamo un patrimonio di biodiversit\u00e0 e soprattutto \u00e8 un momento drammatico anche per il nostro organismo&#8221;<\/em>.<\/p>\n<p>Insomma <mark>niente menu vero e proprio per Pasqua<\/mark> se non quello che consigliano pancia&#8230; e cuore. Un po&#8217; come al suo ristorante a Lucca dove vengono proposti dei percorsi non una sequenza di piatti. Un invito invece ad ascoltare la pancia, a interpretare &#8220;<em>i segnali che manda, altrimenti \u00e8 inutile fare tanti discorsi<\/em>&#8220;.<\/p>\n<figure id=\"post-280443 media-280443\" class=\"align-none\"><img decoding=\"async\" src=\"https:\/\/www.intoscana.it\/wp-content\/uploads\/easter-breakfast-g7b19f7f95_1920.jpg\" alt=\"\" \/><\/figure>\n<div class=\"titleimg\">La colazione di Pasqua \u2013 \u00a9 Peter Biela\/Pixabay<\/div>\n<h3>Il piacere della bella tavola<\/h3>\n<p>E visto che <mark>la Pasqua \u00e8 un rito, un momento di festa e di condivisione<\/mark> ecco che per Tomei \u00e8 fondamentale recuperare <strong>il piacere di una bella tavola<\/strong>. &#8220;<em>Consiglierei a tutti un approccio nuovo, il ritorno a una ritualit\u00e0 del passato. L&#8217;idea di apparecchiare bene la tavola, di perdere un po\u2019 di tempo per le tovaglie fatte con stoffe belle. Riempire la tavola di cose belle e buone da condividere tutti insieme. Mettendo o primi nelle zuppiere in tavola. Ritrovare quella ritualit\u00e0 che \u00e8 fondamentale per condividere e apprezzare tutti insieme la festa<\/em>&#8221; conclude lo chef.<\/p>\n","protected":false},"excerpt":{"rendered":"<p>Consigli e riflessioni del cuoco che porta avanti la sua filosofia di cucina al ristorante L&#8217;Imbuto a Lucca e in tanti programmi televisivi<\/p>\n","protected":false},"author":554,"featured_media":280378,"comment_status":"open","ping_status":"open","sticky":false,"template":"","format":"standard","meta":{"_acf_changed":false,"footnotes":""},"categories":[8],"tags":[5808,5742],"class_list":["post-280370","post","type-post","status-publish","format-standard","has-post-thumbnail","hentry","category-enogastronomia","tag-chef-toscani","tag-pasqua"],"acf":[],"yoast_head":"<!-- This site is optimized with the Yoast SEO Premium plugin v24.2 (Yoast SEO v25.6) - https:\/\/yoast.com\/wordpress\/plugins\/seo\/ -->\n<title>Pasqua tra consapevolezza e tradizione: parola di chef Tomei - intoscana<\/title>\n<meta name=\"description\" content=\"Consigli e riflessioni del cuoco che porta avanti la sua filosofia di cucina al ristorante L&#039;Imbuto a Lucca e in tanti programmi televisivi\" \/>\n<meta name=\"robots\" content=\"index, follow, max-snippet:-1, max-image-preview:large, max-video-preview:-1\" \/>\n<link rel=\"canonical\" href=\"https:\/\/www.intoscana.it\/it\/pasqua-nel-piatto-consapevolezza-e-tradizione-parola-di-chef-tomei\/\" \/>\n<meta property=\"og:locale\" content=\"it_IT\" \/>\n<meta property=\"og:type\" content=\"article\" \/>\n<meta property=\"og:title\" content=\"Pasqua, nel piatto consapevolezza e tradizione: parola di chef Tomei\" \/>\n<meta property=\"og:description\" content=\"Consigli e riflessioni del cuoco che porta avanti la sua filosofia di cucina al ristorante L&#039;Imbuto a Lucca e in tanti programmi televisivi\" \/>\n<meta property=\"og:url\" content=\"https:\/\/www.intoscana.it\/it\/pasqua-nel-piatto-consapevolezza-e-tradizione-parola-di-chef-tomei\/\" \/>\n<meta property=\"og:site_name\" content=\"intoscana\" \/>\n<meta property=\"article:publisher\" content=\"https:\/\/www.facebook.com\/intoscana.it\" \/>\n<meta property=\"article:published_time\" content=\"2023-04-03T13:51:13+00:00\" \/>\n<meta property=\"og:image\" content=\"https:\/\/www.intoscana.it\/wp-content\/uploads\/Cristiano-Tomei-\u00a9-FB-Cristiano-Tomei.jpeg\" \/>\n\t<meta property=\"og:image:width\" content=\"2048\" \/>\n\t<meta property=\"og:image:height\" content=\"1365\" \/>\n\t<meta property=\"og:image:type\" content=\"image\/jpeg\" \/>\n<meta name=\"author\" content=\"Raffaella Galamini\" \/>\n<meta name=\"twitter:card\" content=\"summary_large_image\" \/>\n<meta name=\"twitter:creator\" content=\"@orio\" \/>\n<meta name=\"twitter:site\" content=\"@intoscana\" \/>\n<meta name=\"twitter:label1\" content=\"Written by\" \/>\n\t<meta name=\"twitter:data1\" content=\"Raffaella Galamini\" \/>\n\t<meta name=\"twitter:label2\" content=\"Est. reading time\" \/>\n\t<meta name=\"twitter:data2\" content=\"3 minuti\" \/>\n<script type=\"application\/ld+json\" class=\"yoast-schema-graph\">{\"@context\":\"https:\/\/schema.org\",\"@graph\":[{\"@type\":\"WebPage\",\"@id\":\"https:\/\/www.intoscana.it\/it\/pasqua-nel-piatto-consapevolezza-e-tradizione-parola-di-chef-tomei\/\",\"url\":\"https:\/\/www.intoscana.it\/it\/pasqua-nel-piatto-consapevolezza-e-tradizione-parola-di-chef-tomei\/\",\"name\":\"Pasqua tra consapevolezza e tradizione: parola di chef Tomei - intoscana\",\"isPartOf\":{\"@id\":\"https:\/\/www.intoscana.it\/it\/#website\"},\"primaryImageOfPage\":{\"@id\":\"https:\/\/www.intoscana.it\/it\/pasqua-nel-piatto-consapevolezza-e-tradizione-parola-di-chef-tomei\/#primaryimage\"},\"image\":{\"@id\":\"https:\/\/www.intoscana.it\/it\/pasqua-nel-piatto-consapevolezza-e-tradizione-parola-di-chef-tomei\/#primaryimage\"},\"thumbnailUrl\":\"https:\/\/www.intoscana.it\/wp-content\/uploads\/Cristiano-Tomei-\u00a9-FB-Cristiano-Tomei.jpeg\",\"datePublished\":\"2023-04-03T13:51:13+00:00\",\"author\":{\"@id\":\"https:\/\/www.intoscana.it\/it\/#\/schema\/person\/9eb9daa846a49fe51af39a73d9d1986b\"},\"description\":\"Consigli e riflessioni del cuoco che porta avanti la sua filosofia di cucina al ristorante L'Imbuto a Lucca e in tanti programmi televisivi\",\"breadcrumb\":{\"@id\":\"https:\/\/www.intoscana.it\/it\/pasqua-nel-piatto-consapevolezza-e-tradizione-parola-di-chef-tomei\/#breadcrumb\"},\"inLanguage\":\"it-IT\",\"potentialAction\":[{\"@type\":\"ReadAction\",\"target\":[\"https:\/\/www.intoscana.it\/it\/pasqua-nel-piatto-consapevolezza-e-tradizione-parola-di-chef-tomei\/\"]}]},{\"@type\":\"ImageObject\",\"inLanguage\":\"it-IT\",\"@id\":\"https:\/\/www.intoscana.it\/it\/pasqua-nel-piatto-consapevolezza-e-tradizione-parola-di-chef-tomei\/#primaryimage\",\"url\":\"https:\/\/www.intoscana.it\/wp-content\/uploads\/Cristiano-Tomei-\u00a9-FB-Cristiano-Tomei.jpeg\",\"contentUrl\":\"https:\/\/www.intoscana.it\/wp-content\/uploads\/Cristiano-Tomei-\u00a9-FB-Cristiano-Tomei.jpeg\",\"width\":2048,\"height\":1365},{\"@type\":\"BreadcrumbList\",\"@id\":\"https:\/\/www.intoscana.it\/it\/pasqua-nel-piatto-consapevolezza-e-tradizione-parola-di-chef-tomei\/#breadcrumb\",\"itemListElement\":[{\"@type\":\"ListItem\",\"position\":1,\"name\":\"Home\",\"item\":\"https:\/\/www.intoscana.it\/it\/\"},{\"@type\":\"ListItem\",\"position\":2,\"name\":\"Pasqua, nel piatto consapevolezza e tradizione: parola di chef Tomei\"}]},{\"@type\":\"WebSite\",\"@id\":\"https:\/\/www.intoscana.it\/it\/#website\",\"url\":\"https:\/\/www.intoscana.it\/it\/\",\"name\":\"intoscana\",\"description\":\"\",\"potentialAction\":[{\"@type\":\"SearchAction\",\"target\":{\"@type\":\"EntryPoint\",\"urlTemplate\":\"https:\/\/www.intoscana.it\/it\/?s={search_term_string}\"},\"query-input\":{\"@type\":\"PropertyValueSpecification\",\"valueRequired\":true,\"valueName\":\"search_term_string\"}}],\"inLanguage\":\"it-IT\"},{\"@type\":\"Person\",\"@id\":\"https:\/\/www.intoscana.it\/it\/#\/schema\/person\/9eb9daa846a49fe51af39a73d9d1986b\",\"name\":\"Raffaella Galamini\",\"sameAs\":[\"https:\/\/x.com\/orio\"],\"url\":\"https:\/\/www.intoscana.it\/it\/author\/r-galamini\/\"}]}<\/script>\n<!-- \/ Yoast SEO Premium plugin. -->","yoast_head_json":{"title":"Pasqua tra consapevolezza e tradizione: parola di chef Tomei - intoscana","description":"Consigli e riflessioni del cuoco che porta avanti la sua filosofia di cucina al ristorante L'Imbuto a Lucca e in tanti programmi televisivi","robots":{"index":"index","follow":"follow","max-snippet":"max-snippet:-1","max-image-preview":"max-image-preview:large","max-video-preview":"max-video-preview:-1"},"canonical":"https:\/\/www.intoscana.it\/it\/pasqua-nel-piatto-consapevolezza-e-tradizione-parola-di-chef-tomei\/","og_locale":"it_IT","og_type":"article","og_title":"Pasqua, nel piatto consapevolezza e tradizione: parola di chef Tomei","og_description":"Consigli e riflessioni del cuoco che porta avanti la sua filosofia di cucina al ristorante L'Imbuto a Lucca e in tanti programmi televisivi","og_url":"https:\/\/www.intoscana.it\/it\/pasqua-nel-piatto-consapevolezza-e-tradizione-parola-di-chef-tomei\/","og_site_name":"intoscana","article_publisher":"https:\/\/www.facebook.com\/intoscana.it","article_published_time":"2023-04-03T13:51:13+00:00","og_image":[{"width":2048,"height":1365,"url":"https:\/\/www.intoscana.it\/wp-content\/uploads\/Cristiano-Tomei-\u00a9-FB-Cristiano-Tomei.jpeg","type":"image\/jpeg"}],"author":"Raffaella Galamini","twitter_card":"summary_large_image","twitter_creator":"@orio","twitter_site":"@intoscana","twitter_misc":{"Written by":"Raffaella Galamini","Est. reading time":"3 minuti"},"schema":{"@context":"https:\/\/schema.org","@graph":[{"@type":"WebPage","@id":"https:\/\/www.intoscana.it\/it\/pasqua-nel-piatto-consapevolezza-e-tradizione-parola-di-chef-tomei\/","url":"https:\/\/www.intoscana.it\/it\/pasqua-nel-piatto-consapevolezza-e-tradizione-parola-di-chef-tomei\/","name":"Pasqua tra consapevolezza e tradizione: parola di chef Tomei - intoscana","isPartOf":{"@id":"https:\/\/www.intoscana.it\/it\/#website"},"primaryImageOfPage":{"@id":"https:\/\/www.intoscana.it\/it\/pasqua-nel-piatto-consapevolezza-e-tradizione-parola-di-chef-tomei\/#primaryimage"},"image":{"@id":"https:\/\/www.intoscana.it\/it\/pasqua-nel-piatto-consapevolezza-e-tradizione-parola-di-chef-tomei\/#primaryimage"},"thumbnailUrl":"https:\/\/www.intoscana.it\/wp-content\/uploads\/Cristiano-Tomei-\u00a9-FB-Cristiano-Tomei.jpeg","datePublished":"2023-04-03T13:51:13+00:00","author":{"@id":"https:\/\/www.intoscana.it\/it\/#\/schema\/person\/9eb9daa846a49fe51af39a73d9d1986b"},"description":"Consigli e riflessioni del cuoco che porta avanti la sua filosofia di cucina al ristorante L'Imbuto a Lucca e in tanti programmi televisivi","breadcrumb":{"@id":"https:\/\/www.intoscana.it\/it\/pasqua-nel-piatto-consapevolezza-e-tradizione-parola-di-chef-tomei\/#breadcrumb"},"inLanguage":"it-IT","potentialAction":[{"@type":"ReadAction","target":["https:\/\/www.intoscana.it\/it\/pasqua-nel-piatto-consapevolezza-e-tradizione-parola-di-chef-tomei\/"]}]},{"@type":"ImageObject","inLanguage":"it-IT","@id":"https:\/\/www.intoscana.it\/it\/pasqua-nel-piatto-consapevolezza-e-tradizione-parola-di-chef-tomei\/#primaryimage","url":"https:\/\/www.intoscana.it\/wp-content\/uploads\/Cristiano-Tomei-\u00a9-FB-Cristiano-Tomei.jpeg","contentUrl":"https:\/\/www.intoscana.it\/wp-content\/uploads\/Cristiano-Tomei-\u00a9-FB-Cristiano-Tomei.jpeg","width":2048,"height":1365},{"@type":"BreadcrumbList","@id":"https:\/\/www.intoscana.it\/it\/pasqua-nel-piatto-consapevolezza-e-tradizione-parola-di-chef-tomei\/#breadcrumb","itemListElement":[{"@type":"ListItem","position":1,"name":"Home","item":"https:\/\/www.intoscana.it\/it\/"},{"@type":"ListItem","position":2,"name":"Pasqua, nel piatto consapevolezza e tradizione: parola di chef Tomei"}]},{"@type":"WebSite","@id":"https:\/\/www.intoscana.it\/it\/#website","url":"https:\/\/www.intoscana.it\/it\/","name":"intoscana","description":"","potentialAction":[{"@type":"SearchAction","target":{"@type":"EntryPoint","urlTemplate":"https:\/\/www.intoscana.it\/it\/?s={search_term_string}"},"query-input":{"@type":"PropertyValueSpecification","valueRequired":true,"valueName":"search_term_string"}}],"inLanguage":"it-IT"},{"@type":"Person","@id":"https:\/\/www.intoscana.it\/it\/#\/schema\/person\/9eb9daa846a49fe51af39a73d9d1986b","name":"Raffaella Galamini","sameAs":["https:\/\/x.com\/orio"],"url":"https:\/\/www.intoscana.it\/it\/author\/r-galamini\/"}]}},"_links":{"self":[{"href":"https:\/\/www.intoscana.it\/it\/wp-json\/wp\/v2\/posts\/280370","targetHints":{"allow":["GET"]}}],"collection":[{"href":"https:\/\/www.intoscana.it\/it\/wp-json\/wp\/v2\/posts"}],"about":[{"href":"https:\/\/www.intoscana.it\/it\/wp-json\/wp\/v2\/types\/post"}],"author":[{"embeddable":true,"href":"https:\/\/www.intoscana.it\/it\/wp-json\/wp\/v2\/users\/554"}],"replies":[{"embeddable":true,"href":"https:\/\/www.intoscana.it\/it\/wp-json\/wp\/v2\/comments?post=280370"}],"version-history":[{"count":0,"href":"https:\/\/www.intoscana.it\/it\/wp-json\/wp\/v2\/posts\/280370\/revisions"}],"wp:featuredmedia":[{"embeddable":true,"href":"https:\/\/www.intoscana.it\/it\/wp-json\/wp\/v2\/media\/280378"}],"wp:attachment":[{"href":"https:\/\/www.intoscana.it\/it\/wp-json\/wp\/v2\/media?parent=280370"}],"wp:term":[{"taxonomy":"category","embeddable":true,"href":"https:\/\/www.intoscana.it\/it\/wp-json\/wp\/v2\/categories?post=280370"},{"taxonomy":"post_tag","embeddable":true,"href":"https:\/\/www.intoscana.it\/it\/wp-json\/wp\/v2\/tags?post=280370"}],"curies":[{"name":"wp","href":"https:\/\/api.w.org\/{rel}","templated":true}]}}