{"id":280498,"date":"2023-04-04T12:14:28","date_gmt":"2023-04-04T10:14:28","guid":{"rendered":"https:\/\/www.intoscana.it\/it\/?p=280498"},"modified":"2023-04-04T12:14:28","modified_gmt":"2023-04-04T10:14:28","slug":"vini-autoctoni-la-rivincita-dei-bianchi-di-toscana-al-vinitaly","status":"publish","type":"post","link":"https:\/\/www.intoscana.it\/it\/vini-autoctoni-la-rivincita-dei-bianchi-di-toscana-al-vinitaly\/","title":{"rendered":"Vini autoctoni, la rivincita dei bianchi di Toscana al Vinitaly"},"content":{"rendered":"<p>Ribolla in Friuli Venezia Giulia, Cir\u00f2 in Calabria, <strong>Vermentino in Toscana<\/strong> e Sardegna e <strong>Vernaccia di San Gimignano<\/strong>: nel 2022 le vendite dei vini autoctoni sono cresciute. A certificarlo l&#8217;analisi <strong>Coldiretti<\/strong>, presentata a <strong>Vinitaly<\/strong>. Per la Toscana la conferma di una tendenza in atto da alcuni anni che vede Vernaccia, Vermentino e Ansonica in ascesa.<\/p>\n<p>Tornando alla ricerca, in mostra alla Fiera di Verona ci sono <strong>le bottiglie dei 15 vini<\/strong> che in Italia sono cresciuti di pi\u00f9 nei consumi. Insomma i dati certificano &#8220;<em>la svolta patriottica nel bicchiere<\/em>&#8220;; soprattutto non conoscono crisi visto che le vendite nel 2022 hanno registrato in media un -1,8% in valore.<\/p>\n<h3>Vini autoctoni: i magnifici 15<\/h3>\n<p>La <strong>Ribolla<\/strong> si piazza al primo posto con una crescita del +12,2% in valore, il <strong>Muller Thurgau<\/strong> del Trentino Alto Adige segue con +10%, terzo posto sul podio per il <strong>Vermentino<\/strong> di Sardegna, Toscana e Liguria che segna un +9,9%. A seguire, trainano la crescita del valore dei consumi il <strong>Grillo <\/strong>di Sicilia (+5,4%), il <strong>Valpolicella Ripasso<\/strong> del Veneto (+4,1%), la <strong>Vernaccia<\/strong> della Toscana (+3,3%).<\/p>\n<p>Il <strong>Pinot nero<\/strong>, sottolinea Coldiretti, \u00e8 l&#8217;unico vitigno internazionale entrato in classifica con il +3,3%. In classifica figurano poi l&#8217;<strong>Orvieto<\/strong> di Umbria e Lazio (+3,1%), dall&#8217;<strong>Aglianico<\/strong> di Basilicata, Campania, Puglia e Molise (+2,9%), dall&#8217;<strong>Ortrugo<\/strong> di Emilia Romagna e Lombardia (+2,4%).<\/p>\n<p>A chiudere la classifica dei &#8220;<em>magnifici 15<\/em>&#8220;, sempre in crescita, il <strong>Nebbiolo<\/strong> di Piemonte e Lombardia (+2,2%), il <strong>Sagrantino<\/strong> dell&#8217;Umbria (+2,1%), il <strong>Soave del Veneto<\/strong> (+1,7%), il <strong>Negroamaro<\/strong> di Puglia (+1,1%) e il <strong>Cir\u00f2<\/strong> di Calabria (+1%).<\/p>\n<figure id=\"post-219586 media-219586\" class=\"align-none\"><img decoding=\"async\" src=\"https:\/\/www.intoscana.it\/wp-content\/uploads\/WhatsApp-Image-2022-03-23-at-15.40.45.jpeg\" alt=\"\" \/><\/figure>\n<div class=\"titleimg\">L\u2019Anteprima della Vernaccia di San Gimignano<\/div>\n<h3>Vermentino in netta crescita<\/h3>\n<p>Se la Vernaccia non ha bisogno di presentazioni, il <strong>Vermentino<\/strong> merita di sicuro qualche precisazione in pi\u00f9. Nel 2022 \u00e8 risultato <strong>il quinto vino<\/strong> pi\u00f9 venduto in Italia nel canale moderno: merito di peculiarit\u00e0 gustative e un buon rapporto qualit\u00e0\/prezzo. L\u2019Italia \u00e8 leader a livello mondiale, la produzione si attesta sui circa 7mila ettari vitati. Performance interessanti, spesso superiori dei vini rossi. Per gli esperti \u00e8 un vino &#8220;<em>che dribbla la crisi climatica<\/em>&#8221; e si associa all&#8217;estate e al caldo.<\/p>\n<p>Il costo medio della bottiglia di Vermentino <strong>in GDO e nell&#8217;Horeca<\/strong> \u00e8 cresciuto, talvolta in controtendenza con i vini bianchi fermi. In Toscana molte le aziende vinicole che hanno investito sul Vermentino in qualit\u00e0 e in produzione.<\/p>\n<h3>Le prospettive future dei vini autoctoni<\/h3>\n<p>&#8220;<em>Il futuro dell&#8217;agricoltura italiana ed europea<\/em> &#8211; afferma il presidente di Coldiretti <strong>Ettore Prandini<\/strong> &#8211; <em>dipende dalla capacit\u00e0 di promuovere e tutelare le distintivit\u00e0 territoriali che sono state la chiave del successo nel settore del vino dove hanno trovato la massima esaltazione. Il vino \u00e8 un patrimonio del Made in Italy che va valorizzato e difeso anche a livello internazionale contro allarmismi e campagne di paura che non hanno senso se si opta per un consumo responsabile e di qualit\u00e0<\/em>&#8220;.<\/p>\n","protected":false},"excerpt":{"rendered":"<p>Dall&#8217;indagine presentata da Coldiretti Vermentino e Vernaccia sono sempre pi\u00f9 in ascesa, cresce l&#8217;apprezzamento anche in GDO e Horeca<\/p>\n","protected":false},"author":554,"featured_media":280511,"comment_status":"open","ping_status":"open","sticky":false,"template":"","format":"standard","meta":{"_acf_changed":false,"footnotes":""},"categories":[8],"tags":[357,5962,4742,5604,6452],"class_list":["post-280498","post","type-post","status-publish","format-standard","has-post-thumbnail","hentry","category-enogastronomia","tag-coldiretti","tag-vermentino","tag-vernaccia-di-san-gimignano","tag-vini-toscani","tag-vinitaly"],"acf":[],"yoast_head":"<!-- This site is optimized with the Yoast SEO Premium plugin v24.2 (Yoast SEO v25.6) - https:\/\/yoast.com\/wordpress\/plugins\/seo\/ -->\n<title>Vini autoctoni, la rivincita dei bianchi di Toscana al Vinitaly - intoscana<\/title>\n<meta name=\"description\" content=\"Dall&#039;indagine presentata da Coldiretti Vermentino e Vernaccia sono sempre pi\u00f9 in ascesa, cresce l&#039;apprezzamento anche in GDO e Horeca\" \/>\n<meta name=\"robots\" content=\"index, follow, max-snippet:-1, max-image-preview:large, max-video-preview:-1\" \/>\n<link rel=\"canonical\" href=\"https:\/\/www.intoscana.it\/it\/vini-autoctoni-la-rivincita-dei-bianchi-di-toscana-al-vinitaly\/\" \/>\n<meta property=\"og:locale\" content=\"it_IT\" \/>\n<meta property=\"og:type\" content=\"article\" \/>\n<meta property=\"og:title\" content=\"Vini autoctoni, la rivincita dei bianchi di Toscana al Vinitaly\" \/>\n<meta property=\"og:description\" content=\"Dall&#039;indagine presentata da Coldiretti Vermentino e Vernaccia sono sempre pi\u00f9 in ascesa, cresce l&#039;apprezzamento anche in GDO e Horeca\" \/>\n<meta property=\"og:url\" content=\"https:\/\/www.intoscana.it\/it\/vini-autoctoni-la-rivincita-dei-bianchi-di-toscana-al-vinitaly\/\" \/>\n<meta property=\"og:site_name\" content=\"intoscana\" \/>\n<meta property=\"article:publisher\" content=\"https:\/\/www.facebook.com\/intoscana.it\" \/>\n<meta property=\"article:published_time\" content=\"2023-04-04T10:14:28+00:00\" \/>\n<meta property=\"og:image\" content=\"https:\/\/www.intoscana.it\/wp-content\/uploads\/Il-vermentino-\u00a9-Famiglia-Cecchi.jpeg\" \/>\n\t<meta property=\"og:image:width\" content=\"1400\" \/>\n\t<meta property=\"og:image:height\" content=\"670\" \/>\n\t<meta property=\"og:image:type\" content=\"image\/jpeg\" \/>\n<meta name=\"author\" content=\"Raffaella Galamini\" \/>\n<meta name=\"twitter:card\" content=\"summary_large_image\" \/>\n<meta name=\"twitter:creator\" content=\"@orio\" \/>\n<meta name=\"twitter:site\" content=\"@intoscana\" \/>\n<meta name=\"twitter:label1\" content=\"Written by\" \/>\n\t<meta name=\"twitter:data1\" content=\"Raffaella Galamini\" \/>\n\t<meta name=\"twitter:label2\" content=\"Est. reading time\" \/>\n\t<meta name=\"twitter:data2\" content=\"2 minuti\" \/>\n<script type=\"application\/ld+json\" class=\"yoast-schema-graph\">{\"@context\":\"https:\/\/schema.org\",\"@graph\":[{\"@type\":\"WebPage\",\"@id\":\"https:\/\/www.intoscana.it\/it\/vini-autoctoni-la-rivincita-dei-bianchi-di-toscana-al-vinitaly\/\",\"url\":\"https:\/\/www.intoscana.it\/it\/vini-autoctoni-la-rivincita-dei-bianchi-di-toscana-al-vinitaly\/\",\"name\":\"Vini autoctoni, la rivincita dei bianchi di Toscana al Vinitaly - intoscana\",\"isPartOf\":{\"@id\":\"https:\/\/www.intoscana.it\/it\/#website\"},\"primaryImageOfPage\":{\"@id\":\"https:\/\/www.intoscana.it\/it\/vini-autoctoni-la-rivincita-dei-bianchi-di-toscana-al-vinitaly\/#primaryimage\"},\"image\":{\"@id\":\"https:\/\/www.intoscana.it\/it\/vini-autoctoni-la-rivincita-dei-bianchi-di-toscana-al-vinitaly\/#primaryimage\"},\"thumbnailUrl\":\"https:\/\/www.intoscana.it\/wp-content\/uploads\/Il-vermentino-\u00a9-Famiglia-Cecchi.jpeg\",\"datePublished\":\"2023-04-04T10:14:28+00:00\",\"author\":{\"@id\":\"https:\/\/www.intoscana.it\/it\/#\/schema\/person\/9eb9daa846a49fe51af39a73d9d1986b\"},\"description\":\"Dall'indagine presentata da Coldiretti Vermentino e Vernaccia sono sempre pi\u00f9 in ascesa, cresce l'apprezzamento anche in GDO e Horeca\",\"breadcrumb\":{\"@id\":\"https:\/\/www.intoscana.it\/it\/vini-autoctoni-la-rivincita-dei-bianchi-di-toscana-al-vinitaly\/#breadcrumb\"},\"inLanguage\":\"it-IT\",\"potentialAction\":[{\"@type\":\"ReadAction\",\"target\":[\"https:\/\/www.intoscana.it\/it\/vini-autoctoni-la-rivincita-dei-bianchi-di-toscana-al-vinitaly\/\"]}]},{\"@type\":\"ImageObject\",\"inLanguage\":\"it-IT\",\"@id\":\"https:\/\/www.intoscana.it\/it\/vini-autoctoni-la-rivincita-dei-bianchi-di-toscana-al-vinitaly\/#primaryimage\",\"url\":\"https:\/\/www.intoscana.it\/wp-content\/uploads\/Il-vermentino-\u00a9-Famiglia-Cecchi.jpeg\",\"contentUrl\":\"https:\/\/www.intoscana.it\/wp-content\/uploads\/Il-vermentino-\u00a9-Famiglia-Cecchi.jpeg\",\"width\":1400,\"height\":670},{\"@type\":\"BreadcrumbList\",\"@id\":\"https:\/\/www.intoscana.it\/it\/vini-autoctoni-la-rivincita-dei-bianchi-di-toscana-al-vinitaly\/#breadcrumb\",\"itemListElement\":[{\"@type\":\"ListItem\",\"position\":1,\"name\":\"Home\",\"item\":\"https:\/\/www.intoscana.it\/it\/\"},{\"@type\":\"ListItem\",\"position\":2,\"name\":\"Vini autoctoni, la rivincita dei bianchi di Toscana al Vinitaly\"}]},{\"@type\":\"WebSite\",\"@id\":\"https:\/\/www.intoscana.it\/it\/#website\",\"url\":\"https:\/\/www.intoscana.it\/it\/\",\"name\":\"intoscana\",\"description\":\"\",\"potentialAction\":[{\"@type\":\"SearchAction\",\"target\":{\"@type\":\"EntryPoint\",\"urlTemplate\":\"https:\/\/www.intoscana.it\/it\/?s={search_term_string}\"},\"query-input\":{\"@type\":\"PropertyValueSpecification\",\"valueRequired\":true,\"valueName\":\"search_term_string\"}}],\"inLanguage\":\"it-IT\"},{\"@type\":\"Person\",\"@id\":\"https:\/\/www.intoscana.it\/it\/#\/schema\/person\/9eb9daa846a49fe51af39a73d9d1986b\",\"name\":\"Raffaella Galamini\",\"sameAs\":[\"https:\/\/x.com\/orio\"],\"url\":\"https:\/\/www.intoscana.it\/it\/author\/r-galamini\/\"}]}<\/script>\n<!-- \/ Yoast SEO Premium plugin. -->","yoast_head_json":{"title":"Vini autoctoni, la rivincita dei bianchi di Toscana al Vinitaly - intoscana","description":"Dall'indagine presentata da Coldiretti Vermentino e Vernaccia sono sempre pi\u00f9 in ascesa, cresce l'apprezzamento anche in GDO e Horeca","robots":{"index":"index","follow":"follow","max-snippet":"max-snippet:-1","max-image-preview":"max-image-preview:large","max-video-preview":"max-video-preview:-1"},"canonical":"https:\/\/www.intoscana.it\/it\/vini-autoctoni-la-rivincita-dei-bianchi-di-toscana-al-vinitaly\/","og_locale":"it_IT","og_type":"article","og_title":"Vini autoctoni, la rivincita dei bianchi di Toscana al Vinitaly","og_description":"Dall'indagine presentata da Coldiretti Vermentino e Vernaccia sono sempre pi\u00f9 in ascesa, cresce l'apprezzamento anche in GDO e Horeca","og_url":"https:\/\/www.intoscana.it\/it\/vini-autoctoni-la-rivincita-dei-bianchi-di-toscana-al-vinitaly\/","og_site_name":"intoscana","article_publisher":"https:\/\/www.facebook.com\/intoscana.it","article_published_time":"2023-04-04T10:14:28+00:00","og_image":[{"width":1400,"height":670,"url":"https:\/\/www.intoscana.it\/wp-content\/uploads\/Il-vermentino-\u00a9-Famiglia-Cecchi.jpeg","type":"image\/jpeg"}],"author":"Raffaella Galamini","twitter_card":"summary_large_image","twitter_creator":"@orio","twitter_site":"@intoscana","twitter_misc":{"Written by":"Raffaella Galamini","Est. reading time":"2 minuti"},"schema":{"@context":"https:\/\/schema.org","@graph":[{"@type":"WebPage","@id":"https:\/\/www.intoscana.it\/it\/vini-autoctoni-la-rivincita-dei-bianchi-di-toscana-al-vinitaly\/","url":"https:\/\/www.intoscana.it\/it\/vini-autoctoni-la-rivincita-dei-bianchi-di-toscana-al-vinitaly\/","name":"Vini autoctoni, la rivincita dei bianchi di Toscana al Vinitaly - intoscana","isPartOf":{"@id":"https:\/\/www.intoscana.it\/it\/#website"},"primaryImageOfPage":{"@id":"https:\/\/www.intoscana.it\/it\/vini-autoctoni-la-rivincita-dei-bianchi-di-toscana-al-vinitaly\/#primaryimage"},"image":{"@id":"https:\/\/www.intoscana.it\/it\/vini-autoctoni-la-rivincita-dei-bianchi-di-toscana-al-vinitaly\/#primaryimage"},"thumbnailUrl":"https:\/\/www.intoscana.it\/wp-content\/uploads\/Il-vermentino-\u00a9-Famiglia-Cecchi.jpeg","datePublished":"2023-04-04T10:14:28+00:00","author":{"@id":"https:\/\/www.intoscana.it\/it\/#\/schema\/person\/9eb9daa846a49fe51af39a73d9d1986b"},"description":"Dall'indagine presentata da Coldiretti Vermentino e Vernaccia sono sempre pi\u00f9 in ascesa, cresce l'apprezzamento anche in GDO e Horeca","breadcrumb":{"@id":"https:\/\/www.intoscana.it\/it\/vini-autoctoni-la-rivincita-dei-bianchi-di-toscana-al-vinitaly\/#breadcrumb"},"inLanguage":"it-IT","potentialAction":[{"@type":"ReadAction","target":["https:\/\/www.intoscana.it\/it\/vini-autoctoni-la-rivincita-dei-bianchi-di-toscana-al-vinitaly\/"]}]},{"@type":"ImageObject","inLanguage":"it-IT","@id":"https:\/\/www.intoscana.it\/it\/vini-autoctoni-la-rivincita-dei-bianchi-di-toscana-al-vinitaly\/#primaryimage","url":"https:\/\/www.intoscana.it\/wp-content\/uploads\/Il-vermentino-\u00a9-Famiglia-Cecchi.jpeg","contentUrl":"https:\/\/www.intoscana.it\/wp-content\/uploads\/Il-vermentino-\u00a9-Famiglia-Cecchi.jpeg","width":1400,"height":670},{"@type":"BreadcrumbList","@id":"https:\/\/www.intoscana.it\/it\/vini-autoctoni-la-rivincita-dei-bianchi-di-toscana-al-vinitaly\/#breadcrumb","itemListElement":[{"@type":"ListItem","position":1,"name":"Home","item":"https:\/\/www.intoscana.it\/it\/"},{"@type":"ListItem","position":2,"name":"Vini autoctoni, la rivincita dei bianchi di Toscana al Vinitaly"}]},{"@type":"WebSite","@id":"https:\/\/www.intoscana.it\/it\/#website","url":"https:\/\/www.intoscana.it\/it\/","name":"intoscana","description":"","potentialAction":[{"@type":"SearchAction","target":{"@type":"EntryPoint","urlTemplate":"https:\/\/www.intoscana.it\/it\/?s={search_term_string}"},"query-input":{"@type":"PropertyValueSpecification","valueRequired":true,"valueName":"search_term_string"}}],"inLanguage":"it-IT"},{"@type":"Person","@id":"https:\/\/www.intoscana.it\/it\/#\/schema\/person\/9eb9daa846a49fe51af39a73d9d1986b","name":"Raffaella Galamini","sameAs":["https:\/\/x.com\/orio"],"url":"https:\/\/www.intoscana.it\/it\/author\/r-galamini\/"}]}},"_links":{"self":[{"href":"https:\/\/www.intoscana.it\/it\/wp-json\/wp\/v2\/posts\/280498","targetHints":{"allow":["GET"]}}],"collection":[{"href":"https:\/\/www.intoscana.it\/it\/wp-json\/wp\/v2\/posts"}],"about":[{"href":"https:\/\/www.intoscana.it\/it\/wp-json\/wp\/v2\/types\/post"}],"author":[{"embeddable":true,"href":"https:\/\/www.intoscana.it\/it\/wp-json\/wp\/v2\/users\/554"}],"replies":[{"embeddable":true,"href":"https:\/\/www.intoscana.it\/it\/wp-json\/wp\/v2\/comments?post=280498"}],"version-history":[{"count":0,"href":"https:\/\/www.intoscana.it\/it\/wp-json\/wp\/v2\/posts\/280498\/revisions"}],"wp:featuredmedia":[{"embeddable":true,"href":"https:\/\/www.intoscana.it\/it\/wp-json\/wp\/v2\/media\/280511"}],"wp:attachment":[{"href":"https:\/\/www.intoscana.it\/it\/wp-json\/wp\/v2\/media?parent=280498"}],"wp:term":[{"taxonomy":"category","embeddable":true,"href":"https:\/\/www.intoscana.it\/it\/wp-json\/wp\/v2\/categories?post=280498"},{"taxonomy":"post_tag","embeddable":true,"href":"https:\/\/www.intoscana.it\/it\/wp-json\/wp\/v2\/tags?post=280498"}],"curies":[{"name":"wp","href":"https:\/\/api.w.org\/{rel}","templated":true}]}}