{"id":280547,"date":"2023-04-04T14:52:34","date_gmt":"2023-04-04T12:52:34","guid":{"rendered":"https:\/\/www.intoscana.it\/it\/?p=280547"},"modified":"2023-04-04T14:52:34","modified_gmt":"2023-04-04T12:52:34","slug":"siena-montefollonico-in-festa-per-un-goccio-di-vin-santo","status":"publish","type":"post","link":"https:\/\/www.intoscana.it\/it\/siena-montefollonico-in-festa-per-un-goccio-di-vin-santo\/","title":{"rendered":"Siena, Montefollonico in festa per un goccio di Vin santo"},"content":{"rendered":"<p style=\"font-weight: 400;\">La leggenda vuole che venisse usato per dare conforto pure ai malati di peste. Di sicuro il <strong>Vin Santo in Toscana<\/strong> \u00e8 un&#8217;istituzione e a <strong>Montefollonico<\/strong> un appuntamento da non perdere. Torna la 18 esima edizione di \u2018<em>Lo gradireste un goccio di Vin Santo?<\/em>\u2019: manifestazione curata dal Comune di Torrita di Siena e dalla Proloco di Montefollonico in programma <strong>sabato 15 e domenica 16 aprile <\/strong>nella frazione senese.<\/p>\n<p style=\"font-weight: 400;\">\u201c<em>Negli anni scorsi questo evento si svolgeva a dicembre<\/em> \u2013 ha commentato l&#8217;assessore all\u2019associazionismo del Comune di Torrita di Siena <strong>Roberto Trabalzini<\/strong>\u00a0\u2013 <em>ma questa edizione \u00e8 stata spostata in primavera per accogliere in un clima gradevole i visitatori a Montefollonico\u00a0nei giorni di questo\u00a0evento che \u00e8 molto sentito da tutta la comunit\u00e0 montanina\u201d<\/em>.<\/p>\n<p style=\"font-weight: 400;\">Il\u00a0presidente della Proloco di Montefollonico,\u00a0<strong>Andrea Tonini<\/strong>, ha illustrato il programma della manifestazione. \u201c<em>Quella di offrire il Vin Santo \u00e8 una tradizione molto antica e significativa, in quanto non essendocene sempre in gran quantit\u00e0, questo liquore cos\u00ec prezioso si riserva agli ospiti proprio per esprimere cordialit\u00e0 e gratitudine per la visita ricevuta<\/em>\u201d.<\/p>\n<h3>Degustazioni, visite guidate e una mostra<\/h3>\n<p>Per due giorni il borgo sar\u00e0 infatti animato dalle tante attivit\u00e0 organizzate, <mark>dalle degustazioni alle visite guidate, dalla passeggiata sul sentiero del Vin Santo al mercato di Valdichiana Eating<\/mark>. Novit\u00e0 di quest\u2019anno sono l\u2019inaugurazione presso il Palazzo Pretorio della mostra <strong>\u2018<\/strong><em>I vetri di Montefollonico<\/em><strong>\u2019<\/strong>, spazio che raccoglie i reperti provenienti da <strong>un\u2019antica vetreria<\/strong> attiva a Montefollonico dal 1600 a met\u00e0 1800 (sabato 15, alle 11).<\/p>\n<h3>Un gemellaggio e un concorso di vini<\/h3>\n<p style=\"font-weight: 400;\">In programma<strong> il gemellaggio <\/strong>con il Comune piemontese di<strong> Vignolo<\/strong>, in provincia di Cuneo, dove \u00e8 tipica la produzione di Moscato da uva Erbaluce di Caluso. L\u2019incontro con l\u2019amministrazione comunale di Vignolo si svolger\u00e0 durante la cena di sabato 15. Nel corso della serata verranno annunciati i vincitori del concorso. In occasione dell\u2019evento, infatti, ogni anno i produttori locali si sfidano in una gara che decreta, per le categorie dolce e secco, <strong>il Vin Santo di migliore qualit\u00e0<\/strong>. Per questa edizione sono\u00a0<strong>66 i vini in concorso<\/strong>, provenienti da tutta la Toscana e anche dalle Marche.<\/p>\n<p style=\"font-weight: 400;\">\u2018<em>Lo gradireste un goccio di Vin Santo?<\/em>\u2019 si svolge in concomitanza con\u00a0<strong>Valdichiana Eating<\/strong>, il mercato dei produttori locali a chilometri zero, con prodotti tipici della <strong>Valdichiana<\/strong> e della<strong> Val d\u2019Orcia<\/strong>, organizzato dalla Strada del Vino Nobile di Montepulciano e dei Sapori della Valdichiana Senese.<\/p>\n<figure id=\"post-280549 media-280549\" class=\"align-none\"><img decoding=\"async\" src=\"https:\/\/www.intoscana.it\/wp-content\/uploads\/Vin-santo-Montefollonico-1.jpeg\" alt=\"\" \/><\/figure>\n<div class=\"titleimg\">Il brindisi in Regione con il Vin santo di Montefollonico<\/div>\n<h3 style=\"font-weight: 400;\">La presentazione in Regione<\/h3>\n<p style=\"font-weight: 400;\">La presentazione della manifestazione nel Media center \u2018Sassoli\u2019 a Palazzo del Pegaso \u00e8 stata l&#8217;occasione per celebrare storia e tradizione di un vino&#8230; portentoso. \u201c<em>Amore per il territorio e attaccamento alle tradizioni: eventi come quello di Montefollonico rappresentano bene la Toscana nel mondo<\/em>\u201d ha spiegato il presidente del Consiglio regionale, <strong>Antonio Mazzeo<\/strong>, ringraziando comune e volontari.<\/p>\n<p style=\"font-weight: 400;\">\u201c<em>Montefollonico \u00e8 una piccola perla nel comune di Torrita di Siena, con una forte identit\u00e0 che l\u2019ha portata ad ottenere la bandiera arancione del Touring Club\u201d<\/em>, ha aggiunto la consigliera regionale <strong>Elena Rosignoli<\/strong>. compiacendosi che l&#8217;evento sia presentato in Consiglio e possa cos\u00ec godere di una maggiore attenzione.<\/p>\n","protected":false},"excerpt":{"rendered":"<p>A met\u00e0 aprile un fine settimana tra degustazioni, visite guidate, il mercato di Valdichiana Eating e la mostra \u2018I vetri di Montefollonico\u2019<\/p>\n","protected":false},"author":525,"featured_media":280550,"comment_status":"open","ping_status":"open","sticky":false,"template":"","format":"standard","meta":{"_acf_changed":false,"footnotes":""},"categories":[8],"tags":[4760,436],"class_list":["post-280547","post","type-post","status-publish","format-standard","has-post-thumbnail","hentry","category-enogastronomia","tag-antonio-mazzeo","tag-prodotti-tipici"],"acf":[],"yoast_head":"<!-- This site is optimized with the Yoast SEO Premium plugin v24.2 (Yoast SEO v25.6) - https:\/\/yoast.com\/wordpress\/plugins\/seo\/ -->\n<title>Siena, Montefollonico in festa per un goccio di Vin santo - intoscana<\/title>\n<meta name=\"description\" content=\"A met\u00e0 aprile un fine settimana tra degustazioni, visite guidate, il mercato di Valdichiana Eating e la mostra \u2018I vetri di Montefollonico\u2019\" \/>\n<meta name=\"robots\" content=\"index, follow, max-snippet:-1, max-image-preview:large, max-video-preview:-1\" \/>\n<link rel=\"canonical\" href=\"https:\/\/www.intoscana.it\/it\/siena-montefollonico-in-festa-per-un-goccio-di-vin-santo\/\" \/>\n<meta property=\"og:locale\" content=\"it_IT\" \/>\n<meta property=\"og:type\" content=\"article\" \/>\n<meta property=\"og:title\" content=\"Siena, Montefollonico in festa per un goccio di Vin santo\" \/>\n<meta property=\"og:description\" content=\"A met\u00e0 aprile un fine settimana tra degustazioni, visite guidate, il mercato di Valdichiana Eating e la mostra \u2018I vetri di Montefollonico\u2019\" \/>\n<meta property=\"og:url\" content=\"https:\/\/www.intoscana.it\/it\/siena-montefollonico-in-festa-per-un-goccio-di-vin-santo\/\" \/>\n<meta property=\"og:site_name\" content=\"intoscana\" \/>\n<meta property=\"article:publisher\" content=\"https:\/\/www.facebook.com\/intoscana.it\" \/>\n<meta property=\"article:published_time\" content=\"2023-04-04T12:52:34+00:00\" \/>\n<meta property=\"og:image\" content=\"https:\/\/www.intoscana.it\/wp-content\/uploads\/Vin-santo-Montefollonico-2.jpeg\" \/>\n\t<meta property=\"og:image:width\" content=\"1600\" \/>\n\t<meta property=\"og:image:height\" content=\"1066\" \/>\n\t<meta property=\"og:image:type\" content=\"image\/jpeg\" \/>\n<meta name=\"author\" content=\"Redazione\" \/>\n<meta name=\"twitter:card\" content=\"summary_large_image\" \/>\n<meta name=\"twitter:creator\" content=\"@intoscana\" \/>\n<meta name=\"twitter:site\" content=\"@intoscana\" \/>\n<meta name=\"twitter:label1\" content=\"Written by\" \/>\n\t<meta name=\"twitter:data1\" content=\"Redazione\" \/>\n\t<meta name=\"twitter:label2\" content=\"Est. reading time\" \/>\n\t<meta name=\"twitter:data2\" content=\"3 minuti\" \/>\n<script type=\"application\/ld+json\" class=\"yoast-schema-graph\">{\"@context\":\"https:\/\/schema.org\",\"@graph\":[{\"@type\":\"WebPage\",\"@id\":\"https:\/\/www.intoscana.it\/it\/siena-montefollonico-in-festa-per-un-goccio-di-vin-santo\/\",\"url\":\"https:\/\/www.intoscana.it\/it\/siena-montefollonico-in-festa-per-un-goccio-di-vin-santo\/\",\"name\":\"Siena, Montefollonico in festa per un goccio di Vin santo - intoscana\",\"isPartOf\":{\"@id\":\"https:\/\/www.intoscana.it\/it\/#website\"},\"primaryImageOfPage\":{\"@id\":\"https:\/\/www.intoscana.it\/it\/siena-montefollonico-in-festa-per-un-goccio-di-vin-santo\/#primaryimage\"},\"image\":{\"@id\":\"https:\/\/www.intoscana.it\/it\/siena-montefollonico-in-festa-per-un-goccio-di-vin-santo\/#primaryimage\"},\"thumbnailUrl\":\"https:\/\/www.intoscana.it\/wp-content\/uploads\/Vin-santo-Montefollonico-2.jpeg\",\"datePublished\":\"2023-04-04T12:52:34+00:00\",\"author\":{\"@id\":\"https:\/\/www.intoscana.it\/it\/#\/schema\/person\/9223810753230f20bd670fdd322661f8\"},\"description\":\"A met\u00e0 aprile un fine settimana tra degustazioni, visite guidate, il mercato di Valdichiana Eating e la mostra \u2018I vetri di Montefollonico\u2019\",\"breadcrumb\":{\"@id\":\"https:\/\/www.intoscana.it\/it\/siena-montefollonico-in-festa-per-un-goccio-di-vin-santo\/#breadcrumb\"},\"inLanguage\":\"it-IT\",\"potentialAction\":[{\"@type\":\"ReadAction\",\"target\":[\"https:\/\/www.intoscana.it\/it\/siena-montefollonico-in-festa-per-un-goccio-di-vin-santo\/\"]}]},{\"@type\":\"ImageObject\",\"inLanguage\":\"it-IT\",\"@id\":\"https:\/\/www.intoscana.it\/it\/siena-montefollonico-in-festa-per-un-goccio-di-vin-santo\/#primaryimage\",\"url\":\"https:\/\/www.intoscana.it\/wp-content\/uploads\/Vin-santo-Montefollonico-2.jpeg\",\"contentUrl\":\"https:\/\/www.intoscana.it\/wp-content\/uploads\/Vin-santo-Montefollonico-2.jpeg\",\"width\":1600,\"height\":1066,\"caption\":\"Il Vin santo di Montefollonico\"},{\"@type\":\"BreadcrumbList\",\"@id\":\"https:\/\/www.intoscana.it\/it\/siena-montefollonico-in-festa-per-un-goccio-di-vin-santo\/#breadcrumb\",\"itemListElement\":[{\"@type\":\"ListItem\",\"position\":1,\"name\":\"Home\",\"item\":\"https:\/\/www.intoscana.it\/it\/\"},{\"@type\":\"ListItem\",\"position\":2,\"name\":\"Siena, Montefollonico in festa per un goccio di Vin santo\"}]},{\"@type\":\"WebSite\",\"@id\":\"https:\/\/www.intoscana.it\/it\/#website\",\"url\":\"https:\/\/www.intoscana.it\/it\/\",\"name\":\"intoscana\",\"description\":\"\",\"potentialAction\":[{\"@type\":\"SearchAction\",\"target\":{\"@type\":\"EntryPoint\",\"urlTemplate\":\"https:\/\/www.intoscana.it\/it\/?s={search_term_string}\"},\"query-input\":{\"@type\":\"PropertyValueSpecification\",\"valueRequired\":true,\"valueName\":\"search_term_string\"}}],\"inLanguage\":\"it-IT\"},{\"@type\":\"Person\",\"@id\":\"https:\/\/www.intoscana.it\/it\/#\/schema\/person\/9223810753230f20bd670fdd322661f8\",\"name\":\"Redazione\",\"url\":\"https:\/\/www.intoscana.it\/it\/author\/redazione\/\"}]}<\/script>\n<!-- \/ Yoast SEO Premium plugin. -->","yoast_head_json":{"title":"Siena, Montefollonico in festa per un goccio di Vin santo - intoscana","description":"A met\u00e0 aprile un fine settimana tra degustazioni, visite guidate, il mercato di Valdichiana Eating e la mostra \u2018I vetri di Montefollonico\u2019","robots":{"index":"index","follow":"follow","max-snippet":"max-snippet:-1","max-image-preview":"max-image-preview:large","max-video-preview":"max-video-preview:-1"},"canonical":"https:\/\/www.intoscana.it\/it\/siena-montefollonico-in-festa-per-un-goccio-di-vin-santo\/","og_locale":"it_IT","og_type":"article","og_title":"Siena, Montefollonico in festa per un goccio di Vin santo","og_description":"A met\u00e0 aprile un fine settimana tra degustazioni, visite guidate, il mercato di Valdichiana Eating e la mostra \u2018I vetri di Montefollonico\u2019","og_url":"https:\/\/www.intoscana.it\/it\/siena-montefollonico-in-festa-per-un-goccio-di-vin-santo\/","og_site_name":"intoscana","article_publisher":"https:\/\/www.facebook.com\/intoscana.it","article_published_time":"2023-04-04T12:52:34+00:00","og_image":[{"width":1600,"height":1066,"url":"https:\/\/www.intoscana.it\/wp-content\/uploads\/Vin-santo-Montefollonico-2.jpeg","type":"image\/jpeg"}],"author":"Redazione","twitter_card":"summary_large_image","twitter_creator":"@intoscana","twitter_site":"@intoscana","twitter_misc":{"Written by":"Redazione","Est. reading time":"3 minuti"},"schema":{"@context":"https:\/\/schema.org","@graph":[{"@type":"WebPage","@id":"https:\/\/www.intoscana.it\/it\/siena-montefollonico-in-festa-per-un-goccio-di-vin-santo\/","url":"https:\/\/www.intoscana.it\/it\/siena-montefollonico-in-festa-per-un-goccio-di-vin-santo\/","name":"Siena, Montefollonico in festa per un goccio di Vin santo - intoscana","isPartOf":{"@id":"https:\/\/www.intoscana.it\/it\/#website"},"primaryImageOfPage":{"@id":"https:\/\/www.intoscana.it\/it\/siena-montefollonico-in-festa-per-un-goccio-di-vin-santo\/#primaryimage"},"image":{"@id":"https:\/\/www.intoscana.it\/it\/siena-montefollonico-in-festa-per-un-goccio-di-vin-santo\/#primaryimage"},"thumbnailUrl":"https:\/\/www.intoscana.it\/wp-content\/uploads\/Vin-santo-Montefollonico-2.jpeg","datePublished":"2023-04-04T12:52:34+00:00","author":{"@id":"https:\/\/www.intoscana.it\/it\/#\/schema\/person\/9223810753230f20bd670fdd322661f8"},"description":"A met\u00e0 aprile un fine settimana tra degustazioni, visite guidate, il mercato di Valdichiana Eating e la mostra \u2018I vetri di Montefollonico\u2019","breadcrumb":{"@id":"https:\/\/www.intoscana.it\/it\/siena-montefollonico-in-festa-per-un-goccio-di-vin-santo\/#breadcrumb"},"inLanguage":"it-IT","potentialAction":[{"@type":"ReadAction","target":["https:\/\/www.intoscana.it\/it\/siena-montefollonico-in-festa-per-un-goccio-di-vin-santo\/"]}]},{"@type":"ImageObject","inLanguage":"it-IT","@id":"https:\/\/www.intoscana.it\/it\/siena-montefollonico-in-festa-per-un-goccio-di-vin-santo\/#primaryimage","url":"https:\/\/www.intoscana.it\/wp-content\/uploads\/Vin-santo-Montefollonico-2.jpeg","contentUrl":"https:\/\/www.intoscana.it\/wp-content\/uploads\/Vin-santo-Montefollonico-2.jpeg","width":1600,"height":1066,"caption":"Il Vin santo di Montefollonico"},{"@type":"BreadcrumbList","@id":"https:\/\/www.intoscana.it\/it\/siena-montefollonico-in-festa-per-un-goccio-di-vin-santo\/#breadcrumb","itemListElement":[{"@type":"ListItem","position":1,"name":"Home","item":"https:\/\/www.intoscana.it\/it\/"},{"@type":"ListItem","position":2,"name":"Siena, Montefollonico in festa per un goccio di Vin santo"}]},{"@type":"WebSite","@id":"https:\/\/www.intoscana.it\/it\/#website","url":"https:\/\/www.intoscana.it\/it\/","name":"intoscana","description":"","potentialAction":[{"@type":"SearchAction","target":{"@type":"EntryPoint","urlTemplate":"https:\/\/www.intoscana.it\/it\/?s={search_term_string}"},"query-input":{"@type":"PropertyValueSpecification","valueRequired":true,"valueName":"search_term_string"}}],"inLanguage":"it-IT"},{"@type":"Person","@id":"https:\/\/www.intoscana.it\/it\/#\/schema\/person\/9223810753230f20bd670fdd322661f8","name":"Redazione","url":"https:\/\/www.intoscana.it\/it\/author\/redazione\/"}]}},"_links":{"self":[{"href":"https:\/\/www.intoscana.it\/it\/wp-json\/wp\/v2\/posts\/280547","targetHints":{"allow":["GET"]}}],"collection":[{"href":"https:\/\/www.intoscana.it\/it\/wp-json\/wp\/v2\/posts"}],"about":[{"href":"https:\/\/www.intoscana.it\/it\/wp-json\/wp\/v2\/types\/post"}],"author":[{"embeddable":true,"href":"https:\/\/www.intoscana.it\/it\/wp-json\/wp\/v2\/users\/525"}],"replies":[{"embeddable":true,"href":"https:\/\/www.intoscana.it\/it\/wp-json\/wp\/v2\/comments?post=280547"}],"version-history":[{"count":0,"href":"https:\/\/www.intoscana.it\/it\/wp-json\/wp\/v2\/posts\/280547\/revisions"}],"wp:featuredmedia":[{"embeddable":true,"href":"https:\/\/www.intoscana.it\/it\/wp-json\/wp\/v2\/media\/280550"}],"wp:attachment":[{"href":"https:\/\/www.intoscana.it\/it\/wp-json\/wp\/v2\/media?parent=280547"}],"wp:term":[{"taxonomy":"category","embeddable":true,"href":"https:\/\/www.intoscana.it\/it\/wp-json\/wp\/v2\/categories?post=280547"},{"taxonomy":"post_tag","embeddable":true,"href":"https:\/\/www.intoscana.it\/it\/wp-json\/wp\/v2\/tags?post=280547"}],"curies":[{"name":"wp","href":"https:\/\/api.w.org\/{rel}","templated":true}]}}