{"id":280601,"date":"2023-04-04T16:55:48","date_gmt":"2023-04-04T14:55:48","guid":{"rendered":"https:\/\/www.intoscana.it\/it\/?p=280601"},"modified":"2023-04-04T16:55:48","modified_gmt":"2023-04-04T14:55:48","slug":"sfide-climatiche-accordo-tra-vigneto-toscana-e-ibe-cnr","status":"publish","type":"post","link":"https:\/\/www.intoscana.it\/it\/sfide-climatiche-accordo-tra-vigneto-toscana-e-ibe-cnr\/","title":{"rendered":"Sfide climatiche, accordo tra Vigneto Toscana e Ibe-Cnr"},"content":{"rendered":"<p>Le <strong>sfide climatiche e per la sostenibilit\u00e0<\/strong> passano dal Vinitaly e dall&#8217;<mark>accordo tra Vigneto Toscana, l&#8217;associazione di viticoltori di Coldiretti Toscana, e l&#8217;Istituto per la BioEconomia del Cnr<\/mark>. Le vigne che si estendono su quasi 60 mila ettari e sono presenti in tutti gli habitat regionali, sono le testimonial scientifiche dell\u2019accordo siglato alla Fiera di Verona.<\/p>\n<p><strong>Coldiretti Toscana e IBE-CNR<\/strong> gi\u00e0 collaborano al progetto sui benefici delle piante da interno negli ambienti scolastici. Ora il nuovo patto che vede il Vigneto Toscana come <mark>laboratorio per la ricerca scientifica e la sostenibilit\u00e0 dell\u2019agricoltura toscana<\/mark>.<\/p>\n<p>Un contributo importante nel percorso di adattamento e mitigazione ai cambiamenti climatici. Lo scorso anno l\u2019assenza per lunghi mesi di precipitazioni unita al caldo record aveva causato danni per <strong>260 milioni di euro<\/strong> alle imprese agricole e bruciato<strong> il 10% dei prodotti agricoli<\/strong>.<\/p>\n<p>A firmare la convenzione di ricerca, a Casa Coldiretti, nello spazio Cangrande, di fronte ad una sala tutta piena, \u00e8 stata la vicepresidente e assessora all\u2019agroalimentare <strong>Stefania Saccardi<\/strong>. La presentazione \u00e8 stata coordinata dal direttore di Coldiretti Toscana, <strong>Angelo Corsetti<\/strong>.<\/p>\n<h3>Investire in innovazione e sperimentazione<\/h3>\n<p>\u201c<em>La scelta di Coldiretti di investire in innovazione e sperimentazione<\/em> &#8211; ha detto <strong>Saccardi<\/strong> soddisfatta per la nuova collaborazione\u00a0 &#8211; <em>\u00e8 davvero la scelta di chi vuole rispondere in maniera appropriata alle sfide del futuro. IBE-CNR \u00e8 un interlocutore di grande valore. Ci sono tutti i presupposti per costruire una prospettiva nuova partendo dalla ricerca e dalla tecnologia. Il numero di domande al primo bando per l\u2019agricoltura di precisione, oltre 800, \u00e8 significativo del bisogno di sostenibilit\u00e0 ecologica ed economica del settore. La strada \u00e8 quella giusta<\/em>\u201d.<\/p>\n<h3>Gestione delle risorse per la competitivit\u00e0<\/h3>\n<p>\u201c<em>Non possiamo pi\u00f9 prescindere da una attenta e scrupolosa gestione delle risorse e degli input produttivi sia in termini ambientali che di costi. L\u2019agricoltura deve adattarsi e deve farlo rapidamente per restare competitiva e continuare a garantire la produzione di cibo e vino&#8221;<\/em>\u00a0ha spiegato <strong>Fabrizio Filippi<\/strong>, presidente Coldiretti Toscana.<\/p>\n<figure id=\"post-176998 media-176998\" class=\"align-none\"><img decoding=\"async\" src=\"https:\/\/www.intoscana.it\/wp-content\/uploads\/Stefania-Saccardi-2.jpg\" alt=\"\" \/><\/figure>\n<div class=\"titleimg\">Stefania Saccardi &#8211; \u00a9 Antonio Viscido<\/div>\n<h3>Una viticoltura pi\u00f9 sostenibile per il futuro<\/h3>\n<p>L&#8217;accordo getta le fondamenta per un\u2019agricoltura, e nello specifico una viticoltura,<em> &#8220;pi\u00f9 sostenibile che deve prepararsi a far fronte alle conseguenze di lunghi e sempre pi\u00f9 frequenti periodi senza precipitazioni e sfasamenti stagionali. Dal campo alla tavola e dalla vigna al bicchiere la sostanza non cambia. Vogliamo dare gli strumenti alle imprese per adeguarsi ai nuovi scenari<\/em>\u201d.<\/p>\n<p>La <strong>siccit\u00e0<\/strong> ed i <strong>cambiamenti climatici<\/strong> che stimolano inoltre le condizioni favorevoli allo svilupparsi di malattie e al proliferare di <strong>insetti dannosi<\/strong> per le viti e l\u2019uva minacciano il primato di qualit\u00e0 del vino Made in Tuscany.<\/p>\n<h3>Una sfida per restare ancora al vertice<\/h3>\n<p>Sono 58 le indicazioni geografiche riconosciute, di cui <strong>52 DOP (11 DOCG e 41 DOC) e 6 IGT<\/strong> che presidiano la quasi totalit\u00e0 della superficie vitata toscana (96,4%). La viticoltura garantisce <strong>il 21% della produzione<\/strong> agricola regionale per un valore di <strong>485 milioni<\/strong> di euro ed esportazioni per 1,2 miliardi di euro.<\/p>\n<p>\u201c<em>Per restare ai vertici mondiali della qualit\u00e0 il nostro settore deve investire nella ricerca applicata, in innovazione e sostenibilit\u00e0 <\/em>\u2013 ha aggiunto <strong>Letizia Cesani<\/strong>, vice presidente di Vigneto Toscana &#8211; <em>Sviluppo, crescita, approfondimento, consapevolezza: sono gi\u00e0 le parole chiave del nostro presente<\/em>\u201d.<\/p>\n<figure id=\"post-234559 media-234559\" class=\"align-none\"><img decoding=\"async\" src=\"https:\/\/www.intoscana.it\/wp-content\/uploads\/Vendemmia-1-scaled.jpg\" alt=\"\" \/><\/figure>\n<div class=\"titleimg\">Vendemmia &#8211; \u00a9 HQuality\/Shutterstock<\/div>\n<h3>Le buone pratiche in viticoltura<\/h3>\n<p>Partendo dalla convenzione si punta a collaborazioni, iniziative e progetti in ambiti di comune interesse mettendo a frutto conoscenze, competenze, strutture e strumentazioni. &#8220;<em>E&#8217; possibile applicando la viticoltura di precisione nei vigneti per far si che l\u2019uso delle risorse, come l\u2019acqua, sia sempre pi\u00f9 efficiente ma anche attraverso l\u2019impiego di pratiche agronomiche che tengano in considerazione l\u2019impiego del biochar, come input per migliorare lo stock di carbonio, il rilascio di nutrienti che le condizioni idriche del suolo. Ed ancora riducendo al minimo l\u2019utilizzo dei mezzi meccanici nelle lavorazioni in vigna e incentivando l\u2019utilizzo di soluzioni naturali contro gli infestanti<\/em>\u201d ha concluso <strong>Giorgio Matteucci<\/strong>, direttore IBE-CNR.<\/p>\n","protected":false},"excerpt":{"rendered":"<p>L&#8217;intesa siglata a Vinitaly dall&#8217;assessora Saccardi e Coldiretti getta le fondamenta per una viticoltura pi\u00f9 sostenibile tra siccit\u00e0 e insetti dannosi<\/p>\n","protected":false},"author":554,"featured_media":280603,"comment_status":"open","ping_status":"open","sticky":false,"template":"","format":"standard","meta":{"_acf_changed":false,"footnotes":""},"categories":[19],"tags":[5747,4769,3133],"class_list":["post-280601","post","type-post","status-publish","format-standard","has-post-thumbnail","hentry","category-ambiente","tag-cnr","tag-stefania-saccardi","tag-viticoltura"],"acf":[],"yoast_head":"<!-- This site is optimized with the Yoast SEO Premium plugin v24.2 (Yoast SEO v25.6) - https:\/\/yoast.com\/wordpress\/plugins\/seo\/ -->\n<title>Sfide climatiche, accordo tra Vigneto Toscana e Ibe-Cnr - intoscana<\/title>\n<meta name=\"description\" content=\"L&#039;intesa siglata dall&#039;assessora Saccardi e Coldiretti getta le fondamenta per una viticoltura pi\u00f9 sostenibile tra siccit\u00e0 e insetti dannosi\" \/>\n<meta name=\"robots\" content=\"index, follow, max-snippet:-1, max-image-preview:large, max-video-preview:-1\" \/>\n<link rel=\"canonical\" href=\"https:\/\/www.intoscana.it\/it\/sfide-climatiche-accordo-tra-vigneto-toscana-e-ibe-cnr\/\" \/>\n<meta property=\"og:locale\" content=\"it_IT\" \/>\n<meta property=\"og:type\" content=\"article\" \/>\n<meta property=\"og:title\" content=\"Sfide climatiche, accordo tra Vigneto Toscana e Ibe-Cnr\" \/>\n<meta property=\"og:description\" content=\"L&#039;intesa siglata dall&#039;assessora Saccardi e Coldiretti getta le fondamenta per una viticoltura pi\u00f9 sostenibile tra siccit\u00e0 e insetti dannosi\" \/>\n<meta property=\"og:url\" content=\"https:\/\/www.intoscana.it\/it\/sfide-climatiche-accordo-tra-vigneto-toscana-e-ibe-cnr\/\" \/>\n<meta property=\"og:site_name\" content=\"intoscana\" \/>\n<meta property=\"article:publisher\" content=\"https:\/\/www.facebook.com\/intoscana.it\" \/>\n<meta property=\"article:published_time\" content=\"2023-04-04T14:55:48+00:00\" \/>\n<meta property=\"og:image\" content=\"https:\/\/www.intoscana.it\/wp-content\/uploads\/saccardiColdiretti.jpeg\" \/>\n\t<meta property=\"og:image:width\" content=\"2048\" \/>\n\t<meta property=\"og:image:height\" content=\"1536\" \/>\n\t<meta property=\"og:image:type\" content=\"image\/jpeg\" \/>\n<meta name=\"author\" content=\"Raffaella Galamini\" \/>\n<meta name=\"twitter:card\" content=\"summary_large_image\" \/>\n<meta name=\"twitter:creator\" content=\"@orio\" \/>\n<meta name=\"twitter:site\" content=\"@intoscana\" \/>\n<meta name=\"twitter:label1\" content=\"Written by\" \/>\n\t<meta name=\"twitter:data1\" content=\"Raffaella Galamini\" \/>\n\t<meta name=\"twitter:label2\" content=\"Est. reading time\" \/>\n\t<meta name=\"twitter:data2\" content=\"3 minuti\" \/>\n<script type=\"application\/ld+json\" class=\"yoast-schema-graph\">{\"@context\":\"https:\/\/schema.org\",\"@graph\":[{\"@type\":\"WebPage\",\"@id\":\"https:\/\/www.intoscana.it\/it\/sfide-climatiche-accordo-tra-vigneto-toscana-e-ibe-cnr\/\",\"url\":\"https:\/\/www.intoscana.it\/it\/sfide-climatiche-accordo-tra-vigneto-toscana-e-ibe-cnr\/\",\"name\":\"Sfide climatiche, accordo tra Vigneto Toscana e Ibe-Cnr - intoscana\",\"isPartOf\":{\"@id\":\"https:\/\/www.intoscana.it\/it\/#website\"},\"primaryImageOfPage\":{\"@id\":\"https:\/\/www.intoscana.it\/it\/sfide-climatiche-accordo-tra-vigneto-toscana-e-ibe-cnr\/#primaryimage\"},\"image\":{\"@id\":\"https:\/\/www.intoscana.it\/it\/sfide-climatiche-accordo-tra-vigneto-toscana-e-ibe-cnr\/#primaryimage\"},\"thumbnailUrl\":\"https:\/\/www.intoscana.it\/wp-content\/uploads\/saccardiColdiretti.jpeg\",\"datePublished\":\"2023-04-04T14:55:48+00:00\",\"author\":{\"@id\":\"https:\/\/www.intoscana.it\/it\/#\/schema\/person\/9eb9daa846a49fe51af39a73d9d1986b\"},\"description\":\"L'intesa siglata dall'assessora Saccardi e Coldiretti getta le fondamenta per una viticoltura pi\u00f9 sostenibile tra siccit\u00e0 e insetti dannosi\",\"breadcrumb\":{\"@id\":\"https:\/\/www.intoscana.it\/it\/sfide-climatiche-accordo-tra-vigneto-toscana-e-ibe-cnr\/#breadcrumb\"},\"inLanguage\":\"it-IT\",\"potentialAction\":[{\"@type\":\"ReadAction\",\"target\":[\"https:\/\/www.intoscana.it\/it\/sfide-climatiche-accordo-tra-vigneto-toscana-e-ibe-cnr\/\"]}]},{\"@type\":\"ImageObject\",\"inLanguage\":\"it-IT\",\"@id\":\"https:\/\/www.intoscana.it\/it\/sfide-climatiche-accordo-tra-vigneto-toscana-e-ibe-cnr\/#primaryimage\",\"url\":\"https:\/\/www.intoscana.it\/wp-content\/uploads\/saccardiColdiretti.jpeg\",\"contentUrl\":\"https:\/\/www.intoscana.it\/wp-content\/uploads\/saccardiColdiretti.jpeg\",\"width\":2048,\"height\":1536,\"caption\":\"L'accordo tra Vigneto Toscana e IBE-CNR\"},{\"@type\":\"BreadcrumbList\",\"@id\":\"https:\/\/www.intoscana.it\/it\/sfide-climatiche-accordo-tra-vigneto-toscana-e-ibe-cnr\/#breadcrumb\",\"itemListElement\":[{\"@type\":\"ListItem\",\"position\":1,\"name\":\"Home\",\"item\":\"https:\/\/www.intoscana.it\/it\/\"},{\"@type\":\"ListItem\",\"position\":2,\"name\":\"Sfide climatiche, accordo tra Vigneto Toscana e Ibe-Cnr\"}]},{\"@type\":\"WebSite\",\"@id\":\"https:\/\/www.intoscana.it\/it\/#website\",\"url\":\"https:\/\/www.intoscana.it\/it\/\",\"name\":\"intoscana\",\"description\":\"\",\"potentialAction\":[{\"@type\":\"SearchAction\",\"target\":{\"@type\":\"EntryPoint\",\"urlTemplate\":\"https:\/\/www.intoscana.it\/it\/?s={search_term_string}\"},\"query-input\":{\"@type\":\"PropertyValueSpecification\",\"valueRequired\":true,\"valueName\":\"search_term_string\"}}],\"inLanguage\":\"it-IT\"},{\"@type\":\"Person\",\"@id\":\"https:\/\/www.intoscana.it\/it\/#\/schema\/person\/9eb9daa846a49fe51af39a73d9d1986b\",\"name\":\"Raffaella Galamini\",\"sameAs\":[\"https:\/\/x.com\/orio\"],\"url\":\"https:\/\/www.intoscana.it\/it\/author\/r-galamini\/\"}]}<\/script>\n<!-- \/ Yoast SEO Premium plugin. -->","yoast_head_json":{"title":"Sfide climatiche, accordo tra Vigneto Toscana e Ibe-Cnr - intoscana","description":"L'intesa siglata dall'assessora Saccardi e Coldiretti getta le fondamenta per una viticoltura pi\u00f9 sostenibile tra siccit\u00e0 e insetti dannosi","robots":{"index":"index","follow":"follow","max-snippet":"max-snippet:-1","max-image-preview":"max-image-preview:large","max-video-preview":"max-video-preview:-1"},"canonical":"https:\/\/www.intoscana.it\/it\/sfide-climatiche-accordo-tra-vigneto-toscana-e-ibe-cnr\/","og_locale":"it_IT","og_type":"article","og_title":"Sfide climatiche, accordo tra Vigneto Toscana e Ibe-Cnr","og_description":"L'intesa siglata dall'assessora Saccardi e Coldiretti getta le fondamenta per una viticoltura pi\u00f9 sostenibile tra siccit\u00e0 e insetti dannosi","og_url":"https:\/\/www.intoscana.it\/it\/sfide-climatiche-accordo-tra-vigneto-toscana-e-ibe-cnr\/","og_site_name":"intoscana","article_publisher":"https:\/\/www.facebook.com\/intoscana.it","article_published_time":"2023-04-04T14:55:48+00:00","og_image":[{"width":2048,"height":1536,"url":"https:\/\/www.intoscana.it\/wp-content\/uploads\/saccardiColdiretti.jpeg","type":"image\/jpeg"}],"author":"Raffaella Galamini","twitter_card":"summary_large_image","twitter_creator":"@orio","twitter_site":"@intoscana","twitter_misc":{"Written by":"Raffaella Galamini","Est. reading time":"3 minuti"},"schema":{"@context":"https:\/\/schema.org","@graph":[{"@type":"WebPage","@id":"https:\/\/www.intoscana.it\/it\/sfide-climatiche-accordo-tra-vigneto-toscana-e-ibe-cnr\/","url":"https:\/\/www.intoscana.it\/it\/sfide-climatiche-accordo-tra-vigneto-toscana-e-ibe-cnr\/","name":"Sfide climatiche, accordo tra Vigneto Toscana e Ibe-Cnr - intoscana","isPartOf":{"@id":"https:\/\/www.intoscana.it\/it\/#website"},"primaryImageOfPage":{"@id":"https:\/\/www.intoscana.it\/it\/sfide-climatiche-accordo-tra-vigneto-toscana-e-ibe-cnr\/#primaryimage"},"image":{"@id":"https:\/\/www.intoscana.it\/it\/sfide-climatiche-accordo-tra-vigneto-toscana-e-ibe-cnr\/#primaryimage"},"thumbnailUrl":"https:\/\/www.intoscana.it\/wp-content\/uploads\/saccardiColdiretti.jpeg","datePublished":"2023-04-04T14:55:48+00:00","author":{"@id":"https:\/\/www.intoscana.it\/it\/#\/schema\/person\/9eb9daa846a49fe51af39a73d9d1986b"},"description":"L'intesa siglata dall'assessora Saccardi e Coldiretti getta le fondamenta per una viticoltura pi\u00f9 sostenibile tra siccit\u00e0 e insetti dannosi","breadcrumb":{"@id":"https:\/\/www.intoscana.it\/it\/sfide-climatiche-accordo-tra-vigneto-toscana-e-ibe-cnr\/#breadcrumb"},"inLanguage":"it-IT","potentialAction":[{"@type":"ReadAction","target":["https:\/\/www.intoscana.it\/it\/sfide-climatiche-accordo-tra-vigneto-toscana-e-ibe-cnr\/"]}]},{"@type":"ImageObject","inLanguage":"it-IT","@id":"https:\/\/www.intoscana.it\/it\/sfide-climatiche-accordo-tra-vigneto-toscana-e-ibe-cnr\/#primaryimage","url":"https:\/\/www.intoscana.it\/wp-content\/uploads\/saccardiColdiretti.jpeg","contentUrl":"https:\/\/www.intoscana.it\/wp-content\/uploads\/saccardiColdiretti.jpeg","width":2048,"height":1536,"caption":"L'accordo tra Vigneto Toscana e IBE-CNR"},{"@type":"BreadcrumbList","@id":"https:\/\/www.intoscana.it\/it\/sfide-climatiche-accordo-tra-vigneto-toscana-e-ibe-cnr\/#breadcrumb","itemListElement":[{"@type":"ListItem","position":1,"name":"Home","item":"https:\/\/www.intoscana.it\/it\/"},{"@type":"ListItem","position":2,"name":"Sfide climatiche, accordo tra Vigneto Toscana e Ibe-Cnr"}]},{"@type":"WebSite","@id":"https:\/\/www.intoscana.it\/it\/#website","url":"https:\/\/www.intoscana.it\/it\/","name":"intoscana","description":"","potentialAction":[{"@type":"SearchAction","target":{"@type":"EntryPoint","urlTemplate":"https:\/\/www.intoscana.it\/it\/?s={search_term_string}"},"query-input":{"@type":"PropertyValueSpecification","valueRequired":true,"valueName":"search_term_string"}}],"inLanguage":"it-IT"},{"@type":"Person","@id":"https:\/\/www.intoscana.it\/it\/#\/schema\/person\/9eb9daa846a49fe51af39a73d9d1986b","name":"Raffaella Galamini","sameAs":["https:\/\/x.com\/orio"],"url":"https:\/\/www.intoscana.it\/it\/author\/r-galamini\/"}]}},"_links":{"self":[{"href":"https:\/\/www.intoscana.it\/it\/wp-json\/wp\/v2\/posts\/280601","targetHints":{"allow":["GET"]}}],"collection":[{"href":"https:\/\/www.intoscana.it\/it\/wp-json\/wp\/v2\/posts"}],"about":[{"href":"https:\/\/www.intoscana.it\/it\/wp-json\/wp\/v2\/types\/post"}],"author":[{"embeddable":true,"href":"https:\/\/www.intoscana.it\/it\/wp-json\/wp\/v2\/users\/554"}],"replies":[{"embeddable":true,"href":"https:\/\/www.intoscana.it\/it\/wp-json\/wp\/v2\/comments?post=280601"}],"version-history":[{"count":0,"href":"https:\/\/www.intoscana.it\/it\/wp-json\/wp\/v2\/posts\/280601\/revisions"}],"wp:featuredmedia":[{"embeddable":true,"href":"https:\/\/www.intoscana.it\/it\/wp-json\/wp\/v2\/media\/280603"}],"wp:attachment":[{"href":"https:\/\/www.intoscana.it\/it\/wp-json\/wp\/v2\/media?parent=280601"}],"wp:term":[{"taxonomy":"category","embeddable":true,"href":"https:\/\/www.intoscana.it\/it\/wp-json\/wp\/v2\/categories?post=280601"},{"taxonomy":"post_tag","embeddable":true,"href":"https:\/\/www.intoscana.it\/it\/wp-json\/wp\/v2\/tags?post=280601"}],"curies":[{"name":"wp","href":"https:\/\/api.w.org\/{rel}","templated":true}]}}