{"id":280755,"date":"2023-04-05T10:57:25","date_gmt":"2023-04-05T08:57:25","guid":{"rendered":"https:\/\/www.intoscana.it\/it\/?p=280755"},"modified":"2023-04-05T10:59:25","modified_gmt":"2023-04-05T08:59:25","slug":"covid19-164-nuovi-casi","status":"publish","type":"post","link":"https:\/\/www.intoscana.it\/it\/covid19-164-nuovi-casi\/","title":{"rendered":"Covid-19: 164 nuovi casi e tre decessi oggi in Toscana"},"content":{"rendered":"<div class=\"row\">\n<div id=\"column-1\" class=\"col-md-12 portlet-column portlet-column-only\">\n<section class=\"rt-subheader rt-subheader--news\">\n<div class=\"rt-subheader__wrapper\">\n<div class=\"rt-subheader__title-wrapper\">Sono 164 i <strong>nuovi casi<\/strong> di Covid-19 registrati nelle ultime ventiquattro ore in Toscana: 54 sono stati confermati con tampone molecolare e gli altri 110 con test rapido. Al momento in Toscana risultano pertanto<strong> 7.001 positivi<\/strong>, -0,2% rispetto a ieri. Di questi 151 (4 in pi\u00f9 rispetto a ieri) sono ricoverati in ospedale: 6 (1 in meno) si trovano in terapia intensiva.<\/div>\n<\/div>\n<\/section>\n<\/div>\n<\/div>\n<div class=\"row has-sidebar\">\n<div id=\"column-2\" class=\"col-md-12 col-lg-9 portlet-column portlet-column-first\">\n<div class=\"rt-page__content rt-page-content--left\">\n<div class=\"rt-page__content-text\">\n<p>La lista dei decessi si aggiorna con<strong> 3 nuovi decessi:<\/strong> 2 uomini e una donna con un&#8217;et\u00e0 media di 77 anni.<\/p>\n<p>Il numero dei contagiati rilevati nella regione dall&#8217;inizio della pandemia sale dunque a 1.595.941. I nuovi casi sono lo <strong>0,01% in pi\u00f9<\/strong> rispetto al totale del giorno precedente. I guariti crescono dello 0,01% (173 persone) e raggiungono quota 1.577.281 (98,8% dei casi totali).<br \/>\nDall&#8217;ultimo bollettino quotidiano sono stati eseguiti 290 tamponi molecolari e<strong> 2.459 tamponi antigenici rapidi<\/strong>: di questi il 6% \u00e8 risultato positivo. Sono invece 343 i soggetti testati, escludendo i tamponi di controllo: il 47,8% di questi \u00e8 risultato positivo.<\/p>\n<p>I dati, relativi all&#8217;andamento della pandemia, sono quelli accertati oggi sulla base delle richieste della Protezione civile nazionale.<\/p>\n<h3><strong>L&#8217;andamento dei casi per provincia<\/strong><\/h3>\n<p>Con gli ultimi casi salgono a <strong>427.253 i positivi<\/strong> dall&#8217;inizio dell&#8217;emergenza nei comuni della Citt\u00e0 metropolitana di Firenze (57 in pi\u00f9 rispetto a ieri), 103.895 in provincia di Prato (13 in pi\u00f9), 123.683 a Pistoia (3 in pi\u00f9), 83.577 a Massa Carrara (4 in pi\u00f9), 173.962 a Lucca (15 in pi\u00f9), 186.855 a Pisa (9 in pi\u00f9), 147.242 a Livorno (8 in pi\u00f9), 144.119 ad Arezzo (13 in pi\u00f9), 114.471 a Siena (23 in pi\u00f9) e 89.559 a Grosseto (19 in pi\u00f9). A questi vanno aggiunti 569 casi di positivit\u00e0 notificati in Toscana ma che riguardano residenti in altre regioni.<\/p>\n<p>La Toscana ha circ<strong>a 43.567 casi complessivi ogni 100.000 abitanti<\/strong> dall&#8217;inizio della pandemia (tra residenti e non residenti). Al momento la provincia di notifica con il tasso pi\u00f9 alto \u00e9 Lucca (con 45.485 casi ogni 100 mila abitanti), seguita da Livorno (44.992) e Pisa (44.805). La pi\u00f9 bassa concentrazione si riscontra a Prato (con un tasso di 40.250).<\/p>\n<p>In 6.850 sono in <strong>isolamento a casa,<\/strong> perch\u00e9 presentano sintomi lievi che non richiedono cure ospedaliere o risultano prive di sintomi (16 in meno rispetto a ieri, meno 0,2%).<\/p>\n<p>I 1.577.281 guariti registrati a oggi lo sono a tutti gli effetti, da un punto di vista virale, certificati con tampone negativo.<\/p>\n<h3><strong>Tre nuovi decessi: et\u00e0 media 77 anni<\/strong><\/h3>\n<p>La lista dei decessi si aggiorna con 3 nuovi decessi: 2 uomini e una donna con un&#8217;et\u00e0 media di 77 anni. Relativamente alla provincia di residenza, le persone decedute sono: 1 a Arezzo, 1 a Grosseto, 1 fuori Toscana.<\/p>\n<p>Sono <strong>11.659 i deceduti<\/strong> dall&#8217;inizio dell&#8217;epidemia: 3.692 nella Citt\u00e0 metropolitana di Firenze, 947 in provincia di Prato, 1.040 a Pistoia, 718 a Massa Carrara, 1.070 a Lucca, 1.296 a Pisa, 876 a Livorno, 756 ad Arezzo, 662 a Siena, 430 a Grosseto. Vanno aggiunte 172 persone decedute sul suolo toscano ma erano residenti fuori regione.<\/p>\n<p>Il tasso grezzo di <strong>mortalit\u00e0 per Covid-19<\/strong> (numero di deceduti\/popolazione residente) \u00e8 al momento 318,3 ogni 100 mila residenti. Per quanto riguarda le province, il tasso di mortalit\u00e0 pi\u00f9 alto si riscontra a Massa Carrara (380,9 ogni 100 mila abitanti), seguita da Firenze (374,0 x100.000) e Prato (366,9 x100.000), mentre il pi\u00f9 basso \u00e8 a Grosseto (198,1 x100.000).<\/p>\n<\/div>\n<\/div>\n<div class=\"rt-btn-wrapper rt-btn-wrapper--right-align\">\n<div class=\"a2a_kit a2a_kit_size_32 a2a_default_style\" data-a2a-title=\"Coronavirus, 164 nuovi casi. Tre i decessi\"><\/div>\n<\/div>\n<\/div>\n<\/div>\n","protected":false},"excerpt":{"rendered":"<p>Sono 151 (4 in pi\u00f9 rispetto a ieri) i ricoverati in ospedale, mentre 6.850 persone sono in isolamento a casa<\/p>\n","protected":false},"author":525,"featured_media":216826,"comment_status":"open","ping_status":"open","sticky":false,"template":"","format":"standard","meta":{"_acf_changed":false,"footnotes":""},"categories":[494],"tags":[4868,418],"class_list":["post-280755","post","type-post","status-publish","format-standard","has-post-thumbnail","hentry","category-attualita","tag-bollettino-covid-toscana","tag-covid-19"],"acf":[],"yoast_head":"<!-- This site is optimized with the Yoast SEO Premium plugin v24.2 (Yoast SEO v25.6) - https:\/\/yoast.com\/wordpress\/plugins\/seo\/ -->\n<title>Covid-19: 164 nuovi casi e tre decessi oggi in Toscana - intoscana<\/title>\n<meta name=\"description\" content=\"Sono 164 i nuovi casi di Covid-19 oggi in Toscana, si registrano anche tre nuovi decessi con et\u00e0 media 77 anni.\" \/>\n<meta name=\"robots\" content=\"index, follow, max-snippet:-1, max-image-preview:large, max-video-preview:-1\" \/>\n<link rel=\"canonical\" href=\"https:\/\/www.intoscana.it\/it\/covid19-164-nuovi-casi\/\" \/>\n<meta property=\"og:locale\" content=\"it_IT\" \/>\n<meta property=\"og:type\" content=\"article\" \/>\n<meta property=\"og:title\" content=\"Covid-19: 164 nuovi casi e tre decessi oggi in Toscana\" \/>\n<meta property=\"og:description\" content=\"Sono 164 i nuovi casi di Covid-19 oggi in Toscana, si registrano anche tre nuovi decessi con et\u00e0 media 77 anni.\" \/>\n<meta property=\"og:url\" content=\"https:\/\/www.intoscana.it\/it\/covid19-164-nuovi-casi\/\" \/>\n<meta property=\"og:site_name\" content=\"intoscana\" \/>\n<meta property=\"article:publisher\" content=\"https:\/\/www.facebook.com\/intoscana.it\" \/>\n<meta property=\"article:published_time\" content=\"2023-04-05T08:57:25+00:00\" \/>\n<meta property=\"article:modified_time\" content=\"2023-04-05T08:59:25+00:00\" \/>\n<meta property=\"og:image\" content=\"https:\/\/www.intoscana.it\/wp-content\/uploads\/16_occhi_pandemia_Balostro_2022-6410-scaled.jpg\" \/>\n\t<meta property=\"og:image:width\" content=\"2048\" \/>\n\t<meta property=\"og:image:height\" content=\"1363\" \/>\n\t<meta property=\"og:image:type\" content=\"image\/jpeg\" \/>\n<meta name=\"author\" content=\"Redazione\" \/>\n<meta name=\"twitter:card\" content=\"summary_large_image\" \/>\n<meta name=\"twitter:creator\" content=\"@intoscana\" \/>\n<meta name=\"twitter:site\" content=\"@intoscana\" \/>\n<meta name=\"twitter:label1\" content=\"Written by\" \/>\n\t<meta name=\"twitter:data1\" content=\"Redazione\" \/>\n\t<meta name=\"twitter:label2\" content=\"Est. reading time\" \/>\n\t<meta name=\"twitter:data2\" content=\"2 minuti\" \/>\n<script type=\"application\/ld+json\" class=\"yoast-schema-graph\">{\"@context\":\"https:\/\/schema.org\",\"@graph\":[{\"@type\":\"WebPage\",\"@id\":\"https:\/\/www.intoscana.it\/it\/covid19-164-nuovi-casi\/\",\"url\":\"https:\/\/www.intoscana.it\/it\/covid19-164-nuovi-casi\/\",\"name\":\"Covid-19: 164 nuovi casi e tre decessi oggi in Toscana - intoscana\",\"isPartOf\":{\"@id\":\"https:\/\/www.intoscana.it\/it\/#website\"},\"primaryImageOfPage\":{\"@id\":\"https:\/\/www.intoscana.it\/it\/covid19-164-nuovi-casi\/#primaryimage\"},\"image\":{\"@id\":\"https:\/\/www.intoscana.it\/it\/covid19-164-nuovi-casi\/#primaryimage\"},\"thumbnailUrl\":\"https:\/\/www.intoscana.it\/wp-content\/uploads\/16_occhi_pandemia_Balostro_2022-6410-scaled.jpg\",\"datePublished\":\"2023-04-05T08:57:25+00:00\",\"dateModified\":\"2023-04-05T08:59:25+00:00\",\"author\":{\"@id\":\"https:\/\/www.intoscana.it\/it\/#\/schema\/person\/9223810753230f20bd670fdd322661f8\"},\"description\":\"Sono 164 i nuovi casi di Covid-19 oggi in Toscana, si registrano anche tre nuovi decessi con et\u00e0 media 77 anni.\",\"breadcrumb\":{\"@id\":\"https:\/\/www.intoscana.it\/it\/covid19-164-nuovi-casi\/#breadcrumb\"},\"inLanguage\":\"it-IT\",\"potentialAction\":[{\"@type\":\"ReadAction\",\"target\":[\"https:\/\/www.intoscana.it\/it\/covid19-164-nuovi-casi\/\"]}]},{\"@type\":\"ImageObject\",\"inLanguage\":\"it-IT\",\"@id\":\"https:\/\/www.intoscana.it\/it\/covid19-164-nuovi-casi\/#primaryimage\",\"url\":\"https:\/\/www.intoscana.it\/wp-content\/uploads\/16_occhi_pandemia_Balostro_2022-6410-scaled.jpg\",\"contentUrl\":\"https:\/\/www.intoscana.it\/wp-content\/uploads\/16_occhi_pandemia_Balostro_2022-6410-scaled.jpg\",\"width\":2048,\"height\":1363,\"caption\":\"Covid-19\"},{\"@type\":\"BreadcrumbList\",\"@id\":\"https:\/\/www.intoscana.it\/it\/covid19-164-nuovi-casi\/#breadcrumb\",\"itemListElement\":[{\"@type\":\"ListItem\",\"position\":1,\"name\":\"Home\",\"item\":\"https:\/\/www.intoscana.it\/it\/\"},{\"@type\":\"ListItem\",\"position\":2,\"name\":\"Covid-19: 164 nuovi casi e tre decessi oggi in Toscana\"}]},{\"@type\":\"WebSite\",\"@id\":\"https:\/\/www.intoscana.it\/it\/#website\",\"url\":\"https:\/\/www.intoscana.it\/it\/\",\"name\":\"intoscana\",\"description\":\"\",\"potentialAction\":[{\"@type\":\"SearchAction\",\"target\":{\"@type\":\"EntryPoint\",\"urlTemplate\":\"https:\/\/www.intoscana.it\/it\/?s={search_term_string}\"},\"query-input\":{\"@type\":\"PropertyValueSpecification\",\"valueRequired\":true,\"valueName\":\"search_term_string\"}}],\"inLanguage\":\"it-IT\"},{\"@type\":\"Person\",\"@id\":\"https:\/\/www.intoscana.it\/it\/#\/schema\/person\/9223810753230f20bd670fdd322661f8\",\"name\":\"Redazione\",\"url\":\"https:\/\/www.intoscana.it\/it\/author\/redazione\/\"}]}<\/script>\n<!-- \/ Yoast SEO Premium plugin. -->","yoast_head_json":{"title":"Covid-19: 164 nuovi casi e tre decessi oggi in Toscana - intoscana","description":"Sono 164 i nuovi casi di Covid-19 oggi in Toscana, si registrano anche tre nuovi decessi con et\u00e0 media 77 anni.","robots":{"index":"index","follow":"follow","max-snippet":"max-snippet:-1","max-image-preview":"max-image-preview:large","max-video-preview":"max-video-preview:-1"},"canonical":"https:\/\/www.intoscana.it\/it\/covid19-164-nuovi-casi\/","og_locale":"it_IT","og_type":"article","og_title":"Covid-19: 164 nuovi casi e tre decessi oggi in Toscana","og_description":"Sono 164 i nuovi casi di Covid-19 oggi in Toscana, si registrano anche tre nuovi decessi con et\u00e0 media 77 anni.","og_url":"https:\/\/www.intoscana.it\/it\/covid19-164-nuovi-casi\/","og_site_name":"intoscana","article_publisher":"https:\/\/www.facebook.com\/intoscana.it","article_published_time":"2023-04-05T08:57:25+00:00","article_modified_time":"2023-04-05T08:59:25+00:00","og_image":[{"width":2048,"height":1363,"url":"https:\/\/www.intoscana.it\/wp-content\/uploads\/16_occhi_pandemia_Balostro_2022-6410-scaled.jpg","type":"image\/jpeg"}],"author":"Redazione","twitter_card":"summary_large_image","twitter_creator":"@intoscana","twitter_site":"@intoscana","twitter_misc":{"Written by":"Redazione","Est. reading time":"2 minuti"},"schema":{"@context":"https:\/\/schema.org","@graph":[{"@type":"WebPage","@id":"https:\/\/www.intoscana.it\/it\/covid19-164-nuovi-casi\/","url":"https:\/\/www.intoscana.it\/it\/covid19-164-nuovi-casi\/","name":"Covid-19: 164 nuovi casi e tre decessi oggi in Toscana - intoscana","isPartOf":{"@id":"https:\/\/www.intoscana.it\/it\/#website"},"primaryImageOfPage":{"@id":"https:\/\/www.intoscana.it\/it\/covid19-164-nuovi-casi\/#primaryimage"},"image":{"@id":"https:\/\/www.intoscana.it\/it\/covid19-164-nuovi-casi\/#primaryimage"},"thumbnailUrl":"https:\/\/www.intoscana.it\/wp-content\/uploads\/16_occhi_pandemia_Balostro_2022-6410-scaled.jpg","datePublished":"2023-04-05T08:57:25+00:00","dateModified":"2023-04-05T08:59:25+00:00","author":{"@id":"https:\/\/www.intoscana.it\/it\/#\/schema\/person\/9223810753230f20bd670fdd322661f8"},"description":"Sono 164 i nuovi casi di Covid-19 oggi in Toscana, si registrano anche tre nuovi decessi con et\u00e0 media 77 anni.","breadcrumb":{"@id":"https:\/\/www.intoscana.it\/it\/covid19-164-nuovi-casi\/#breadcrumb"},"inLanguage":"it-IT","potentialAction":[{"@type":"ReadAction","target":["https:\/\/www.intoscana.it\/it\/covid19-164-nuovi-casi\/"]}]},{"@type":"ImageObject","inLanguage":"it-IT","@id":"https:\/\/www.intoscana.it\/it\/covid19-164-nuovi-casi\/#primaryimage","url":"https:\/\/www.intoscana.it\/wp-content\/uploads\/16_occhi_pandemia_Balostro_2022-6410-scaled.jpg","contentUrl":"https:\/\/www.intoscana.it\/wp-content\/uploads\/16_occhi_pandemia_Balostro_2022-6410-scaled.jpg","width":2048,"height":1363,"caption":"Covid-19"},{"@type":"BreadcrumbList","@id":"https:\/\/www.intoscana.it\/it\/covid19-164-nuovi-casi\/#breadcrumb","itemListElement":[{"@type":"ListItem","position":1,"name":"Home","item":"https:\/\/www.intoscana.it\/it\/"},{"@type":"ListItem","position":2,"name":"Covid-19: 164 nuovi casi e tre decessi oggi in Toscana"}]},{"@type":"WebSite","@id":"https:\/\/www.intoscana.it\/it\/#website","url":"https:\/\/www.intoscana.it\/it\/","name":"intoscana","description":"","potentialAction":[{"@type":"SearchAction","target":{"@type":"EntryPoint","urlTemplate":"https:\/\/www.intoscana.it\/it\/?s={search_term_string}"},"query-input":{"@type":"PropertyValueSpecification","valueRequired":true,"valueName":"search_term_string"}}],"inLanguage":"it-IT"},{"@type":"Person","@id":"https:\/\/www.intoscana.it\/it\/#\/schema\/person\/9223810753230f20bd670fdd322661f8","name":"Redazione","url":"https:\/\/www.intoscana.it\/it\/author\/redazione\/"}]}},"_links":{"self":[{"href":"https:\/\/www.intoscana.it\/it\/wp-json\/wp\/v2\/posts\/280755","targetHints":{"allow":["GET"]}}],"collection":[{"href":"https:\/\/www.intoscana.it\/it\/wp-json\/wp\/v2\/posts"}],"about":[{"href":"https:\/\/www.intoscana.it\/it\/wp-json\/wp\/v2\/types\/post"}],"author":[{"embeddable":true,"href":"https:\/\/www.intoscana.it\/it\/wp-json\/wp\/v2\/users\/525"}],"replies":[{"embeddable":true,"href":"https:\/\/www.intoscana.it\/it\/wp-json\/wp\/v2\/comments?post=280755"}],"version-history":[{"count":0,"href":"https:\/\/www.intoscana.it\/it\/wp-json\/wp\/v2\/posts\/280755\/revisions"}],"wp:featuredmedia":[{"embeddable":true,"href":"https:\/\/www.intoscana.it\/it\/wp-json\/wp\/v2\/media\/216826"}],"wp:attachment":[{"href":"https:\/\/www.intoscana.it\/it\/wp-json\/wp\/v2\/media?parent=280755"}],"wp:term":[{"taxonomy":"category","embeddable":true,"href":"https:\/\/www.intoscana.it\/it\/wp-json\/wp\/v2\/categories?post=280755"},{"taxonomy":"post_tag","embeddable":true,"href":"https:\/\/www.intoscana.it\/it\/wp-json\/wp\/v2\/tags?post=280755"}],"curies":[{"name":"wp","href":"https:\/\/api.w.org\/{rel}","templated":true}]}}