{"id":280827,"date":"2023-04-05T14:17:35","date_gmt":"2023-04-05T12:17:35","guid":{"rendered":"https:\/\/www.intoscana.it\/it\/?p=280827"},"modified":"2023-04-05T17:31:19","modified_gmt":"2023-04-05T15:31:19","slug":"scuola-sostenibile-castelfranco","status":"publish","type":"post","link":"https:\/\/www.intoscana.it\/it\/scuola-sostenibile-castelfranco\/","title":{"rendered":"Sostenibilit\u00e0: a Castelfranco di Sotto la scuola Da Vinci \u00e8 diventata green"},"content":{"rendered":"<p>Una <strong>scuola green<\/strong>, che riduce l&#8217;impianto sull&#8217;ambiente e risparmia energia, abbattendo anche i costi. \u00c8 l\u2019Istituto Comprensivo \u201cLeonardo Da Vinci\u201d di <strong>Castelfranco di Sotto,<\/strong> che dopo l\u2019intervento di ristrutturazione ed efficientamento energetico ha ottenuto grandi risultati dal punto di vista della sostenibilit\u00e0.<\/p>\n<p>In termini di benefici ambientali infatti la nuova scuola permette <mark>un abbattimento delle emissioni di CO2 equivalenti a quelli di cento alberi,<\/mark> mentre in termini di <strong>consumi energetici,<\/strong> grazie a questo intervento il consumo di gas metano per l&#8217;edificio, che ospita centinaia di alunni, \u00e8 sceso fino al consumo di circa tre famiglie.<\/p>\n<h3>L&#8217;intervento da 642mila euro<\/h3>\n<p>L\u2019intervento ha comportato un investimento economico complessivo di circa 624mila euro, coperto grazie al contributo dei fondi Europei del Bando attuativo POR FESR 2014-2020 della Regione Toscana (per 336mila euro), ai contributi Conto Termico del GSE (per 149mila euro) e alle risorse proprie del Comune di Castelfranco di Sotto (per i restanti 139mila euro).<\/p>\n<p><em>\u201cLa Regione Toscana sta sostenendo la <strong>transizione energetica<\/strong> su pi\u00f9 fronti<\/em> \u2013 ha spiegato l\u2019assessora regionale all\u2019ambiente\u00a0<strong>Monia Monni,<\/strong> presentando questa mattina la nuova scuola \u2013 <em>e tra questi c\u2019\u00e8 anche la scelta di investire nell\u2019efficientamento energetico e la trasformazione green degli edifici pubblici, in particolare di scuole e ospedali. <mark>Ridurre le emissioni e rendere le nostre strutture pubbliche quanto pi\u00f9 possibile autosufficienti dal punto di vista energetico \u00e8 un passo importante nel percorso della Toscana verso l\u2019affrancamento dalle fonti fossili.<\/mark> Inaugurare una scuola \u00e8 sempre bello, inaugurare una scuola che \u00e8 divenuta modello di sostenibilit\u00e0 e autosufficienza energetica, lo \u00e8 ancora di pi\u00f9\u201d.<\/em><\/p>\n<h3>Edilizia scolastica pi\u00f9 sostenibile<\/h3>\n<p>Il progetto di <strong>efficientamento energetico<\/strong> dell\u2019edificio scolastico ha previsto l\u2019isolamento termico, la sostituzione di serramenti ed infissi e l\u2019introduzione di un sistema intelligente di automazione e controllo con misuratore di energia. L\u2019obiettivo \u00e8 quello di avere un monitoraggio costante e misurare le prestazioni della nuova caldaia, nonch\u00e9 poter misurare i risparmi energetici realizzati con gli interventi.<\/p>\n<p><em>\u201cOggi \u00e8 una bellissima giornata che coniuga interventi in edilizia scolastica e sostenibilit\u00e0 ambientale<\/em> &#8211; ha aggiunto l&#8217;assessora all\u2019istruzione della Toscana, <strong>Alessandra Nardini <\/strong>&#8211;<em> come Regione siamo davvero soddisfatti di aver contribuito alla rinascita di questo edificio scolastico, frutto di una <mark>chiara scelta politica che punta a investire sull\u2019istruzione e sul rispetto del nostro pianeta. <\/mark>La scuola \u00e8 motore di emancipazione sociale dove la qualit\u00e0 degli spazi incide anche sulla qualit\u00e0 della didattica e per questo<a href=\"https:\/\/www.intoscana.it\/it\/articolo\/efficientamento-energetico-scuola-volterra\/\" target=\"_blank\" rel=\"noopener\"> scuole belle, sicure, innovative, inclusive e sostenibili<\/a> sono per noi una priorit\u00e0\u201d<\/em><\/p>\n","protected":false},"excerpt":{"rendered":"<p>Grazie all&#8217;intervento di ristrutturazione ed efficientemento energetico l&#8217;edificio scolastico consuma meno energia e riduce il suo impatto ambientale<\/p>\n","protected":false},"author":525,"featured_media":280830,"comment_status":"open","ping_status":"open","sticky":false,"template":"","format":"standard","meta":{"_acf_changed":false,"footnotes":""},"categories":[494],"tags":[151,212,371],"class_list":["post-280827","post","type-post","status-publish","format-standard","has-post-thumbnail","hentry","category-attualita","tag-regione-toscana","tag-scuola","tag-sostenibilita"],"acf":[],"yoast_head":"<!-- This site is optimized with the Yoast SEO Premium plugin v24.2 (Yoast SEO v25.6) - https:\/\/yoast.com\/wordpress\/plugins\/seo\/ -->\n<title>Sostenibilit\u00e0: a Castelfranco di Sotto la scuola Da Vinci \u00e8 diventata green - intoscana<\/title>\n<meta name=\"description\" content=\"Presentato oggi l&#039;intervento di efficentemento energetico alla scuola Da Vinci di Castelfranco di Sotto, che diventa pi\u00f9 ecosostenibile.\" \/>\n<meta name=\"robots\" content=\"index, follow, max-snippet:-1, max-image-preview:large, max-video-preview:-1\" \/>\n<link rel=\"canonical\" href=\"https:\/\/www.intoscana.it\/it\/scuola-sostenibile-castelfranco\/\" \/>\n<meta property=\"og:locale\" content=\"it_IT\" \/>\n<meta property=\"og:type\" content=\"article\" \/>\n<meta property=\"og:title\" content=\"Sostenibilit\u00e0: a Castelfranco di Sotto la scuola Da Vinci \u00e8 diventata green\" \/>\n<meta property=\"og:description\" content=\"Presentato oggi l&#039;intervento di efficentemento energetico alla scuola Da Vinci di Castelfranco di Sotto, che diventa pi\u00f9 ecosostenibile.\" \/>\n<meta property=\"og:url\" content=\"https:\/\/www.intoscana.it\/it\/scuola-sostenibile-castelfranco\/\" \/>\n<meta property=\"og:site_name\" content=\"intoscana\" \/>\n<meta property=\"article:publisher\" content=\"https:\/\/www.facebook.com\/intoscana.it\" \/>\n<meta property=\"article:published_time\" content=\"2023-04-05T12:17:35+00:00\" \/>\n<meta property=\"article:modified_time\" content=\"2023-04-05T15:31:19+00:00\" \/>\n<meta property=\"og:image\" content=\"https:\/\/www.intoscana.it\/wp-content\/uploads\/scuola-da-vinci-castelfranco.jpeg\" \/>\n\t<meta property=\"og:image:width\" content=\"605\" \/>\n\t<meta property=\"og:image:height\" content=\"394\" \/>\n\t<meta property=\"og:image:type\" content=\"image\/jpeg\" \/>\n<meta name=\"author\" content=\"Redazione\" \/>\n<meta name=\"twitter:card\" content=\"summary_large_image\" \/>\n<meta name=\"twitter:creator\" content=\"@intoscana\" \/>\n<meta name=\"twitter:site\" content=\"@intoscana\" \/>\n<meta name=\"twitter:label1\" content=\"Written by\" \/>\n\t<meta name=\"twitter:data1\" content=\"Redazione\" \/>\n\t<meta name=\"twitter:label2\" content=\"Est. reading time\" \/>\n\t<meta name=\"twitter:data2\" content=\"2 minuti\" \/>\n<script type=\"application\/ld+json\" class=\"yoast-schema-graph\">{\"@context\":\"https:\/\/schema.org\",\"@graph\":[{\"@type\":\"WebPage\",\"@id\":\"https:\/\/www.intoscana.it\/it\/scuola-sostenibile-castelfranco\/\",\"url\":\"https:\/\/www.intoscana.it\/it\/scuola-sostenibile-castelfranco\/\",\"name\":\"Sostenibilit\u00e0: a Castelfranco di Sotto la scuola Da Vinci \u00e8 diventata green - intoscana\",\"isPartOf\":{\"@id\":\"https:\/\/www.intoscana.it\/it\/#website\"},\"primaryImageOfPage\":{\"@id\":\"https:\/\/www.intoscana.it\/it\/scuola-sostenibile-castelfranco\/#primaryimage\"},\"image\":{\"@id\":\"https:\/\/www.intoscana.it\/it\/scuola-sostenibile-castelfranco\/#primaryimage\"},\"thumbnailUrl\":\"https:\/\/www.intoscana.it\/wp-content\/uploads\/scuola-da-vinci-castelfranco.jpeg\",\"datePublished\":\"2023-04-05T12:17:35+00:00\",\"dateModified\":\"2023-04-05T15:31:19+00:00\",\"author\":{\"@id\":\"https:\/\/www.intoscana.it\/it\/#\/schema\/person\/9223810753230f20bd670fdd322661f8\"},\"description\":\"Presentato oggi l'intervento di efficentemento energetico alla scuola Da Vinci di Castelfranco di Sotto, che diventa pi\u00f9 ecosostenibile.\",\"breadcrumb\":{\"@id\":\"https:\/\/www.intoscana.it\/it\/scuola-sostenibile-castelfranco\/#breadcrumb\"},\"inLanguage\":\"it-IT\",\"potentialAction\":[{\"@type\":\"ReadAction\",\"target\":[\"https:\/\/www.intoscana.it\/it\/scuola-sostenibile-castelfranco\/\"]}]},{\"@type\":\"ImageObject\",\"inLanguage\":\"it-IT\",\"@id\":\"https:\/\/www.intoscana.it\/it\/scuola-sostenibile-castelfranco\/#primaryimage\",\"url\":\"https:\/\/www.intoscana.it\/wp-content\/uploads\/scuola-da-vinci-castelfranco.jpeg\",\"contentUrl\":\"https:\/\/www.intoscana.it\/wp-content\/uploads\/scuola-da-vinci-castelfranco.jpeg\",\"width\":605,\"height\":394,\"caption\":\"La scuola Da Vinci a Castelfranco di Sotto\"},{\"@type\":\"BreadcrumbList\",\"@id\":\"https:\/\/www.intoscana.it\/it\/scuola-sostenibile-castelfranco\/#breadcrumb\",\"itemListElement\":[{\"@type\":\"ListItem\",\"position\":1,\"name\":\"Home\",\"item\":\"https:\/\/www.intoscana.it\/it\/\"},{\"@type\":\"ListItem\",\"position\":2,\"name\":\"Sostenibilit\u00e0: a Castelfranco di Sotto la scuola Da Vinci \u00e8 diventata green\"}]},{\"@type\":\"WebSite\",\"@id\":\"https:\/\/www.intoscana.it\/it\/#website\",\"url\":\"https:\/\/www.intoscana.it\/it\/\",\"name\":\"intoscana\",\"description\":\"\",\"potentialAction\":[{\"@type\":\"SearchAction\",\"target\":{\"@type\":\"EntryPoint\",\"urlTemplate\":\"https:\/\/www.intoscana.it\/it\/?s={search_term_string}\"},\"query-input\":{\"@type\":\"PropertyValueSpecification\",\"valueRequired\":true,\"valueName\":\"search_term_string\"}}],\"inLanguage\":\"it-IT\"},{\"@type\":\"Person\",\"@id\":\"https:\/\/www.intoscana.it\/it\/#\/schema\/person\/9223810753230f20bd670fdd322661f8\",\"name\":\"Redazione\",\"url\":\"https:\/\/www.intoscana.it\/it\/author\/redazione\/\"}]}<\/script>\n<!-- \/ Yoast SEO Premium plugin. -->","yoast_head_json":{"title":"Sostenibilit\u00e0: a Castelfranco di Sotto la scuola Da Vinci \u00e8 diventata green - intoscana","description":"Presentato oggi l'intervento di efficentemento energetico alla scuola Da Vinci di Castelfranco di Sotto, che diventa pi\u00f9 ecosostenibile.","robots":{"index":"index","follow":"follow","max-snippet":"max-snippet:-1","max-image-preview":"max-image-preview:large","max-video-preview":"max-video-preview:-1"},"canonical":"https:\/\/www.intoscana.it\/it\/scuola-sostenibile-castelfranco\/","og_locale":"it_IT","og_type":"article","og_title":"Sostenibilit\u00e0: a Castelfranco di Sotto la scuola Da Vinci \u00e8 diventata green","og_description":"Presentato oggi l'intervento di efficentemento energetico alla scuola Da Vinci di Castelfranco di Sotto, che diventa pi\u00f9 ecosostenibile.","og_url":"https:\/\/www.intoscana.it\/it\/scuola-sostenibile-castelfranco\/","og_site_name":"intoscana","article_publisher":"https:\/\/www.facebook.com\/intoscana.it","article_published_time":"2023-04-05T12:17:35+00:00","article_modified_time":"2023-04-05T15:31:19+00:00","og_image":[{"width":605,"height":394,"url":"https:\/\/www.intoscana.it\/wp-content\/uploads\/scuola-da-vinci-castelfranco.jpeg","type":"image\/jpeg"}],"author":"Redazione","twitter_card":"summary_large_image","twitter_creator":"@intoscana","twitter_site":"@intoscana","twitter_misc":{"Written by":"Redazione","Est. reading time":"2 minuti"},"schema":{"@context":"https:\/\/schema.org","@graph":[{"@type":"WebPage","@id":"https:\/\/www.intoscana.it\/it\/scuola-sostenibile-castelfranco\/","url":"https:\/\/www.intoscana.it\/it\/scuola-sostenibile-castelfranco\/","name":"Sostenibilit\u00e0: a Castelfranco di Sotto la scuola Da Vinci \u00e8 diventata green - intoscana","isPartOf":{"@id":"https:\/\/www.intoscana.it\/it\/#website"},"primaryImageOfPage":{"@id":"https:\/\/www.intoscana.it\/it\/scuola-sostenibile-castelfranco\/#primaryimage"},"image":{"@id":"https:\/\/www.intoscana.it\/it\/scuola-sostenibile-castelfranco\/#primaryimage"},"thumbnailUrl":"https:\/\/www.intoscana.it\/wp-content\/uploads\/scuola-da-vinci-castelfranco.jpeg","datePublished":"2023-04-05T12:17:35+00:00","dateModified":"2023-04-05T15:31:19+00:00","author":{"@id":"https:\/\/www.intoscana.it\/it\/#\/schema\/person\/9223810753230f20bd670fdd322661f8"},"description":"Presentato oggi l'intervento di efficentemento energetico alla scuola Da Vinci di Castelfranco di Sotto, che diventa pi\u00f9 ecosostenibile.","breadcrumb":{"@id":"https:\/\/www.intoscana.it\/it\/scuola-sostenibile-castelfranco\/#breadcrumb"},"inLanguage":"it-IT","potentialAction":[{"@type":"ReadAction","target":["https:\/\/www.intoscana.it\/it\/scuola-sostenibile-castelfranco\/"]}]},{"@type":"ImageObject","inLanguage":"it-IT","@id":"https:\/\/www.intoscana.it\/it\/scuola-sostenibile-castelfranco\/#primaryimage","url":"https:\/\/www.intoscana.it\/wp-content\/uploads\/scuola-da-vinci-castelfranco.jpeg","contentUrl":"https:\/\/www.intoscana.it\/wp-content\/uploads\/scuola-da-vinci-castelfranco.jpeg","width":605,"height":394,"caption":"La scuola Da Vinci a Castelfranco di Sotto"},{"@type":"BreadcrumbList","@id":"https:\/\/www.intoscana.it\/it\/scuola-sostenibile-castelfranco\/#breadcrumb","itemListElement":[{"@type":"ListItem","position":1,"name":"Home","item":"https:\/\/www.intoscana.it\/it\/"},{"@type":"ListItem","position":2,"name":"Sostenibilit\u00e0: a Castelfranco di Sotto la scuola Da Vinci \u00e8 diventata green"}]},{"@type":"WebSite","@id":"https:\/\/www.intoscana.it\/it\/#website","url":"https:\/\/www.intoscana.it\/it\/","name":"intoscana","description":"","potentialAction":[{"@type":"SearchAction","target":{"@type":"EntryPoint","urlTemplate":"https:\/\/www.intoscana.it\/it\/?s={search_term_string}"},"query-input":{"@type":"PropertyValueSpecification","valueRequired":true,"valueName":"search_term_string"}}],"inLanguage":"it-IT"},{"@type":"Person","@id":"https:\/\/www.intoscana.it\/it\/#\/schema\/person\/9223810753230f20bd670fdd322661f8","name":"Redazione","url":"https:\/\/www.intoscana.it\/it\/author\/redazione\/"}]}},"_links":{"self":[{"href":"https:\/\/www.intoscana.it\/it\/wp-json\/wp\/v2\/posts\/280827","targetHints":{"allow":["GET"]}}],"collection":[{"href":"https:\/\/www.intoscana.it\/it\/wp-json\/wp\/v2\/posts"}],"about":[{"href":"https:\/\/www.intoscana.it\/it\/wp-json\/wp\/v2\/types\/post"}],"author":[{"embeddable":true,"href":"https:\/\/www.intoscana.it\/it\/wp-json\/wp\/v2\/users\/525"}],"replies":[{"embeddable":true,"href":"https:\/\/www.intoscana.it\/it\/wp-json\/wp\/v2\/comments?post=280827"}],"version-history":[{"count":0,"href":"https:\/\/www.intoscana.it\/it\/wp-json\/wp\/v2\/posts\/280827\/revisions"}],"wp:featuredmedia":[{"embeddable":true,"href":"https:\/\/www.intoscana.it\/it\/wp-json\/wp\/v2\/media\/280830"}],"wp:attachment":[{"href":"https:\/\/www.intoscana.it\/it\/wp-json\/wp\/v2\/media?parent=280827"}],"wp:term":[{"taxonomy":"category","embeddable":true,"href":"https:\/\/www.intoscana.it\/it\/wp-json\/wp\/v2\/categories?post=280827"},{"taxonomy":"post_tag","embeddable":true,"href":"https:\/\/www.intoscana.it\/it\/wp-json\/wp\/v2\/tags?post=280827"}],"curies":[{"name":"wp","href":"https:\/\/api.w.org\/{rel}","templated":true}]}}