{"id":280839,"date":"2023-04-05T16:02:08","date_gmt":"2023-04-05T14:02:08","guid":{"rendered":"https:\/\/www.intoscana.it\/it\/?p=280839"},"modified":"2023-04-05T16:02:08","modified_gmt":"2023-04-05T14:02:08","slug":"vino-la-scommessa-del-nobile-di-montepulciano-tra-etica-sociale-e-sostenibilita","status":"publish","type":"post","link":"https:\/\/www.intoscana.it\/it\/vino-la-scommessa-del-nobile-di-montepulciano-tra-etica-sociale-e-sostenibilita\/","title":{"rendered":"Vino, la scommessa del Nobile di Montepulciano tra etica sociale e sostenibilit\u00e0"},"content":{"rendered":"<p>Nasce una <strong>nuova etichetta<\/strong> in casa del Vino <strong>Nobile di Montepulciano<\/strong>. Un progetto dove i filari delle uve si intrecciano a <strong>etica sociale e sostenibilit\u00e0<\/strong> ambientale. Una proposta che viene ben descritta dall&#8217;acronimo Esg: environmental (ambiente), social (societ\u00e0) e governance.<\/p>\n<p>La nuova etichetta \u00e8 stata presentata dal Consorzio del Vino Nobile di Montepulciano a Vinitaly. Presenti a Verona i partner tecnici: la <strong>Coop Betadue<\/strong> di Arezzo e la <strong>Vecchia Cantina di Montepulciano<\/strong>. Da una parte <strong>Betadue<\/strong> cooperativa sociale di tipo B, che si occupa di inserimenti lavorativi nei settori pi\u00f9 svariati: dall\u2019igiene urbana al verde, dal cibo alla comunicazione. Dall&#8217;altra la cooperativa <strong>Vecchia Cantina di Montepulciano<\/strong>, nata nel 1937, \u00e8 la pi\u00f9 antica della Toscana e la pi\u00f9 grande del territorio con i suoi 400 soci.<\/p>\n<h3>Rispetto di regole e contratti in vigna<\/h3>\n<p>I primi risultati di questa alleanza si vedranno sul mercato solo l&#8217;anno prossimo. L&#8217;attivit\u00e0 procede con un&#8217;<strong>attenzione alla sostenibilit\u00e0<\/strong> da un punto di vista ambientale, sociale e di governo delle imprese. Con un&#8217;attenzione particolare al lavoro: in vigna pieno <mark>rispetto di regole e contratti, inserimenti lavorativi di persone fragili non solo per garantire un reddito ma per migliorarne la condizione di vita<\/mark>. Infine un packaging sostenibile al 100%: bottiglia, tappo, etichetta, scatola.<\/p>\n<figure id=\"post-280842 media-280842\" class=\"align-none\"><img decoding=\"async\" src=\"https:\/\/www.intoscana.it\/wp-content\/uploads\/Betadue-Andrea-Rossi-Michele-Angiolini.jpg\" alt=\"\" \/><\/figure>\n<div class=\"titleimg\">La presentazione del nuovo progetto di etica sociale del Nobile di Montepulciano<\/div>\n<h3>Etica, sostenibilit\u00e0, sociale<\/h3>\n<p>\u201c<em>Una iniziativa che come Consorzio del Vino Nobile di Montepulciano abbiamo voluto sposare subito e che rientra nelle tante attivit\u00e0 in chiave sostenibilit\u00e0 che come Denominazione stiamo percorrendo e che ci hanno permesso di divenire prima denominazione sostenibile certificata con la Norma Equalitas<\/em>\u201d, ha spiegato il presidente del Consorzio del Vino Nobile di Montepulciano, <strong>Andrea Rossi<\/strong>. Non \u00e8 quindi un caso che la scelta sia caduta sulla <strong>Vecchia Cantina<\/strong> di Montepulciano, anch\u2019essa <strong>certificata da Equalitas<\/strong>.<\/p>\n<p>\u201c<em>Questo progetto<\/em> \u2013 ha commentato <strong>Gabriele Mecheri<\/strong>, Presidente Betadue \u2013 <em>\u00e8 un altro passo avanti in una direzione che teniamo ferma da anni: la nostra stella polare \u00e8 la sostenibilit\u00e0. La tutela dell\u2019ambiente, la sostenibilit\u00e0 sociale, i diritti dei lavoratori non sono pi\u00f9 questioni separate e soggette a tentativi di emarginazione. Sono centrali per le comunit\u00e0 e le imprese e sono racchiuse in un acronimo e cio\u00e8 Esg. Betadue segue questa strada al suo interno ed \u00e8 alla costante ricerca di compagni di viaggio in ogni settore<\/em>\u201d.<\/p>\n<h3>Sostenibilit\u00e0, tutti i numeri del Nobile<\/h3>\n<p>Nel Consorzio del Vino Nobile di Montepulciano la parola sostenibilit\u00e0 \u00e8 tutt&#8217;altro vuota di contenuti. Nel 2022 l\u2019ottenimento della <strong>certificazione Equalitas<\/strong> \u00e8 stata una tappa significativa di un lungo percorso. I numeri parlano chiaro: a Montepulciano <mark>il 98% delle aziende ha ridotto i trattamenti convenzionali in vigna<\/mark>. Il 59% pratica l&#8217;agricoltura integrata. Quasi<strong> il 70% delle imprese<\/strong> ha scelto <strong>l\u2019agricoltura biologica<\/strong>, il 3% quella biodinamica.<\/p>\n<figure id=\"post-272569 media-272569\" class=\"align-none\"><img decoding=\"async\" src=\"https:\/\/www.intoscana.it\/wp-content\/uploads\/Vino-Nobile-di-Montepulciano-11-scaled.jpg\" alt=\"\" \/><\/figure>\n<div class=\"titleimg\">Le vigne del Nobile di Montepulciano<\/div>\n<p>L\u201984,4% negli ultimi cinque anni ha investito in formazione e sensibilizzazione su <strong>sicurezza e ambiente<\/strong>. La totalit\u00e0 delle aziende ha ridimensionato l\u2019uso di fitofarmaci e fitosanitari in campo. In tempi di scarsit\u00e0 di acqua, il 69,7% delle imprese vinicole attua <mark>pratiche per la riduzione dell\u2019utilizzo di risorse idriche per il processo di vinificazione<\/mark>.<\/p>\n<p>Il 97% punta alla salvaguardia della biodiversit\u00e0. Sul fronte della CO2 il 75,8% ha avviato pratiche per <strong>ridurre l&#8217;emissione di gas climalteranti<\/strong>. Inoltre ha messo in piedi attivit\u00e0 di recupero o riciclo di materiali proveniente da scarti di produzione (il 72,7%).<\/p>\n<h3>Sostenibilit\u00e0, un affare in comunicazione<\/h3>\n<p>Essere sostenibili &#8220;conviene&#8221; anche per comunicazione e <strong>promozione del vino<\/strong>: lo pensa il 78,8% delle imprese. Il 72,7% dei produttori di Vino Nobile di Montepulciano \u00e8 molto soddisfatto delle attivit\u00e0 verso la sostenibilit\u00e0 intraprese dal Consorzio: mediamente soddisfatto il 18,2%, abbastanza il 9,1%.<\/p>\n<p>La totalit\u00e0 dei produttori di Vino Nobile di Montepulciano \u00e8 convinta di aver contribuito anche cos\u00ec al rafforzamento della denominazione, anche investendo in <strong>accoglienza in cantina<\/strong> (il 97%).<\/p>\n","protected":false},"excerpt":{"rendered":"<p>Il progetto presentato dal consorzio al Vinitaly nel segno del rispetto dell&#8217;ambiente e dell&#8217;inserimento lavorativo delle persone fragili<\/p>\n","protected":false},"author":554,"featured_media":272559,"comment_status":"open","ping_status":"open","sticky":false,"template":"","format":"standard","meta":{"_acf_changed":false,"footnotes":""},"categories":[475],"tags":[4415,5298,371],"class_list":["post-280839","post","type-post","status-publish","format-standard","has-post-thumbnail","hentry","category-innovazione","tag-nobile-di-montepulciano","tag-sociale","tag-sostenibilita"],"acf":[],"yoast_head":"<!-- This site is optimized with the Yoast SEO Premium plugin v24.2 (Yoast SEO v25.6) - https:\/\/yoast.com\/wordpress\/plugins\/seo\/ -->\n<title>Vino, il Nobile di Montepulciano tra etica sociale e sostenibilit\u00e0<\/title>\n<meta name=\"description\" content=\"Il progetto presentato dal consorzio al Vinitaly nel segno del rispetto dell&#039;ambiente e dell&#039;inserimento lavorativo delle persone fragili\" \/>\n<meta name=\"robots\" content=\"index, follow, max-snippet:-1, max-image-preview:large, max-video-preview:-1\" \/>\n<link rel=\"canonical\" href=\"https:\/\/www.intoscana.it\/it\/vino-la-scommessa-del-nobile-di-montepulciano-tra-etica-sociale-e-sostenibilita\/\" \/>\n<meta property=\"og:locale\" content=\"it_IT\" \/>\n<meta property=\"og:type\" content=\"article\" \/>\n<meta property=\"og:title\" content=\"Vino, la scommessa del Nobile di Montepulciano tra etica sociale e sostenibilit\u00e0\" \/>\n<meta property=\"og:description\" content=\"Il progetto presentato dal consorzio al Vinitaly nel segno del rispetto dell&#039;ambiente e dell&#039;inserimento lavorativo delle persone fragili\" \/>\n<meta property=\"og:url\" content=\"https:\/\/www.intoscana.it\/it\/vino-la-scommessa-del-nobile-di-montepulciano-tra-etica-sociale-e-sostenibilita\/\" \/>\n<meta property=\"og:site_name\" content=\"intoscana\" \/>\n<meta property=\"article:publisher\" content=\"https:\/\/www.facebook.com\/intoscana.it\" \/>\n<meta property=\"article:published_time\" content=\"2023-04-05T14:02:08+00:00\" \/>\n<meta property=\"og:image\" content=\"https:\/\/www.intoscana.it\/wp-content\/uploads\/Vino-Nobile-di-Montepulciano-3-scaled-e1739723420333.jpg\" \/>\n\t<meta property=\"og:image:width\" content=\"1993\" \/>\n\t<meta property=\"og:image:height\" content=\"1143\" \/>\n\t<meta property=\"og:image:type\" content=\"image\/jpeg\" \/>\n<meta name=\"author\" content=\"Raffaella Galamini\" \/>\n<meta name=\"twitter:card\" content=\"summary_large_image\" \/>\n<meta name=\"twitter:creator\" content=\"@orio\" \/>\n<meta name=\"twitter:site\" content=\"@intoscana\" \/>\n<meta name=\"twitter:label1\" content=\"Written by\" \/>\n\t<meta name=\"twitter:data1\" content=\"Raffaella Galamini\" \/>\n\t<meta name=\"twitter:label2\" content=\"Est. reading time\" \/>\n\t<meta name=\"twitter:data2\" content=\"3 minuti\" \/>\n<script type=\"application\/ld+json\" class=\"yoast-schema-graph\">{\"@context\":\"https:\/\/schema.org\",\"@graph\":[{\"@type\":\"WebPage\",\"@id\":\"https:\/\/www.intoscana.it\/it\/vino-la-scommessa-del-nobile-di-montepulciano-tra-etica-sociale-e-sostenibilita\/\",\"url\":\"https:\/\/www.intoscana.it\/it\/vino-la-scommessa-del-nobile-di-montepulciano-tra-etica-sociale-e-sostenibilita\/\",\"name\":\"Vino, il Nobile di Montepulciano tra etica sociale e sostenibilit\u00e0\",\"isPartOf\":{\"@id\":\"https:\/\/www.intoscana.it\/it\/#website\"},\"primaryImageOfPage\":{\"@id\":\"https:\/\/www.intoscana.it\/it\/vino-la-scommessa-del-nobile-di-montepulciano-tra-etica-sociale-e-sostenibilita\/#primaryimage\"},\"image\":{\"@id\":\"https:\/\/www.intoscana.it\/it\/vino-la-scommessa-del-nobile-di-montepulciano-tra-etica-sociale-e-sostenibilita\/#primaryimage\"},\"thumbnailUrl\":\"https:\/\/www.intoscana.it\/wp-content\/uploads\/Vino-Nobile-di-Montepulciano-3-scaled-e1739723420333.jpg\",\"datePublished\":\"2023-04-05T14:02:08+00:00\",\"author\":{\"@id\":\"https:\/\/www.intoscana.it\/it\/#\/schema\/person\/9eb9daa846a49fe51af39a73d9d1986b\"},\"description\":\"Il progetto presentato dal consorzio al Vinitaly nel segno del rispetto dell'ambiente e dell'inserimento lavorativo delle persone fragili\",\"breadcrumb\":{\"@id\":\"https:\/\/www.intoscana.it\/it\/vino-la-scommessa-del-nobile-di-montepulciano-tra-etica-sociale-e-sostenibilita\/#breadcrumb\"},\"inLanguage\":\"it-IT\",\"potentialAction\":[{\"@type\":\"ReadAction\",\"target\":[\"https:\/\/www.intoscana.it\/it\/vino-la-scommessa-del-nobile-di-montepulciano-tra-etica-sociale-e-sostenibilita\/\"]}]},{\"@type\":\"ImageObject\",\"inLanguage\":\"it-IT\",\"@id\":\"https:\/\/www.intoscana.it\/it\/vino-la-scommessa-del-nobile-di-montepulciano-tra-etica-sociale-e-sostenibilita\/#primaryimage\",\"url\":\"https:\/\/www.intoscana.it\/wp-content\/uploads\/Vino-Nobile-di-Montepulciano-3-scaled-e1739723420333.jpg\",\"contentUrl\":\"https:\/\/www.intoscana.it\/wp-content\/uploads\/Vino-Nobile-di-Montepulciano-3-scaled-e1739723420333.jpg\",\"width\":1993,\"height\":1143},{\"@type\":\"BreadcrumbList\",\"@id\":\"https:\/\/www.intoscana.it\/it\/vino-la-scommessa-del-nobile-di-montepulciano-tra-etica-sociale-e-sostenibilita\/#breadcrumb\",\"itemListElement\":[{\"@type\":\"ListItem\",\"position\":1,\"name\":\"Home\",\"item\":\"https:\/\/www.intoscana.it\/it\/\"},{\"@type\":\"ListItem\",\"position\":2,\"name\":\"Vino, la scommessa del Nobile di Montepulciano tra etica sociale e sostenibilit\u00e0\"}]},{\"@type\":\"WebSite\",\"@id\":\"https:\/\/www.intoscana.it\/it\/#website\",\"url\":\"https:\/\/www.intoscana.it\/it\/\",\"name\":\"intoscana\",\"description\":\"\",\"potentialAction\":[{\"@type\":\"SearchAction\",\"target\":{\"@type\":\"EntryPoint\",\"urlTemplate\":\"https:\/\/www.intoscana.it\/it\/?s={search_term_string}\"},\"query-input\":{\"@type\":\"PropertyValueSpecification\",\"valueRequired\":true,\"valueName\":\"search_term_string\"}}],\"inLanguage\":\"it-IT\"},{\"@type\":\"Person\",\"@id\":\"https:\/\/www.intoscana.it\/it\/#\/schema\/person\/9eb9daa846a49fe51af39a73d9d1986b\",\"name\":\"Raffaella Galamini\",\"sameAs\":[\"https:\/\/x.com\/orio\"],\"url\":\"https:\/\/www.intoscana.it\/it\/author\/r-galamini\/\"}]}<\/script>\n<!-- \/ Yoast SEO Premium plugin. -->","yoast_head_json":{"title":"Vino, il Nobile di Montepulciano tra etica sociale e sostenibilit\u00e0","description":"Il progetto presentato dal consorzio al Vinitaly nel segno del rispetto dell'ambiente e dell'inserimento lavorativo delle persone fragili","robots":{"index":"index","follow":"follow","max-snippet":"max-snippet:-1","max-image-preview":"max-image-preview:large","max-video-preview":"max-video-preview:-1"},"canonical":"https:\/\/www.intoscana.it\/it\/vino-la-scommessa-del-nobile-di-montepulciano-tra-etica-sociale-e-sostenibilita\/","og_locale":"it_IT","og_type":"article","og_title":"Vino, la scommessa del Nobile di Montepulciano tra etica sociale e sostenibilit\u00e0","og_description":"Il progetto presentato dal consorzio al Vinitaly nel segno del rispetto dell'ambiente e dell'inserimento lavorativo delle persone fragili","og_url":"https:\/\/www.intoscana.it\/it\/vino-la-scommessa-del-nobile-di-montepulciano-tra-etica-sociale-e-sostenibilita\/","og_site_name":"intoscana","article_publisher":"https:\/\/www.facebook.com\/intoscana.it","article_published_time":"2023-04-05T14:02:08+00:00","og_image":[{"width":1993,"height":1143,"url":"https:\/\/www.intoscana.it\/wp-content\/uploads\/Vino-Nobile-di-Montepulciano-3-scaled-e1739723420333.jpg","type":"image\/jpeg"}],"author":"Raffaella Galamini","twitter_card":"summary_large_image","twitter_creator":"@orio","twitter_site":"@intoscana","twitter_misc":{"Written by":"Raffaella Galamini","Est. reading time":"3 minuti"},"schema":{"@context":"https:\/\/schema.org","@graph":[{"@type":"WebPage","@id":"https:\/\/www.intoscana.it\/it\/vino-la-scommessa-del-nobile-di-montepulciano-tra-etica-sociale-e-sostenibilita\/","url":"https:\/\/www.intoscana.it\/it\/vino-la-scommessa-del-nobile-di-montepulciano-tra-etica-sociale-e-sostenibilita\/","name":"Vino, il Nobile di Montepulciano tra etica sociale e sostenibilit\u00e0","isPartOf":{"@id":"https:\/\/www.intoscana.it\/it\/#website"},"primaryImageOfPage":{"@id":"https:\/\/www.intoscana.it\/it\/vino-la-scommessa-del-nobile-di-montepulciano-tra-etica-sociale-e-sostenibilita\/#primaryimage"},"image":{"@id":"https:\/\/www.intoscana.it\/it\/vino-la-scommessa-del-nobile-di-montepulciano-tra-etica-sociale-e-sostenibilita\/#primaryimage"},"thumbnailUrl":"https:\/\/www.intoscana.it\/wp-content\/uploads\/Vino-Nobile-di-Montepulciano-3-scaled-e1739723420333.jpg","datePublished":"2023-04-05T14:02:08+00:00","author":{"@id":"https:\/\/www.intoscana.it\/it\/#\/schema\/person\/9eb9daa846a49fe51af39a73d9d1986b"},"description":"Il progetto presentato dal consorzio al Vinitaly nel segno del rispetto dell'ambiente e dell'inserimento lavorativo delle persone fragili","breadcrumb":{"@id":"https:\/\/www.intoscana.it\/it\/vino-la-scommessa-del-nobile-di-montepulciano-tra-etica-sociale-e-sostenibilita\/#breadcrumb"},"inLanguage":"it-IT","potentialAction":[{"@type":"ReadAction","target":["https:\/\/www.intoscana.it\/it\/vino-la-scommessa-del-nobile-di-montepulciano-tra-etica-sociale-e-sostenibilita\/"]}]},{"@type":"ImageObject","inLanguage":"it-IT","@id":"https:\/\/www.intoscana.it\/it\/vino-la-scommessa-del-nobile-di-montepulciano-tra-etica-sociale-e-sostenibilita\/#primaryimage","url":"https:\/\/www.intoscana.it\/wp-content\/uploads\/Vino-Nobile-di-Montepulciano-3-scaled-e1739723420333.jpg","contentUrl":"https:\/\/www.intoscana.it\/wp-content\/uploads\/Vino-Nobile-di-Montepulciano-3-scaled-e1739723420333.jpg","width":1993,"height":1143},{"@type":"BreadcrumbList","@id":"https:\/\/www.intoscana.it\/it\/vino-la-scommessa-del-nobile-di-montepulciano-tra-etica-sociale-e-sostenibilita\/#breadcrumb","itemListElement":[{"@type":"ListItem","position":1,"name":"Home","item":"https:\/\/www.intoscana.it\/it\/"},{"@type":"ListItem","position":2,"name":"Vino, la scommessa del Nobile di Montepulciano tra etica sociale e sostenibilit\u00e0"}]},{"@type":"WebSite","@id":"https:\/\/www.intoscana.it\/it\/#website","url":"https:\/\/www.intoscana.it\/it\/","name":"intoscana","description":"","potentialAction":[{"@type":"SearchAction","target":{"@type":"EntryPoint","urlTemplate":"https:\/\/www.intoscana.it\/it\/?s={search_term_string}"},"query-input":{"@type":"PropertyValueSpecification","valueRequired":true,"valueName":"search_term_string"}}],"inLanguage":"it-IT"},{"@type":"Person","@id":"https:\/\/www.intoscana.it\/it\/#\/schema\/person\/9eb9daa846a49fe51af39a73d9d1986b","name":"Raffaella Galamini","sameAs":["https:\/\/x.com\/orio"],"url":"https:\/\/www.intoscana.it\/it\/author\/r-galamini\/"}]}},"_links":{"self":[{"href":"https:\/\/www.intoscana.it\/it\/wp-json\/wp\/v2\/posts\/280839","targetHints":{"allow":["GET"]}}],"collection":[{"href":"https:\/\/www.intoscana.it\/it\/wp-json\/wp\/v2\/posts"}],"about":[{"href":"https:\/\/www.intoscana.it\/it\/wp-json\/wp\/v2\/types\/post"}],"author":[{"embeddable":true,"href":"https:\/\/www.intoscana.it\/it\/wp-json\/wp\/v2\/users\/554"}],"replies":[{"embeddable":true,"href":"https:\/\/www.intoscana.it\/it\/wp-json\/wp\/v2\/comments?post=280839"}],"version-history":[{"count":0,"href":"https:\/\/www.intoscana.it\/it\/wp-json\/wp\/v2\/posts\/280839\/revisions"}],"wp:featuredmedia":[{"embeddable":true,"href":"https:\/\/www.intoscana.it\/it\/wp-json\/wp\/v2\/media\/272559"}],"wp:attachment":[{"href":"https:\/\/www.intoscana.it\/it\/wp-json\/wp\/v2\/media?parent=280839"}],"wp:term":[{"taxonomy":"category","embeddable":true,"href":"https:\/\/www.intoscana.it\/it\/wp-json\/wp\/v2\/categories?post=280839"},{"taxonomy":"post_tag","embeddable":true,"href":"https:\/\/www.intoscana.it\/it\/wp-json\/wp\/v2\/tags?post=280839"}],"curies":[{"name":"wp","href":"https:\/\/api.w.org\/{rel}","templated":true}]}}