{"id":280977,"date":"2023-04-06T11:34:07","date_gmt":"2023-04-06T09:34:07","guid":{"rendered":"https:\/\/www.intoscana.it\/it\/?p=280977"},"modified":"2023-04-06T11:36:17","modified_gmt":"2023-04-06T09:36:17","slug":"visionari-emanuele-giannelli-siena-mostra-2023","status":"publish","type":"post","link":"https:\/\/www.intoscana.it\/it\/visionari-emanuele-giannelli-siena-mostra-2023\/","title":{"rendered":"I giganti visionari di Emanuele Giannelli trasportano Siena nel futuro"},"content":{"rendered":"<p>A<a href=\"https:\/\/www.intoscana.it\/it\/articolo\/siena-la-grande-dolcezza-libro-dolci-stefania-pianigiani\/\" target=\"_blank\" rel=\"noopener\"><strong> Siena<\/strong><\/a>, una delle citt\u00e0 pi\u00f9 amate della Toscana, arrivano <strong>Korf, Dizzy, Kiribati, Monkey, Lady F\u00a0<\/strong>di <strong>Emanuele Giannelli\u00a0<\/strong>uno tra gli artisti italiani pi\u00f9 acclamati e conosciuti all&#8217;estero.<\/p>\n<p><strong>Dal 7 aprile al 16 giugno 2023<\/strong> il centro storico e gli spazi dei <strong>Magazzini del Sale nel Palazzo Pubblico<\/strong> ospitano la grande mostra <em><strong>&#8220;I visionari. Emanuele Giannelli&#8221;<\/strong><\/em> composta da <strong>installazioni monumentali<\/strong>\u00a0e da un corposo <strong>nucleo di sculture.<\/strong><\/p>\n<p>Si tratta di un percorso che pone in dialogo gli spazi pi\u00f9 suggestivi della splendida citt\u00e0 toscana con le <strong>opere fantascientifiche dell&#8217;artista contemporaneo.<\/strong><\/p>\n<h3>L&#8217;universo post-apocalittico di Emanuele Giannelli<\/h3>\n<p>La ricerca artistica di <strong>Emanuele Giannelli<\/strong>\u00a0descrive <strong>l\u2019uomo al tempo della tecnologia.<\/strong> La tecnologia per\u00f2 non \u00e8 pi\u00f9 solo uno strumento nelle mani dell\u2019uomo, bens\u00ec il mondo stesso in cui l\u2019uomo si trova a vivere.<\/p>\n<p><strong>Questo capovolgimento<\/strong> \u00e8 la spina dorsale della tematica su cui Giannelli si sta interrogando: <strong>siamo una civilt\u00e0 dall\u2019altissima competenza tecnica e dalla bassissima umanit\u00e0<\/strong> con un forte senso di autodistruzione. <p><span class=\"citazione\">\u00c8\u00a0una mostra che dedico ai giovani e alla necessit\u00e0 per loro di avere una visione, un sogno, un desiderio proiettato verso il futuro<\/span><\/p><\/p>\n<p>Nelle sculture dell&#8217;artista vediamo<strong> l\u2019esaltazione dell\u2019uomo occidentale,<\/strong> con gli occhialini da industrializzato, che sente in s\u00e9 <strong>una potenza immensa e tenta di governarla<\/strong>. La sua \u00e8 <strong>una forza che sta per saltare in aria<\/strong> e si scontra violentemente con <strong>l&#8217;istinto all&#8217;autodistruzione,<\/strong> costringendolo ad uno sforzo enorme per tenere insieme le due energie contrastanti in <strong>uno scenario post-apocalittico.<\/strong><\/p>\n<p>Ci\u00f2 che preme a Giannelli, nel concepire le sue opere, \u00e8 la necessit\u00e0 di valorizzare un punto di vista che sia guidato da <strong>uno sguardo nuovo sulle cose di tutti i giorni<\/strong> e che ci permetta di vederle in modo diverso.<\/p>\n<p>Un mondo in cui si possa<strong> ricostruire quell\u2019umanit\u00e0<\/strong> che conduca l\u2019uomo fuori dal processo che lo rende <strong>schiavo dell&#8217;industrializzazione.<\/strong><\/p>\n<p><strong>Erasmo da Rotterdam<\/strong> scriveva che le migliori idee non sono figlie della ragione ma di<strong> una lucida e visionaria follia<\/strong> e nelle opere di Giannelli la <em><strong>&#8220;visione\u201d<\/strong> <\/em>\u00e8 un elemento essenziale.<\/p>\n<p><strong>&#8220;Visionari&#8221; \u00e8 appunto il titolo delle opere<\/strong> che compongono <strong>il percorso espositivo che si presenta a Siena<\/strong>.<\/p>\n<p><em>&#8220;\u00c8\u00a0una mostra che dedico ai giovani e alla necessit\u00e0 per loro di avere una visione, un sogno, un desiderio proiettato verso il futuro\u201d<\/em> ha dichiarato Emanuele Giannelli.<\/p>\n<figure id=\"post-280972 media-280972\" class=\"align-none\"><img decoding=\"async\" src=\"https:\/\/www.intoscana.it\/wp-content\/uploads\/EMANUELE_GIANNELLI_Self_Portrait_1.jpg\" alt=\"\" \/><\/figure>\n<div class=\"titleimg\">Self Portrait<\/div>\n<h3>Le installazioni all&#8217;aperto: il percorso<\/h3>\n<p>La rassegna \u00e8 suddivisa in due parti, la prima parte vede l\u2019<strong>installazione all\u2019aperto di gruppi scultorei monumentali<\/strong> con un percorso che inizia da Porta Romana, dove si trovano due <strong>Korf,<\/strong> giganti dell\u2019altezza totale di cinque metri; a seguire, nella Loggia dei Papi \u00e8 allestito un nucleo di sei <strong>Kiribati<\/strong>, ognuno alto 2,70 mt.<\/p>\n<p>Nel <strong>Cortile del Podest\u00e0<\/strong> sono installati due <strong>Dizzy<\/strong>\u00a0monumentali con i loro schermi digitali e il grande <strong>Cacciatore di Batteri<\/strong>; la Torre Malvolti accoglie, su una delle sue pareti esterne, quattro esemplari di <strong>Stati d&#8217;allerta. <\/strong><\/p>\n<p>A chiudere il percorso esterno della mostra <strong>la pi\u00f9 grande installazione<\/strong> prevista per la rassegna di Giannelli a Siena. Si tratta di <strong>una grande struttura in metallo di cinque metri di altezza per cinque metri di larghezza<\/strong> che ospita, posizionati all\u2019interno di un tracciato geometrico,<strong> cinque esemplari di Korf<\/strong>, a formare, tutti insieme, una sorta di enorme osservatorio del virtuale e dell\u2019invisibile collocato in via La Lizza.<\/p>\n<div class=\"titleimg\">\n<figure id=\"post-281038 media-281038\" class=\"align-none\"><img decoding=\"async\" src=\"https:\/\/www.intoscana.it\/wp-content\/uploads\/Schermata-2023-04-06-alle-11.14.15.jpg\" alt=\"\" \/><\/figure>\n<\/div>\n<h3>La mostra ai Magazzini del sale<\/h3>\n<p>La seconda parte della mostra \u00e8 allestita negli spazi espositivi dei<strong> Magazzini del Sale, all\u2019interno di Palazzo Pubblico,<\/strong> in piazza il Campo con accesso dal Cortile del Podest\u00e0.<\/p>\n<p>Qui i visitatori potranno gi\u00e0 vedere<strong> i due Dizzy e il Cacciatore di Batteri<\/strong>. In questo spazio medievale, strutturato su pi\u00f9 livelli Emanuele Giannelli ha costruito un percorso significativo attorno alle sue sculture pi\u00f9 conosciute, a partire dal famoso <a href=\"https:\/\/www.intoscana.it\/it\/articolo\/mr-arbitrium-emanuele-giannelli-scultura-firenze\/\" target=\"_blank\" rel=\"noopener\"><strong>Mr. Arbitrium<\/strong><\/a>, di cui si presentano due esemplari, uno di medie (90 cm.) e uno di piccole (30 cm.) dimensioni.<\/p>\n<p>A seguire un nucleo di <strong>Monkey, le scimmie-selfie in ceramica<\/strong>, i <strong>Totem Tooth,<\/strong> il mezzobusto in ceramica raku di<strong> Lady F<\/strong>. e il gruppo di teste che formano l\u2019opera <strong>Hovo Sapiens.<\/strong><\/p>\n<p>Non mancano in questo allestimento <strong>Dominia, la donna eternamente connessa al suo telefonino<\/strong> e i <strong>Double skin<\/strong>, teste di uomo la cui caratteristica \u00e8 quella di possedere una doppia pelle di cui spogliarsi con facilit\u00e0 per lasciare spazio ad una moderna mutazione.<\/p>\n<p>Giannelli ha titolato <strong>Self Portrait<\/strong> una testa di<strong> scimmia con le cuffie audio in testa,<\/strong> un \u201comaggio\u201d ad una figura che \u00e8 una via di mezzo tra un primate e l\u2019uomo di Neanderthal che, con l\u2019apparecchio calato sulle orecchie, mette insieme le origini primitive dell\u2019uomo e il suo assordante isolamento nella societ\u00e0 contemporanea.<\/p>\n<p>Con i <strong>Visionari, uomini in punta di piedi<\/strong> che danno il titolo alla mostra, si prosegue nel percorso ai Magazzini del Sale dove sono allestiti, tra gli altri, ulteriori lavori quali: <strong>The Watcher, Polaroid,<\/strong> e una versione in dimensione ridotta de i <strong>Sospesi.<\/strong><\/p>\n<figure id=\"post-280947 media-280947\" class=\"align-none\"><img decoding=\"async\" src=\"https:\/\/www.intoscana.it\/wp-content\/uploads\/EMANUELE_GIANNELLI_Dizzy_Two_Virtual_is_the_new_real_1-scaled.jpg\" alt=\"\" \/><\/figure>\n<div class=\"titleimg\"><em>Dizzy<\/em><\/div>\n<h3>Emanuele Giannelli<\/h3>\n<p>Nato a Roma nel 1962, <a href=\"https:\/\/www.emanuelegiannelli.it\" target=\"_blank\" rel=\"noopener\"><strong>Emanuele Giannelli<\/strong><\/a> poco prima dei vent&#8217;anni si trasferisce a<a href=\"https:\/\/www.intoscana.it\/it\/dettaglio-video\/ioabbracciolatoscana-le-cave-di-marmo-di-carrara\/\" target=\"_blank\" rel=\"noopener\"><strong> Carrara, capitale del marmo<\/strong><\/a>, e nel 1984 si diploma in<strong> Scultura all&#8217;Accademia di Belle Arti<\/strong> con il massimo dei voti.<\/p>\n<p>\u00c8 in quegli anni che si avvia il progressivo distacco dalle correnti classiche, parallelamente a un sempre pi\u00f9 stimolante avvicinamento alla <strong>scultura contemporanea,<\/strong> attraverso la cultura industriale da cui viene sempre pi\u00f9 assorbito:\u00a0<strong>la musica industriale ed elettronica, i libri, gli amici, i dischi, i fumetti, il punk<\/strong> come movimento giovanile di protesta, il <strong>movimento studentesco e gli scontri politici di fine anni &#8217;70,<\/strong> che vede e vive da vicino, i tanti viaggi d&#8217;ispirazione tra <strong>Berlino e New York<\/strong> e il periodo vissuto a <strong>Londra<\/strong> nell&#8217;85.<\/p>\n<p>Giannelli cresce cos\u00ec, <strong>sperimentando nuovi materiali e nuove tecniche<\/strong> con impetuosa curiosit\u00e0 e coscienza, ma anche<strong> sperimentando il mondo,<\/strong> fino a trovare una sua narrazione, che quasi come un&#8217;ossessione ritorna in tutte le sue opere e che vediamo ancora oggi: <strong>la figura umana in preda al caos della contemporaneit\u00e0 e alla trasformazione.<\/strong><\/p>\n<p><strong>Per informazioni: museocivico@comune.siena.it &#8211; 0577 292232<\/strong><\/p>\n<figure id=\"post-243895 media-243895\" class=\"align-none\"><img decoding=\"async\" src=\"https:\/\/www.intoscana.it\/wp-content\/uploads\/emanuele_giannelli_artista_q1.jpg\" alt=\"\" \/><\/figure>\n<div class=\"titleimg\"><em>Emanuele Giannelli<\/em><\/div>\n","protected":false},"excerpt":{"rendered":"<p>Dal 7 aprile al 16 giugno 2023 le sculture post-apocalittiche dell&#8217;artista contemporaneo dialogheranno con gli spazi pi\u00f9 suggestivi della citt\u00e0 toscana<\/p>\n","protected":false},"author":518,"featured_media":281034,"comment_status":"open","ping_status":"open","sticky":false,"template":"","format":"standard","meta":{"_acf_changed":false,"footnotes":""},"categories":[493],"tags":[227,222,164],"class_list":["post-280977","post","type-post","status-publish","format-standard","has-post-thumbnail","hentry","category-cultura","tag-arte-contemporanea","tag-mostre","tag-siena"],"acf":[],"yoast_head":"<!-- This site is optimized with the Yoast SEO Premium plugin v24.2 (Yoast SEO v25.6) - https:\/\/yoast.com\/wordpress\/plugins\/seo\/ -->\n<title>I giganti visionari di Emanuele Giannelli trasportano Siena nel futuro - intoscana<\/title>\n<meta name=\"description\" content=\"Dal 7 aprile al 16 giugno 2023 le sculture post-apocalittiche dell&#039;artista contemporaneo dialogheranno con gli spazi della citt\u00e0 toscana\" \/>\n<meta name=\"robots\" content=\"index, follow, max-snippet:-1, max-image-preview:large, max-video-preview:-1\" \/>\n<link rel=\"canonical\" href=\"https:\/\/www.intoscana.it\/it\/visionari-emanuele-giannelli-siena-mostra-2023\/\" \/>\n<meta property=\"og:locale\" content=\"it_IT\" \/>\n<meta property=\"og:type\" content=\"article\" \/>\n<meta property=\"og:title\" content=\"I giganti visionari di Emanuele Giannelli trasportano Siena nel futuro\" \/>\n<meta property=\"og:description\" content=\"Dal 7 aprile al 16 giugno 2023 le sculture post-apocalittiche dell&#039;artista contemporaneo dialogheranno con gli spazi della citt\u00e0 toscana\" \/>\n<meta property=\"og:url\" content=\"https:\/\/www.intoscana.it\/it\/visionari-emanuele-giannelli-siena-mostra-2023\/\" \/>\n<meta property=\"og:site_name\" content=\"intoscana\" \/>\n<meta property=\"article:publisher\" content=\"https:\/\/www.facebook.com\/intoscana.it\" \/>\n<meta property=\"article:published_time\" content=\"2023-04-06T09:34:07+00:00\" \/>\n<meta property=\"article:modified_time\" content=\"2023-04-06T09:36:17+00:00\" \/>\n<meta property=\"og:image\" content=\"https:\/\/www.intoscana.it\/wp-content\/uploads\/Schermata-2023-04-06-alle-11.13.07.jpg\" \/>\n\t<meta property=\"og:image:width\" content=\"1802\" \/>\n\t<meta property=\"og:image:height\" content=\"809\" \/>\n\t<meta property=\"og:image:type\" content=\"image\/jpeg\" \/>\n<meta name=\"author\" content=\"Costanza Baldini\" \/>\n<meta name=\"twitter:card\" content=\"summary_large_image\" \/>\n<meta name=\"twitter:creator\" content=\"@intoscana\" \/>\n<meta name=\"twitter:site\" content=\"@intoscana\" \/>\n<meta name=\"twitter:label1\" content=\"Written by\" \/>\n\t<meta name=\"twitter:data1\" content=\"Costanza Baldini\" \/>\n\t<meta name=\"twitter:label2\" content=\"Est. reading time\" \/>\n\t<meta name=\"twitter:data2\" content=\"5 minuti\" \/>\n<script type=\"application\/ld+json\" class=\"yoast-schema-graph\">{\"@context\":\"https:\/\/schema.org\",\"@graph\":[{\"@type\":\"WebPage\",\"@id\":\"https:\/\/www.intoscana.it\/it\/visionari-emanuele-giannelli-siena-mostra-2023\/\",\"url\":\"https:\/\/www.intoscana.it\/it\/visionari-emanuele-giannelli-siena-mostra-2023\/\",\"name\":\"I giganti visionari di Emanuele Giannelli trasportano Siena nel futuro - intoscana\",\"isPartOf\":{\"@id\":\"https:\/\/www.intoscana.it\/it\/#website\"},\"primaryImageOfPage\":{\"@id\":\"https:\/\/www.intoscana.it\/it\/visionari-emanuele-giannelli-siena-mostra-2023\/#primaryimage\"},\"image\":{\"@id\":\"https:\/\/www.intoscana.it\/it\/visionari-emanuele-giannelli-siena-mostra-2023\/#primaryimage\"},\"thumbnailUrl\":\"https:\/\/www.intoscana.it\/wp-content\/uploads\/Schermata-2023-04-06-alle-11.13.07.jpg\",\"datePublished\":\"2023-04-06T09:34:07+00:00\",\"dateModified\":\"2023-04-06T09:36:17+00:00\",\"author\":{\"@id\":\"https:\/\/www.intoscana.it\/it\/#\/schema\/person\/d469f35f09739bdf00bf5dd3f0647a82\"},\"description\":\"Dal 7 aprile al 16 giugno 2023 le sculture post-apocalittiche dell'artista contemporaneo dialogheranno con gli spazi della citt\u00e0 toscana\",\"breadcrumb\":{\"@id\":\"https:\/\/www.intoscana.it\/it\/visionari-emanuele-giannelli-siena-mostra-2023\/#breadcrumb\"},\"inLanguage\":\"it-IT\",\"potentialAction\":[{\"@type\":\"ReadAction\",\"target\":[\"https:\/\/www.intoscana.it\/it\/visionari-emanuele-giannelli-siena-mostra-2023\/\"]}]},{\"@type\":\"ImageObject\",\"inLanguage\":\"it-IT\",\"@id\":\"https:\/\/www.intoscana.it\/it\/visionari-emanuele-giannelli-siena-mostra-2023\/#primaryimage\",\"url\":\"https:\/\/www.intoscana.it\/wp-content\/uploads\/Schermata-2023-04-06-alle-11.13.07.jpg\",\"contentUrl\":\"https:\/\/www.intoscana.it\/wp-content\/uploads\/Schermata-2023-04-06-alle-11.13.07.jpg\",\"width\":1802,\"height\":809,\"caption\":\"Emanuele Giannelli\"},{\"@type\":\"BreadcrumbList\",\"@id\":\"https:\/\/www.intoscana.it\/it\/visionari-emanuele-giannelli-siena-mostra-2023\/#breadcrumb\",\"itemListElement\":[{\"@type\":\"ListItem\",\"position\":1,\"name\":\"Home\",\"item\":\"https:\/\/www.intoscana.it\/it\/\"},{\"@type\":\"ListItem\",\"position\":2,\"name\":\"I giganti visionari di Emanuele Giannelli trasportano Siena nel futuro\"}]},{\"@type\":\"WebSite\",\"@id\":\"https:\/\/www.intoscana.it\/it\/#website\",\"url\":\"https:\/\/www.intoscana.it\/it\/\",\"name\":\"intoscana\",\"description\":\"\",\"potentialAction\":[{\"@type\":\"SearchAction\",\"target\":{\"@type\":\"EntryPoint\",\"urlTemplate\":\"https:\/\/www.intoscana.it\/it\/?s={search_term_string}\"},\"query-input\":{\"@type\":\"PropertyValueSpecification\",\"valueRequired\":true,\"valueName\":\"search_term_string\"}}],\"inLanguage\":\"it-IT\"},{\"@type\":\"Person\",\"@id\":\"https:\/\/www.intoscana.it\/it\/#\/schema\/person\/d469f35f09739bdf00bf5dd3f0647a82\",\"name\":\"Costanza Baldini\",\"url\":\"https:\/\/www.intoscana.it\/it\/author\/costanza-baldini\/\"}]}<\/script>\n<!-- \/ Yoast SEO Premium plugin. -->","yoast_head_json":{"title":"I giganti visionari di Emanuele Giannelli trasportano Siena nel futuro - intoscana","description":"Dal 7 aprile al 16 giugno 2023 le sculture post-apocalittiche dell'artista contemporaneo dialogheranno con gli spazi della citt\u00e0 toscana","robots":{"index":"index","follow":"follow","max-snippet":"max-snippet:-1","max-image-preview":"max-image-preview:large","max-video-preview":"max-video-preview:-1"},"canonical":"https:\/\/www.intoscana.it\/it\/visionari-emanuele-giannelli-siena-mostra-2023\/","og_locale":"it_IT","og_type":"article","og_title":"I giganti visionari di Emanuele Giannelli trasportano Siena nel futuro","og_description":"Dal 7 aprile al 16 giugno 2023 le sculture post-apocalittiche dell'artista contemporaneo dialogheranno con gli spazi della citt\u00e0 toscana","og_url":"https:\/\/www.intoscana.it\/it\/visionari-emanuele-giannelli-siena-mostra-2023\/","og_site_name":"intoscana","article_publisher":"https:\/\/www.facebook.com\/intoscana.it","article_published_time":"2023-04-06T09:34:07+00:00","article_modified_time":"2023-04-06T09:36:17+00:00","og_image":[{"width":1802,"height":809,"url":"https:\/\/www.intoscana.it\/wp-content\/uploads\/Schermata-2023-04-06-alle-11.13.07.jpg","type":"image\/jpeg"}],"author":"Costanza Baldini","twitter_card":"summary_large_image","twitter_creator":"@intoscana","twitter_site":"@intoscana","twitter_misc":{"Written by":"Costanza Baldini","Est. reading time":"5 minuti"},"schema":{"@context":"https:\/\/schema.org","@graph":[{"@type":"WebPage","@id":"https:\/\/www.intoscana.it\/it\/visionari-emanuele-giannelli-siena-mostra-2023\/","url":"https:\/\/www.intoscana.it\/it\/visionari-emanuele-giannelli-siena-mostra-2023\/","name":"I giganti visionari di Emanuele Giannelli trasportano Siena nel futuro - intoscana","isPartOf":{"@id":"https:\/\/www.intoscana.it\/it\/#website"},"primaryImageOfPage":{"@id":"https:\/\/www.intoscana.it\/it\/visionari-emanuele-giannelli-siena-mostra-2023\/#primaryimage"},"image":{"@id":"https:\/\/www.intoscana.it\/it\/visionari-emanuele-giannelli-siena-mostra-2023\/#primaryimage"},"thumbnailUrl":"https:\/\/www.intoscana.it\/wp-content\/uploads\/Schermata-2023-04-06-alle-11.13.07.jpg","datePublished":"2023-04-06T09:34:07+00:00","dateModified":"2023-04-06T09:36:17+00:00","author":{"@id":"https:\/\/www.intoscana.it\/it\/#\/schema\/person\/d469f35f09739bdf00bf5dd3f0647a82"},"description":"Dal 7 aprile al 16 giugno 2023 le sculture post-apocalittiche dell'artista contemporaneo dialogheranno con gli spazi della citt\u00e0 toscana","breadcrumb":{"@id":"https:\/\/www.intoscana.it\/it\/visionari-emanuele-giannelli-siena-mostra-2023\/#breadcrumb"},"inLanguage":"it-IT","potentialAction":[{"@type":"ReadAction","target":["https:\/\/www.intoscana.it\/it\/visionari-emanuele-giannelli-siena-mostra-2023\/"]}]},{"@type":"ImageObject","inLanguage":"it-IT","@id":"https:\/\/www.intoscana.it\/it\/visionari-emanuele-giannelli-siena-mostra-2023\/#primaryimage","url":"https:\/\/www.intoscana.it\/wp-content\/uploads\/Schermata-2023-04-06-alle-11.13.07.jpg","contentUrl":"https:\/\/www.intoscana.it\/wp-content\/uploads\/Schermata-2023-04-06-alle-11.13.07.jpg","width":1802,"height":809,"caption":"Emanuele Giannelli"},{"@type":"BreadcrumbList","@id":"https:\/\/www.intoscana.it\/it\/visionari-emanuele-giannelli-siena-mostra-2023\/#breadcrumb","itemListElement":[{"@type":"ListItem","position":1,"name":"Home","item":"https:\/\/www.intoscana.it\/it\/"},{"@type":"ListItem","position":2,"name":"I giganti visionari di Emanuele Giannelli trasportano Siena nel futuro"}]},{"@type":"WebSite","@id":"https:\/\/www.intoscana.it\/it\/#website","url":"https:\/\/www.intoscana.it\/it\/","name":"intoscana","description":"","potentialAction":[{"@type":"SearchAction","target":{"@type":"EntryPoint","urlTemplate":"https:\/\/www.intoscana.it\/it\/?s={search_term_string}"},"query-input":{"@type":"PropertyValueSpecification","valueRequired":true,"valueName":"search_term_string"}}],"inLanguage":"it-IT"},{"@type":"Person","@id":"https:\/\/www.intoscana.it\/it\/#\/schema\/person\/d469f35f09739bdf00bf5dd3f0647a82","name":"Costanza Baldini","url":"https:\/\/www.intoscana.it\/it\/author\/costanza-baldini\/"}]}},"_links":{"self":[{"href":"https:\/\/www.intoscana.it\/it\/wp-json\/wp\/v2\/posts\/280977","targetHints":{"allow":["GET"]}}],"collection":[{"href":"https:\/\/www.intoscana.it\/it\/wp-json\/wp\/v2\/posts"}],"about":[{"href":"https:\/\/www.intoscana.it\/it\/wp-json\/wp\/v2\/types\/post"}],"author":[{"embeddable":true,"href":"https:\/\/www.intoscana.it\/it\/wp-json\/wp\/v2\/users\/518"}],"replies":[{"embeddable":true,"href":"https:\/\/www.intoscana.it\/it\/wp-json\/wp\/v2\/comments?post=280977"}],"version-history":[{"count":0,"href":"https:\/\/www.intoscana.it\/it\/wp-json\/wp\/v2\/posts\/280977\/revisions"}],"wp:featuredmedia":[{"embeddable":true,"href":"https:\/\/www.intoscana.it\/it\/wp-json\/wp\/v2\/media\/281034"}],"wp:attachment":[{"href":"https:\/\/www.intoscana.it\/it\/wp-json\/wp\/v2\/media?parent=280977"}],"wp:term":[{"taxonomy":"category","embeddable":true,"href":"https:\/\/www.intoscana.it\/it\/wp-json\/wp\/v2\/categories?post=280977"},{"taxonomy":"post_tag","embeddable":true,"href":"https:\/\/www.intoscana.it\/it\/wp-json\/wp\/v2\/tags?post=280977"}],"curies":[{"name":"wp","href":"https:\/\/api.w.org\/{rel}","templated":true}]}}