{"id":281123,"date":"2023-04-06T16:19:02","date_gmt":"2023-04-06T14:19:02","guid":{"rendered":"https:\/\/www.intoscana.it\/it\/?p=281123"},"modified":"2023-04-06T16:20:15","modified_gmt":"2023-04-06T14:20:15","slug":"parita-di-genere-imprenditoria","status":"publish","type":"post","link":"https:\/\/www.intoscana.it\/it\/parita-di-genere-imprenditoria\/","title":{"rendered":"Parit\u00e0 di genere: la Toscana al lavoro per incentivare l&#8217;imprenditoria femminile"},"content":{"rendered":"<p>Informare le imprenditrici sulle pi\u00f9 recenti <strong>opportunit\u00e0 statali e regionali <\/strong>che sostengono la partecipazione delle donne al mondo delle imprese. \u00c8 questo l&#8217;obiettivo del convegno &#8220;Parit\u00e0 di genere e nuovi incentivi per <strong>l\u2019imprenditoria femminile<\/strong> in Toscana&#8221;, che si terr\u00e0 mercoled\u00ec<strong> 12 aprile<\/strong>, a partire dalle 10, nell\u2019Auditorium della Camera di Commercio di Firenze, ed \u00e8 stato presentato oggi nella sede del Consiglio regionale della Toscana.<\/p>\n<p>Il seminario \u00e8 organizzato da Unioncamere Toscana, i Comitati Imprenditoria Femminile della Toscana, la Camera di Commercio di Firenze, la Camera di Commercio di Arezzo\/Siena, l\u2019Azienda speciale della Camera di Commercio di Firenze PromoFirenze, la delegazione toscana dell\u2019associazione Aidda.<\/p>\n<h3>L&#8217;impegno della Toscana per l&#8217;imprenditoria femminile<\/h3>\n<p><em>\u201cLa Toscana \u00e8 una delle Regioni che ha investito di pi\u00f9, negli anni, in questa direzione. L\u2019obiettivo \u00e8 di dare voce a chi ha meno voce, di ridurre le disuguaglianze che ancora esistono, in questo caso tra uomini e donne nella possibilit\u00e0 di intraprendere, di creare impresa, costruire condizioni per creare nuovo lavoro di qualit\u00e0, sicuro<\/em> &#8211; sottolinea il presidente del Consiglio regionale, <strong>Antonio Mazzeo &#8211;<\/strong><em> oggi abbiamo voluto mandare questo messaggio. <mark>La Toscana metter\u00e0 in campo tutte le azioni che pu\u00f2 per ridurre il gap di genere, anche nell\u2019intraprendere impresa\u201d.<\/mark><\/em><\/p>\n<p><em>\u201cNon partiamo da zero, la Regione Toscana in passato si \u00e8 distinta con i bandi Fse e Fesr, lasciando sempre un pezzetto all\u2019imprenditoria femminile. Per\u00f2 con questa legge abbiamo fatto un passo davvero importante\u201d,<\/em> aggiunge <strong>Ilaria Bugetti<\/strong>, presidente della commissione Sviluppo economico, facendo riferimento alla <strong>nuova normativa<\/strong> approvata dal Consiglio regionale, che prevede, anche attraverso attivit\u00e0 di formazione, <mark>un percorso di sostegno rivolto alle micro, piccole e medie imprese, finalizzato al conseguimento della certificazione della parit\u00e0 di genere,<\/mark> con l\u2019attivazione di un tavolo permanente e lo stanziamento, nel bilancio regionale, delle risorse necessarie.<\/p>\n<p><em>\u201cSi tratta di un evento importante, che d\u00e0 la possibilit\u00e0 alle imprenditrici di lavorare per la parit\u00e0 di genere, partendo da questa certificazione di genere\u201d<\/em>, aggiunge la presidente della commissione regionale pari opportunit\u00e0 <strong>Francesca Basanieri<\/strong>. \u201c<em>Grazie al lavoro che \u00e8 stato fatto anche dalla Regione Toscana, avremo la possibilit\u00e0 di avere risorse per migliorare la qualit\u00e0 del lavoro delle donne e delle imprenditrici e anche la sua quantit\u00e0. Pi\u00f9 donne al lavoro, significa maggiore autonomia e maggiori diritti\u201d.<\/em><\/p>\n<p><em>\u201cFinalmente, attraverso una procedura riconosciuta, quella prevista dalla legge 162\/2021, riusciamo a certificare un\u2019impresa femminile nei parametri previsti. Servir\u00e0 a sensibilizzare l\u2019imprenditoria, perch\u00e9 permetter\u00e0 anche attraverso la possibilit\u00e0 di accedere a vantaggi fiscali, una modalit\u00e0 di approccio tale da far evolvere l\u2019impresa femminile che \u00e8 importantissima per il nostro tessuto economico\u201d<\/em> conclude <strong>Massimo Guasconi<\/strong>, presidente di Unioncamere Toscana.<\/p>\n","protected":false},"excerpt":{"rendered":"<p>Presentato in Consiglio regionale il convegno del 12 aprile a Firenze per informare le imprenditrici su tutte le opportunit\u00e0 statali e regionali<\/p>\n","protected":false},"author":525,"featured_media":270918,"comment_status":"open","ping_status":"open","sticky":false,"template":"","format":"standard","meta":{"_acf_changed":false,"footnotes":""},"categories":[9],"tags":[4753,4738,5641],"class_list":["post-281123","post","type-post","status-publish","format-standard","has-post-thumbnail","hentry","category-made-in-toscana","tag-consiglio-regionale-della-toscana","tag-imprese-in-rosa","tag-pari-opportunita"],"acf":[],"yoast_head":"<!-- This site is optimized with the Yoast SEO Premium plugin v24.2 (Yoast SEO v25.6) - https:\/\/yoast.com\/wordpress\/plugins\/seo\/ -->\n<title>Parit\u00e0 di genere: la Toscana al lavoro per incentivare l&#039;imprenditoria femminile - intoscana<\/title>\n<meta name=\"robots\" content=\"index, follow, max-snippet:-1, max-image-preview:large, max-video-preview:-1\" \/>\n<link rel=\"canonical\" href=\"https:\/\/www.intoscana.it\/it\/parita-di-genere-imprenditoria\/\" \/>\n<meta property=\"og:locale\" content=\"it_IT\" \/>\n<meta property=\"og:type\" content=\"article\" \/>\n<meta property=\"og:title\" content=\"Parit\u00e0 di genere: la Toscana al lavoro per incentivare l&#039;imprenditoria femminile\" \/>\n<meta property=\"og:description\" content=\"Presentato in Consiglio regionale il convegno del 12 aprile a Firenze per informare le imprenditrici su tutte le opportunit\u00e0 statali e regionali\" \/>\n<meta property=\"og:url\" content=\"https:\/\/www.intoscana.it\/it\/parita-di-genere-imprenditoria\/\" \/>\n<meta property=\"og:site_name\" content=\"intoscana\" \/>\n<meta property=\"article:publisher\" content=\"https:\/\/www.facebook.com\/intoscana.it\" \/>\n<meta property=\"article:published_time\" content=\"2023-04-06T14:19:02+00:00\" \/>\n<meta property=\"article:modified_time\" content=\"2023-04-06T14:20:15+00:00\" \/>\n<meta property=\"og:image\" content=\"https:\/\/www.intoscana.it\/wp-content\/uploads\/imprenditrici-scaled.jpeg\" \/>\n\t<meta property=\"og:image:width\" content=\"2048\" \/>\n\t<meta property=\"og:image:height\" content=\"1366\" \/>\n\t<meta property=\"og:image:type\" content=\"image\/jpeg\" \/>\n<meta name=\"author\" content=\"Redazione\" \/>\n<meta name=\"twitter:card\" content=\"summary_large_image\" \/>\n<meta name=\"twitter:creator\" content=\"@intoscana\" \/>\n<meta name=\"twitter:site\" content=\"@intoscana\" \/>\n<meta name=\"twitter:label1\" content=\"Written by\" \/>\n\t<meta name=\"twitter:data1\" content=\"Redazione\" \/>\n\t<meta name=\"twitter:label2\" content=\"Est. reading time\" \/>\n\t<meta name=\"twitter:data2\" content=\"2 minuti\" \/>\n<script type=\"application\/ld+json\" class=\"yoast-schema-graph\">{\"@context\":\"https:\/\/schema.org\",\"@graph\":[{\"@type\":\"WebPage\",\"@id\":\"https:\/\/www.intoscana.it\/it\/parita-di-genere-imprenditoria\/\",\"url\":\"https:\/\/www.intoscana.it\/it\/parita-di-genere-imprenditoria\/\",\"name\":\"Parit\u00e0 di genere: la Toscana al lavoro per incentivare l'imprenditoria femminile - intoscana\",\"isPartOf\":{\"@id\":\"https:\/\/www.intoscana.it\/it\/#website\"},\"primaryImageOfPage\":{\"@id\":\"https:\/\/www.intoscana.it\/it\/parita-di-genere-imprenditoria\/#primaryimage\"},\"image\":{\"@id\":\"https:\/\/www.intoscana.it\/it\/parita-di-genere-imprenditoria\/#primaryimage\"},\"thumbnailUrl\":\"https:\/\/www.intoscana.it\/wp-content\/uploads\/imprenditrici-scaled.jpeg\",\"datePublished\":\"2023-04-06T14:19:02+00:00\",\"dateModified\":\"2023-04-06T14:20:15+00:00\",\"author\":{\"@id\":\"https:\/\/www.intoscana.it\/it\/#\/schema\/person\/9223810753230f20bd670fdd322661f8\"},\"breadcrumb\":{\"@id\":\"https:\/\/www.intoscana.it\/it\/parita-di-genere-imprenditoria\/#breadcrumb\"},\"inLanguage\":\"it-IT\",\"potentialAction\":[{\"@type\":\"ReadAction\",\"target\":[\"https:\/\/www.intoscana.it\/it\/parita-di-genere-imprenditoria\/\"]}]},{\"@type\":\"ImageObject\",\"inLanguage\":\"it-IT\",\"@id\":\"https:\/\/www.intoscana.it\/it\/parita-di-genere-imprenditoria\/#primaryimage\",\"url\":\"https:\/\/www.intoscana.it\/wp-content\/uploads\/imprenditrici-scaled.jpeg\",\"contentUrl\":\"https:\/\/www.intoscana.it\/wp-content\/uploads\/imprenditrici-scaled.jpeg\",\"width\":2048,\"height\":1366,\"caption\":\"Donne e lavoro\"},{\"@type\":\"BreadcrumbList\",\"@id\":\"https:\/\/www.intoscana.it\/it\/parita-di-genere-imprenditoria\/#breadcrumb\",\"itemListElement\":[{\"@type\":\"ListItem\",\"position\":1,\"name\":\"Home\",\"item\":\"https:\/\/www.intoscana.it\/it\/\"},{\"@type\":\"ListItem\",\"position\":2,\"name\":\"Parit\u00e0 di genere: la Toscana al lavoro per incentivare l&#8217;imprenditoria femminile\"}]},{\"@type\":\"WebSite\",\"@id\":\"https:\/\/www.intoscana.it\/it\/#website\",\"url\":\"https:\/\/www.intoscana.it\/it\/\",\"name\":\"intoscana\",\"description\":\"\",\"potentialAction\":[{\"@type\":\"SearchAction\",\"target\":{\"@type\":\"EntryPoint\",\"urlTemplate\":\"https:\/\/www.intoscana.it\/it\/?s={search_term_string}\"},\"query-input\":{\"@type\":\"PropertyValueSpecification\",\"valueRequired\":true,\"valueName\":\"search_term_string\"}}],\"inLanguage\":\"it-IT\"},{\"@type\":\"Person\",\"@id\":\"https:\/\/www.intoscana.it\/it\/#\/schema\/person\/9223810753230f20bd670fdd322661f8\",\"name\":\"Redazione\",\"url\":\"https:\/\/www.intoscana.it\/it\/author\/redazione\/\"}]}<\/script>\n<!-- \/ Yoast SEO Premium plugin. -->","yoast_head_json":{"title":"Parit\u00e0 di genere: la Toscana al lavoro per incentivare l'imprenditoria femminile - intoscana","robots":{"index":"index","follow":"follow","max-snippet":"max-snippet:-1","max-image-preview":"max-image-preview:large","max-video-preview":"max-video-preview:-1"},"canonical":"https:\/\/www.intoscana.it\/it\/parita-di-genere-imprenditoria\/","og_locale":"it_IT","og_type":"article","og_title":"Parit\u00e0 di genere: la Toscana al lavoro per incentivare l'imprenditoria femminile","og_description":"Presentato in Consiglio regionale il convegno del 12 aprile a Firenze per informare le imprenditrici su tutte le opportunit\u00e0 statali e regionali","og_url":"https:\/\/www.intoscana.it\/it\/parita-di-genere-imprenditoria\/","og_site_name":"intoscana","article_publisher":"https:\/\/www.facebook.com\/intoscana.it","article_published_time":"2023-04-06T14:19:02+00:00","article_modified_time":"2023-04-06T14:20:15+00:00","og_image":[{"width":2048,"height":1366,"url":"https:\/\/www.intoscana.it\/wp-content\/uploads\/imprenditrici-scaled.jpeg","type":"image\/jpeg"}],"author":"Redazione","twitter_card":"summary_large_image","twitter_creator":"@intoscana","twitter_site":"@intoscana","twitter_misc":{"Written by":"Redazione","Est. reading time":"2 minuti"},"schema":{"@context":"https:\/\/schema.org","@graph":[{"@type":"WebPage","@id":"https:\/\/www.intoscana.it\/it\/parita-di-genere-imprenditoria\/","url":"https:\/\/www.intoscana.it\/it\/parita-di-genere-imprenditoria\/","name":"Parit\u00e0 di genere: la Toscana al lavoro per incentivare l'imprenditoria femminile - intoscana","isPartOf":{"@id":"https:\/\/www.intoscana.it\/it\/#website"},"primaryImageOfPage":{"@id":"https:\/\/www.intoscana.it\/it\/parita-di-genere-imprenditoria\/#primaryimage"},"image":{"@id":"https:\/\/www.intoscana.it\/it\/parita-di-genere-imprenditoria\/#primaryimage"},"thumbnailUrl":"https:\/\/www.intoscana.it\/wp-content\/uploads\/imprenditrici-scaled.jpeg","datePublished":"2023-04-06T14:19:02+00:00","dateModified":"2023-04-06T14:20:15+00:00","author":{"@id":"https:\/\/www.intoscana.it\/it\/#\/schema\/person\/9223810753230f20bd670fdd322661f8"},"breadcrumb":{"@id":"https:\/\/www.intoscana.it\/it\/parita-di-genere-imprenditoria\/#breadcrumb"},"inLanguage":"it-IT","potentialAction":[{"@type":"ReadAction","target":["https:\/\/www.intoscana.it\/it\/parita-di-genere-imprenditoria\/"]}]},{"@type":"ImageObject","inLanguage":"it-IT","@id":"https:\/\/www.intoscana.it\/it\/parita-di-genere-imprenditoria\/#primaryimage","url":"https:\/\/www.intoscana.it\/wp-content\/uploads\/imprenditrici-scaled.jpeg","contentUrl":"https:\/\/www.intoscana.it\/wp-content\/uploads\/imprenditrici-scaled.jpeg","width":2048,"height":1366,"caption":"Donne e lavoro"},{"@type":"BreadcrumbList","@id":"https:\/\/www.intoscana.it\/it\/parita-di-genere-imprenditoria\/#breadcrumb","itemListElement":[{"@type":"ListItem","position":1,"name":"Home","item":"https:\/\/www.intoscana.it\/it\/"},{"@type":"ListItem","position":2,"name":"Parit\u00e0 di genere: la Toscana al lavoro per incentivare l&#8217;imprenditoria femminile"}]},{"@type":"WebSite","@id":"https:\/\/www.intoscana.it\/it\/#website","url":"https:\/\/www.intoscana.it\/it\/","name":"intoscana","description":"","potentialAction":[{"@type":"SearchAction","target":{"@type":"EntryPoint","urlTemplate":"https:\/\/www.intoscana.it\/it\/?s={search_term_string}"},"query-input":{"@type":"PropertyValueSpecification","valueRequired":true,"valueName":"search_term_string"}}],"inLanguage":"it-IT"},{"@type":"Person","@id":"https:\/\/www.intoscana.it\/it\/#\/schema\/person\/9223810753230f20bd670fdd322661f8","name":"Redazione","url":"https:\/\/www.intoscana.it\/it\/author\/redazione\/"}]}},"_links":{"self":[{"href":"https:\/\/www.intoscana.it\/it\/wp-json\/wp\/v2\/posts\/281123","targetHints":{"allow":["GET"]}}],"collection":[{"href":"https:\/\/www.intoscana.it\/it\/wp-json\/wp\/v2\/posts"}],"about":[{"href":"https:\/\/www.intoscana.it\/it\/wp-json\/wp\/v2\/types\/post"}],"author":[{"embeddable":true,"href":"https:\/\/www.intoscana.it\/it\/wp-json\/wp\/v2\/users\/525"}],"replies":[{"embeddable":true,"href":"https:\/\/www.intoscana.it\/it\/wp-json\/wp\/v2\/comments?post=281123"}],"version-history":[{"count":0,"href":"https:\/\/www.intoscana.it\/it\/wp-json\/wp\/v2\/posts\/281123\/revisions"}],"wp:featuredmedia":[{"embeddable":true,"href":"https:\/\/www.intoscana.it\/it\/wp-json\/wp\/v2\/media\/270918"}],"wp:attachment":[{"href":"https:\/\/www.intoscana.it\/it\/wp-json\/wp\/v2\/media?parent=281123"}],"wp:term":[{"taxonomy":"category","embeddable":true,"href":"https:\/\/www.intoscana.it\/it\/wp-json\/wp\/v2\/categories?post=281123"},{"taxonomy":"post_tag","embeddable":true,"href":"https:\/\/www.intoscana.it\/it\/wp-json\/wp\/v2\/tags?post=281123"}],"curies":[{"name":"wp","href":"https:\/\/api.w.org\/{rel}","templated":true}]}}