{"id":281216,"date":"2023-04-07T11:33:32","date_gmt":"2023-04-07T09:33:32","guid":{"rendered":"https:\/\/www.intoscana.it\/it\/?p=281216"},"modified":"2023-04-07T11:33:32","modified_gmt":"2023-04-07T09:33:32","slug":"mobilita-green-accordo-tra-cnr-di-pisa-e-mit-di-boston-contro-la-fuga-di-cervelli","status":"publish","type":"post","link":"https:\/\/www.intoscana.it\/it\/mobilita-green-accordo-tra-cnr-di-pisa-e-mit-di-boston-contro-la-fuga-di-cervelli\/","title":{"rendered":"Mobilit\u00e0 green, accordo tra Cnr di Pisa e Mit di Boston contro la fuga di cervelli"},"content":{"rendered":"<p>Un accordo internazionale per invertire la rotta: <mark>bloccare la \u201cfuga di cervelli\u201d \u00e8 promuovere una &#8220;collaborazione consolidata e strutturata internazionale&#8221;.<\/mark> \u00c8 quello annunciato dall\u2019Istituto di Informatica e Telematica del <strong>Cnr<\/strong> di Pisa (Consiglio nazionale delle ricerche)\u00a0 che ha siglato un&#8217;intesa con la \u201cMobility initiative\u201d del <strong>Massachussets institute of technology<\/strong> di Boston (Mi-Mit).<\/p>\n<p>Cos\u00ec i ricercatori Paolo Santi e Maria Elena Renda potranno\u00a0 svolgere la loro attivit\u00e0 nei laboratori statunitensi, uno dei centri di eccellenza della ricerca mondiale, con lo scopo di rispondere alle grandi sfide della <strong>mobilit\u00e0 urbana<\/strong>, &#8220;dalla decarbonizzazione alla giustizia sociale&#8221;, fa sapere l&#8217;istituto.<\/p>\n<p>\u201cLa collaborazione tra il Cnr-Iit ed il Mit \u2013 spiega il direttore <strong>Marco Conti<\/strong> &#8211; vuole rafforzare le opportunit\u00e0 di interazione tra i loro ricercatori, la possibilit\u00e0 di strutturare progetti comuni e di portare a sviluppi di ricerca importanti nel campo della urban mobility, cio\u00e8 della matematica e dell\u2019informatica applicate agli studi sulla mobilit\u00e0. <mark>L&#8217;obiettivo comune \u00e8 contribuire a una mobilit\u00e0 urbana pi\u00f9 sostenibile, con benefici individuali e sociali in termini di privacy, salute e riduzione dell&#8217;inquinamento, del traffico e dei costi\u201d.<\/mark><\/p>\n<h3><em>A Pisa il centro di ricerca eccellenza nazionale<\/em><\/h3>\n<p>Il Cnr-Iit, con sede a Pisa, \u00e8 erede dei pionieri informatici che collegarono nel 1986 l\u2019Italia alla rete. \u00c8 uno dei principali istituti di ricerca nazionale che si occupano di <strong>computer science<\/strong> e di tutti quegli ambiti di studio che riguardano Internet e le sue evoluzioni sociali e tecnologiche, dall\u2019intelligenza artificiale alla cybersecurity, dalle applicazioni per la salute allo studio delle reti 6G fino alla ricerca di frontiera sulla Quantum Internet. Il Cnr-Iit ha inoltre siglato un accordo con <strong>Ibm<\/strong> per entrare nel Quantum-Ibm.<\/p>\n<p>Il direttore del Cnr-Iit \u00e8 anche il coordinatore scientifico della <mark>Fondazione \u201cFair\u201d &#8211; con sede al Cnr pisano &#8211; che gestir\u00e0 i 110 milioni di euro stanziati dal Pnrr sull\u2019intelligenza artificiale.<\/mark><\/p>\n<p>&nbsp;<\/p>\n","protected":false},"excerpt":{"rendered":"<p>Grazie all&#8217;intesa tra i due istituti i ricercatori potranno svolgere la loro attivita nei laboratori statunitensi, punto di riferimento mondiale per il settore<\/p>\n","protected":false},"author":525,"featured_media":71623,"comment_status":"open","ping_status":"open","sticky":false,"template":"","format":"standard","meta":{"_acf_changed":false,"footnotes":""},"categories":[475],"tags":[5747,1438,213],"class_list":["post-281216","post","type-post","status-publish","format-standard","has-post-thumbnail","hentry","category-innovazione","tag-cnr","tag-mobilita-sostenibile","tag-ricerca"],"acf":[],"yoast_head":"<!-- This site is optimized with the Yoast SEO Premium plugin v24.2 (Yoast SEO v25.6) - https:\/\/yoast.com\/wordpress\/plugins\/seo\/ -->\n<title>Mobilit\u00e0 green, accordo tra Cnr di Pisa e Mit di Boston contro la fuga di cervelli - intoscana<\/title>\n<meta name=\"description\" content=\"Grazie all&#039;intesa tra i due istituti i ricercatori potranno svolgere la loro attivita nei laboratori statunitensi, punto di riferimento mondiale per il settore\" \/>\n<meta name=\"robots\" content=\"index, follow, max-snippet:-1, max-image-preview:large, max-video-preview:-1\" \/>\n<link rel=\"canonical\" href=\"https:\/\/www.intoscana.it\/it\/mobilita-green-accordo-tra-cnr-di-pisa-e-mit-di-boston-contro-la-fuga-di-cervelli\/\" \/>\n<meta property=\"og:locale\" content=\"it_IT\" \/>\n<meta property=\"og:type\" content=\"article\" \/>\n<meta property=\"og:title\" content=\"Mobilit\u00e0 green, accordo tra Cnr di Pisa e Mit di Boston contro la fuga di cervelli\" \/>\n<meta property=\"og:description\" content=\"Grazie all&#039;intesa tra i due istituti i ricercatori potranno svolgere la loro attivita nei laboratori statunitensi, punto di riferimento mondiale per il settore\" \/>\n<meta property=\"og:url\" content=\"https:\/\/www.intoscana.it\/it\/mobilita-green-accordo-tra-cnr-di-pisa-e-mit-di-boston-contro-la-fuga-di-cervelli\/\" \/>\n<meta property=\"og:site_name\" content=\"intoscana\" \/>\n<meta property=\"article:publisher\" content=\"https:\/\/www.facebook.com\/intoscana.it\" \/>\n<meta property=\"article:published_time\" content=\"2023-04-07T09:33:32+00:00\" \/>\n<meta property=\"og:image\" content=\"https:\/\/www.intoscana.it\/wp-content\/uploads\/traffic-innovie-mobility-traffic-jam-roads.jpg\" \/>\n\t<meta property=\"og:image:width\" content=\"1000\" \/>\n\t<meta property=\"og:image:height\" content=\"495\" \/>\n\t<meta property=\"og:image:type\" content=\"image\/jpeg\" \/>\n<meta name=\"author\" content=\"Redazione\" \/>\n<meta name=\"twitter:card\" content=\"summary_large_image\" \/>\n<meta name=\"twitter:creator\" content=\"@intoscana\" \/>\n<meta name=\"twitter:site\" content=\"@intoscana\" \/>\n<meta name=\"twitter:label1\" content=\"Written by\" \/>\n\t<meta name=\"twitter:data1\" content=\"Redazione\" \/>\n\t<meta name=\"twitter:label2\" content=\"Est. reading time\" \/>\n\t<meta name=\"twitter:data2\" content=\"2 minuti\" \/>\n<script type=\"application\/ld+json\" class=\"yoast-schema-graph\">{\"@context\":\"https:\/\/schema.org\",\"@graph\":[{\"@type\":\"WebPage\",\"@id\":\"https:\/\/www.intoscana.it\/it\/mobilita-green-accordo-tra-cnr-di-pisa-e-mit-di-boston-contro-la-fuga-di-cervelli\/\",\"url\":\"https:\/\/www.intoscana.it\/it\/mobilita-green-accordo-tra-cnr-di-pisa-e-mit-di-boston-contro-la-fuga-di-cervelli\/\",\"name\":\"Mobilit\u00e0 green, accordo tra Cnr di Pisa e Mit di Boston contro la fuga di cervelli - intoscana\",\"isPartOf\":{\"@id\":\"https:\/\/www.intoscana.it\/it\/#website\"},\"primaryImageOfPage\":{\"@id\":\"https:\/\/www.intoscana.it\/it\/mobilita-green-accordo-tra-cnr-di-pisa-e-mit-di-boston-contro-la-fuga-di-cervelli\/#primaryimage\"},\"image\":{\"@id\":\"https:\/\/www.intoscana.it\/it\/mobilita-green-accordo-tra-cnr-di-pisa-e-mit-di-boston-contro-la-fuga-di-cervelli\/#primaryimage\"},\"thumbnailUrl\":\"https:\/\/www.intoscana.it\/wp-content\/uploads\/traffic-innovie-mobility-traffic-jam-roads.jpg\",\"datePublished\":\"2023-04-07T09:33:32+00:00\",\"author\":{\"@id\":\"https:\/\/www.intoscana.it\/it\/#\/schema\/person\/9223810753230f20bd670fdd322661f8\"},\"description\":\"Grazie all'intesa tra i due istituti i ricercatori potranno svolgere la loro attivita nei laboratori statunitensi, punto di riferimento mondiale per il settore\",\"breadcrumb\":{\"@id\":\"https:\/\/www.intoscana.it\/it\/mobilita-green-accordo-tra-cnr-di-pisa-e-mit-di-boston-contro-la-fuga-di-cervelli\/#breadcrumb\"},\"inLanguage\":\"it-IT\",\"potentialAction\":[{\"@type\":\"ReadAction\",\"target\":[\"https:\/\/www.intoscana.it\/it\/mobilita-green-accordo-tra-cnr-di-pisa-e-mit-di-boston-contro-la-fuga-di-cervelli\/\"]}]},{\"@type\":\"ImageObject\",\"inLanguage\":\"it-IT\",\"@id\":\"https:\/\/www.intoscana.it\/it\/mobilita-green-accordo-tra-cnr-di-pisa-e-mit-di-boston-contro-la-fuga-di-cervelli\/#primaryimage\",\"url\":\"https:\/\/www.intoscana.it\/wp-content\/uploads\/traffic-innovie-mobility-traffic-jam-roads.jpg\",\"contentUrl\":\"https:\/\/www.intoscana.it\/wp-content\/uploads\/traffic-innovie-mobility-traffic-jam-roads.jpg\",\"width\":1000,\"height\":495},{\"@type\":\"BreadcrumbList\",\"@id\":\"https:\/\/www.intoscana.it\/it\/mobilita-green-accordo-tra-cnr-di-pisa-e-mit-di-boston-contro-la-fuga-di-cervelli\/#breadcrumb\",\"itemListElement\":[{\"@type\":\"ListItem\",\"position\":1,\"name\":\"Home\",\"item\":\"https:\/\/www.intoscana.it\/it\/\"},{\"@type\":\"ListItem\",\"position\":2,\"name\":\"Mobilit\u00e0 green, accordo tra Cnr di Pisa e Mit di Boston contro la fuga di cervelli\"}]},{\"@type\":\"WebSite\",\"@id\":\"https:\/\/www.intoscana.it\/it\/#website\",\"url\":\"https:\/\/www.intoscana.it\/it\/\",\"name\":\"intoscana\",\"description\":\"\",\"potentialAction\":[{\"@type\":\"SearchAction\",\"target\":{\"@type\":\"EntryPoint\",\"urlTemplate\":\"https:\/\/www.intoscana.it\/it\/?s={search_term_string}\"},\"query-input\":{\"@type\":\"PropertyValueSpecification\",\"valueRequired\":true,\"valueName\":\"search_term_string\"}}],\"inLanguage\":\"it-IT\"},{\"@type\":\"Person\",\"@id\":\"https:\/\/www.intoscana.it\/it\/#\/schema\/person\/9223810753230f20bd670fdd322661f8\",\"name\":\"Redazione\",\"url\":\"https:\/\/www.intoscana.it\/it\/author\/redazione\/\"}]}<\/script>\n<!-- \/ Yoast SEO Premium plugin. -->","yoast_head_json":{"title":"Mobilit\u00e0 green, accordo tra Cnr di Pisa e Mit di Boston contro la fuga di cervelli - intoscana","description":"Grazie all'intesa tra i due istituti i ricercatori potranno svolgere la loro attivita nei laboratori statunitensi, punto di riferimento mondiale per il settore","robots":{"index":"index","follow":"follow","max-snippet":"max-snippet:-1","max-image-preview":"max-image-preview:large","max-video-preview":"max-video-preview:-1"},"canonical":"https:\/\/www.intoscana.it\/it\/mobilita-green-accordo-tra-cnr-di-pisa-e-mit-di-boston-contro-la-fuga-di-cervelli\/","og_locale":"it_IT","og_type":"article","og_title":"Mobilit\u00e0 green, accordo tra Cnr di Pisa e Mit di Boston contro la fuga di cervelli","og_description":"Grazie all'intesa tra i due istituti i ricercatori potranno svolgere la loro attivita nei laboratori statunitensi, punto di riferimento mondiale per il settore","og_url":"https:\/\/www.intoscana.it\/it\/mobilita-green-accordo-tra-cnr-di-pisa-e-mit-di-boston-contro-la-fuga-di-cervelli\/","og_site_name":"intoscana","article_publisher":"https:\/\/www.facebook.com\/intoscana.it","article_published_time":"2023-04-07T09:33:32+00:00","og_image":[{"width":1000,"height":495,"url":"https:\/\/www.intoscana.it\/wp-content\/uploads\/traffic-innovie-mobility-traffic-jam-roads.jpg","type":"image\/jpeg"}],"author":"Redazione","twitter_card":"summary_large_image","twitter_creator":"@intoscana","twitter_site":"@intoscana","twitter_misc":{"Written by":"Redazione","Est. reading time":"2 minuti"},"schema":{"@context":"https:\/\/schema.org","@graph":[{"@type":"WebPage","@id":"https:\/\/www.intoscana.it\/it\/mobilita-green-accordo-tra-cnr-di-pisa-e-mit-di-boston-contro-la-fuga-di-cervelli\/","url":"https:\/\/www.intoscana.it\/it\/mobilita-green-accordo-tra-cnr-di-pisa-e-mit-di-boston-contro-la-fuga-di-cervelli\/","name":"Mobilit\u00e0 green, accordo tra Cnr di Pisa e Mit di Boston contro la fuga di cervelli - intoscana","isPartOf":{"@id":"https:\/\/www.intoscana.it\/it\/#website"},"primaryImageOfPage":{"@id":"https:\/\/www.intoscana.it\/it\/mobilita-green-accordo-tra-cnr-di-pisa-e-mit-di-boston-contro-la-fuga-di-cervelli\/#primaryimage"},"image":{"@id":"https:\/\/www.intoscana.it\/it\/mobilita-green-accordo-tra-cnr-di-pisa-e-mit-di-boston-contro-la-fuga-di-cervelli\/#primaryimage"},"thumbnailUrl":"https:\/\/www.intoscana.it\/wp-content\/uploads\/traffic-innovie-mobility-traffic-jam-roads.jpg","datePublished":"2023-04-07T09:33:32+00:00","author":{"@id":"https:\/\/www.intoscana.it\/it\/#\/schema\/person\/9223810753230f20bd670fdd322661f8"},"description":"Grazie all'intesa tra i due istituti i ricercatori potranno svolgere la loro attivita nei laboratori statunitensi, punto di riferimento mondiale per il settore","breadcrumb":{"@id":"https:\/\/www.intoscana.it\/it\/mobilita-green-accordo-tra-cnr-di-pisa-e-mit-di-boston-contro-la-fuga-di-cervelli\/#breadcrumb"},"inLanguage":"it-IT","potentialAction":[{"@type":"ReadAction","target":["https:\/\/www.intoscana.it\/it\/mobilita-green-accordo-tra-cnr-di-pisa-e-mit-di-boston-contro-la-fuga-di-cervelli\/"]}]},{"@type":"ImageObject","inLanguage":"it-IT","@id":"https:\/\/www.intoscana.it\/it\/mobilita-green-accordo-tra-cnr-di-pisa-e-mit-di-boston-contro-la-fuga-di-cervelli\/#primaryimage","url":"https:\/\/www.intoscana.it\/wp-content\/uploads\/traffic-innovie-mobility-traffic-jam-roads.jpg","contentUrl":"https:\/\/www.intoscana.it\/wp-content\/uploads\/traffic-innovie-mobility-traffic-jam-roads.jpg","width":1000,"height":495},{"@type":"BreadcrumbList","@id":"https:\/\/www.intoscana.it\/it\/mobilita-green-accordo-tra-cnr-di-pisa-e-mit-di-boston-contro-la-fuga-di-cervelli\/#breadcrumb","itemListElement":[{"@type":"ListItem","position":1,"name":"Home","item":"https:\/\/www.intoscana.it\/it\/"},{"@type":"ListItem","position":2,"name":"Mobilit\u00e0 green, accordo tra Cnr di Pisa e Mit di Boston contro la fuga di cervelli"}]},{"@type":"WebSite","@id":"https:\/\/www.intoscana.it\/it\/#website","url":"https:\/\/www.intoscana.it\/it\/","name":"intoscana","description":"","potentialAction":[{"@type":"SearchAction","target":{"@type":"EntryPoint","urlTemplate":"https:\/\/www.intoscana.it\/it\/?s={search_term_string}"},"query-input":{"@type":"PropertyValueSpecification","valueRequired":true,"valueName":"search_term_string"}}],"inLanguage":"it-IT"},{"@type":"Person","@id":"https:\/\/www.intoscana.it\/it\/#\/schema\/person\/9223810753230f20bd670fdd322661f8","name":"Redazione","url":"https:\/\/www.intoscana.it\/it\/author\/redazione\/"}]}},"_links":{"self":[{"href":"https:\/\/www.intoscana.it\/it\/wp-json\/wp\/v2\/posts\/281216","targetHints":{"allow":["GET"]}}],"collection":[{"href":"https:\/\/www.intoscana.it\/it\/wp-json\/wp\/v2\/posts"}],"about":[{"href":"https:\/\/www.intoscana.it\/it\/wp-json\/wp\/v2\/types\/post"}],"author":[{"embeddable":true,"href":"https:\/\/www.intoscana.it\/it\/wp-json\/wp\/v2\/users\/525"}],"replies":[{"embeddable":true,"href":"https:\/\/www.intoscana.it\/it\/wp-json\/wp\/v2\/comments?post=281216"}],"version-history":[{"count":0,"href":"https:\/\/www.intoscana.it\/it\/wp-json\/wp\/v2\/posts\/281216\/revisions"}],"wp:featuredmedia":[{"embeddable":true,"href":"https:\/\/www.intoscana.it\/it\/wp-json\/wp\/v2\/media\/71623"}],"wp:attachment":[{"href":"https:\/\/www.intoscana.it\/it\/wp-json\/wp\/v2\/media?parent=281216"}],"wp:term":[{"taxonomy":"category","embeddable":true,"href":"https:\/\/www.intoscana.it\/it\/wp-json\/wp\/v2\/categories?post=281216"},{"taxonomy":"post_tag","embeddable":true,"href":"https:\/\/www.intoscana.it\/it\/wp-json\/wp\/v2\/tags?post=281216"}],"curies":[{"name":"wp","href":"https:\/\/api.w.org\/{rel}","templated":true}]}}