{"id":281220,"date":"2023-07-31T11:48:16","date_gmt":"2023-07-31T09:48:16","guid":{"rendered":"https:\/\/www.intoscana.it\/it\/?p=281220"},"modified":"2023-07-31T15:04:56","modified_gmt":"2023-07-31T13:04:56","slug":"giornata-mondiale-della-gioventu-gia-2500-toscani-in-cammino-verso-lisbona","status":"publish","type":"post","link":"https:\/\/www.intoscana.it\/it\/giornata-mondiale-della-gioventu-gia-2500-toscani-in-cammino-verso-lisbona\/","title":{"rendered":"Giornata mondiale della giovent\u00f9, 2700 toscani a Lisbona"},"content":{"rendered":"<p>Sono <strong>2700 i giovani toscani<\/strong> presenti alla <a href=\"https:\/\/www.lisboa2023.org\/it\">Giornata mondiale della giovent\u00f9<\/a>\u00a0dal primo al 6 agosto a <strong>Lisbona<\/strong>. Provengono da tutte le diocesi del territorio e sono pronti a unirsi ad altre centinaia di migliaia di coetanei provenienti da tutto il mondo.<\/p>\n<p>&#8220;<em>Maria si alz\u00f2 e and\u00f2 in fretta<\/em>&#8221; \u00e8 la citazione biblica dal Vangelo di Luca scelta da papa Francesco con il motto della <strong>XXVIII giornata<\/strong> per la prima volta nella capitale del Portogallo. Con l&#8217;immagine del partire in fretta <strong>papa Francesco<\/strong> sembra augurarsi che le azioni dei giovani &#8220;<em>siano di evangelizzazione attiva e missionarie, che riconosceranno e testimonieranno comunque la presenza del Cristo vivente<\/em>&#8220;.<\/p>\n<p>&#8220;<em>Uniti attorno a papa Francesco<\/em> &#8211; afferma in un messaggio il cardinale <strong>Giuseppe Betori<\/strong>, arcivescovo di Firenze e presidente della Cet &#8211; <em>potremo riscoprire la bellezza di essere amici e testimoni di Ges\u00f9, accompagnati dalla fede forte di Maria, giovane donna che si \u00e8 lasciata condurre dalla novit\u00e0 dello Spirito, accolto e custodito con gioiosa disponibilit\u00e0. Auguro a ciascuno di voi che la densit\u00e0 di questi giorni, ricchi di esperienze, volti ed emozioni, uniti anche a qualche fatica, possa portare a far germogliare dentro di voi un seme nuovo di fede, una risposta rinnovata di vita al Signore che ci chiama tutti a seguirlo<\/em>&#8220;.<\/p>\n<p>&#8220;<em>Con i giovani questa esperienza regala l&#8217;essere giovane con loro, e soprattutto aiuta la Chiesa ad aprirsi agli orizzonti che solo un giovane sa sognare<\/em>&#8220;, ha affermato <strong>Andrea Migliavacca<\/strong>, vescovo di Arezzo. &#8220;<em>E&#8217; la mia prima Gmg<\/em> &#8211; ha dicharato il vescovo di Prato, <strong>Giovanni Nerbini<\/strong> &#8211; <em>parto con lo stesso entusiasmo di questi giovani, sono sicuro saranno dei giorni molto belli, intensi e significativi&#8221;<\/em>.<\/p>\n","protected":false},"excerpt":{"rendered":"<p>L&#8217;evento in programma dal primo al 6 agosto per la prima volta in Portogallo. Il messaggio augurale del cardinale Betori a Papa Francesco<\/p>\n","protected":false},"author":525,"featured_media":281267,"comment_status":"open","ping_status":"open","sticky":false,"template":"","format":"standard","meta":{"_acf_changed":false,"footnotes":""},"categories":[494],"tags":[4448],"class_list":["post-281220","post","type-post","status-publish","format-standard","has-post-thumbnail","hentry","category-attualita","tag-chiesa"],"acf":[],"yoast_head":"<!-- This site is optimized with the Yoast SEO Premium plugin v24.2 (Yoast SEO v25.6) - https:\/\/yoast.com\/wordpress\/plugins\/seo\/ -->\n<title>Giornata della giovent\u00f9, 2500 toscani in cammino per Lisbona-intoscana<\/title>\n<meta name=\"description\" content=\"L&#039;evento in programma dal primo al 6 agosto per la prima volta in Portogallo. Il messaggio augurale del cardinale Betori a Papa Francesco\" \/>\n<meta name=\"robots\" content=\"index, follow, max-snippet:-1, max-image-preview:large, max-video-preview:-1\" \/>\n<link rel=\"canonical\" href=\"https:\/\/www.intoscana.it\/it\/giornata-mondiale-della-gioventu-gia-2500-toscani-in-cammino-verso-lisbona\/\" \/>\n<meta property=\"og:locale\" content=\"it_IT\" \/>\n<meta property=\"og:type\" content=\"article\" \/>\n<meta property=\"og:title\" content=\"Giornata mondiale della giovent\u00f9, 2700 toscani a Lisbona\" \/>\n<meta property=\"og:description\" content=\"L&#039;evento in programma dal primo al 6 agosto per la prima volta in Portogallo. Il messaggio augurale del cardinale Betori a Papa Francesco\" \/>\n<meta property=\"og:url\" content=\"https:\/\/www.intoscana.it\/it\/giornata-mondiale-della-gioventu-gia-2500-toscani-in-cammino-verso-lisbona\/\" \/>\n<meta property=\"og:site_name\" content=\"intoscana\" \/>\n<meta property=\"article:publisher\" content=\"https:\/\/www.facebook.com\/intoscana.it\" \/>\n<meta property=\"article:published_time\" content=\"2023-07-31T09:48:16+00:00\" \/>\n<meta property=\"article:modified_time\" content=\"2023-07-31T13:04:56+00:00\" \/>\n<meta property=\"og:image\" content=\"https:\/\/www.intoscana.it\/wp-content\/uploads\/Una-volontaria-della-Giornata-mondiale-della-gioventu\u0300-di-Lisbona.jpeg\" \/>\n\t<meta property=\"og:image:width\" content=\"1200\" \/>\n\t<meta property=\"og:image:height\" content=\"800\" \/>\n\t<meta property=\"og:image:type\" content=\"image\/jpeg\" \/>\n<meta name=\"author\" content=\"Redazione\" \/>\n<meta name=\"twitter:card\" content=\"summary_large_image\" \/>\n<meta name=\"twitter:creator\" content=\"@intoscana\" \/>\n<meta name=\"twitter:site\" content=\"@intoscana\" \/>\n<meta name=\"twitter:label1\" content=\"Written by\" \/>\n\t<meta name=\"twitter:data1\" content=\"Redazione\" \/>\n\t<meta name=\"twitter:label2\" content=\"Est. reading time\" \/>\n\t<meta name=\"twitter:data2\" content=\"1 minuto\" \/>\n<script type=\"application\/ld+json\" class=\"yoast-schema-graph\">{\"@context\":\"https:\/\/schema.org\",\"@graph\":[{\"@type\":\"WebPage\",\"@id\":\"https:\/\/www.intoscana.it\/it\/giornata-mondiale-della-gioventu-gia-2500-toscani-in-cammino-verso-lisbona\/\",\"url\":\"https:\/\/www.intoscana.it\/it\/giornata-mondiale-della-gioventu-gia-2500-toscani-in-cammino-verso-lisbona\/\",\"name\":\"Giornata della giovent\u00f9, 2500 toscani in cammino per Lisbona-intoscana\",\"isPartOf\":{\"@id\":\"https:\/\/www.intoscana.it\/it\/#website\"},\"primaryImageOfPage\":{\"@id\":\"https:\/\/www.intoscana.it\/it\/giornata-mondiale-della-gioventu-gia-2500-toscani-in-cammino-verso-lisbona\/#primaryimage\"},\"image\":{\"@id\":\"https:\/\/www.intoscana.it\/it\/giornata-mondiale-della-gioventu-gia-2500-toscani-in-cammino-verso-lisbona\/#primaryimage\"},\"thumbnailUrl\":\"https:\/\/www.intoscana.it\/wp-content\/uploads\/Una-volontaria-della-Giornata-mondiale-della-gioventu\u0300-di-Lisbona.jpeg\",\"datePublished\":\"2023-07-31T09:48:16+00:00\",\"dateModified\":\"2023-07-31T13:04:56+00:00\",\"author\":{\"@id\":\"https:\/\/www.intoscana.it\/it\/#\/schema\/person\/9223810753230f20bd670fdd322661f8\"},\"description\":\"L'evento in programma dal primo al 6 agosto per la prima volta in Portogallo. Il messaggio augurale del cardinale Betori a Papa Francesco\",\"breadcrumb\":{\"@id\":\"https:\/\/www.intoscana.it\/it\/giornata-mondiale-della-gioventu-gia-2500-toscani-in-cammino-verso-lisbona\/#breadcrumb\"},\"inLanguage\":\"it-IT\",\"potentialAction\":[{\"@type\":\"ReadAction\",\"target\":[\"https:\/\/www.intoscana.it\/it\/giornata-mondiale-della-gioventu-gia-2500-toscani-in-cammino-verso-lisbona\/\"]}]},{\"@type\":\"ImageObject\",\"inLanguage\":\"it-IT\",\"@id\":\"https:\/\/www.intoscana.it\/it\/giornata-mondiale-della-gioventu-gia-2500-toscani-in-cammino-verso-lisbona\/#primaryimage\",\"url\":\"https:\/\/www.intoscana.it\/wp-content\/uploads\/Una-volontaria-della-Giornata-mondiale-della-gioventu\u0300-di-Lisbona.jpeg\",\"contentUrl\":\"https:\/\/www.intoscana.it\/wp-content\/uploads\/Una-volontaria-della-Giornata-mondiale-della-gioventu\u0300-di-Lisbona.jpeg\",\"width\":1200,\"height\":800},{\"@type\":\"BreadcrumbList\",\"@id\":\"https:\/\/www.intoscana.it\/it\/giornata-mondiale-della-gioventu-gia-2500-toscani-in-cammino-verso-lisbona\/#breadcrumb\",\"itemListElement\":[{\"@type\":\"ListItem\",\"position\":1,\"name\":\"Home\",\"item\":\"https:\/\/www.intoscana.it\/it\/\"},{\"@type\":\"ListItem\",\"position\":2,\"name\":\"Giornata mondiale della giovent\u00f9, 2700 toscani a Lisbona\"}]},{\"@type\":\"WebSite\",\"@id\":\"https:\/\/www.intoscana.it\/it\/#website\",\"url\":\"https:\/\/www.intoscana.it\/it\/\",\"name\":\"intoscana\",\"description\":\"\",\"potentialAction\":[{\"@type\":\"SearchAction\",\"target\":{\"@type\":\"EntryPoint\",\"urlTemplate\":\"https:\/\/www.intoscana.it\/it\/?s={search_term_string}\"},\"query-input\":{\"@type\":\"PropertyValueSpecification\",\"valueRequired\":true,\"valueName\":\"search_term_string\"}}],\"inLanguage\":\"it-IT\"},{\"@type\":\"Person\",\"@id\":\"https:\/\/www.intoscana.it\/it\/#\/schema\/person\/9223810753230f20bd670fdd322661f8\",\"name\":\"Redazione\",\"url\":\"https:\/\/www.intoscana.it\/it\/author\/redazione\/\"}]}<\/script>\n<!-- \/ Yoast SEO Premium plugin. -->","yoast_head_json":{"title":"Giornata della giovent\u00f9, 2500 toscani in cammino per Lisbona-intoscana","description":"L'evento in programma dal primo al 6 agosto per la prima volta in Portogallo. Il messaggio augurale del cardinale Betori a Papa Francesco","robots":{"index":"index","follow":"follow","max-snippet":"max-snippet:-1","max-image-preview":"max-image-preview:large","max-video-preview":"max-video-preview:-1"},"canonical":"https:\/\/www.intoscana.it\/it\/giornata-mondiale-della-gioventu-gia-2500-toscani-in-cammino-verso-lisbona\/","og_locale":"it_IT","og_type":"article","og_title":"Giornata mondiale della giovent\u00f9, 2700 toscani a Lisbona","og_description":"L'evento in programma dal primo al 6 agosto per la prima volta in Portogallo. Il messaggio augurale del cardinale Betori a Papa Francesco","og_url":"https:\/\/www.intoscana.it\/it\/giornata-mondiale-della-gioventu-gia-2500-toscani-in-cammino-verso-lisbona\/","og_site_name":"intoscana","article_publisher":"https:\/\/www.facebook.com\/intoscana.it","article_published_time":"2023-07-31T09:48:16+00:00","article_modified_time":"2023-07-31T13:04:56+00:00","og_image":[{"width":1200,"height":800,"url":"https:\/\/www.intoscana.it\/wp-content\/uploads\/Una-volontaria-della-Giornata-mondiale-della-gioventu\u0300-di-Lisbona.jpeg","type":"image\/jpeg"}],"author":"Redazione","twitter_card":"summary_large_image","twitter_creator":"@intoscana","twitter_site":"@intoscana","twitter_misc":{"Written by":"Redazione","Est. reading time":"1 minuto"},"schema":{"@context":"https:\/\/schema.org","@graph":[{"@type":"WebPage","@id":"https:\/\/www.intoscana.it\/it\/giornata-mondiale-della-gioventu-gia-2500-toscani-in-cammino-verso-lisbona\/","url":"https:\/\/www.intoscana.it\/it\/giornata-mondiale-della-gioventu-gia-2500-toscani-in-cammino-verso-lisbona\/","name":"Giornata della giovent\u00f9, 2500 toscani in cammino per Lisbona-intoscana","isPartOf":{"@id":"https:\/\/www.intoscana.it\/it\/#website"},"primaryImageOfPage":{"@id":"https:\/\/www.intoscana.it\/it\/giornata-mondiale-della-gioventu-gia-2500-toscani-in-cammino-verso-lisbona\/#primaryimage"},"image":{"@id":"https:\/\/www.intoscana.it\/it\/giornata-mondiale-della-gioventu-gia-2500-toscani-in-cammino-verso-lisbona\/#primaryimage"},"thumbnailUrl":"https:\/\/www.intoscana.it\/wp-content\/uploads\/Una-volontaria-della-Giornata-mondiale-della-gioventu\u0300-di-Lisbona.jpeg","datePublished":"2023-07-31T09:48:16+00:00","dateModified":"2023-07-31T13:04:56+00:00","author":{"@id":"https:\/\/www.intoscana.it\/it\/#\/schema\/person\/9223810753230f20bd670fdd322661f8"},"description":"L'evento in programma dal primo al 6 agosto per la prima volta in Portogallo. Il messaggio augurale del cardinale Betori a Papa Francesco","breadcrumb":{"@id":"https:\/\/www.intoscana.it\/it\/giornata-mondiale-della-gioventu-gia-2500-toscani-in-cammino-verso-lisbona\/#breadcrumb"},"inLanguage":"it-IT","potentialAction":[{"@type":"ReadAction","target":["https:\/\/www.intoscana.it\/it\/giornata-mondiale-della-gioventu-gia-2500-toscani-in-cammino-verso-lisbona\/"]}]},{"@type":"ImageObject","inLanguage":"it-IT","@id":"https:\/\/www.intoscana.it\/it\/giornata-mondiale-della-gioventu-gia-2500-toscani-in-cammino-verso-lisbona\/#primaryimage","url":"https:\/\/www.intoscana.it\/wp-content\/uploads\/Una-volontaria-della-Giornata-mondiale-della-gioventu\u0300-di-Lisbona.jpeg","contentUrl":"https:\/\/www.intoscana.it\/wp-content\/uploads\/Una-volontaria-della-Giornata-mondiale-della-gioventu\u0300-di-Lisbona.jpeg","width":1200,"height":800},{"@type":"BreadcrumbList","@id":"https:\/\/www.intoscana.it\/it\/giornata-mondiale-della-gioventu-gia-2500-toscani-in-cammino-verso-lisbona\/#breadcrumb","itemListElement":[{"@type":"ListItem","position":1,"name":"Home","item":"https:\/\/www.intoscana.it\/it\/"},{"@type":"ListItem","position":2,"name":"Giornata mondiale della giovent\u00f9, 2700 toscani a Lisbona"}]},{"@type":"WebSite","@id":"https:\/\/www.intoscana.it\/it\/#website","url":"https:\/\/www.intoscana.it\/it\/","name":"intoscana","description":"","potentialAction":[{"@type":"SearchAction","target":{"@type":"EntryPoint","urlTemplate":"https:\/\/www.intoscana.it\/it\/?s={search_term_string}"},"query-input":{"@type":"PropertyValueSpecification","valueRequired":true,"valueName":"search_term_string"}}],"inLanguage":"it-IT"},{"@type":"Person","@id":"https:\/\/www.intoscana.it\/it\/#\/schema\/person\/9223810753230f20bd670fdd322661f8","name":"Redazione","url":"https:\/\/www.intoscana.it\/it\/author\/redazione\/"}]}},"_links":{"self":[{"href":"https:\/\/www.intoscana.it\/it\/wp-json\/wp\/v2\/posts\/281220","targetHints":{"allow":["GET"]}}],"collection":[{"href":"https:\/\/www.intoscana.it\/it\/wp-json\/wp\/v2\/posts"}],"about":[{"href":"https:\/\/www.intoscana.it\/it\/wp-json\/wp\/v2\/types\/post"}],"author":[{"embeddable":true,"href":"https:\/\/www.intoscana.it\/it\/wp-json\/wp\/v2\/users\/525"}],"replies":[{"embeddable":true,"href":"https:\/\/www.intoscana.it\/it\/wp-json\/wp\/v2\/comments?post=281220"}],"version-history":[{"count":0,"href":"https:\/\/www.intoscana.it\/it\/wp-json\/wp\/v2\/posts\/281220\/revisions"}],"wp:featuredmedia":[{"embeddable":true,"href":"https:\/\/www.intoscana.it\/it\/wp-json\/wp\/v2\/media\/281267"}],"wp:attachment":[{"href":"https:\/\/www.intoscana.it\/it\/wp-json\/wp\/v2\/media?parent=281220"}],"wp:term":[{"taxonomy":"category","embeddable":true,"href":"https:\/\/www.intoscana.it\/it\/wp-json\/wp\/v2\/categories?post=281220"},{"taxonomy":"post_tag","embeddable":true,"href":"https:\/\/www.intoscana.it\/it\/wp-json\/wp\/v2\/tags?post=281220"}],"curies":[{"name":"wp","href":"https:\/\/api.w.org\/{rel}","templated":true}]}}