{"id":281528,"date":"2023-04-11T15:31:20","date_gmt":"2023-04-11T13:31:20","guid":{"rendered":"https:\/\/www.intoscana.it\/it\/?p=281528"},"modified":"2023-04-11T15:31:20","modified_gmt":"2023-04-11T13:31:20","slug":"sociale-dalla-regione-180-milioni-di-euro-in-tre-anni-per-disabili-e-anziani","status":"publish","type":"post","link":"https:\/\/www.intoscana.it\/it\/sociale-dalla-regione-180-milioni-di-euro-in-tre-anni-per-disabili-e-anziani\/","title":{"rendered":"Sociale, dalla Regione 180 milioni di euro in tre anni per disabili e anziani"},"content":{"rendered":"<p>Un piano triennale da <mark>180 milioni per accompagnare e sostenere le persone anziane e con disabilit\u00e0 e i percorsi di vita indipendente.<\/mark> \u00c8 il Piano regionale per la non autosufficienza 2022-2024 approvato dalla giunta regionale, lo strumento di programmazione che mette nero su bianco interventi e servizi che verranno realizzati secondo i bisogni espressi dalle persone e dalle comunit\u00e0 e in un\u2019ottica di integrazione fra il sistema sociale e quello sanitario.<\/p>\n<p>Il piano verr\u00e0 attuato con un forte coinvolgimento delle 28 zone distretto e prevede anche l\u2019assunzione di <strong>63 assistenti sociali<\/strong> da impiegare nei servizi di presa in carico della persona.<\/p>\n<p>\u201cIl piano rappresenta uno strumento concreto e capillare per la presa in cura delle persone pi\u00f9 fragili e per migliorarne la qualit\u00e0 di vita&#8221;,\u00a0 sottolinea il presidente della Regione Toscana <strong>Eugenio Giani<\/strong>. <mark>\u201c\u00c8 uno strumento &#8211; aggiunge &#8211; che integra gli aspetti sociali e quelli sanitari per garantire risposte pi\u00f9 complete e che coinvolge tutti i territori, per essere il pi\u00f9 possibile vicino ai destinatari\u201d.<\/mark><\/p>\n<p>Tre i capisaldi del piano, come spiega l\u2019assessora regionale alle politiche sociali <strong>Serena Spinelli<\/strong>: &#8220;Migliorare la qualit\u00e0, quantit\u00e0 e appropriatezza delle risposte assistenziali a favore delle persone non autosufficienti, con disabilit\u00e0 e anziane; promuovere un sistema fondato sulla prevenzione della non autosufficienza e della fragilit\u00e0; favorire percorsi che realizzino la vita indipendente e la domiciliarit\u00e0, la piena inclusione sociale e lo sviluppo delle autonomie\u201d.<\/p>\n<p>Fondamentale il ruolo dei Comuni, come sottiolinea il direttore di Anci Toscana <strong>Simone Gheri<\/strong>: &#8220;Grazie alla collaborazione con la Regione, vogliamo portare sempre pi\u00f9 capillarit\u00e0 nelle nostre politiche di welfare. <mark>Anci Toscana ha dato e dar\u00e0 sempre il proprio contributo perch\u00e8 i servizi possano essere sempre pi\u00f9 efficienti ed integrati sul territorio: \u00e8 un sistema complesso, ma solo cos\u00ec possiamo rispondere collettivamente ad un bisogno tanto importante ed urgente\u201d.<\/mark><\/p>\n<h3><em>Le novit\u00e0 del piano<\/em><\/h3>\n<p>Gli interventi del Piano si basano sul perseguimento dei cosiddetti Leps, Livelli essenziali delle prestazioni sociali, previsti, per la prima volta, dal piano nazionale. I Leps sono definibili come l\u2019insieme di interventi, <strong>servizi<\/strong>, attivit\u00e0 e prestazioni tali da garantire ai cittadini, specie a quelli pi\u00f9 fragili, qualit\u00e0 di vita, pari opportunit\u00e0 e riduzione delle condizioni di svantaggio e vulnerabilit\u00e0. In molti casi questi interventi sono gi\u00e0 esistenti e radicati e con il nuovo piano saranno confermati.<\/p>\n<p>In alcuni casi, invece il piano prevede un rafforzamento, come il servizio <strong>Pronto badante<\/strong>, attivo in Toscana dal 2016 e che prevede la presenza di un operatore autorizzato che garantisce un adeguato punto di riferimento, offre informazioni sui percorsi attivabile e garantisce un primo sostegno economico per l\u2019attivazione di un rapporto di assistenza familiare. <mark>Con il nuovo piano questo servizio viene collegato capillarmente alla rete delle zone distretto per consentire una risposta pi\u00f9 rapida e vicina.<\/mark><\/p>\n<p>Altro servizio che viene sostenuto con forza nel nuovo piano \u00e8 quello delle cosiddette azioni di <strong>adattamento domestico<\/strong>, fondamentali per l\u2019autonomia alla persona non autosufficiente. L\u2019intervento per adattare l\u2019abitazione entra cos&#8217; formalmente all\u2019interno delle possibili risposte che i servizi possono proporre alla persona.<\/p>\n<h3><em>I progetti di vita indipendente<\/em><\/h3>\n<p>Il piano stanzia 2,2 milioni di euro per i progetti di <strong>vita indipendente<\/strong> in favore di persone con disabilit\u00e0. <mark>Viene cos\u00ec confermato anche per il prossimo triennio il progetto \u201cIn Aut\u201d, Indipendenza e Autonomia, nato con l\u2019obiettivo di sostenere progetti integrati e personalizzati, che consentano alle persone con disabilit\u00e0, prioritariamente di giovane et\u00e0, di condurre una vita autonoma,<\/mark>. Nell\u2019ultimo triennio quasi mille persone hanno beneficiato di questo bando, di cui oltre l\u201980% tra i 18 e i 44 anni.<\/p>\n","protected":false},"excerpt":{"rendered":"<p>Presentano il piano per la non autosufficienza destinato alle persone pi\u00f9 fragili. Prevista l&#8217;assunzione di 63 nuovi assistenti sociali<\/p>\n","protected":false},"author":525,"featured_media":194261,"comment_status":"open","ping_status":"open","sticky":false,"template":"","format":"standard","meta":{"_acf_changed":false,"footnotes":""},"categories":[494],"tags":[158,4822,5298],"class_list":["post-281528","post","type-post","status-publish","format-standard","has-post-thumbnail","hentry","category-attualita","tag-eugenio-giani","tag-serena-spinelli","tag-sociale"],"acf":[],"yoast_head":"<!-- This site is optimized with the Yoast SEO Premium plugin v24.2 (Yoast SEO v25.6) - https:\/\/yoast.com\/wordpress\/plugins\/seo\/ -->\n<title>Sociale, dalla Regione 180 milioni di euro in tre anni per disabili e anziani - intoscana<\/title>\n<meta name=\"description\" content=\"Presentano il piano per la non autosufficienza destinato alle persone pi\u00f9 fragili. Prevista l&#039;assunzione di 63 nuovi assistenti sociali\" \/>\n<meta name=\"robots\" content=\"index, follow, max-snippet:-1, max-image-preview:large, max-video-preview:-1\" \/>\n<link rel=\"canonical\" href=\"https:\/\/www.intoscana.it\/it\/sociale-dalla-regione-180-milioni-di-euro-in-tre-anni-per-disabili-e-anziani\/\" \/>\n<meta property=\"og:locale\" content=\"it_IT\" \/>\n<meta property=\"og:type\" content=\"article\" \/>\n<meta property=\"og:title\" content=\"Sociale, dalla Regione 180 milioni di euro in tre anni per disabili e anziani\" \/>\n<meta property=\"og:description\" content=\"Presentano il piano per la non autosufficienza destinato alle persone pi\u00f9 fragili. Prevista l&#039;assunzione di 63 nuovi assistenti sociali\" \/>\n<meta property=\"og:url\" content=\"https:\/\/www.intoscana.it\/it\/sociale-dalla-regione-180-milioni-di-euro-in-tre-anni-per-disabili-e-anziani\/\" \/>\n<meta property=\"og:site_name\" content=\"intoscana\" \/>\n<meta property=\"article:publisher\" content=\"https:\/\/www.facebook.com\/intoscana.it\" \/>\n<meta property=\"article:published_time\" content=\"2023-04-11T13:31:20+00:00\" \/>\n<meta property=\"og:image\" content=\"https:\/\/www.intoscana.it\/wp-content\/uploads\/Un-nuovo-percorso-verso-lautonomia-dei-disabili-scaled.jpg\" \/>\n\t<meta property=\"og:image:width\" content=\"2048\" \/>\n\t<meta property=\"og:image:height\" content=\"1365\" \/>\n\t<meta property=\"og:image:type\" content=\"image\/jpeg\" \/>\n<meta name=\"author\" content=\"Redazione\" \/>\n<meta name=\"twitter:card\" content=\"summary_large_image\" \/>\n<meta name=\"twitter:creator\" content=\"@intoscana\" \/>\n<meta name=\"twitter:site\" content=\"@intoscana\" \/>\n<meta name=\"twitter:label1\" content=\"Written by\" \/>\n\t<meta name=\"twitter:data1\" content=\"Redazione\" \/>\n\t<meta name=\"twitter:label2\" content=\"Est. reading time\" \/>\n\t<meta name=\"twitter:data2\" content=\"3 minuti\" \/>\n<script type=\"application\/ld+json\" class=\"yoast-schema-graph\">{\"@context\":\"https:\/\/schema.org\",\"@graph\":[{\"@type\":\"WebPage\",\"@id\":\"https:\/\/www.intoscana.it\/it\/sociale-dalla-regione-180-milioni-di-euro-in-tre-anni-per-disabili-e-anziani\/\",\"url\":\"https:\/\/www.intoscana.it\/it\/sociale-dalla-regione-180-milioni-di-euro-in-tre-anni-per-disabili-e-anziani\/\",\"name\":\"Sociale, dalla Regione 180 milioni di euro in tre anni per disabili e anziani - intoscana\",\"isPartOf\":{\"@id\":\"https:\/\/www.intoscana.it\/it\/#website\"},\"primaryImageOfPage\":{\"@id\":\"https:\/\/www.intoscana.it\/it\/sociale-dalla-regione-180-milioni-di-euro-in-tre-anni-per-disabili-e-anziani\/#primaryimage\"},\"image\":{\"@id\":\"https:\/\/www.intoscana.it\/it\/sociale-dalla-regione-180-milioni-di-euro-in-tre-anni-per-disabili-e-anziani\/#primaryimage\"},\"thumbnailUrl\":\"https:\/\/www.intoscana.it\/wp-content\/uploads\/Un-nuovo-percorso-verso-lautonomia-dei-disabili-scaled.jpg\",\"datePublished\":\"2023-04-11T13:31:20+00:00\",\"author\":{\"@id\":\"https:\/\/www.intoscana.it\/it\/#\/schema\/person\/9223810753230f20bd670fdd322661f8\"},\"description\":\"Presentano il piano per la non autosufficienza destinato alle persone pi\u00f9 fragili. Prevista l'assunzione di 63 nuovi assistenti sociali\",\"breadcrumb\":{\"@id\":\"https:\/\/www.intoscana.it\/it\/sociale-dalla-regione-180-milioni-di-euro-in-tre-anni-per-disabili-e-anziani\/#breadcrumb\"},\"inLanguage\":\"it-IT\",\"potentialAction\":[{\"@type\":\"ReadAction\",\"target\":[\"https:\/\/www.intoscana.it\/it\/sociale-dalla-regione-180-milioni-di-euro-in-tre-anni-per-disabili-e-anziani\/\"]}]},{\"@type\":\"ImageObject\",\"inLanguage\":\"it-IT\",\"@id\":\"https:\/\/www.intoscana.it\/it\/sociale-dalla-regione-180-milioni-di-euro-in-tre-anni-per-disabili-e-anziani\/#primaryimage\",\"url\":\"https:\/\/www.intoscana.it\/wp-content\/uploads\/Un-nuovo-percorso-verso-lautonomia-dei-disabili-scaled.jpg\",\"contentUrl\":\"https:\/\/www.intoscana.it\/wp-content\/uploads\/Un-nuovo-percorso-verso-lautonomia-dei-disabili-scaled.jpg\",\"width\":2048,\"height\":1365,\"caption\":\"disabili in toscana\"},{\"@type\":\"BreadcrumbList\",\"@id\":\"https:\/\/www.intoscana.it\/it\/sociale-dalla-regione-180-milioni-di-euro-in-tre-anni-per-disabili-e-anziani\/#breadcrumb\",\"itemListElement\":[{\"@type\":\"ListItem\",\"position\":1,\"name\":\"Home\",\"item\":\"https:\/\/www.intoscana.it\/it\/\"},{\"@type\":\"ListItem\",\"position\":2,\"name\":\"Sociale, dalla Regione 180 milioni di euro in tre anni per disabili e anziani\"}]},{\"@type\":\"WebSite\",\"@id\":\"https:\/\/www.intoscana.it\/it\/#website\",\"url\":\"https:\/\/www.intoscana.it\/it\/\",\"name\":\"intoscana\",\"description\":\"\",\"potentialAction\":[{\"@type\":\"SearchAction\",\"target\":{\"@type\":\"EntryPoint\",\"urlTemplate\":\"https:\/\/www.intoscana.it\/it\/?s={search_term_string}\"},\"query-input\":{\"@type\":\"PropertyValueSpecification\",\"valueRequired\":true,\"valueName\":\"search_term_string\"}}],\"inLanguage\":\"it-IT\"},{\"@type\":\"Person\",\"@id\":\"https:\/\/www.intoscana.it\/it\/#\/schema\/person\/9223810753230f20bd670fdd322661f8\",\"name\":\"Redazione\",\"url\":\"https:\/\/www.intoscana.it\/it\/author\/redazione\/\"}]}<\/script>\n<!-- \/ Yoast SEO Premium plugin. -->","yoast_head_json":{"title":"Sociale, dalla Regione 180 milioni di euro in tre anni per disabili e anziani - intoscana","description":"Presentano il piano per la non autosufficienza destinato alle persone pi\u00f9 fragili. Prevista l'assunzione di 63 nuovi assistenti sociali","robots":{"index":"index","follow":"follow","max-snippet":"max-snippet:-1","max-image-preview":"max-image-preview:large","max-video-preview":"max-video-preview:-1"},"canonical":"https:\/\/www.intoscana.it\/it\/sociale-dalla-regione-180-milioni-di-euro-in-tre-anni-per-disabili-e-anziani\/","og_locale":"it_IT","og_type":"article","og_title":"Sociale, dalla Regione 180 milioni di euro in tre anni per disabili e anziani","og_description":"Presentano il piano per la non autosufficienza destinato alle persone pi\u00f9 fragili. Prevista l'assunzione di 63 nuovi assistenti sociali","og_url":"https:\/\/www.intoscana.it\/it\/sociale-dalla-regione-180-milioni-di-euro-in-tre-anni-per-disabili-e-anziani\/","og_site_name":"intoscana","article_publisher":"https:\/\/www.facebook.com\/intoscana.it","article_published_time":"2023-04-11T13:31:20+00:00","og_image":[{"width":2048,"height":1365,"url":"https:\/\/www.intoscana.it\/wp-content\/uploads\/Un-nuovo-percorso-verso-lautonomia-dei-disabili-scaled.jpg","type":"image\/jpeg"}],"author":"Redazione","twitter_card":"summary_large_image","twitter_creator":"@intoscana","twitter_site":"@intoscana","twitter_misc":{"Written by":"Redazione","Est. reading time":"3 minuti"},"schema":{"@context":"https:\/\/schema.org","@graph":[{"@type":"WebPage","@id":"https:\/\/www.intoscana.it\/it\/sociale-dalla-regione-180-milioni-di-euro-in-tre-anni-per-disabili-e-anziani\/","url":"https:\/\/www.intoscana.it\/it\/sociale-dalla-regione-180-milioni-di-euro-in-tre-anni-per-disabili-e-anziani\/","name":"Sociale, dalla Regione 180 milioni di euro in tre anni per disabili e anziani - intoscana","isPartOf":{"@id":"https:\/\/www.intoscana.it\/it\/#website"},"primaryImageOfPage":{"@id":"https:\/\/www.intoscana.it\/it\/sociale-dalla-regione-180-milioni-di-euro-in-tre-anni-per-disabili-e-anziani\/#primaryimage"},"image":{"@id":"https:\/\/www.intoscana.it\/it\/sociale-dalla-regione-180-milioni-di-euro-in-tre-anni-per-disabili-e-anziani\/#primaryimage"},"thumbnailUrl":"https:\/\/www.intoscana.it\/wp-content\/uploads\/Un-nuovo-percorso-verso-lautonomia-dei-disabili-scaled.jpg","datePublished":"2023-04-11T13:31:20+00:00","author":{"@id":"https:\/\/www.intoscana.it\/it\/#\/schema\/person\/9223810753230f20bd670fdd322661f8"},"description":"Presentano il piano per la non autosufficienza destinato alle persone pi\u00f9 fragili. Prevista l'assunzione di 63 nuovi assistenti sociali","breadcrumb":{"@id":"https:\/\/www.intoscana.it\/it\/sociale-dalla-regione-180-milioni-di-euro-in-tre-anni-per-disabili-e-anziani\/#breadcrumb"},"inLanguage":"it-IT","potentialAction":[{"@type":"ReadAction","target":["https:\/\/www.intoscana.it\/it\/sociale-dalla-regione-180-milioni-di-euro-in-tre-anni-per-disabili-e-anziani\/"]}]},{"@type":"ImageObject","inLanguage":"it-IT","@id":"https:\/\/www.intoscana.it\/it\/sociale-dalla-regione-180-milioni-di-euro-in-tre-anni-per-disabili-e-anziani\/#primaryimage","url":"https:\/\/www.intoscana.it\/wp-content\/uploads\/Un-nuovo-percorso-verso-lautonomia-dei-disabili-scaled.jpg","contentUrl":"https:\/\/www.intoscana.it\/wp-content\/uploads\/Un-nuovo-percorso-verso-lautonomia-dei-disabili-scaled.jpg","width":2048,"height":1365,"caption":"disabili in toscana"},{"@type":"BreadcrumbList","@id":"https:\/\/www.intoscana.it\/it\/sociale-dalla-regione-180-milioni-di-euro-in-tre-anni-per-disabili-e-anziani\/#breadcrumb","itemListElement":[{"@type":"ListItem","position":1,"name":"Home","item":"https:\/\/www.intoscana.it\/it\/"},{"@type":"ListItem","position":2,"name":"Sociale, dalla Regione 180 milioni di euro in tre anni per disabili e anziani"}]},{"@type":"WebSite","@id":"https:\/\/www.intoscana.it\/it\/#website","url":"https:\/\/www.intoscana.it\/it\/","name":"intoscana","description":"","potentialAction":[{"@type":"SearchAction","target":{"@type":"EntryPoint","urlTemplate":"https:\/\/www.intoscana.it\/it\/?s={search_term_string}"},"query-input":{"@type":"PropertyValueSpecification","valueRequired":true,"valueName":"search_term_string"}}],"inLanguage":"it-IT"},{"@type":"Person","@id":"https:\/\/www.intoscana.it\/it\/#\/schema\/person\/9223810753230f20bd670fdd322661f8","name":"Redazione","url":"https:\/\/www.intoscana.it\/it\/author\/redazione\/"}]}},"_links":{"self":[{"href":"https:\/\/www.intoscana.it\/it\/wp-json\/wp\/v2\/posts\/281528","targetHints":{"allow":["GET"]}}],"collection":[{"href":"https:\/\/www.intoscana.it\/it\/wp-json\/wp\/v2\/posts"}],"about":[{"href":"https:\/\/www.intoscana.it\/it\/wp-json\/wp\/v2\/types\/post"}],"author":[{"embeddable":true,"href":"https:\/\/www.intoscana.it\/it\/wp-json\/wp\/v2\/users\/525"}],"replies":[{"embeddable":true,"href":"https:\/\/www.intoscana.it\/it\/wp-json\/wp\/v2\/comments?post=281528"}],"version-history":[{"count":0,"href":"https:\/\/www.intoscana.it\/it\/wp-json\/wp\/v2\/posts\/281528\/revisions"}],"wp:featuredmedia":[{"embeddable":true,"href":"https:\/\/www.intoscana.it\/it\/wp-json\/wp\/v2\/media\/194261"}],"wp:attachment":[{"href":"https:\/\/www.intoscana.it\/it\/wp-json\/wp\/v2\/media?parent=281528"}],"wp:term":[{"taxonomy":"category","embeddable":true,"href":"https:\/\/www.intoscana.it\/it\/wp-json\/wp\/v2\/categories?post=281528"},{"taxonomy":"post_tag","embeddable":true,"href":"https:\/\/www.intoscana.it\/it\/wp-json\/wp\/v2\/tags?post=281528"}],"curies":[{"name":"wp","href":"https:\/\/api.w.org\/{rel}","templated":true}]}}