{"id":281624,"date":"2023-04-12T10:57:30","date_gmt":"2023-04-12T08:57:30","guid":{"rendered":"https:\/\/www.intoscana.it\/it\/?p=281624"},"modified":"2023-04-12T11:59:15","modified_gmt":"2023-04-12T09:59:15","slug":"musica-arte-e-nuove-tecnologie-firenze-capitale-delle-arti-digitali-con-il-bright-festival","status":"publish","type":"post","link":"https:\/\/www.intoscana.it\/it\/musica-arte-e-nuove-tecnologie-firenze-capitale-delle-arti-digitali-con-il-bright-festival\/","title":{"rendered":"Musica, arte e nuove tecnologie: Firenze capitale delle arti digitali con il &#8220;Bright Festival&#8221;"},"content":{"rendered":"<p>Dopo aver girato\u00a0Madrid, Buenos Aires, Citt\u00e0 del Messico, Lipsia, Barcelona, Edimburgo, Atene e Lione il <a href=\"https:\/\/www.brightfestival.com\" target=\"_blank\" rel=\"noopener\"><em><strong>&#8220;Bright Festival&#8221;<\/strong><\/em><\/a> arriva finalmente anche a <strong>Firenze.<\/strong><\/p>\n<p>Il festival nato per promuovere la <strong>creativit\u00e0 digitale<\/strong> \u00e8 partito proprio dal capoluogo toscano quattro anni fa e adesso vi fa ritorno con un ricchissimo programma di eventi <strong>dal 28 al 30 aprile negli spazi della Stazione Leopolda e The Social Hub.\u00a0<\/strong><\/p>\n<p>Sar\u00e0 un viaggio entusiasmante nel mondo\u00a0dell\u2019<strong>arte digitale, del lighting design e della musica<\/strong>, che consentir\u00e0 al pubblico di entrare in contatto con le <strong>nuove tecnologie<\/strong> e vivere <strong>esperienze altamente immersive.<\/strong><\/p>\n<p>Quattro le aree tematiche a partire dalla sezione <a href=\"http:\/\/www.brightfestival.com\/it\/edu-2023\" target=\"_blank\" rel=\"noopener\"><em><strong>&#8220;Educational&#8221;<\/strong><\/em> <\/a>che avr\u00e0 sede presso<strong> The Social Hub<\/strong> dove si\u00a0terranno<strong> workshop, laboratori, seminari e talks<\/strong> sui temi della creativit\u00e0 digitale in collaborazione con <strong>Universit\u00e0, aziende, esperti, studi creativi ed operatori culturali<\/strong> locali e nazionali.<\/p>\n<p>In tutto parteciperanno <strong>22 speakers, pi\u00f9 di 10 Universit\u00e0 e istituti di formazione<\/strong> che tratteranno\u00a0temi come: graphic e motion design, creazione e<strong> animazione 3d, arte immersiva e multimediale, experience &amp; interactive design<\/strong>, intelligenza artificiale e metaverso, realt\u00e0 virtuale e realt\u00e0 aumentata,<a href=\"https:\/\/www.intoscana.it\/it\/articolo\/un-nuovo-rinascimento-dellarte-la-rivoluzione-degli-nft-passa-dalla-toscana\/\" target=\"_blank\" rel=\"noopener\"><strong> nft e crypto arte,<\/strong> <\/a>lighting &amp; sound design.<\/p>\n<p>Tra gli ospiti spicca <a href=\"https:\/\/www.facebook.com\/andrew.quinn.37266\" target=\"_blank\" rel=\"noopener\"><strong>Andrew Quinn<\/strong><\/a>: musicista e <strong>artista digitale australiano<\/strong>, considerato il massimo esperto a livello europeo nella produzione visiva in tempo reale per la musica contemporanea, l&#8217;opera e le installazioni interattive.<\/p>\n<figure id=\"post-281627 media-281627\" class=\"align-none\"><img decoding=\"async\" src=\"https:\/\/www.intoscana.it\/wp-content\/uploads\/Bright-Festival-Farnesina-Digital-Art-Experience.jpg\" alt=\"\" \/><\/figure>\n<div class=\"titleimg\"><em>Bright Festival Farnesina Digital Art Experience<\/em><\/div>\n<p>La sezione <a href=\"http:\/\/www.brightfestival.com\/it\/art-2023\" target=\"_blank\" rel=\"noopener\"><em><strong>&#8220;Art&#8221;<\/strong> <\/em><\/a>curata da <strong>Claudio Caciolli e da Stefano Fomasi<\/strong> vedr\u00e0 ambientazioni digitali, <strong>esperienze interattive, installazioni luminose e live performance<\/strong>.<\/p>\n<p>La <strong>Stazione Leopolda<\/strong> nel weekend ospiter\u00e0 ben <strong>cinque\u00a0aree tematiche<\/strong> (immersiva, interattiva, multimedia, light art, realt\u00e0 virtuale),<strong> 24 ore di eventi, spettacoli ed esperienze immersive, 32 artisti internazionali<\/strong> e studi creativi coinvolti e ben<strong> 16 installazioni digitali.<\/strong><\/p>\n<p>Tra le opere pi\u00f9 incredibili di cui sar\u00e0 possibile fare esperienza, per la prima volta sar\u00e0 presentata la <a href=\"https:\/\/farnesina.brightfestival.com\/\" target=\"_blank\" rel=\"noopener\"><em><strong>&#8220;Farnesina Digital Art Experience&#8221;<\/strong> <\/em><\/a>uno\u00a0spettacolo di <strong>arte immersiva realizzato da 22 studi di arte digitale<\/strong> eccellenza italiani e promosso dal <strong>Ministero degli Esteri e della Cooperazione Internazionale,<\/strong> con la direzione artistica di <a href=\"https:\/\/thefakefactory.art\" target=\"_blank\" rel=\"noopener\"><strong>Stefano Fake. <\/strong><\/a><\/p>\n<p>Oltre <strong>45 minuti di pura emozione<\/strong> avvolti dal fascino di <strong>proiezioni monumentali a 360\u00b0<\/strong> che avvolgeranno il pubblico tra spettacoli di immagini, suoni e ambientazioni digitali prodotti da alcuni dei migliori artisti digitali del nostro Paese.<\/p>\n<figure id=\"post-281630 media-281630\" class=\"align-none\"><img decoding=\"async\" src=\"https:\/\/www.intoscana.it\/wp-content\/uploads\/Bright-Festival-ospiti-AdanaTwins-Digital-01-1.jpg\" alt=\"\" \/><\/figure>\n<div class=\"titleimg\"><em>Adana Twins<\/em><\/div>\n<p><strong>Sabato 29 aprile<\/strong> alla <strong>Stazione Leopolda<\/strong> spazio alla <strong>musica elettronica<\/strong> con i\u00a0tedeschi <strong>Adana Twins <\/strong>chehanno partecipato ai pi\u00f9 grandi club e festival e conquistato la stima dei pi\u00f9 grandi artisti internazionali.<\/p>\n<p>Il programma vede anche la presenza del <strong>musicista spagnolo Kid Simius<\/strong>, anche live performer, polistrumentista e produttore, considerato uno dei nuovi prodigi della scena internazionale, dopo la recente collaborazione con il peso massimo della musica elettronica <strong>Paul Kalkbrenner.<br \/>\n<\/strong><br \/>\nCi sar\u00e0 poi anche <strong>il dj di origine serba Markyz, dj<\/strong>\u00a0uno degli artisti pi\u00f9 promettenti della scena fiorentina.<\/p>\n<p>Chiude la serata <strong>Weg,<\/strong> artista italiano ma con base a Berlino. Le performance musicali saranno accompagnate da una<strong> grande spettacolo visivo<\/strong> curato dalla visual artist <strong>Alice Felloni<\/strong>, preceduta dallo uno showcase di artisti digitali realizzato in collaborazione con <a href=\"http:\/\/www.brightfestival.com\/it\/music_event\/night-show\" target=\"_blank\" rel=\"noopener\"><em><strong>Reasoned Art<\/strong> <\/em><\/a>.<\/p>\n<figure id=\"post-281626 media-281626\" class=\"align-none\"><img decoding=\"async\" src=\"https:\/\/www.intoscana.it\/wp-content\/uploads\/Bright-Festival-CINEMA-VR.jpeg\" alt=\"\" \/><\/figure>\n<div class=\"titleimg\"><em>Bright Festival\u00a0<\/em><\/div>\n<p>&nbsp;<\/p>\n","protected":false},"excerpt":{"rendered":"<p>Un ricchissimo programma di eventi dal 28 al 30 aprile negli spazi della Stazione Leopolda e The Social Hub, un viaggio inedito nel mondo dell\u2019arte digitale, del lighting design e della musica, che consentir\u00e0 al pubblico di entrare in contatto con le nuove tecnologie e vivere esperienze altamente immersive<\/p>\n","protected":false},"author":525,"featured_media":281625,"comment_status":"open","ping_status":"open","sticky":false,"template":"","format":"standard","meta":{"_acf_changed":false,"footnotes":""},"categories":[493],"tags":[227,4474,228,202],"class_list":["post-281624","post","type-post","status-publish","format-standard","has-post-thumbnail","hentry","category-cultura","tag-arte-contemporanea","tag-eventi","tag-festival","tag-firenze"],"acf":[],"yoast_head":"<!-- This site is optimized with the Yoast SEO Premium plugin v24.2 (Yoast SEO v25.6) - https:\/\/yoast.com\/wordpress\/plugins\/seo\/ -->\n<title>Musica, arte e nuove tecnologie: Firenze capitale delle arti digitali con il &quot;Bright Festival&quot; - intoscana<\/title>\n<meta name=\"description\" content=\"Un ricchissimo programma di eventi dal 28 al 30 aprile negli spazi della Stazione Leopolda e The Social Hub, un viaggio inedito e immersivo\" \/>\n<meta name=\"robots\" content=\"index, follow, max-snippet:-1, max-image-preview:large, max-video-preview:-1\" \/>\n<link rel=\"canonical\" href=\"https:\/\/www.intoscana.it\/it\/musica-arte-e-nuove-tecnologie-firenze-capitale-delle-arti-digitali-con-il-bright-festival\/\" \/>\n<meta property=\"og:locale\" content=\"it_IT\" \/>\n<meta property=\"og:type\" content=\"article\" \/>\n<meta property=\"og:title\" content=\"Musica, arte e nuove tecnologie: Firenze capitale delle arti digitali con il &quot;Bright Festival&quot;\" \/>\n<meta property=\"og:description\" content=\"Un ricchissimo programma di eventi dal 28 al 30 aprile negli spazi della Stazione Leopolda e The Social Hub, un viaggio inedito e immersivo\" \/>\n<meta property=\"og:url\" content=\"https:\/\/www.intoscana.it\/it\/musica-arte-e-nuove-tecnologie-firenze-capitale-delle-arti-digitali-con-il-bright-festival\/\" \/>\n<meta property=\"og:site_name\" content=\"intoscana\" \/>\n<meta property=\"article:publisher\" content=\"https:\/\/www.facebook.com\/intoscana.it\" \/>\n<meta property=\"article:published_time\" content=\"2023-04-12T08:57:30+00:00\" \/>\n<meta property=\"article:modified_time\" content=\"2023-04-12T09:59:15+00:00\" \/>\n<meta property=\"og:image\" content=\"https:\/\/www.intoscana.it\/wp-content\/uploads\/Bright-Festival-Art-Antica-Proietteria-Drop.jpg\" \/>\n\t<meta property=\"og:image:width\" content=\"1198\" \/>\n\t<meta property=\"og:image:height\" content=\"753\" \/>\n\t<meta property=\"og:image:type\" content=\"image\/jpeg\" \/>\n<meta name=\"author\" content=\"Redazione\" \/>\n<meta name=\"twitter:card\" content=\"summary_large_image\" \/>\n<meta name=\"twitter:creator\" content=\"@intoscana\" \/>\n<meta name=\"twitter:site\" content=\"@intoscana\" \/>\n<meta name=\"twitter:label1\" content=\"Written by\" \/>\n\t<meta name=\"twitter:data1\" content=\"Redazione\" \/>\n\t<meta name=\"twitter:label2\" content=\"Est. reading time\" \/>\n\t<meta name=\"twitter:data2\" content=\"2 minuti\" \/>\n<script type=\"application\/ld+json\" class=\"yoast-schema-graph\">{\"@context\":\"https:\/\/schema.org\",\"@graph\":[{\"@type\":\"WebPage\",\"@id\":\"https:\/\/www.intoscana.it\/it\/musica-arte-e-nuove-tecnologie-firenze-capitale-delle-arti-digitali-con-il-bright-festival\/\",\"url\":\"https:\/\/www.intoscana.it\/it\/musica-arte-e-nuove-tecnologie-firenze-capitale-delle-arti-digitali-con-il-bright-festival\/\",\"name\":\"Musica, arte e nuove tecnologie: Firenze capitale delle arti digitali con il \\\"Bright Festival\\\" - intoscana\",\"isPartOf\":{\"@id\":\"https:\/\/www.intoscana.it\/it\/#website\"},\"primaryImageOfPage\":{\"@id\":\"https:\/\/www.intoscana.it\/it\/musica-arte-e-nuove-tecnologie-firenze-capitale-delle-arti-digitali-con-il-bright-festival\/#primaryimage\"},\"image\":{\"@id\":\"https:\/\/www.intoscana.it\/it\/musica-arte-e-nuove-tecnologie-firenze-capitale-delle-arti-digitali-con-il-bright-festival\/#primaryimage\"},\"thumbnailUrl\":\"https:\/\/www.intoscana.it\/wp-content\/uploads\/Bright-Festival-Art-Antica-Proietteria-Drop.jpg\",\"datePublished\":\"2023-04-12T08:57:30+00:00\",\"dateModified\":\"2023-04-12T09:59:15+00:00\",\"author\":{\"@id\":\"https:\/\/www.intoscana.it\/it\/#\/schema\/person\/9223810753230f20bd670fdd322661f8\"},\"description\":\"Un ricchissimo programma di eventi dal 28 al 30 aprile negli spazi della Stazione Leopolda e The Social Hub, un viaggio inedito e immersivo\",\"breadcrumb\":{\"@id\":\"https:\/\/www.intoscana.it\/it\/musica-arte-e-nuove-tecnologie-firenze-capitale-delle-arti-digitali-con-il-bright-festival\/#breadcrumb\"},\"inLanguage\":\"it-IT\",\"potentialAction\":[{\"@type\":\"ReadAction\",\"target\":[\"https:\/\/www.intoscana.it\/it\/musica-arte-e-nuove-tecnologie-firenze-capitale-delle-arti-digitali-con-il-bright-festival\/\"]}]},{\"@type\":\"ImageObject\",\"inLanguage\":\"it-IT\",\"@id\":\"https:\/\/www.intoscana.it\/it\/musica-arte-e-nuove-tecnologie-firenze-capitale-delle-arti-digitali-con-il-bright-festival\/#primaryimage\",\"url\":\"https:\/\/www.intoscana.it\/wp-content\/uploads\/Bright-Festival-Art-Antica-Proietteria-Drop.jpg\",\"contentUrl\":\"https:\/\/www.intoscana.it\/wp-content\/uploads\/Bright-Festival-Art-Antica-Proietteria-Drop.jpg\",\"width\":1198,\"height\":753},{\"@type\":\"BreadcrumbList\",\"@id\":\"https:\/\/www.intoscana.it\/it\/musica-arte-e-nuove-tecnologie-firenze-capitale-delle-arti-digitali-con-il-bright-festival\/#breadcrumb\",\"itemListElement\":[{\"@type\":\"ListItem\",\"position\":1,\"name\":\"Home\",\"item\":\"https:\/\/www.intoscana.it\/it\/\"},{\"@type\":\"ListItem\",\"position\":2,\"name\":\"Musica, arte e nuove tecnologie: Firenze capitale delle arti digitali con il &#8220;Bright Festival&#8221;\"}]},{\"@type\":\"WebSite\",\"@id\":\"https:\/\/www.intoscana.it\/it\/#website\",\"url\":\"https:\/\/www.intoscana.it\/it\/\",\"name\":\"intoscana\",\"description\":\"\",\"potentialAction\":[{\"@type\":\"SearchAction\",\"target\":{\"@type\":\"EntryPoint\",\"urlTemplate\":\"https:\/\/www.intoscana.it\/it\/?s={search_term_string}\"},\"query-input\":{\"@type\":\"PropertyValueSpecification\",\"valueRequired\":true,\"valueName\":\"search_term_string\"}}],\"inLanguage\":\"it-IT\"},{\"@type\":\"Person\",\"@id\":\"https:\/\/www.intoscana.it\/it\/#\/schema\/person\/9223810753230f20bd670fdd322661f8\",\"name\":\"Redazione\",\"url\":\"https:\/\/www.intoscana.it\/it\/author\/redazione\/\"}]}<\/script>\n<!-- \/ Yoast SEO Premium plugin. -->","yoast_head_json":{"title":"Musica, arte e nuove tecnologie: Firenze capitale delle arti digitali con il \"Bright Festival\" - intoscana","description":"Un ricchissimo programma di eventi dal 28 al 30 aprile negli spazi della Stazione Leopolda e The Social Hub, un viaggio inedito e immersivo","robots":{"index":"index","follow":"follow","max-snippet":"max-snippet:-1","max-image-preview":"max-image-preview:large","max-video-preview":"max-video-preview:-1"},"canonical":"https:\/\/www.intoscana.it\/it\/musica-arte-e-nuove-tecnologie-firenze-capitale-delle-arti-digitali-con-il-bright-festival\/","og_locale":"it_IT","og_type":"article","og_title":"Musica, arte e nuove tecnologie: Firenze capitale delle arti digitali con il \"Bright Festival\"","og_description":"Un ricchissimo programma di eventi dal 28 al 30 aprile negli spazi della Stazione Leopolda e The Social Hub, un viaggio inedito e immersivo","og_url":"https:\/\/www.intoscana.it\/it\/musica-arte-e-nuove-tecnologie-firenze-capitale-delle-arti-digitali-con-il-bright-festival\/","og_site_name":"intoscana","article_publisher":"https:\/\/www.facebook.com\/intoscana.it","article_published_time":"2023-04-12T08:57:30+00:00","article_modified_time":"2023-04-12T09:59:15+00:00","og_image":[{"width":1198,"height":753,"url":"https:\/\/www.intoscana.it\/wp-content\/uploads\/Bright-Festival-Art-Antica-Proietteria-Drop.jpg","type":"image\/jpeg"}],"author":"Redazione","twitter_card":"summary_large_image","twitter_creator":"@intoscana","twitter_site":"@intoscana","twitter_misc":{"Written by":"Redazione","Est. reading time":"2 minuti"},"schema":{"@context":"https:\/\/schema.org","@graph":[{"@type":"WebPage","@id":"https:\/\/www.intoscana.it\/it\/musica-arte-e-nuove-tecnologie-firenze-capitale-delle-arti-digitali-con-il-bright-festival\/","url":"https:\/\/www.intoscana.it\/it\/musica-arte-e-nuove-tecnologie-firenze-capitale-delle-arti-digitali-con-il-bright-festival\/","name":"Musica, arte e nuove tecnologie: Firenze capitale delle arti digitali con il \"Bright Festival\" - intoscana","isPartOf":{"@id":"https:\/\/www.intoscana.it\/it\/#website"},"primaryImageOfPage":{"@id":"https:\/\/www.intoscana.it\/it\/musica-arte-e-nuove-tecnologie-firenze-capitale-delle-arti-digitali-con-il-bright-festival\/#primaryimage"},"image":{"@id":"https:\/\/www.intoscana.it\/it\/musica-arte-e-nuove-tecnologie-firenze-capitale-delle-arti-digitali-con-il-bright-festival\/#primaryimage"},"thumbnailUrl":"https:\/\/www.intoscana.it\/wp-content\/uploads\/Bright-Festival-Art-Antica-Proietteria-Drop.jpg","datePublished":"2023-04-12T08:57:30+00:00","dateModified":"2023-04-12T09:59:15+00:00","author":{"@id":"https:\/\/www.intoscana.it\/it\/#\/schema\/person\/9223810753230f20bd670fdd322661f8"},"description":"Un ricchissimo programma di eventi dal 28 al 30 aprile negli spazi della Stazione Leopolda e The Social Hub, un viaggio inedito e immersivo","breadcrumb":{"@id":"https:\/\/www.intoscana.it\/it\/musica-arte-e-nuove-tecnologie-firenze-capitale-delle-arti-digitali-con-il-bright-festival\/#breadcrumb"},"inLanguage":"it-IT","potentialAction":[{"@type":"ReadAction","target":["https:\/\/www.intoscana.it\/it\/musica-arte-e-nuove-tecnologie-firenze-capitale-delle-arti-digitali-con-il-bright-festival\/"]}]},{"@type":"ImageObject","inLanguage":"it-IT","@id":"https:\/\/www.intoscana.it\/it\/musica-arte-e-nuove-tecnologie-firenze-capitale-delle-arti-digitali-con-il-bright-festival\/#primaryimage","url":"https:\/\/www.intoscana.it\/wp-content\/uploads\/Bright-Festival-Art-Antica-Proietteria-Drop.jpg","contentUrl":"https:\/\/www.intoscana.it\/wp-content\/uploads\/Bright-Festival-Art-Antica-Proietteria-Drop.jpg","width":1198,"height":753},{"@type":"BreadcrumbList","@id":"https:\/\/www.intoscana.it\/it\/musica-arte-e-nuove-tecnologie-firenze-capitale-delle-arti-digitali-con-il-bright-festival\/#breadcrumb","itemListElement":[{"@type":"ListItem","position":1,"name":"Home","item":"https:\/\/www.intoscana.it\/it\/"},{"@type":"ListItem","position":2,"name":"Musica, arte e nuove tecnologie: Firenze capitale delle arti digitali con il &#8220;Bright Festival&#8221;"}]},{"@type":"WebSite","@id":"https:\/\/www.intoscana.it\/it\/#website","url":"https:\/\/www.intoscana.it\/it\/","name":"intoscana","description":"","potentialAction":[{"@type":"SearchAction","target":{"@type":"EntryPoint","urlTemplate":"https:\/\/www.intoscana.it\/it\/?s={search_term_string}"},"query-input":{"@type":"PropertyValueSpecification","valueRequired":true,"valueName":"search_term_string"}}],"inLanguage":"it-IT"},{"@type":"Person","@id":"https:\/\/www.intoscana.it\/it\/#\/schema\/person\/9223810753230f20bd670fdd322661f8","name":"Redazione","url":"https:\/\/www.intoscana.it\/it\/author\/redazione\/"}]}},"_links":{"self":[{"href":"https:\/\/www.intoscana.it\/it\/wp-json\/wp\/v2\/posts\/281624","targetHints":{"allow":["GET"]}}],"collection":[{"href":"https:\/\/www.intoscana.it\/it\/wp-json\/wp\/v2\/posts"}],"about":[{"href":"https:\/\/www.intoscana.it\/it\/wp-json\/wp\/v2\/types\/post"}],"author":[{"embeddable":true,"href":"https:\/\/www.intoscana.it\/it\/wp-json\/wp\/v2\/users\/525"}],"replies":[{"embeddable":true,"href":"https:\/\/www.intoscana.it\/it\/wp-json\/wp\/v2\/comments?post=281624"}],"version-history":[{"count":0,"href":"https:\/\/www.intoscana.it\/it\/wp-json\/wp\/v2\/posts\/281624\/revisions"}],"wp:featuredmedia":[{"embeddable":true,"href":"https:\/\/www.intoscana.it\/it\/wp-json\/wp\/v2\/media\/281625"}],"wp:attachment":[{"href":"https:\/\/www.intoscana.it\/it\/wp-json\/wp\/v2\/media?parent=281624"}],"wp:term":[{"taxonomy":"category","embeddable":true,"href":"https:\/\/www.intoscana.it\/it\/wp-json\/wp\/v2\/categories?post=281624"},{"taxonomy":"post_tag","embeddable":true,"href":"https:\/\/www.intoscana.it\/it\/wp-json\/wp\/v2\/tags?post=281624"}],"curies":[{"name":"wp","href":"https:\/\/api.w.org\/{rel}","templated":true}]}}