{"id":281758,"date":"2023-04-12T18:09:51","date_gmt":"2023-04-12T16:09:51","guid":{"rendered":"https:\/\/www.intoscana.it\/it\/?p=281758"},"modified":"2023-05-22T16:26:11","modified_gmt":"2023-05-22T14:26:11","slug":"toscana-due-intese-per-accesso-detenuti-al-mondo-del-lavoro","status":"publish","type":"post","link":"https:\/\/www.intoscana.it\/it\/toscana-due-intese-per-accesso-detenuti-al-mondo-del-lavoro\/","title":{"rendered":"Toscana, due intese per l&#8217;accesso dei detenuti al mondo del lavoro"},"content":{"rendered":"<div class=\"rt-page__content rt-page-content--left\">\n<p>Due intese per tra pubbliche amministrazioni in tema di formazione: obiettivo <mark>inserire o reinserire nel mondo del lavoro i detenuti negli istituti penali, anche minorili, presenti in Toscana<\/mark>. Per concretizzare gli impegni previsti dai due accordi nelle prossime settimane \u00e8 prevista la pubblicazione di altrettanti avvisi finanziati con <strong>oltre 3 milioni<\/strong> di euro derivanti dal Fse+ 2021-27, per realizzare <strong>percorsi formativi<\/strong>.<\/p>\n<p>Sono i due accordi sottoscritti a Palazzo Strozzi Sacrati dal presidente <strong>Eugenio Giani<\/strong>, assieme alle assessore <strong>Alessandra Nardini e Serena Spinelli<\/strong>, e dai rappresentanti delle amministrazioni cofirmatarie: l\u2019Agenzia regionale toscana per l\u2019impiego (Arti), l\u2019Ufficio scolastico regionale per la Toscana, la Rete toscana dei centri provinciali di istruzione per gli adulti, cui si affiancano, per gli adulti, il Provveditorato regionale dell\u2019Amministrazione penitenziaria Toscana-Umbria (PRAP), e, per gli utenti della giustizia minorile, il Centro per la giustizia minorile per la Toscana e l\u2019Umbria (CGM).<\/p>\n<figure id=\"post-281759 media-281759\" class=\"align-none\"><img decoding=\"async\" src=\"https:\/\/www.intoscana.it\/wp-content\/uploads\/Milia-accordi-firma.jpeg\" alt=\"\" \/><\/figure>\n<p>&nbsp;<\/p>\n<p>La firma \u00e8 giunta al termine di un convegno sulle attivit\u00e0 in corso e le prospettive future dell&#8217;impegno della Regione sul tema dell\u2019inclusione socio \u2013 lavorativa dei detenuti, realizzato nell\u2019ambito di <mark>&#8220;Milia&#8221; (Modelli di Intervento per il Lavoro e l\u2019Inclusione Attiva delle persone in esecuzione penale)<\/mark>, progetto finanziato dal Ministero della Giustizia nell&#8217;ambito del <strong>Pon Inclusione 2014-2020<\/strong>, incentrato soprattutto sul lavoro agricolo, che ha coinvolto in primo luogo le strutture detentive di <strong>Gorgona e Pianosa<\/strong>.<\/p>\n<p>Il convegno \u00e8 stata l\u2019occasione per presentare alcuni dati provvisori di <strong>&#8220;Milia&#8221;<\/strong>, che, nato con l\u2019obiettivo di creare un sistema integrato ed innovativo di sviluppo per l\u2019inclusione lavorativa e sociale dei detenuti, si concluder\u00e0 il prossimo giugno.Grazie alla collaborazione delle Direzioni carcerarie di <strong>Gorgona e Porto Azzurro<\/strong> il progetto ha coinvolto <strong>145 detenuti<\/strong> in oltre <strong>800 ore in attivit\u00e0<\/strong> di orientamento e profilazione; successivamente circa 220 detenuti, afferenti alle <mark>Case di Reclusione di Gorgona, Porto Azzurro, Pianosa e Livorno<\/mark>, hanno potuto partecipare a 390 ore di formazione obbligatoria per l\u2019acquisizione di competenze trasversali e per il rilascio di patentini.<\/p>\n<p>Finora sono state realizzate attivit\u00e0 di formazione di base rivolte al conseguimento del tesserino Haccp, del patentino per macchine agricole e dell\u2019acquisizione di competenze.<\/p>\n<\/div>\n<div class=\"rt-page__content rt-page-content--left\">\n<p>\u201c<em>Il principio costituzionale della funzione rieducativa della detenzione e dell\u2019esecuzione della pena \u00e8 sacrosanto e a quel principio la Toscana vuole tenere fede, a cominciare dal lavoro, che \u00e8 il principale strumento per contrastare da un lato condizioni di povert\u00e0 dall\u2019altro i rischi di recidiva\u201d<\/em>, ha spiegato il Presidente Giani.<\/p>\n<p>\u201c<em>Con gli accordi che firmiamo oggi<\/em> &#8211; ha aggiunto &#8211; <em>vogliamo dare il nostro contributo a rendere effettivo anche per le persone detenute il principio dell\u2019apprendimento permanente lungo tutto l\u2019arco della vita. \u00a0L\u2019acquisizione di conoscenze, capacit\u00e0, competenze faciliter\u00e0 l\u2019incontro tra domanda e offerta di lavoro nel periodo successivo allo stato di detenzione, garantendo a chi parteciper\u00e0 a questi percorsi formativi una effettiva integrazione sociale<\/em>&#8220;.<\/p>\n<p>\u201c<em>In questi ultimi anni \u2013<\/em> ha osservato <strong>l\u2019assessora Nardini<\/strong>, in apertura del convegno \u2013<em> la Regione ha messo in campo vari percorsi formativi per l\u2019inserimento o il reinserimento dei detenuti nel mondo del lavoro. Crediamo fermamente, come ci dice la nostra Costituzione, che il lavoro sia un diritto. Il lavoro \u00e8 dignit\u00e0. Nessuno, nessuna, deve esserne escluso. Oggi rafforziamo il nostro impegno in questa direzione, insieme agli altri attori istituzionali definiamo una cornice dentro la quale si svilupperanno i vari interventi e concretizziamo questo impegno attraverso un finanziamento importante, oltre 3 milioni di euro complessivamente&#8221;<\/em>.<\/p>\n<p>Si tratta delle prime tra le misure che attiviamo con il nuovo settennato del <strong>Fondo Sociale Europeo<\/strong> 2021-2027. &#8220;V<em>ogliamo mettere in campo interventi formativi diversificati, flessibili e personalizzati, attraverso metodologie didattiche capaci di valorizzare ogni singola persona<\/em>&#8220;, ha proseguito\u00a0Nardini, che ha concluso: &#8220;<em>Favorire l&#8217;inserimento o il reinserimento lavorativo significa anche combattere povert\u00e0 e rischio di recidiva<\/em>&#8220;.<\/p>\n<p>\u201c<em>Come Regione vogliamo continuare a fare la nostra parte rispetto alle tematiche del carcere e ai diritti delle persone detenute, o in esecuzione penale esterna, cos\u00ec come di coloro che sono in prossimit\u00e0 di concludere il periodo di pena e si apprestano quindi a rientrare nella societ\u00e0 esterna\u201d<\/em>, ha dichiarato l\u2019assessora <strong>Serena Spinelli<\/strong>.<\/p>\n<p>\u201c<em>Questo<\/em> ha aggiunto &#8211;<em> significa favorire, dentro e fuori dagli istituti di pena, attivit\u00e0 di rete che coinvolgano le istituzioni, i servizi territoriali, le realt\u00e0 del terzo settore, per attivare percorsi volti a favorire il reinserimento sociale. Di recente abbiamo fatto partire una serie di progetti territoriali per l\u2019attivazione di sportelli in carcere e di un servizio-ponte con i servizi sociali territoriali. In questo caso parliamo di un progetto che riguarda un altro tassello centrale per il reinserimento sociale, affinch\u00e9 una persona possa tornare ad essere parte integrante della societ\u00e0 e realizzare un nuovo progetto di vita, che \u00e8 quello della formazione e dell\u2019inclusione lavorativa&#8221;. <\/em><\/p>\n<p><em>&#8220;A tenere tutto insieme<\/em> &#8211; ha concluso Spinelli &#8211; <em>\u00e8 appunto l\u2019obiettivo di attivare ponti concreti tra interno ed esterno, nel rispetto della finalit\u00e0 rieducativa della pena, per la riduzione della recidiva e per i diritti di tutti\u201d<\/em>.<\/p>\n<\/div>\n","protected":false},"excerpt":{"rendered":"<p>Tra i primi passi due avvisi da 3 milioni di euro dell\u2019Fse+ per percorsi formativi destinati a adulti e minori<\/p>\n","protected":false},"author":525,"featured_media":257687,"comment_status":"open","ping_status":"open","sticky":false,"template":"","format":"standard","meta":{"_acf_changed":false,"footnotes":""},"categories":[494],"tags":[6226,5665,158,4822],"class_list":["post-281758","post","type-post","status-publish","format-standard","has-post-thumbnail","hentry","category-attualita","tag-alessandra-nardini","tag-detenuti","tag-eugenio-giani","tag-serena-spinelli"],"acf":[],"yoast_head":"<!-- This site is optimized with the Yoast SEO Premium plugin v24.2 (Yoast SEO v25.6) - https:\/\/yoast.com\/wordpress\/plugins\/seo\/ -->\n<title>Toscana, due intese per l&#039;accesso dei detenuti al mondo del lavoro - intoscana<\/title>\n<meta name=\"description\" content=\"Tra i primi passi due avvisi da 3 milioni di euro dell\u2019Fse+ per percorsi formativi destinati a adulti e minori\" \/>\n<meta name=\"robots\" content=\"index, follow, max-snippet:-1, max-image-preview:large, max-video-preview:-1\" \/>\n<link rel=\"canonical\" href=\"https:\/\/www.intoscana.it\/it\/toscana-due-intese-per-accesso-detenuti-al-mondo-del-lavoro\/\" \/>\n<meta property=\"og:locale\" content=\"it_IT\" \/>\n<meta property=\"og:type\" content=\"article\" \/>\n<meta property=\"og:title\" content=\"Toscana, due intese per l&#039;accesso dei detenuti al mondo del lavoro\" \/>\n<meta property=\"og:description\" content=\"Tra i primi passi due avvisi da 3 milioni di euro dell\u2019Fse+ per percorsi formativi destinati a adulti e minori\" \/>\n<meta property=\"og:url\" content=\"https:\/\/www.intoscana.it\/it\/toscana-due-intese-per-accesso-detenuti-al-mondo-del-lavoro\/\" \/>\n<meta property=\"og:site_name\" content=\"intoscana\" \/>\n<meta property=\"article:publisher\" content=\"https:\/\/www.facebook.com\/intoscana.it\" \/>\n<meta property=\"article:published_time\" content=\"2023-04-12T16:09:51+00:00\" \/>\n<meta property=\"article:modified_time\" content=\"2023-05-22T14:26:11+00:00\" \/>\n<meta property=\"og:image\" content=\"https:\/\/www.intoscana.it\/wp-content\/uploads\/Gorgona1.jpg\" \/>\n\t<meta property=\"og:image:width\" content=\"1920\" \/>\n\t<meta property=\"og:image:height\" content=\"1080\" \/>\n\t<meta property=\"og:image:type\" content=\"image\/jpeg\" \/>\n<meta name=\"author\" content=\"Redazione\" \/>\n<meta name=\"twitter:card\" content=\"summary_large_image\" \/>\n<meta name=\"twitter:creator\" content=\"@intoscana\" \/>\n<meta name=\"twitter:site\" content=\"@intoscana\" \/>\n<meta name=\"twitter:label1\" content=\"Written by\" \/>\n\t<meta name=\"twitter:data1\" content=\"Redazione\" \/>\n\t<meta name=\"twitter:label2\" content=\"Est. reading time\" \/>\n\t<meta name=\"twitter:data2\" content=\"4 minuti\" \/>\n<script type=\"application\/ld+json\" class=\"yoast-schema-graph\">{\"@context\":\"https:\/\/schema.org\",\"@graph\":[{\"@type\":\"WebPage\",\"@id\":\"https:\/\/www.intoscana.it\/it\/toscana-due-intese-per-accesso-detenuti-al-mondo-del-lavoro\/\",\"url\":\"https:\/\/www.intoscana.it\/it\/toscana-due-intese-per-accesso-detenuti-al-mondo-del-lavoro\/\",\"name\":\"Toscana, due intese per l'accesso dei detenuti al mondo del lavoro - intoscana\",\"isPartOf\":{\"@id\":\"https:\/\/www.intoscana.it\/it\/#website\"},\"primaryImageOfPage\":{\"@id\":\"https:\/\/www.intoscana.it\/it\/toscana-due-intese-per-accesso-detenuti-al-mondo-del-lavoro\/#primaryimage\"},\"image\":{\"@id\":\"https:\/\/www.intoscana.it\/it\/toscana-due-intese-per-accesso-detenuti-al-mondo-del-lavoro\/#primaryimage\"},\"thumbnailUrl\":\"https:\/\/www.intoscana.it\/wp-content\/uploads\/Gorgona1.jpg\",\"datePublished\":\"2023-04-12T16:09:51+00:00\",\"dateModified\":\"2023-05-22T14:26:11+00:00\",\"author\":{\"@id\":\"https:\/\/www.intoscana.it\/it\/#\/schema\/person\/9223810753230f20bd670fdd322661f8\"},\"description\":\"Tra i primi passi due avvisi da 3 milioni di euro dell\u2019Fse+ per percorsi formativi destinati a adulti e minori\",\"breadcrumb\":{\"@id\":\"https:\/\/www.intoscana.it\/it\/toscana-due-intese-per-accesso-detenuti-al-mondo-del-lavoro\/#breadcrumb\"},\"inLanguage\":\"it-IT\",\"potentialAction\":[{\"@type\":\"ReadAction\",\"target\":[\"https:\/\/www.intoscana.it\/it\/toscana-due-intese-per-accesso-detenuti-al-mondo-del-lavoro\/\"]}]},{\"@type\":\"ImageObject\",\"inLanguage\":\"it-IT\",\"@id\":\"https:\/\/www.intoscana.it\/it\/toscana-due-intese-per-accesso-detenuti-al-mondo-del-lavoro\/#primaryimage\",\"url\":\"https:\/\/www.intoscana.it\/wp-content\/uploads\/Gorgona1.jpg\",\"contentUrl\":\"https:\/\/www.intoscana.it\/wp-content\/uploads\/Gorgona1.jpg\",\"width\":1920,\"height\":1080,\"caption\":\"Documentario \\\"Gorgona\\\" di Antornio Tibaldi\"},{\"@type\":\"BreadcrumbList\",\"@id\":\"https:\/\/www.intoscana.it\/it\/toscana-due-intese-per-accesso-detenuti-al-mondo-del-lavoro\/#breadcrumb\",\"itemListElement\":[{\"@type\":\"ListItem\",\"position\":1,\"name\":\"Home\",\"item\":\"https:\/\/www.intoscana.it\/it\/\"},{\"@type\":\"ListItem\",\"position\":2,\"name\":\"Toscana, due intese per l&#8217;accesso dei detenuti al mondo del lavoro\"}]},{\"@type\":\"WebSite\",\"@id\":\"https:\/\/www.intoscana.it\/it\/#website\",\"url\":\"https:\/\/www.intoscana.it\/it\/\",\"name\":\"intoscana\",\"description\":\"\",\"potentialAction\":[{\"@type\":\"SearchAction\",\"target\":{\"@type\":\"EntryPoint\",\"urlTemplate\":\"https:\/\/www.intoscana.it\/it\/?s={search_term_string}\"},\"query-input\":{\"@type\":\"PropertyValueSpecification\",\"valueRequired\":true,\"valueName\":\"search_term_string\"}}],\"inLanguage\":\"it-IT\"},{\"@type\":\"Person\",\"@id\":\"https:\/\/www.intoscana.it\/it\/#\/schema\/person\/9223810753230f20bd670fdd322661f8\",\"name\":\"Redazione\",\"url\":\"https:\/\/www.intoscana.it\/it\/author\/redazione\/\"}]}<\/script>\n<!-- \/ Yoast SEO Premium plugin. -->","yoast_head_json":{"title":"Toscana, due intese per l'accesso dei detenuti al mondo del lavoro - intoscana","description":"Tra i primi passi due avvisi da 3 milioni di euro dell\u2019Fse+ per percorsi formativi destinati a adulti e minori","robots":{"index":"index","follow":"follow","max-snippet":"max-snippet:-1","max-image-preview":"max-image-preview:large","max-video-preview":"max-video-preview:-1"},"canonical":"https:\/\/www.intoscana.it\/it\/toscana-due-intese-per-accesso-detenuti-al-mondo-del-lavoro\/","og_locale":"it_IT","og_type":"article","og_title":"Toscana, due intese per l'accesso dei detenuti al mondo del lavoro","og_description":"Tra i primi passi due avvisi da 3 milioni di euro dell\u2019Fse+ per percorsi formativi destinati a adulti e minori","og_url":"https:\/\/www.intoscana.it\/it\/toscana-due-intese-per-accesso-detenuti-al-mondo-del-lavoro\/","og_site_name":"intoscana","article_publisher":"https:\/\/www.facebook.com\/intoscana.it","article_published_time":"2023-04-12T16:09:51+00:00","article_modified_time":"2023-05-22T14:26:11+00:00","og_image":[{"width":1920,"height":1080,"url":"https:\/\/www.intoscana.it\/wp-content\/uploads\/Gorgona1.jpg","type":"image\/jpeg"}],"author":"Redazione","twitter_card":"summary_large_image","twitter_creator":"@intoscana","twitter_site":"@intoscana","twitter_misc":{"Written by":"Redazione","Est. reading time":"4 minuti"},"schema":{"@context":"https:\/\/schema.org","@graph":[{"@type":"WebPage","@id":"https:\/\/www.intoscana.it\/it\/toscana-due-intese-per-accesso-detenuti-al-mondo-del-lavoro\/","url":"https:\/\/www.intoscana.it\/it\/toscana-due-intese-per-accesso-detenuti-al-mondo-del-lavoro\/","name":"Toscana, due intese per l'accesso dei detenuti al mondo del lavoro - intoscana","isPartOf":{"@id":"https:\/\/www.intoscana.it\/it\/#website"},"primaryImageOfPage":{"@id":"https:\/\/www.intoscana.it\/it\/toscana-due-intese-per-accesso-detenuti-al-mondo-del-lavoro\/#primaryimage"},"image":{"@id":"https:\/\/www.intoscana.it\/it\/toscana-due-intese-per-accesso-detenuti-al-mondo-del-lavoro\/#primaryimage"},"thumbnailUrl":"https:\/\/www.intoscana.it\/wp-content\/uploads\/Gorgona1.jpg","datePublished":"2023-04-12T16:09:51+00:00","dateModified":"2023-05-22T14:26:11+00:00","author":{"@id":"https:\/\/www.intoscana.it\/it\/#\/schema\/person\/9223810753230f20bd670fdd322661f8"},"description":"Tra i primi passi due avvisi da 3 milioni di euro dell\u2019Fse+ per percorsi formativi destinati a adulti e minori","breadcrumb":{"@id":"https:\/\/www.intoscana.it\/it\/toscana-due-intese-per-accesso-detenuti-al-mondo-del-lavoro\/#breadcrumb"},"inLanguage":"it-IT","potentialAction":[{"@type":"ReadAction","target":["https:\/\/www.intoscana.it\/it\/toscana-due-intese-per-accesso-detenuti-al-mondo-del-lavoro\/"]}]},{"@type":"ImageObject","inLanguage":"it-IT","@id":"https:\/\/www.intoscana.it\/it\/toscana-due-intese-per-accesso-detenuti-al-mondo-del-lavoro\/#primaryimage","url":"https:\/\/www.intoscana.it\/wp-content\/uploads\/Gorgona1.jpg","contentUrl":"https:\/\/www.intoscana.it\/wp-content\/uploads\/Gorgona1.jpg","width":1920,"height":1080,"caption":"Documentario \"Gorgona\" di Antornio Tibaldi"},{"@type":"BreadcrumbList","@id":"https:\/\/www.intoscana.it\/it\/toscana-due-intese-per-accesso-detenuti-al-mondo-del-lavoro\/#breadcrumb","itemListElement":[{"@type":"ListItem","position":1,"name":"Home","item":"https:\/\/www.intoscana.it\/it\/"},{"@type":"ListItem","position":2,"name":"Toscana, due intese per l&#8217;accesso dei detenuti al mondo del lavoro"}]},{"@type":"WebSite","@id":"https:\/\/www.intoscana.it\/it\/#website","url":"https:\/\/www.intoscana.it\/it\/","name":"intoscana","description":"","potentialAction":[{"@type":"SearchAction","target":{"@type":"EntryPoint","urlTemplate":"https:\/\/www.intoscana.it\/it\/?s={search_term_string}"},"query-input":{"@type":"PropertyValueSpecification","valueRequired":true,"valueName":"search_term_string"}}],"inLanguage":"it-IT"},{"@type":"Person","@id":"https:\/\/www.intoscana.it\/it\/#\/schema\/person\/9223810753230f20bd670fdd322661f8","name":"Redazione","url":"https:\/\/www.intoscana.it\/it\/author\/redazione\/"}]}},"_links":{"self":[{"href":"https:\/\/www.intoscana.it\/it\/wp-json\/wp\/v2\/posts\/281758","targetHints":{"allow":["GET"]}}],"collection":[{"href":"https:\/\/www.intoscana.it\/it\/wp-json\/wp\/v2\/posts"}],"about":[{"href":"https:\/\/www.intoscana.it\/it\/wp-json\/wp\/v2\/types\/post"}],"author":[{"embeddable":true,"href":"https:\/\/www.intoscana.it\/it\/wp-json\/wp\/v2\/users\/525"}],"replies":[{"embeddable":true,"href":"https:\/\/www.intoscana.it\/it\/wp-json\/wp\/v2\/comments?post=281758"}],"version-history":[{"count":0,"href":"https:\/\/www.intoscana.it\/it\/wp-json\/wp\/v2\/posts\/281758\/revisions"}],"wp:featuredmedia":[{"embeddable":true,"href":"https:\/\/www.intoscana.it\/it\/wp-json\/wp\/v2\/media\/257687"}],"wp:attachment":[{"href":"https:\/\/www.intoscana.it\/it\/wp-json\/wp\/v2\/media?parent=281758"}],"wp:term":[{"taxonomy":"category","embeddable":true,"href":"https:\/\/www.intoscana.it\/it\/wp-json\/wp\/v2\/categories?post=281758"},{"taxonomy":"post_tag","embeddable":true,"href":"https:\/\/www.intoscana.it\/it\/wp-json\/wp\/v2\/tags?post=281758"}],"curies":[{"name":"wp","href":"https:\/\/api.w.org\/{rel}","templated":true}]}}