{"id":281792,"date":"2023-04-13T10:15:58","date_gmt":"2023-04-13T08:15:58","guid":{"rendered":"https:\/\/www.intoscana.it\/it\/?p=281792"},"modified":"2023-04-13T10:17:59","modified_gmt":"2023-04-13T08:17:59","slug":"il-3-settembre-gli-editors-in-concerto-al-settembre-prato-e-spettacolo","status":"publish","type":"post","link":"https:\/\/www.intoscana.it\/it\/il-3-settembre-gli-editors-in-concerto-al-settembre-prato-e-spettacolo\/","title":{"rendered":"Il 3 settembre gli Editors in concerto al &#8220;Settembre Prato \u00e8 Spettacolo&#8221;"},"content":{"rendered":"<p>La musica internazionale torna al festival <em><strong>&#8220;Settembre Prato \u00e8 Spettacolo&#8221;.\u00a0<\/strong><\/em>Dopo aver annunciato le date degli <strong>Articolo 31<\/strong> (31 agosto) di <strong>Daniele Silvestri<\/strong> (1 settembre), <strong>Edoardo Bennato<\/strong> (4 settembre) <strong>domenica 3 settembre arrivano in concerto gli Editors.<\/strong><\/p>\n<p>L&#8217;<strong>amatissima band inglese<\/strong> presenter\u00e0 il settimo album <em><strong>\u201cEBM\u201d<\/strong><\/em>, un disco che ha gi\u00e0 raccolto il <strong>consenso di pubblico e critica.<\/strong><\/p>\n<p>Anticipato dai singoli <em><strong>\u201cHeart Attack\u201d<\/strong> <\/em>e<em><strong> \u201cKarma Climb\u201d,<\/strong><\/em> EBM \u00e8 il primo disco uscito dopo l\u2019ingresso ufficiale nella formazione inglese &#8211; capitanata dal carismatico frontman Tom Smith al quale si aggiungono Justin Lockey, Elliott Williams, Russell Leetch e Ed Lay &#8211; di <strong>Benjamin John Power aka Blanck Mass,<\/strong> gi\u00e0 membro del duo electro-noise <strong>Fuck Buttons<\/strong>.<\/p>\n<p><strong>Con EBM gli Editors<\/strong> riescono ad adottare <strong>un approccio industrial pur mantenendo i loro sound passati,<\/strong> dando vita a momenti che fondono <strong>sperimentazione e incorporazione.<\/strong><\/p>\n<p><iframe loading=\"lazy\" title=\"YouTube video player\" src=\"https:\/\/www.youtube.com\/embed\/Wq4tyDRhU_4\" width=\"800\" height=\"500\" frameborder=\"0\" allowfullscreen=\"allowfullscreen\"><span data-mce-type=\"bookmark\" style=\"display: inline-block; width: 0px; overflow: hidden; line-height: 0;\" class=\"mce_SELRES_start\">\ufeff<\/span><\/iframe><\/p>\n<p>EBM inaugura dunque <strong>la nuova era di una delle band pi\u00f9 rilevanti,<\/strong> intriganti e durature della scena inglese. \u00a0L\u2019album conferma infatti la tendenza al cambiamento e alla ricerca sonora, a partire dal suo titolo:<strong> EBM infatti non \u00e8 solo l\u2019acronimo di Editors e Blanck Mass<\/strong>, ma anche un riferimento voluto alla <strong>Electronic Body Music,<\/strong> il sound nato negli anni Ottanta e che ha enormemente influenzato il nuovo materiale del gruppo, dove i synth industrial sulla falsariga di gruppi come Nitzer Ebb, Front 242 e D.A.F.<\/p>\n<p>Per la prima volta nella storia degli Editors,<strong> la scrittura dei brani non \u00e8 partita dal frontman Tom Smith,<\/strong>\u00a0\u00e8 stata quindi l&#8217;occasione per mescolare nuovamente le carte e per raggiungere un punto di incontro del tutto inedito fra <strong>l\u2019anima pi\u00f9 pop di un produttore noise<\/strong> e<strong> le radici goth-rock<\/strong> di una band capace di riempire gli stadi.<\/p>\n<p><strong>Indie rock, post punk, new wave, synth pop, canzoni da stadio:<\/strong> la band inglese ha messo insieme tutto questo con personalit\u00e0, in <strong>vent\u2019anni di carriera vissuti sempre ad altissimi livelli<\/strong>.<\/p>\n<p>Non a caso tutti i loro precedenti album sono stati in <strong>Top 10 UK<\/strong>, e due si sono piazzati al #1. Il loro ultimo tour nel 2020 li ha visti esibirsi all\u2019<strong>OVO Arena di Wembley<\/strong> per <strong>il pi\u00f9 grande show da headliner di sempre<\/strong>, dimostrando cos\u00ec quanto il loro pubblico sia sempre stato in costante crescita.<\/p>\n<p>Il segreto della loro longevit\u00e0 \u00e8 proprio la <strong>capacit\u00e0 di evolversi continuamente nel sound<\/strong>, pur rimanendo sempre ben radicati alla loro visione, come hanno dimostrato ancora una volta con EBM.<\/p>\n","protected":false},"excerpt":{"rendered":"<p>L&#8217;amatissima band inglese torna in Italia per tre imperdibili appuntamenti estivi: uno di questi sar\u00e0 sul grande palco in piazza Duomo a Prato<\/p>\n","protected":false},"author":525,"featured_media":281803,"comment_status":"open","ping_status":"open","sticky":false,"template":"","format":"standard","meta":{"_acf_changed":false,"footnotes":""},"categories":[14],"tags":[216,235,399,228,259,3186],"class_list":["post-281792","post","type-post","status-publish","format-standard","has-post-thumbnail","hentry","category-musica","tag-concerti","tag-estate","tag-estate-in-toscana","tag-festival","tag-prato","tag-settembre-prato-e-spettacolo"],"acf":[],"yoast_head":"<!-- This site is optimized with the Yoast SEO Premium plugin v24.2 (Yoast SEO v25.6) - https:\/\/yoast.com\/wordpress\/plugins\/seo\/ -->\n<title>Il 3 settembre gli Editors in concerto al &quot;Settembre Prato \u00e8 Spettacolo&quot; - intoscana<\/title>\n<meta name=\"description\" content=\"La band inglese torna in Italia per tre imperdibili appuntamenti estivi: uno di questi sar\u00e0 sul grande palco in piazza Duomo a Prato\" \/>\n<meta name=\"robots\" content=\"index, follow, max-snippet:-1, max-image-preview:large, max-video-preview:-1\" \/>\n<link rel=\"canonical\" href=\"https:\/\/www.intoscana.it\/it\/il-3-settembre-gli-editors-in-concerto-al-settembre-prato-e-spettacolo\/\" \/>\n<meta property=\"og:locale\" content=\"it_IT\" \/>\n<meta property=\"og:type\" content=\"article\" \/>\n<meta property=\"og:title\" content=\"Il 3 settembre gli Editors in concerto al &quot;Settembre Prato \u00e8 Spettacolo&quot;\" \/>\n<meta property=\"og:description\" content=\"La band inglese torna in Italia per tre imperdibili appuntamenti estivi: uno di questi sar\u00e0 sul grande palco in piazza Duomo a Prato\" \/>\n<meta property=\"og:url\" content=\"https:\/\/www.intoscana.it\/it\/il-3-settembre-gli-editors-in-concerto-al-settembre-prato-e-spettacolo\/\" \/>\n<meta property=\"og:site_name\" content=\"intoscana\" \/>\n<meta property=\"article:publisher\" content=\"https:\/\/www.facebook.com\/intoscana.it\" \/>\n<meta property=\"article:published_time\" content=\"2023-04-13T08:15:58+00:00\" \/>\n<meta property=\"article:modified_time\" content=\"2023-04-13T08:17:59+00:00\" \/>\n<meta property=\"og:image\" content=\"https:\/\/www.intoscana.it\/wp-content\/uploads\/Editors-2-scaled.jpg\" \/>\n\t<meta property=\"og:image:width\" content=\"2048\" \/>\n\t<meta property=\"og:image:height\" content=\"1204\" \/>\n\t<meta property=\"og:image:type\" content=\"image\/jpeg\" \/>\n<meta name=\"author\" content=\"Redazione\" \/>\n<meta name=\"twitter:card\" content=\"summary_large_image\" \/>\n<meta name=\"twitter:creator\" content=\"@intoscana\" \/>\n<meta name=\"twitter:site\" content=\"@intoscana\" \/>\n<meta name=\"twitter:label1\" content=\"Written by\" \/>\n\t<meta name=\"twitter:data1\" content=\"Redazione\" \/>\n\t<meta name=\"twitter:label2\" content=\"Est. reading time\" \/>\n\t<meta name=\"twitter:data2\" content=\"2 minuti\" \/>\n<script type=\"application\/ld+json\" class=\"yoast-schema-graph\">{\"@context\":\"https:\/\/schema.org\",\"@graph\":[{\"@type\":\"WebPage\",\"@id\":\"https:\/\/www.intoscana.it\/it\/il-3-settembre-gli-editors-in-concerto-al-settembre-prato-e-spettacolo\/\",\"url\":\"https:\/\/www.intoscana.it\/it\/il-3-settembre-gli-editors-in-concerto-al-settembre-prato-e-spettacolo\/\",\"name\":\"Il 3 settembre gli Editors in concerto al \\\"Settembre Prato \u00e8 Spettacolo\\\" - intoscana\",\"isPartOf\":{\"@id\":\"https:\/\/www.intoscana.it\/it\/#website\"},\"primaryImageOfPage\":{\"@id\":\"https:\/\/www.intoscana.it\/it\/il-3-settembre-gli-editors-in-concerto-al-settembre-prato-e-spettacolo\/#primaryimage\"},\"image\":{\"@id\":\"https:\/\/www.intoscana.it\/it\/il-3-settembre-gli-editors-in-concerto-al-settembre-prato-e-spettacolo\/#primaryimage\"},\"thumbnailUrl\":\"https:\/\/www.intoscana.it\/wp-content\/uploads\/Editors-2-scaled.jpg\",\"datePublished\":\"2023-04-13T08:15:58+00:00\",\"dateModified\":\"2023-04-13T08:17:59+00:00\",\"author\":{\"@id\":\"https:\/\/www.intoscana.it\/it\/#\/schema\/person\/9223810753230f20bd670fdd322661f8\"},\"description\":\"La band inglese torna in Italia per tre imperdibili appuntamenti estivi: uno di questi sar\u00e0 sul grande palco in piazza Duomo a Prato\",\"breadcrumb\":{\"@id\":\"https:\/\/www.intoscana.it\/it\/il-3-settembre-gli-editors-in-concerto-al-settembre-prato-e-spettacolo\/#breadcrumb\"},\"inLanguage\":\"it-IT\",\"potentialAction\":[{\"@type\":\"ReadAction\",\"target\":[\"https:\/\/www.intoscana.it\/it\/il-3-settembre-gli-editors-in-concerto-al-settembre-prato-e-spettacolo\/\"]}]},{\"@type\":\"ImageObject\",\"inLanguage\":\"it-IT\",\"@id\":\"https:\/\/www.intoscana.it\/it\/il-3-settembre-gli-editors-in-concerto-al-settembre-prato-e-spettacolo\/#primaryimage\",\"url\":\"https:\/\/www.intoscana.it\/wp-content\/uploads\/Editors-2-scaled.jpg\",\"contentUrl\":\"https:\/\/www.intoscana.it\/wp-content\/uploads\/Editors-2-scaled.jpg\",\"width\":2048,\"height\":1204},{\"@type\":\"BreadcrumbList\",\"@id\":\"https:\/\/www.intoscana.it\/it\/il-3-settembre-gli-editors-in-concerto-al-settembre-prato-e-spettacolo\/#breadcrumb\",\"itemListElement\":[{\"@type\":\"ListItem\",\"position\":1,\"name\":\"Home\",\"item\":\"https:\/\/www.intoscana.it\/it\/\"},{\"@type\":\"ListItem\",\"position\":2,\"name\":\"Il 3 settembre gli Editors in concerto al &#8220;Settembre Prato \u00e8 Spettacolo&#8221;\"}]},{\"@type\":\"WebSite\",\"@id\":\"https:\/\/www.intoscana.it\/it\/#website\",\"url\":\"https:\/\/www.intoscana.it\/it\/\",\"name\":\"intoscana\",\"description\":\"\",\"potentialAction\":[{\"@type\":\"SearchAction\",\"target\":{\"@type\":\"EntryPoint\",\"urlTemplate\":\"https:\/\/www.intoscana.it\/it\/?s={search_term_string}\"},\"query-input\":{\"@type\":\"PropertyValueSpecification\",\"valueRequired\":true,\"valueName\":\"search_term_string\"}}],\"inLanguage\":\"it-IT\"},{\"@type\":\"Person\",\"@id\":\"https:\/\/www.intoscana.it\/it\/#\/schema\/person\/9223810753230f20bd670fdd322661f8\",\"name\":\"Redazione\",\"url\":\"https:\/\/www.intoscana.it\/it\/author\/redazione\/\"}]}<\/script>\n<!-- \/ Yoast SEO Premium plugin. -->","yoast_head_json":{"title":"Il 3 settembre gli Editors in concerto al \"Settembre Prato \u00e8 Spettacolo\" - intoscana","description":"La band inglese torna in Italia per tre imperdibili appuntamenti estivi: uno di questi sar\u00e0 sul grande palco in piazza Duomo a Prato","robots":{"index":"index","follow":"follow","max-snippet":"max-snippet:-1","max-image-preview":"max-image-preview:large","max-video-preview":"max-video-preview:-1"},"canonical":"https:\/\/www.intoscana.it\/it\/il-3-settembre-gli-editors-in-concerto-al-settembre-prato-e-spettacolo\/","og_locale":"it_IT","og_type":"article","og_title":"Il 3 settembre gli Editors in concerto al \"Settembre Prato \u00e8 Spettacolo\"","og_description":"La band inglese torna in Italia per tre imperdibili appuntamenti estivi: uno di questi sar\u00e0 sul grande palco in piazza Duomo a Prato","og_url":"https:\/\/www.intoscana.it\/it\/il-3-settembre-gli-editors-in-concerto-al-settembre-prato-e-spettacolo\/","og_site_name":"intoscana","article_publisher":"https:\/\/www.facebook.com\/intoscana.it","article_published_time":"2023-04-13T08:15:58+00:00","article_modified_time":"2023-04-13T08:17:59+00:00","og_image":[{"width":2048,"height":1204,"url":"https:\/\/www.intoscana.it\/wp-content\/uploads\/Editors-2-scaled.jpg","type":"image\/jpeg"}],"author":"Redazione","twitter_card":"summary_large_image","twitter_creator":"@intoscana","twitter_site":"@intoscana","twitter_misc":{"Written by":"Redazione","Est. reading time":"2 minuti"},"schema":{"@context":"https:\/\/schema.org","@graph":[{"@type":"WebPage","@id":"https:\/\/www.intoscana.it\/it\/il-3-settembre-gli-editors-in-concerto-al-settembre-prato-e-spettacolo\/","url":"https:\/\/www.intoscana.it\/it\/il-3-settembre-gli-editors-in-concerto-al-settembre-prato-e-spettacolo\/","name":"Il 3 settembre gli Editors in concerto al \"Settembre Prato \u00e8 Spettacolo\" - intoscana","isPartOf":{"@id":"https:\/\/www.intoscana.it\/it\/#website"},"primaryImageOfPage":{"@id":"https:\/\/www.intoscana.it\/it\/il-3-settembre-gli-editors-in-concerto-al-settembre-prato-e-spettacolo\/#primaryimage"},"image":{"@id":"https:\/\/www.intoscana.it\/it\/il-3-settembre-gli-editors-in-concerto-al-settembre-prato-e-spettacolo\/#primaryimage"},"thumbnailUrl":"https:\/\/www.intoscana.it\/wp-content\/uploads\/Editors-2-scaled.jpg","datePublished":"2023-04-13T08:15:58+00:00","dateModified":"2023-04-13T08:17:59+00:00","author":{"@id":"https:\/\/www.intoscana.it\/it\/#\/schema\/person\/9223810753230f20bd670fdd322661f8"},"description":"La band inglese torna in Italia per tre imperdibili appuntamenti estivi: uno di questi sar\u00e0 sul grande palco in piazza Duomo a Prato","breadcrumb":{"@id":"https:\/\/www.intoscana.it\/it\/il-3-settembre-gli-editors-in-concerto-al-settembre-prato-e-spettacolo\/#breadcrumb"},"inLanguage":"it-IT","potentialAction":[{"@type":"ReadAction","target":["https:\/\/www.intoscana.it\/it\/il-3-settembre-gli-editors-in-concerto-al-settembre-prato-e-spettacolo\/"]}]},{"@type":"ImageObject","inLanguage":"it-IT","@id":"https:\/\/www.intoscana.it\/it\/il-3-settembre-gli-editors-in-concerto-al-settembre-prato-e-spettacolo\/#primaryimage","url":"https:\/\/www.intoscana.it\/wp-content\/uploads\/Editors-2-scaled.jpg","contentUrl":"https:\/\/www.intoscana.it\/wp-content\/uploads\/Editors-2-scaled.jpg","width":2048,"height":1204},{"@type":"BreadcrumbList","@id":"https:\/\/www.intoscana.it\/it\/il-3-settembre-gli-editors-in-concerto-al-settembre-prato-e-spettacolo\/#breadcrumb","itemListElement":[{"@type":"ListItem","position":1,"name":"Home","item":"https:\/\/www.intoscana.it\/it\/"},{"@type":"ListItem","position":2,"name":"Il 3 settembre gli Editors in concerto al &#8220;Settembre Prato \u00e8 Spettacolo&#8221;"}]},{"@type":"WebSite","@id":"https:\/\/www.intoscana.it\/it\/#website","url":"https:\/\/www.intoscana.it\/it\/","name":"intoscana","description":"","potentialAction":[{"@type":"SearchAction","target":{"@type":"EntryPoint","urlTemplate":"https:\/\/www.intoscana.it\/it\/?s={search_term_string}"},"query-input":{"@type":"PropertyValueSpecification","valueRequired":true,"valueName":"search_term_string"}}],"inLanguage":"it-IT"},{"@type":"Person","@id":"https:\/\/www.intoscana.it\/it\/#\/schema\/person\/9223810753230f20bd670fdd322661f8","name":"Redazione","url":"https:\/\/www.intoscana.it\/it\/author\/redazione\/"}]}},"_links":{"self":[{"href":"https:\/\/www.intoscana.it\/it\/wp-json\/wp\/v2\/posts\/281792","targetHints":{"allow":["GET"]}}],"collection":[{"href":"https:\/\/www.intoscana.it\/it\/wp-json\/wp\/v2\/posts"}],"about":[{"href":"https:\/\/www.intoscana.it\/it\/wp-json\/wp\/v2\/types\/post"}],"author":[{"embeddable":true,"href":"https:\/\/www.intoscana.it\/it\/wp-json\/wp\/v2\/users\/525"}],"replies":[{"embeddable":true,"href":"https:\/\/www.intoscana.it\/it\/wp-json\/wp\/v2\/comments?post=281792"}],"version-history":[{"count":0,"href":"https:\/\/www.intoscana.it\/it\/wp-json\/wp\/v2\/posts\/281792\/revisions"}],"wp:featuredmedia":[{"embeddable":true,"href":"https:\/\/www.intoscana.it\/it\/wp-json\/wp\/v2\/media\/281803"}],"wp:attachment":[{"href":"https:\/\/www.intoscana.it\/it\/wp-json\/wp\/v2\/media?parent=281792"}],"wp:term":[{"taxonomy":"category","embeddable":true,"href":"https:\/\/www.intoscana.it\/it\/wp-json\/wp\/v2\/categories?post=281792"},{"taxonomy":"post_tag","embeddable":true,"href":"https:\/\/www.intoscana.it\/it\/wp-json\/wp\/v2\/tags?post=281792"}],"curies":[{"name":"wp","href":"https:\/\/api.w.org\/{rel}","templated":true}]}}