{"id":281812,"date":"2023-04-13T10:52:18","date_gmt":"2023-04-13T08:52:18","guid":{"rendered":"https:\/\/www.intoscana.it\/it\/?p=281812"},"modified":"2023-04-18T16:29:43","modified_gmt":"2023-04-18T14:29:43","slug":"giovanisi-tour-scuole-toscane","status":"publish","type":"post","link":"https:\/\/www.intoscana.it\/it\/giovanisi-tour-scuole-toscane\/","title":{"rendered":"Giovanis\u00ec in tour nelle scuole toscane, per far scoprire agli studenti le opportunit\u00e0 della Regione"},"content":{"rendered":"<p>Far conoscere alle ragazze e ai ragazzi le opportunit\u00e0 che la Regione offre con il progetto per l\u2019autonomia delle nuove generazioni: \u00e8 questo l&#8217;obiettivo di <strong>&#8220;Giovanis\u00ec in tour&#8221;,<\/strong> il camper che ripartir\u00e0 per un nuovo e lungo viaggio che toccher\u00e0 le scuole di tutte le province della Toscana. Durante gli incontri, il team a bordo del camper racconter\u00e0 a migliaia di studenti toscani, anche con modalit\u00e0 innovative e multimediali, <mark>informazioni utili per orientarsi nel mondo del lavoro, della formazione e dell\u2019imprenditoria.<\/mark><\/p>\n<p>Il tour nasce come format informativo organizzato dalla Presidenza della Regione Toscana e Giovanis\u00ec, con il coordinamento del portavoce del presidente della Regione, con delega alle politiche giovanili, ed \u00e8 finanziato dalla Presidenza del Consiglio dei Ministri (Dipartimento per le Politiche Giovanili e il Servizio civile universale).<\/p>\n<h3>In viaggio per il tuo presente<\/h3>\n<p>All\u2019insegna del claim \u201cIn viaggio per il tuo presente\u201d, saranno decine le tappe che prenderanno il via dall\u2019<strong>I.S.I.S. Sismondi-Pacinotti di Pescia<\/strong> e si snoderanno fino alla prima met\u00e0 del 2024 (la partecipazione \u00e8 rivolta esclusivamente alle classi coinvolte dagli istituti). Come messaggio ispiratore dell\u2019intero viaggio, sul camper spiccher\u00e0 il celebre <strong>\u201cI care\u201d di Don Lorenzo Milani,<\/strong> <a href=\"https:\/\/www.intoscana.it\/it\/articolo\/don-milani-la-toscana-lo-ricorda-a-100-anni-dalla-nascita\/\" target=\"_blank\" rel=\"noopener\">a cento anni dalla nascita del priore di Barbiana.<\/a><\/p>\n<p>Giovanis\u00ec \u00e8 una delle migliori buone prassi per le politiche giovanili a livello europeo, che <mark>dal 2011 ad oggi ha investito oltre 1,4 miliardi di euro di risorse regionali nazionali e europee.<\/mark> Pi\u00f9 di 70 opportunit\u00e0 legate al diritto allo studio, alla formazione e al sostegno a percorsi per l\u2019inserimento nel mondo del lavoro che hanno permesso di raggiungere oltre <strong>470.000 beneficiari<\/strong>\u00a0under 40.<\/p>\n<p>Il presidente della Regione spiega che sta per iniziare un nuovo viaggio del camper per dimostrare ancora una volta quanto per la Regione sia importante puntare sui giovani, investendo su progetti che li vedono protagonisti, su spazi e iniziative per avvicinarli al mondo del lavoro e alla cittadinanza attiva e responsabile.<\/p>\n<p>Dal portavoce del presidente arriva un\u2019ulteriore sottolineatura degli obiettivi del tour, ovvero raccontare a ragazze e ragazzi, anche con modalit\u00e0 dinamiche e interattive, che <strong>la Toscana<\/strong> \u00e8 una terra che offre ad ognuno la possibilit\u00e0 di realizzarsi, attraverso la promozione del <strong>protagonismo giovanile<\/strong> e interventi specifici volti a favorire l\u2019autonomia. Secondo il portavoce, una comunit\u00e0 giovanile in movimento crea energie positive che una Regione come la Toscana non deve lasciare che siano sprecate.<\/p>\n<h3>Scoprire le opportunit\u00e0 di Giovanis\u00ec<\/h3>\n<p>Il team in viaggio sar\u00e0 composto anche da formatori che aiuteranno studentesse e studenti a scoprire le opportunit\u00e0 di Giovanis\u00ec. Avranno un ruolo di primo piano, inoltre, le esperienze dei beneficiari. Ogni tappa sar\u00e0 suddivisa in pi\u00f9 slot dalla durata di circa\u00a015-20 minuti che coinvolgeranno <strong>pi\u00f9 classi<\/strong> contemporaneamente.<\/p>\n<p>Il format prevede inoltre uno scambio di idee con gli studenti per raccogliere le loro proposte per la Toscana e incentivare la partecipazione attiva alla vita democratica. I nuovi appuntamenti di \u201cGiovanis\u00ec in tour\u201d nascono anche grazie al dialogo avviato durante il percorso partecipativo che lo scorso anno ha coinvolto oltre 500 rappresentanti degli studenti e delle studentesse da oltre<strong> 160 scuole superiori<\/strong> toscane. Il percorso vede la collaborazione di\u00a0\u00a0Fondazione Sistema Toscana, Upi Toscana e Anci Toscana.<\/p>\n","protected":false},"excerpt":{"rendered":"<p>Il camper toccher\u00e0 gli istituti di tutte le province toscane per raccontare tutte le possibilit\u00e0 offerte dal progetto per l&#8217;autonomia dei giovani, utili per orientarsi nel mondo dell&#8217;istruzione e del lavoro<\/p>\n","protected":false},"author":525,"featured_media":281815,"comment_status":"open","ping_status":"open","sticky":false,"template":"","format":"standard","meta":{"_acf_changed":false,"footnotes":""},"categories":[494],"tags":[244,151,212],"class_list":["post-281812","post","type-post","status-publish","format-standard","has-post-thumbnail","hentry","category-attualita","tag-giovanisi","tag-regione-toscana","tag-scuola"],"acf":[],"yoast_head":"<!-- This site is optimized with the Yoast SEO Premium plugin v24.2 (Yoast SEO v25.6) - https:\/\/yoast.com\/wordpress\/plugins\/seo\/ -->\n<title>Giovanis\u00ec in tour nelle scuole toscane, per far scoprire agli studenti le opportunit\u00e0 della Regione - intoscana<\/title>\n<meta name=\"description\" content=\"Torna &quot;Giovanis\u00ec in tour&quot; il viaggio in camper nelle scuole della Toscana per raccontare agli studenti le opportunit\u00e0 del progetto regionale.\" \/>\n<meta name=\"robots\" content=\"index, follow, max-snippet:-1, max-image-preview:large, max-video-preview:-1\" \/>\n<link rel=\"canonical\" href=\"https:\/\/www.intoscana.it\/it\/giovanisi-tour-scuole-toscane\/\" \/>\n<meta property=\"og:locale\" content=\"it_IT\" \/>\n<meta property=\"og:type\" content=\"article\" \/>\n<meta property=\"og:title\" content=\"Giovanis\u00ec in tour nelle scuole toscane, per far scoprire agli studenti le opportunit\u00e0 della Regione\" \/>\n<meta property=\"og:description\" content=\"Torna &quot;Giovanis\u00ec in tour&quot; il viaggio in camper nelle scuole della Toscana per raccontare agli studenti le opportunit\u00e0 del progetto regionale.\" \/>\n<meta property=\"og:url\" content=\"https:\/\/www.intoscana.it\/it\/giovanisi-tour-scuole-toscane\/\" \/>\n<meta property=\"og:site_name\" content=\"intoscana\" \/>\n<meta property=\"article:publisher\" content=\"https:\/\/www.facebook.com\/intoscana.it\" \/>\n<meta property=\"article:published_time\" content=\"2023-04-13T08:52:18+00:00\" \/>\n<meta property=\"article:modified_time\" content=\"2023-04-18T14:29:43+00:00\" \/>\n<meta property=\"og:image\" content=\"https:\/\/www.intoscana.it\/wp-content\/uploads\/camperGsi\u0300tour.jpeg\" \/>\n\t<meta property=\"og:image:width\" content=\"1024\" \/>\n\t<meta property=\"og:image:height\" content=\"768\" \/>\n\t<meta property=\"og:image:type\" content=\"image\/jpeg\" \/>\n<meta name=\"author\" content=\"Redazione\" \/>\n<meta name=\"twitter:card\" content=\"summary_large_image\" \/>\n<meta name=\"twitter:creator\" content=\"@intoscana\" \/>\n<meta name=\"twitter:site\" content=\"@intoscana\" \/>\n<meta name=\"twitter:label1\" content=\"Written by\" \/>\n\t<meta name=\"twitter:data1\" content=\"Redazione\" \/>\n\t<meta name=\"twitter:label2\" content=\"Est. reading time\" \/>\n\t<meta name=\"twitter:data2\" content=\"3 minuti\" \/>\n<script type=\"application\/ld+json\" class=\"yoast-schema-graph\">{\"@context\":\"https:\/\/schema.org\",\"@graph\":[{\"@type\":\"WebPage\",\"@id\":\"https:\/\/www.intoscana.it\/it\/giovanisi-tour-scuole-toscane\/\",\"url\":\"https:\/\/www.intoscana.it\/it\/giovanisi-tour-scuole-toscane\/\",\"name\":\"Giovanis\u00ec in tour nelle scuole toscane, per far scoprire agli studenti le opportunit\u00e0 della Regione - intoscana\",\"isPartOf\":{\"@id\":\"https:\/\/www.intoscana.it\/it\/#website\"},\"primaryImageOfPage\":{\"@id\":\"https:\/\/www.intoscana.it\/it\/giovanisi-tour-scuole-toscane\/#primaryimage\"},\"image\":{\"@id\":\"https:\/\/www.intoscana.it\/it\/giovanisi-tour-scuole-toscane\/#primaryimage\"},\"thumbnailUrl\":\"https:\/\/www.intoscana.it\/wp-content\/uploads\/camperGsi\u0300tour.jpeg\",\"datePublished\":\"2023-04-13T08:52:18+00:00\",\"dateModified\":\"2023-04-18T14:29:43+00:00\",\"author\":{\"@id\":\"https:\/\/www.intoscana.it\/it\/#\/schema\/person\/9223810753230f20bd670fdd322661f8\"},\"description\":\"Torna \\\"Giovanis\u00ec in tour\\\" il viaggio in camper nelle scuole della Toscana per raccontare agli studenti le opportunit\u00e0 del progetto regionale.\",\"breadcrumb\":{\"@id\":\"https:\/\/www.intoscana.it\/it\/giovanisi-tour-scuole-toscane\/#breadcrumb\"},\"inLanguage\":\"it-IT\",\"potentialAction\":[{\"@type\":\"ReadAction\",\"target\":[\"https:\/\/www.intoscana.it\/it\/giovanisi-tour-scuole-toscane\/\"]}]},{\"@type\":\"ImageObject\",\"inLanguage\":\"it-IT\",\"@id\":\"https:\/\/www.intoscana.it\/it\/giovanisi-tour-scuole-toscane\/#primaryimage\",\"url\":\"https:\/\/www.intoscana.it\/wp-content\/uploads\/camperGsi\u0300tour.jpeg\",\"contentUrl\":\"https:\/\/www.intoscana.it\/wp-content\/uploads\/camperGsi\u0300tour.jpeg\",\"width\":1024,\"height\":768,\"caption\":\"Il camper per il tour di Giovanis\u00ec\"},{\"@type\":\"BreadcrumbList\",\"@id\":\"https:\/\/www.intoscana.it\/it\/giovanisi-tour-scuole-toscane\/#breadcrumb\",\"itemListElement\":[{\"@type\":\"ListItem\",\"position\":1,\"name\":\"Home\",\"item\":\"https:\/\/www.intoscana.it\/it\/\"},{\"@type\":\"ListItem\",\"position\":2,\"name\":\"Giovanis\u00ec in tour nelle scuole toscane, per far scoprire agli studenti le opportunit\u00e0 della Regione\"}]},{\"@type\":\"WebSite\",\"@id\":\"https:\/\/www.intoscana.it\/it\/#website\",\"url\":\"https:\/\/www.intoscana.it\/it\/\",\"name\":\"intoscana\",\"description\":\"\",\"potentialAction\":[{\"@type\":\"SearchAction\",\"target\":{\"@type\":\"EntryPoint\",\"urlTemplate\":\"https:\/\/www.intoscana.it\/it\/?s={search_term_string}\"},\"query-input\":{\"@type\":\"PropertyValueSpecification\",\"valueRequired\":true,\"valueName\":\"search_term_string\"}}],\"inLanguage\":\"it-IT\"},{\"@type\":\"Person\",\"@id\":\"https:\/\/www.intoscana.it\/it\/#\/schema\/person\/9223810753230f20bd670fdd322661f8\",\"name\":\"Redazione\",\"url\":\"https:\/\/www.intoscana.it\/it\/author\/redazione\/\"}]}<\/script>\n<!-- \/ Yoast SEO Premium plugin. -->","yoast_head_json":{"title":"Giovanis\u00ec in tour nelle scuole toscane, per far scoprire agli studenti le opportunit\u00e0 della Regione - intoscana","description":"Torna \"Giovanis\u00ec in tour\" il viaggio in camper nelle scuole della Toscana per raccontare agli studenti le opportunit\u00e0 del progetto regionale.","robots":{"index":"index","follow":"follow","max-snippet":"max-snippet:-1","max-image-preview":"max-image-preview:large","max-video-preview":"max-video-preview:-1"},"canonical":"https:\/\/www.intoscana.it\/it\/giovanisi-tour-scuole-toscane\/","og_locale":"it_IT","og_type":"article","og_title":"Giovanis\u00ec in tour nelle scuole toscane, per far scoprire agli studenti le opportunit\u00e0 della Regione","og_description":"Torna \"Giovanis\u00ec in tour\" il viaggio in camper nelle scuole della Toscana per raccontare agli studenti le opportunit\u00e0 del progetto regionale.","og_url":"https:\/\/www.intoscana.it\/it\/giovanisi-tour-scuole-toscane\/","og_site_name":"intoscana","article_publisher":"https:\/\/www.facebook.com\/intoscana.it","article_published_time":"2023-04-13T08:52:18+00:00","article_modified_time":"2023-04-18T14:29:43+00:00","og_image":[{"width":1024,"height":768,"url":"https:\/\/www.intoscana.it\/wp-content\/uploads\/camperGsi\u0300tour.jpeg","type":"image\/jpeg"}],"author":"Redazione","twitter_card":"summary_large_image","twitter_creator":"@intoscana","twitter_site":"@intoscana","twitter_misc":{"Written by":"Redazione","Est. reading time":"3 minuti"},"schema":{"@context":"https:\/\/schema.org","@graph":[{"@type":"WebPage","@id":"https:\/\/www.intoscana.it\/it\/giovanisi-tour-scuole-toscane\/","url":"https:\/\/www.intoscana.it\/it\/giovanisi-tour-scuole-toscane\/","name":"Giovanis\u00ec in tour nelle scuole toscane, per far scoprire agli studenti le opportunit\u00e0 della Regione - intoscana","isPartOf":{"@id":"https:\/\/www.intoscana.it\/it\/#website"},"primaryImageOfPage":{"@id":"https:\/\/www.intoscana.it\/it\/giovanisi-tour-scuole-toscane\/#primaryimage"},"image":{"@id":"https:\/\/www.intoscana.it\/it\/giovanisi-tour-scuole-toscane\/#primaryimage"},"thumbnailUrl":"https:\/\/www.intoscana.it\/wp-content\/uploads\/camperGsi\u0300tour.jpeg","datePublished":"2023-04-13T08:52:18+00:00","dateModified":"2023-04-18T14:29:43+00:00","author":{"@id":"https:\/\/www.intoscana.it\/it\/#\/schema\/person\/9223810753230f20bd670fdd322661f8"},"description":"Torna \"Giovanis\u00ec in tour\" il viaggio in camper nelle scuole della Toscana per raccontare agli studenti le opportunit\u00e0 del progetto regionale.","breadcrumb":{"@id":"https:\/\/www.intoscana.it\/it\/giovanisi-tour-scuole-toscane\/#breadcrumb"},"inLanguage":"it-IT","potentialAction":[{"@type":"ReadAction","target":["https:\/\/www.intoscana.it\/it\/giovanisi-tour-scuole-toscane\/"]}]},{"@type":"ImageObject","inLanguage":"it-IT","@id":"https:\/\/www.intoscana.it\/it\/giovanisi-tour-scuole-toscane\/#primaryimage","url":"https:\/\/www.intoscana.it\/wp-content\/uploads\/camperGsi\u0300tour.jpeg","contentUrl":"https:\/\/www.intoscana.it\/wp-content\/uploads\/camperGsi\u0300tour.jpeg","width":1024,"height":768,"caption":"Il camper per il tour di Giovanis\u00ec"},{"@type":"BreadcrumbList","@id":"https:\/\/www.intoscana.it\/it\/giovanisi-tour-scuole-toscane\/#breadcrumb","itemListElement":[{"@type":"ListItem","position":1,"name":"Home","item":"https:\/\/www.intoscana.it\/it\/"},{"@type":"ListItem","position":2,"name":"Giovanis\u00ec in tour nelle scuole toscane, per far scoprire agli studenti le opportunit\u00e0 della Regione"}]},{"@type":"WebSite","@id":"https:\/\/www.intoscana.it\/it\/#website","url":"https:\/\/www.intoscana.it\/it\/","name":"intoscana","description":"","potentialAction":[{"@type":"SearchAction","target":{"@type":"EntryPoint","urlTemplate":"https:\/\/www.intoscana.it\/it\/?s={search_term_string}"},"query-input":{"@type":"PropertyValueSpecification","valueRequired":true,"valueName":"search_term_string"}}],"inLanguage":"it-IT"},{"@type":"Person","@id":"https:\/\/www.intoscana.it\/it\/#\/schema\/person\/9223810753230f20bd670fdd322661f8","name":"Redazione","url":"https:\/\/www.intoscana.it\/it\/author\/redazione\/"}]}},"_links":{"self":[{"href":"https:\/\/www.intoscana.it\/it\/wp-json\/wp\/v2\/posts\/281812","targetHints":{"allow":["GET"]}}],"collection":[{"href":"https:\/\/www.intoscana.it\/it\/wp-json\/wp\/v2\/posts"}],"about":[{"href":"https:\/\/www.intoscana.it\/it\/wp-json\/wp\/v2\/types\/post"}],"author":[{"embeddable":true,"href":"https:\/\/www.intoscana.it\/it\/wp-json\/wp\/v2\/users\/525"}],"replies":[{"embeddable":true,"href":"https:\/\/www.intoscana.it\/it\/wp-json\/wp\/v2\/comments?post=281812"}],"version-history":[{"count":0,"href":"https:\/\/www.intoscana.it\/it\/wp-json\/wp\/v2\/posts\/281812\/revisions"}],"wp:featuredmedia":[{"embeddable":true,"href":"https:\/\/www.intoscana.it\/it\/wp-json\/wp\/v2\/media\/281815"}],"wp:attachment":[{"href":"https:\/\/www.intoscana.it\/it\/wp-json\/wp\/v2\/media?parent=281812"}],"wp:term":[{"taxonomy":"category","embeddable":true,"href":"https:\/\/www.intoscana.it\/it\/wp-json\/wp\/v2\/categories?post=281812"},{"taxonomy":"post_tag","embeddable":true,"href":"https:\/\/www.intoscana.it\/it\/wp-json\/wp\/v2\/tags?post=281812"}],"curies":[{"name":"wp","href":"https:\/\/api.w.org\/{rel}","templated":true}]}}