{"id":281960,"date":"2023-04-13T17:20:17","date_gmt":"2023-04-13T15:20:17","guid":{"rendered":"https:\/\/www.intoscana.it\/it\/?p=281960"},"modified":"2023-04-13T17:21:48","modified_gmt":"2023-04-13T15:21:48","slug":"gonfalone-dargento-alla-compagnia-della-fortezza-aspettando-il-teatro","status":"publish","type":"post","link":"https:\/\/www.intoscana.it\/it\/gonfalone-dargento-alla-compagnia-della-fortezza-aspettando-il-teatro\/","title":{"rendered":"Gonfalone d&#8217;argento alla Compagnia della Fortezza, aspettando il teatro"},"content":{"rendered":"<p>La <strong>Compagnia della Fortezza<\/strong> \u00e8 tra le eccellenze del panorama teatrale contemporaneo internazionale. Il suo direttore artistico<strong> Armando Punzo<\/strong> ha ottenuto il leone d&#8217;oro alla carriera alla <strong>Biennale di Venezia Teatro 2023<\/strong>.<\/p>\n<p>Ora arriva il <strong>Gonfalone d&#8217;argento<\/strong>, la pi\u00f9 alta onorificenza dell\u2019Assemblea legislativa toscana, consegnato dal presidente del Consiglio regionale, <strong>Antonio Mazzeo<\/strong>. <mark>Aspettando la costruzione del teatro all&#8217;interno del carcere per cui \u00e8 stato presentato il progetto<\/mark>.<\/p>\n<h3>Il Gonfalone d&#8217;argento a Punzo &amp; co.<\/h3>\n<p>Il riconoscimento \u00e8 stato ritirato in maniera corale da <strong>Armando Punzo<\/strong>, regista e fondatore della Compagnia della Fortezza,\u00a0<strong>Cinzia de Felice<\/strong>, direttrice organizzativa e curatrice dei progetti della Compagnia della Fortezza dal 1992,\u00a0<strong>Andrea Salvadori<\/strong>, musicista e compositore delle musiche di scena della Compagnia della Fortezza dal 2009, e da\u00a0<strong>Paul Kocian<\/strong>\u00a0e\u00a0<strong>Lucio Di Iorio<\/strong>, attori detenuti della Compagnia. Era presente\u00a0<strong>Dario Danti<\/strong>, assessore alle Culture del Comune di Volterra.<\/p>\n<h3>Mazzeo: &#8220;Carcere, luogo di rieducazione&#8221;<\/h3>\n<p>\u201c<em>Il grado di civilt\u00e0 di un Paese si misura osservando la condizione delle sue carceri. Il carcere deve essere un luogo di rieducazione alla vita sociale e civile, proprio come prescrive la nostra Carta Costituzionale<\/em> \u2013 ha detto\u00a0<strong>Antonio Mazzeo<\/strong> presidente del Consiglio regionale \u2013 <em>Tutto questo \u00e8 la Compagnia della Fortezza, che ha dimostrato come l\u2019arte e la cultura possano rappresentare un potente strumento per la costruzione di una societ\u00e0 pi\u00f9 inclusiva e solidale<\/em>&#8220;.<\/p>\n<figure id=\"post-281978 media-281978\" class=\"align-none\"><img decoding=\"async\" src=\"https:\/\/www.intoscana.it\/wp-content\/uploads\/Gonfalone-compagnia-della-Fortezza-13-aprile-2023-27.jpeg\" alt=\"\" \/><\/figure>\n<div class=\"titleimg\"><\/div>\n<h3>La Compagnia della Fortezza: un modello<\/h3>\n<p>La <strong>Compagnia della Fortezza<\/strong> nasce nel 1988 nel carcere di Volterra e oggi \u00e8 apprezzata per il rigore della <strong>sperimentazione registica e drammaturgica<\/strong>. L\u2019assiduit\u00e0 e la continuit\u00e0 del lavoro svolto con i detenuti \u00e8 da sempre una delle caratteristiche della Compagnia, che \u00e8 diventata un modello artistico e culturale innovativo a livello mondiale.<\/p>\n<p>\u201c<em>L\u2019esperienza maturata nel carcere di Volterra dice molto sul modo di procedere della Regione Toscana<\/em> \u2013 ha detto il regista\u00a0<strong>Armando Punzo\u00a0<\/strong>\u2013 <em>e sulla sensibilit\u00e0 che possiede su queste tematiche. In 35 anni di lavoro abbiamo trasformato l\u2019istituto di pena di Volterra in un luogo di cultura e un esempio a livello nazionale per quanto riguarda il teatro e le attivit\u00e0 trattamentali. Un viaggio affascinante nella creativit\u00e0 che diventa un modello da seguire in Italia e all\u2019estero&#8221;.<\/em><\/p>\n<h3>Aspettando la realizzazione del teatro<\/h3>\n<p>Ora l&#8217;attenzione \u00e8 tutta rivolta alla costruzione del teatro all&#8217;interno del carcere di Volterra. &#8220;<em>Questo \u00e8 il progetto madre, all&#8217;interno di questo continuiamo a produrre nuovi lavori: in estate, a luglio, presenteremo il primo studio del nuovo lavoro. E stiamo cercando di capire come fare a diventare sempre di pi\u00f9 un centro di formazione professionale per i mestieri del teatro. Per noi adesso \u00e8 la cosa fondamentale<\/em>&#8221; ha detto <strong>Armando Punzo<\/strong>.<\/p>\n<p>&#8220;<em>L&#8217;architetto Mario Cucinella<\/em> &#8211; ha poi aggiunto Punzo parlando della realizzazione del teatro all&#8217;interno del carcere &#8211; <em>ha presentato il 7 aprile il progetto di fattibilit\u00e0, quindi ora ci sono tutti gli step successivi. Se non ci sono problemi si dovrebbe pensare di iniziare i lavori nel 2024&#8243;<\/em>.<\/p>\n<figure id=\"post-278890 media-278890\" class=\"align-none\"><img decoding=\"async\" src=\"https:\/\/www.intoscana.it\/wp-content\/uploads\/1.-COMPAGNIA-DELLA-FORTEZZA-_-Il-filgio-della-tempesta-_-ph.-Nico-Rossi.jpg\" alt=\"\" \/><\/figure>\n<div class=\"titleimg\">La Compagnia della Fortezza: Il figlio della tempesta &#8211; \u00a9 Nico Rossi<\/div>\n<h3>Giachi: &#8220;Avanti con il nuovo teatro&#8221;<\/h3>\n<p>\u201c<em>Una giornata molto importante<\/em> \u2013 secondo\u00a0<strong>Cristina Giachi\u00a0<\/strong>presidente Commissione Cultura del Consiglio regionale \u2013 <em>Il teatro di Volterra \u00e8 un modello da imitare negli altri istituti di pena e in questo senso la Toscana \u00e8 un esempio virtuoso di crescita culturale ed umana. Siamo vicini all\u2019esperienza della Compagnia della Fortezza e accompagneremo anche i passi successivi che prevedono la creazione di un teatro stabile all\u2019interno dell\u2019istituto&#8221;<\/em>.<\/p>\n<h3>Danti: &#8220;Un sogno che diventa realt\u00e0&#8221;<\/h3>\n<p>\u201c<em>Un ulteriore riconoscimento importante che ci viene attribuito dalla Regione Toscana<\/em> \u2013 ha detto\u00a0<strong>Dario Danti\u00a0<\/strong>assessore alle Culture del Comune di Volterra \u2013 <em>e che testimonia la bont\u00e0 di un lavoro e il nostro impegno costante a sostenere questa esperienza innovativa. A questi premi si affianca l\u2019avvio del processo di costruzione di un teatro stabile all\u2019interno del carcere, un sogno che diventa realt\u00e0\u201d.<\/em><\/p>\n<h3>De Felice: &#8220;Un carcere aperto all&#8217;esterno&#8221;<\/h3>\n<p>\u201c<em>Un lavoro importante di progettazione e formazione maturato in questi anni<\/em> \u2013 ha detto\u00a0<strong>Cinzia De Felice<\/strong>\u00a0direttore organizzativo della Compagnia della Fortezza \u2013 <em>che ha permesso di sostenere al meglio gli sforzi portati avanti dal regista Punzo. Il nostro lavoro si \u00e8 svolto molto anche sul territorio per realizzare un carcere sempre pi\u00f9 aperto al mondo esterno. Vorrei anche sottolineare la grande disponibilit\u00e0 dimostrata dai detenuti ad aderire alle nostre proposte e ai nostri progetti&#8221;.<\/em><\/p>\n<p>Erano presenti\u00a0<strong>Pierpaolo D\u2019Andria<\/strong>, provveditore\u00a0regionale\u00a0dell\u2019amministrazione penitenziaria<strong>\u00a0Maria Grazia Giampiccolo<\/strong>, direttrice del carcere di Volterra,\u00a0<strong>Rinaldo Merani<\/strong>, magistrato di sorveglianza di Pisa. Hanno partecipato i consiglieri\u00a0<strong>Luciana Bartolini<\/strong>,\u00a0<strong>Fausto Merlotti<\/strong>,\u00a0<strong>Andrea Pieroni<\/strong>,\u00a0<strong>Elena Rosignoli<\/strong>.<\/p>\n<p>&nbsp;<\/p>\n","protected":false},"excerpt":{"rendered":"<p>Il riconoscimento consegnato dal presidente del Consiglio Antonio Mazzeo, nell&#8217;attesa di realizzare la struttura dentro il carcere<\/p>\n","protected":false},"author":525,"featured_media":281971,"comment_status":"open","ping_status":"open","sticky":false,"template":"","format":"standard","meta":{"_acf_changed":false,"footnotes":""},"categories":[493],"tags":[4760,2403],"class_list":["post-281960","post","type-post","status-publish","format-standard","has-post-thumbnail","hentry","category-cultura","tag-antonio-mazzeo","tag-compagnia-della-fortezza"],"acf":[],"yoast_head":"<!-- This site is optimized with the Yoast SEO Premium plugin v24.2 (Yoast SEO v25.6) - https:\/\/yoast.com\/wordpress\/plugins\/seo\/ -->\n<title>Gonfalone d&#039;argento alla Compagnia della Fortezza, aspettando il teatro - intoscana<\/title>\n<meta name=\"description\" content=\"Il riconoscimento consegnato dal presidente del Consiglio Antonio Mazzeo, nell&#039;attesa di realizzare la struttura dentro il carcere\" \/>\n<meta name=\"robots\" content=\"index, follow, max-snippet:-1, max-image-preview:large, max-video-preview:-1\" \/>\n<link rel=\"canonical\" href=\"https:\/\/www.intoscana.it\/it\/gonfalone-dargento-alla-compagnia-della-fortezza-aspettando-il-teatro\/\" \/>\n<meta property=\"og:locale\" content=\"it_IT\" \/>\n<meta property=\"og:type\" content=\"article\" \/>\n<meta property=\"og:title\" content=\"Gonfalone d&#039;argento alla Compagnia della Fortezza, aspettando il teatro\" \/>\n<meta property=\"og:description\" content=\"Il riconoscimento consegnato dal presidente del Consiglio Antonio Mazzeo, nell&#039;attesa di realizzare la struttura dentro il carcere\" \/>\n<meta property=\"og:url\" content=\"https:\/\/www.intoscana.it\/it\/gonfalone-dargento-alla-compagnia-della-fortezza-aspettando-il-teatro\/\" \/>\n<meta property=\"og:site_name\" content=\"intoscana\" \/>\n<meta property=\"article:publisher\" content=\"https:\/\/www.facebook.com\/intoscana.it\" \/>\n<meta property=\"article:published_time\" content=\"2023-04-13T15:20:17+00:00\" \/>\n<meta property=\"article:modified_time\" content=\"2023-04-13T15:21:48+00:00\" \/>\n<meta property=\"og:image\" content=\"https:\/\/www.intoscana.it\/wp-content\/uploads\/Il-riconoscimento-alla-compagnia-della-Fortezza.jpeg\" \/>\n\t<meta property=\"og:image:width\" content=\"1600\" \/>\n\t<meta property=\"og:image:height\" content=\"1066\" \/>\n\t<meta property=\"og:image:type\" content=\"image\/jpeg\" \/>\n<meta name=\"author\" content=\"Redazione\" \/>\n<meta name=\"twitter:card\" content=\"summary_large_image\" \/>\n<meta name=\"twitter:creator\" content=\"@intoscana\" \/>\n<meta name=\"twitter:site\" content=\"@intoscana\" \/>\n<meta name=\"twitter:label1\" content=\"Written by\" \/>\n\t<meta name=\"twitter:data1\" content=\"Redazione\" \/>\n\t<meta name=\"twitter:label2\" content=\"Est. reading time\" \/>\n\t<meta name=\"twitter:data2\" content=\"4 minuti\" \/>\n<script type=\"application\/ld+json\" class=\"yoast-schema-graph\">{\"@context\":\"https:\/\/schema.org\",\"@graph\":[{\"@type\":\"WebPage\",\"@id\":\"https:\/\/www.intoscana.it\/it\/gonfalone-dargento-alla-compagnia-della-fortezza-aspettando-il-teatro\/\",\"url\":\"https:\/\/www.intoscana.it\/it\/gonfalone-dargento-alla-compagnia-della-fortezza-aspettando-il-teatro\/\",\"name\":\"Gonfalone d'argento alla Compagnia della Fortezza, aspettando il teatro - intoscana\",\"isPartOf\":{\"@id\":\"https:\/\/www.intoscana.it\/it\/#website\"},\"primaryImageOfPage\":{\"@id\":\"https:\/\/www.intoscana.it\/it\/gonfalone-dargento-alla-compagnia-della-fortezza-aspettando-il-teatro\/#primaryimage\"},\"image\":{\"@id\":\"https:\/\/www.intoscana.it\/it\/gonfalone-dargento-alla-compagnia-della-fortezza-aspettando-il-teatro\/#primaryimage\"},\"thumbnailUrl\":\"https:\/\/www.intoscana.it\/wp-content\/uploads\/Il-riconoscimento-alla-compagnia-della-Fortezza.jpeg\",\"datePublished\":\"2023-04-13T15:20:17+00:00\",\"dateModified\":\"2023-04-13T15:21:48+00:00\",\"author\":{\"@id\":\"https:\/\/www.intoscana.it\/it\/#\/schema\/person\/9223810753230f20bd670fdd322661f8\"},\"description\":\"Il riconoscimento consegnato dal presidente del Consiglio Antonio Mazzeo, nell'attesa di realizzare la struttura dentro il carcere\",\"breadcrumb\":{\"@id\":\"https:\/\/www.intoscana.it\/it\/gonfalone-dargento-alla-compagnia-della-fortezza-aspettando-il-teatro\/#breadcrumb\"},\"inLanguage\":\"it-IT\",\"potentialAction\":[{\"@type\":\"ReadAction\",\"target\":[\"https:\/\/www.intoscana.it\/it\/gonfalone-dargento-alla-compagnia-della-fortezza-aspettando-il-teatro\/\"]}]},{\"@type\":\"ImageObject\",\"inLanguage\":\"it-IT\",\"@id\":\"https:\/\/www.intoscana.it\/it\/gonfalone-dargento-alla-compagnia-della-fortezza-aspettando-il-teatro\/#primaryimage\",\"url\":\"https:\/\/www.intoscana.it\/wp-content\/uploads\/Il-riconoscimento-alla-compagnia-della-Fortezza.jpeg\",\"contentUrl\":\"https:\/\/www.intoscana.it\/wp-content\/uploads\/Il-riconoscimento-alla-compagnia-della-Fortezza.jpeg\",\"width\":1600,\"height\":1066},{\"@type\":\"BreadcrumbList\",\"@id\":\"https:\/\/www.intoscana.it\/it\/gonfalone-dargento-alla-compagnia-della-fortezza-aspettando-il-teatro\/#breadcrumb\",\"itemListElement\":[{\"@type\":\"ListItem\",\"position\":1,\"name\":\"Home\",\"item\":\"https:\/\/www.intoscana.it\/it\/\"},{\"@type\":\"ListItem\",\"position\":2,\"name\":\"Gonfalone d&#8217;argento alla Compagnia della Fortezza, aspettando il teatro\"}]},{\"@type\":\"WebSite\",\"@id\":\"https:\/\/www.intoscana.it\/it\/#website\",\"url\":\"https:\/\/www.intoscana.it\/it\/\",\"name\":\"intoscana\",\"description\":\"\",\"potentialAction\":[{\"@type\":\"SearchAction\",\"target\":{\"@type\":\"EntryPoint\",\"urlTemplate\":\"https:\/\/www.intoscana.it\/it\/?s={search_term_string}\"},\"query-input\":{\"@type\":\"PropertyValueSpecification\",\"valueRequired\":true,\"valueName\":\"search_term_string\"}}],\"inLanguage\":\"it-IT\"},{\"@type\":\"Person\",\"@id\":\"https:\/\/www.intoscana.it\/it\/#\/schema\/person\/9223810753230f20bd670fdd322661f8\",\"name\":\"Redazione\",\"url\":\"https:\/\/www.intoscana.it\/it\/author\/redazione\/\"}]}<\/script>\n<!-- \/ Yoast SEO Premium plugin. -->","yoast_head_json":{"title":"Gonfalone d'argento alla Compagnia della Fortezza, aspettando il teatro - intoscana","description":"Il riconoscimento consegnato dal presidente del Consiglio Antonio Mazzeo, nell'attesa di realizzare la struttura dentro il carcere","robots":{"index":"index","follow":"follow","max-snippet":"max-snippet:-1","max-image-preview":"max-image-preview:large","max-video-preview":"max-video-preview:-1"},"canonical":"https:\/\/www.intoscana.it\/it\/gonfalone-dargento-alla-compagnia-della-fortezza-aspettando-il-teatro\/","og_locale":"it_IT","og_type":"article","og_title":"Gonfalone d'argento alla Compagnia della Fortezza, aspettando il teatro","og_description":"Il riconoscimento consegnato dal presidente del Consiglio Antonio Mazzeo, nell'attesa di realizzare la struttura dentro il carcere","og_url":"https:\/\/www.intoscana.it\/it\/gonfalone-dargento-alla-compagnia-della-fortezza-aspettando-il-teatro\/","og_site_name":"intoscana","article_publisher":"https:\/\/www.facebook.com\/intoscana.it","article_published_time":"2023-04-13T15:20:17+00:00","article_modified_time":"2023-04-13T15:21:48+00:00","og_image":[{"width":1600,"height":1066,"url":"https:\/\/www.intoscana.it\/wp-content\/uploads\/Il-riconoscimento-alla-compagnia-della-Fortezza.jpeg","type":"image\/jpeg"}],"author":"Redazione","twitter_card":"summary_large_image","twitter_creator":"@intoscana","twitter_site":"@intoscana","twitter_misc":{"Written by":"Redazione","Est. reading time":"4 minuti"},"schema":{"@context":"https:\/\/schema.org","@graph":[{"@type":"WebPage","@id":"https:\/\/www.intoscana.it\/it\/gonfalone-dargento-alla-compagnia-della-fortezza-aspettando-il-teatro\/","url":"https:\/\/www.intoscana.it\/it\/gonfalone-dargento-alla-compagnia-della-fortezza-aspettando-il-teatro\/","name":"Gonfalone d'argento alla Compagnia della Fortezza, aspettando il teatro - intoscana","isPartOf":{"@id":"https:\/\/www.intoscana.it\/it\/#website"},"primaryImageOfPage":{"@id":"https:\/\/www.intoscana.it\/it\/gonfalone-dargento-alla-compagnia-della-fortezza-aspettando-il-teatro\/#primaryimage"},"image":{"@id":"https:\/\/www.intoscana.it\/it\/gonfalone-dargento-alla-compagnia-della-fortezza-aspettando-il-teatro\/#primaryimage"},"thumbnailUrl":"https:\/\/www.intoscana.it\/wp-content\/uploads\/Il-riconoscimento-alla-compagnia-della-Fortezza.jpeg","datePublished":"2023-04-13T15:20:17+00:00","dateModified":"2023-04-13T15:21:48+00:00","author":{"@id":"https:\/\/www.intoscana.it\/it\/#\/schema\/person\/9223810753230f20bd670fdd322661f8"},"description":"Il riconoscimento consegnato dal presidente del Consiglio Antonio Mazzeo, nell'attesa di realizzare la struttura dentro il carcere","breadcrumb":{"@id":"https:\/\/www.intoscana.it\/it\/gonfalone-dargento-alla-compagnia-della-fortezza-aspettando-il-teatro\/#breadcrumb"},"inLanguage":"it-IT","potentialAction":[{"@type":"ReadAction","target":["https:\/\/www.intoscana.it\/it\/gonfalone-dargento-alla-compagnia-della-fortezza-aspettando-il-teatro\/"]}]},{"@type":"ImageObject","inLanguage":"it-IT","@id":"https:\/\/www.intoscana.it\/it\/gonfalone-dargento-alla-compagnia-della-fortezza-aspettando-il-teatro\/#primaryimage","url":"https:\/\/www.intoscana.it\/wp-content\/uploads\/Il-riconoscimento-alla-compagnia-della-Fortezza.jpeg","contentUrl":"https:\/\/www.intoscana.it\/wp-content\/uploads\/Il-riconoscimento-alla-compagnia-della-Fortezza.jpeg","width":1600,"height":1066},{"@type":"BreadcrumbList","@id":"https:\/\/www.intoscana.it\/it\/gonfalone-dargento-alla-compagnia-della-fortezza-aspettando-il-teatro\/#breadcrumb","itemListElement":[{"@type":"ListItem","position":1,"name":"Home","item":"https:\/\/www.intoscana.it\/it\/"},{"@type":"ListItem","position":2,"name":"Gonfalone d&#8217;argento alla Compagnia della Fortezza, aspettando il teatro"}]},{"@type":"WebSite","@id":"https:\/\/www.intoscana.it\/it\/#website","url":"https:\/\/www.intoscana.it\/it\/","name":"intoscana","description":"","potentialAction":[{"@type":"SearchAction","target":{"@type":"EntryPoint","urlTemplate":"https:\/\/www.intoscana.it\/it\/?s={search_term_string}"},"query-input":{"@type":"PropertyValueSpecification","valueRequired":true,"valueName":"search_term_string"}}],"inLanguage":"it-IT"},{"@type":"Person","@id":"https:\/\/www.intoscana.it\/it\/#\/schema\/person\/9223810753230f20bd670fdd322661f8","name":"Redazione","url":"https:\/\/www.intoscana.it\/it\/author\/redazione\/"}]}},"_links":{"self":[{"href":"https:\/\/www.intoscana.it\/it\/wp-json\/wp\/v2\/posts\/281960","targetHints":{"allow":["GET"]}}],"collection":[{"href":"https:\/\/www.intoscana.it\/it\/wp-json\/wp\/v2\/posts"}],"about":[{"href":"https:\/\/www.intoscana.it\/it\/wp-json\/wp\/v2\/types\/post"}],"author":[{"embeddable":true,"href":"https:\/\/www.intoscana.it\/it\/wp-json\/wp\/v2\/users\/525"}],"replies":[{"embeddable":true,"href":"https:\/\/www.intoscana.it\/it\/wp-json\/wp\/v2\/comments?post=281960"}],"version-history":[{"count":0,"href":"https:\/\/www.intoscana.it\/it\/wp-json\/wp\/v2\/posts\/281960\/revisions"}],"wp:featuredmedia":[{"embeddable":true,"href":"https:\/\/www.intoscana.it\/it\/wp-json\/wp\/v2\/media\/281971"}],"wp:attachment":[{"href":"https:\/\/www.intoscana.it\/it\/wp-json\/wp\/v2\/media?parent=281960"}],"wp:term":[{"taxonomy":"category","embeddable":true,"href":"https:\/\/www.intoscana.it\/it\/wp-json\/wp\/v2\/categories?post=281960"},{"taxonomy":"post_tag","embeddable":true,"href":"https:\/\/www.intoscana.it\/it\/wp-json\/wp\/v2\/tags?post=281960"}],"curies":[{"name":"wp","href":"https:\/\/api.w.org\/{rel}","templated":true}]}}