{"id":282018,"date":"2023-04-14T09:40:38","date_gmt":"2023-04-14T07:40:38","guid":{"rendered":"https:\/\/www.intoscana.it\/it\/?p=282018"},"modified":"2023-04-14T09:40:38","modified_gmt":"2023-04-14T07:40:38","slug":"ufficio-di-belle-arti-franco-vestri-racconta-in-un-libro-35-anni-nel-mondo-dellarte","status":"publish","type":"post","link":"https:\/\/www.intoscana.it\/it\/ufficio-di-belle-arti-franco-vestri-racconta-in-un-libro-35-anni-nel-mondo-dellarte\/","title":{"rendered":"&#8220;Ufficio di Belle Arti&#8221;: Franco Vestri racconta in un libro 35 anni nel mondo dell&#8217;arte"},"content":{"rendered":"<p>Nell\u2019Auditorium di Palazzo del Pegaso a Firenze sede del <strong>Consiglio regionale della Toscana<\/strong> \u00e8 stato presentato il libro<em><strong> &#8220;Ufficio di Belle Arti di restauri e altre cose&#8221;<\/strong> <\/em>di <strong>Franco Vestri <\/strong>per <a href=\"https:\/\/www.sillabe.it\/it\/saggistica\/1112-ufficio-belle-arti-di-restauri-e-di-altre-cose.html\" target=\"_blank\" rel=\"noopener\"><strong>Edizione Sillabe.<\/strong><\/a><\/p>\n<p>Nel volume l\u2019autore racconta <strong>35 anni di lavoro appassionato nel mondo dell\u2019arte<\/strong>, seguendo i lavori di restauro per la <strong>Loggia della Signoria<\/strong>, per la <strong>Villa Medicea di Careggi,<\/strong> la <strong>Basilica di San Lorenzo<\/strong> e le <strong>Cappelle Medicee<\/strong>, la<strong> Cupola del Brunelleschi.<\/strong><\/p>\n<p>Si tratta di <strong>un viaggio all\u2019interno dei pi\u00f9 importanti cantieri di restauro fiorentini degli ultimi 40<\/strong> anni raccontati dalla penna salace e pronta di chi li ha vissuti dall\u2019interno, come <strong>tecnico della Soprintendenza fiorentina,<\/strong> guidato dalla sua <strong>passione per il bell<\/strong>o e da un tenace gusto per la<strong> ricerca e l\u2019innovazione.<\/strong><\/p>\n<p><em>\u201cNon un documento scientifico ne tantomeno un testo storico, ma soltanto le mie memorie che raccontano i fatti e i luoghi come io li ho vissuti e come li ricordo.\u00a0E gli stati d\u2019animo, le sensazioni e i rapporti con gli altri personaggi, tutti protagonisti di questi straordinari avvenimenti, sono decisamente incompleti e non vogliono essere il ritratto di nessuno.\u00a0D\u2019altronde in questa storia l\u2019unico vero \u201cdifettoso\u201d sono io\u201d<\/em><strong> ha dichiarato Franco Vestri.<\/strong><\/p>\n<p>Divertente, ma al contempo preciso ed esaustivo, \u00e8 un invito a sfidare sempre i propri limiti, guidati dall\u2019amore per la<strong> conoscenza, la perseveranza e l\u2019orgoglio<\/strong> di avere bene interpretato i dettami costituzionali che legano lo <strong>Stato italiano al Patrimonio culturale.<\/strong><\/p>\n<p><em>\u201cPer il portato di cultura, inno alla bellezza e storia dell\u2019arte che questa terra ha creato e custodisce, io penso che questo libro dovremmo portarlo nelle scuole, per farlo conoscere alle studentesse e agli studenti, perch\u00e9 dobbiamo costruire cultura di bellezza, di rispetto del nostro patrimonio artistico e culturale. Noi dobbiamo far capire quanto c\u2019\u00e8 ancora da fare nel mare di bellezza in cui viviamo, per tramandarla alle generazioni future. Perch\u00e9, come ho detto molte volte, diffondere cultura \u00e8 costruire libert\u00e0&#8221;<\/em> <strong>ha dichiarato il presidente del Consiglio regionale, Antonio Mazzeo.<\/strong><\/p>\n<p><em>\u201cSono felice di aver proposto di ospitare qui, in Consiglio regionale, l\u2019ultima fatica editoriale di Franco Vestri, perch\u00e9 il suo impegno professionale e la qualit\u00e0 delle sue relazioni sociali meritano un riconoscimento pubblico\u201d,<\/em> ha detto il <strong>consigliere regionale Fausto Merlotti<\/strong>. <em>\u201cFranco ha dedicato la sua vita all\u2019arte e alla cultura, ma anche al suo territorio, portando sempre un grande contributo di innovazione.&#8221;<\/em><\/p>\n<figure id=\"post-282022 media-282022\" class=\"align-none\"><img decoding=\"async\" src=\"https:\/\/www.intoscana.it\/wp-content\/uploads\/WhatsApp-Image-2023-04-13-at-17.40.20.jpg\" alt=\"\" \/><\/figure>\n<div class=\"titleimg\"><\/div>\n","protected":false},"excerpt":{"rendered":"<p>Un viaggio all\u2019interno dei pi\u00f9 importanti cantieri di restauro fiorentini degli ultimi 40 anni raccontati dalla penna salace e pronta di chi li ha vissuti dall\u2019interno, come tecnico della Soprintendenza fiorentina<\/p>\n","protected":false},"author":525,"featured_media":145606,"comment_status":"open","ping_status":"open","sticky":false,"template":"","format":"standard","meta":{"_acf_changed":false,"footnotes":""},"categories":[493],"tags":[4753,210],"class_list":["post-282018","post","type-post","status-publish","format-standard","has-post-thumbnail","hentry","category-cultura","tag-consiglio-regionale-della-toscana","tag-libri"],"acf":[],"yoast_head":"<!-- This site is optimized with the Yoast SEO Premium plugin v24.2 (Yoast SEO v25.6) - https:\/\/yoast.com\/wordpress\/plugins\/seo\/ -->\n<title>&quot;Ufficio di Belle Arti&quot;: Franco Vestri racconta in un libro 35 anni nel mondo dell&#039;arte - intoscana<\/title>\n<meta name=\"description\" content=\"Un viaggio nei pi\u00f9 importanti cantieri di restauro degli ultimi 40 anni raccontati dalla penna salace e pronta di chi li ha vissuti\" \/>\n<meta name=\"robots\" content=\"index, follow, max-snippet:-1, max-image-preview:large, max-video-preview:-1\" \/>\n<link rel=\"canonical\" href=\"https:\/\/www.intoscana.it\/it\/ufficio-di-belle-arti-franco-vestri-racconta-in-un-libro-35-anni-nel-mondo-dellarte\/\" \/>\n<meta property=\"og:locale\" content=\"it_IT\" \/>\n<meta property=\"og:type\" content=\"article\" \/>\n<meta property=\"og:title\" content=\"&quot;Ufficio di Belle Arti&quot;: Franco Vestri racconta in un libro 35 anni nel mondo dell&#039;arte\" \/>\n<meta property=\"og:description\" content=\"Un viaggio nei pi\u00f9 importanti cantieri di restauro degli ultimi 40 anni raccontati dalla penna salace e pronta di chi li ha vissuti\" \/>\n<meta property=\"og:url\" content=\"https:\/\/www.intoscana.it\/it\/ufficio-di-belle-arti-franco-vestri-racconta-in-un-libro-35-anni-nel-mondo-dellarte\/\" \/>\n<meta property=\"og:site_name\" content=\"intoscana\" \/>\n<meta property=\"article:publisher\" content=\"https:\/\/www.facebook.com\/intoscana.it\" \/>\n<meta property=\"article:published_time\" content=\"2023-04-14T07:40:38+00:00\" \/>\n<meta property=\"og:image\" content=\"https:\/\/www.intoscana.it\/wp-content\/uploads\/palazzo-pitti-4.jpg\" \/>\n\t<meta property=\"og:image:width\" content=\"1000\" \/>\n\t<meta property=\"og:image:height\" content=\"500\" \/>\n\t<meta property=\"og:image:type\" content=\"image\/jpeg\" \/>\n<meta name=\"author\" content=\"Redazione\" \/>\n<meta name=\"twitter:card\" content=\"summary_large_image\" \/>\n<meta name=\"twitter:creator\" content=\"@intoscana\" \/>\n<meta name=\"twitter:site\" content=\"@intoscana\" \/>\n<meta name=\"twitter:label1\" content=\"Written by\" \/>\n\t<meta name=\"twitter:data1\" content=\"Redazione\" \/>\n\t<meta name=\"twitter:label2\" content=\"Est. reading time\" \/>\n\t<meta name=\"twitter:data2\" content=\"2 minuti\" \/>\n<script type=\"application\/ld+json\" class=\"yoast-schema-graph\">{\"@context\":\"https:\/\/schema.org\",\"@graph\":[{\"@type\":\"WebPage\",\"@id\":\"https:\/\/www.intoscana.it\/it\/ufficio-di-belle-arti-franco-vestri-racconta-in-un-libro-35-anni-nel-mondo-dellarte\/\",\"url\":\"https:\/\/www.intoscana.it\/it\/ufficio-di-belle-arti-franco-vestri-racconta-in-un-libro-35-anni-nel-mondo-dellarte\/\",\"name\":\"\\\"Ufficio di Belle Arti\\\": Franco Vestri racconta in un libro 35 anni nel mondo dell'arte - intoscana\",\"isPartOf\":{\"@id\":\"https:\/\/www.intoscana.it\/it\/#website\"},\"primaryImageOfPage\":{\"@id\":\"https:\/\/www.intoscana.it\/it\/ufficio-di-belle-arti-franco-vestri-racconta-in-un-libro-35-anni-nel-mondo-dellarte\/#primaryimage\"},\"image\":{\"@id\":\"https:\/\/www.intoscana.it\/it\/ufficio-di-belle-arti-franco-vestri-racconta-in-un-libro-35-anni-nel-mondo-dellarte\/#primaryimage\"},\"thumbnailUrl\":\"https:\/\/www.intoscana.it\/wp-content\/uploads\/palazzo-pitti-4.jpg\",\"datePublished\":\"2023-04-14T07:40:38+00:00\",\"author\":{\"@id\":\"https:\/\/www.intoscana.it\/it\/#\/schema\/person\/9223810753230f20bd670fdd322661f8\"},\"description\":\"Un viaggio nei pi\u00f9 importanti cantieri di restauro degli ultimi 40 anni raccontati dalla penna salace e pronta di chi li ha vissuti\",\"breadcrumb\":{\"@id\":\"https:\/\/www.intoscana.it\/it\/ufficio-di-belle-arti-franco-vestri-racconta-in-un-libro-35-anni-nel-mondo-dellarte\/#breadcrumb\"},\"inLanguage\":\"it-IT\",\"potentialAction\":[{\"@type\":\"ReadAction\",\"target\":[\"https:\/\/www.intoscana.it\/it\/ufficio-di-belle-arti-franco-vestri-racconta-in-un-libro-35-anni-nel-mondo-dellarte\/\"]}]},{\"@type\":\"ImageObject\",\"inLanguage\":\"it-IT\",\"@id\":\"https:\/\/www.intoscana.it\/it\/ufficio-di-belle-arti-franco-vestri-racconta-in-un-libro-35-anni-nel-mondo-dellarte\/#primaryimage\",\"url\":\"https:\/\/www.intoscana.it\/wp-content\/uploads\/palazzo-pitti-4.jpg\",\"contentUrl\":\"https:\/\/www.intoscana.it\/wp-content\/uploads\/palazzo-pitti-4.jpg\",\"width\":1000,\"height\":500,\"caption\":\"Palazzo Pitti\"},{\"@type\":\"BreadcrumbList\",\"@id\":\"https:\/\/www.intoscana.it\/it\/ufficio-di-belle-arti-franco-vestri-racconta-in-un-libro-35-anni-nel-mondo-dellarte\/#breadcrumb\",\"itemListElement\":[{\"@type\":\"ListItem\",\"position\":1,\"name\":\"Home\",\"item\":\"https:\/\/www.intoscana.it\/it\/\"},{\"@type\":\"ListItem\",\"position\":2,\"name\":\"&#8220;Ufficio di Belle Arti&#8221;: Franco Vestri racconta in un libro 35 anni nel mondo dell&#8217;arte\"}]},{\"@type\":\"WebSite\",\"@id\":\"https:\/\/www.intoscana.it\/it\/#website\",\"url\":\"https:\/\/www.intoscana.it\/it\/\",\"name\":\"intoscana\",\"description\":\"\",\"potentialAction\":[{\"@type\":\"SearchAction\",\"target\":{\"@type\":\"EntryPoint\",\"urlTemplate\":\"https:\/\/www.intoscana.it\/it\/?s={search_term_string}\"},\"query-input\":{\"@type\":\"PropertyValueSpecification\",\"valueRequired\":true,\"valueName\":\"search_term_string\"}}],\"inLanguage\":\"it-IT\"},{\"@type\":\"Person\",\"@id\":\"https:\/\/www.intoscana.it\/it\/#\/schema\/person\/9223810753230f20bd670fdd322661f8\",\"name\":\"Redazione\",\"url\":\"https:\/\/www.intoscana.it\/it\/author\/redazione\/\"}]}<\/script>\n<!-- \/ Yoast SEO Premium plugin. -->","yoast_head_json":{"title":"\"Ufficio di Belle Arti\": Franco Vestri racconta in un libro 35 anni nel mondo dell'arte - intoscana","description":"Un viaggio nei pi\u00f9 importanti cantieri di restauro degli ultimi 40 anni raccontati dalla penna salace e pronta di chi li ha vissuti","robots":{"index":"index","follow":"follow","max-snippet":"max-snippet:-1","max-image-preview":"max-image-preview:large","max-video-preview":"max-video-preview:-1"},"canonical":"https:\/\/www.intoscana.it\/it\/ufficio-di-belle-arti-franco-vestri-racconta-in-un-libro-35-anni-nel-mondo-dellarte\/","og_locale":"it_IT","og_type":"article","og_title":"\"Ufficio di Belle Arti\": Franco Vestri racconta in un libro 35 anni nel mondo dell'arte","og_description":"Un viaggio nei pi\u00f9 importanti cantieri di restauro degli ultimi 40 anni raccontati dalla penna salace e pronta di chi li ha vissuti","og_url":"https:\/\/www.intoscana.it\/it\/ufficio-di-belle-arti-franco-vestri-racconta-in-un-libro-35-anni-nel-mondo-dellarte\/","og_site_name":"intoscana","article_publisher":"https:\/\/www.facebook.com\/intoscana.it","article_published_time":"2023-04-14T07:40:38+00:00","og_image":[{"width":1000,"height":500,"url":"https:\/\/www.intoscana.it\/wp-content\/uploads\/palazzo-pitti-4.jpg","type":"image\/jpeg"}],"author":"Redazione","twitter_card":"summary_large_image","twitter_creator":"@intoscana","twitter_site":"@intoscana","twitter_misc":{"Written by":"Redazione","Est. reading time":"2 minuti"},"schema":{"@context":"https:\/\/schema.org","@graph":[{"@type":"WebPage","@id":"https:\/\/www.intoscana.it\/it\/ufficio-di-belle-arti-franco-vestri-racconta-in-un-libro-35-anni-nel-mondo-dellarte\/","url":"https:\/\/www.intoscana.it\/it\/ufficio-di-belle-arti-franco-vestri-racconta-in-un-libro-35-anni-nel-mondo-dellarte\/","name":"\"Ufficio di Belle Arti\": Franco Vestri racconta in un libro 35 anni nel mondo dell'arte - intoscana","isPartOf":{"@id":"https:\/\/www.intoscana.it\/it\/#website"},"primaryImageOfPage":{"@id":"https:\/\/www.intoscana.it\/it\/ufficio-di-belle-arti-franco-vestri-racconta-in-un-libro-35-anni-nel-mondo-dellarte\/#primaryimage"},"image":{"@id":"https:\/\/www.intoscana.it\/it\/ufficio-di-belle-arti-franco-vestri-racconta-in-un-libro-35-anni-nel-mondo-dellarte\/#primaryimage"},"thumbnailUrl":"https:\/\/www.intoscana.it\/wp-content\/uploads\/palazzo-pitti-4.jpg","datePublished":"2023-04-14T07:40:38+00:00","author":{"@id":"https:\/\/www.intoscana.it\/it\/#\/schema\/person\/9223810753230f20bd670fdd322661f8"},"description":"Un viaggio nei pi\u00f9 importanti cantieri di restauro degli ultimi 40 anni raccontati dalla penna salace e pronta di chi li ha vissuti","breadcrumb":{"@id":"https:\/\/www.intoscana.it\/it\/ufficio-di-belle-arti-franco-vestri-racconta-in-un-libro-35-anni-nel-mondo-dellarte\/#breadcrumb"},"inLanguage":"it-IT","potentialAction":[{"@type":"ReadAction","target":["https:\/\/www.intoscana.it\/it\/ufficio-di-belle-arti-franco-vestri-racconta-in-un-libro-35-anni-nel-mondo-dellarte\/"]}]},{"@type":"ImageObject","inLanguage":"it-IT","@id":"https:\/\/www.intoscana.it\/it\/ufficio-di-belle-arti-franco-vestri-racconta-in-un-libro-35-anni-nel-mondo-dellarte\/#primaryimage","url":"https:\/\/www.intoscana.it\/wp-content\/uploads\/palazzo-pitti-4.jpg","contentUrl":"https:\/\/www.intoscana.it\/wp-content\/uploads\/palazzo-pitti-4.jpg","width":1000,"height":500,"caption":"Palazzo Pitti"},{"@type":"BreadcrumbList","@id":"https:\/\/www.intoscana.it\/it\/ufficio-di-belle-arti-franco-vestri-racconta-in-un-libro-35-anni-nel-mondo-dellarte\/#breadcrumb","itemListElement":[{"@type":"ListItem","position":1,"name":"Home","item":"https:\/\/www.intoscana.it\/it\/"},{"@type":"ListItem","position":2,"name":"&#8220;Ufficio di Belle Arti&#8221;: Franco Vestri racconta in un libro 35 anni nel mondo dell&#8217;arte"}]},{"@type":"WebSite","@id":"https:\/\/www.intoscana.it\/it\/#website","url":"https:\/\/www.intoscana.it\/it\/","name":"intoscana","description":"","potentialAction":[{"@type":"SearchAction","target":{"@type":"EntryPoint","urlTemplate":"https:\/\/www.intoscana.it\/it\/?s={search_term_string}"},"query-input":{"@type":"PropertyValueSpecification","valueRequired":true,"valueName":"search_term_string"}}],"inLanguage":"it-IT"},{"@type":"Person","@id":"https:\/\/www.intoscana.it\/it\/#\/schema\/person\/9223810753230f20bd670fdd322661f8","name":"Redazione","url":"https:\/\/www.intoscana.it\/it\/author\/redazione\/"}]}},"_links":{"self":[{"href":"https:\/\/www.intoscana.it\/it\/wp-json\/wp\/v2\/posts\/282018","targetHints":{"allow":["GET"]}}],"collection":[{"href":"https:\/\/www.intoscana.it\/it\/wp-json\/wp\/v2\/posts"}],"about":[{"href":"https:\/\/www.intoscana.it\/it\/wp-json\/wp\/v2\/types\/post"}],"author":[{"embeddable":true,"href":"https:\/\/www.intoscana.it\/it\/wp-json\/wp\/v2\/users\/525"}],"replies":[{"embeddable":true,"href":"https:\/\/www.intoscana.it\/it\/wp-json\/wp\/v2\/comments?post=282018"}],"version-history":[{"count":0,"href":"https:\/\/www.intoscana.it\/it\/wp-json\/wp\/v2\/posts\/282018\/revisions"}],"wp:featuredmedia":[{"embeddable":true,"href":"https:\/\/www.intoscana.it\/it\/wp-json\/wp\/v2\/media\/145606"}],"wp:attachment":[{"href":"https:\/\/www.intoscana.it\/it\/wp-json\/wp\/v2\/media?parent=282018"}],"wp:term":[{"taxonomy":"category","embeddable":true,"href":"https:\/\/www.intoscana.it\/it\/wp-json\/wp\/v2\/categories?post=282018"},{"taxonomy":"post_tag","embeddable":true,"href":"https:\/\/www.intoscana.it\/it\/wp-json\/wp\/v2\/tags?post=282018"}],"curies":[{"name":"wp","href":"https:\/\/api.w.org\/{rel}","templated":true}]}}