{"id":282068,"date":"2023-04-14T10:33:54","date_gmt":"2023-04-14T08:33:54","guid":{"rendered":"https:\/\/www.intoscana.it\/it\/?p=282068"},"modified":"2023-04-14T10:34:30","modified_gmt":"2023-04-14T08:34:30","slug":"covid19-275-nuovi-casi","status":"publish","type":"post","link":"https:\/\/www.intoscana.it\/it\/covid19-275-nuovi-casi\/","title":{"rendered":"Covid-19: 275 nuovi casi e un decesso oggi in Toscana"},"content":{"rendered":"<p>Sono 275 i nuovi casi di <strong>Covid-19<\/strong> registrati nelle ultime ventiquattro ore in Toscana: 57 sono stati confermati con tampone molecolare e gli altri 218 con test rapido.<\/p>\n<p>Il numero dei contagiati rilevati nella regione dall&#8217;inizio della pandemia sale dunque a 1.597.569. I nuovi casi sono lo 0,02% in pi\u00f9 rispetto al totale del giorno precedente. I guariti crescono dello 0,01% (233 persone) e raggiungono quota 1.578.975 (98,8% dei casi totali).<\/p>\n<p>Al momento in Toscana risultano pertanto <strong>6.922 positivi,<\/strong> +0,6% rispetto a ieri. Di questi 159 (9 in meno rispetto a ieri) sono ricoverati in ospedale: 5 (1 in meno) si trovano in terapia intensiva.<\/p>\n<p>La lista dei decessi si aggiorna con <strong>1 nuovo decesso<\/strong>: un uomo di 84 anni.<\/p>\n<p>Dall&#8217;ultimo bollettino quotidiano sono stati eseguiti 259 tamponi molecolari e 2.084 tamponi antigenici rapidi: di questi l&#8217;11,7% \u00e8 risultato positivo. Sono invece 407 i soggetti testati, escludendo i tamponi di controllo: il 67,6% di questi \u00e8 risultato positivo.<\/p>\n<p>I dati, relativi all&#8217;andamento della pandemia, sono quelli accertati oggi sulla base delle richieste della Protezione civile nazionale.<\/p>\n<h3>L&#8217;andamento dei casi per provincia<\/h3>\n<p>Con gli ultimi casi salgono a 427.730 i positivi dall&#8217;inizio dell&#8217;emergenza nei comuni della Citt\u00e0 metropolitana di Firenze (82 in pi\u00f9 rispetto a ieri), 104.007 in provincia di Prato (19 in pi\u00f9), 123.780 a Pistoia (16 in pi\u00f9), 83.648 a Massa Carrara (12 in pi\u00f9), 174.119 a Lucca (24 in pi\u00f9), 186.991 a Pisa (17 in pi\u00f9), 147.349 a Livorno (23 in pi\u00f9), 144.292 ad Arezzo (37 in pi\u00f9), 114.604 a Siena (22 in pi\u00f9) e 89.717 a Grosseto (22 in pi\u00f9). A questi vanno aggiunti 569 casi di positivit\u00e0 notificati in Toscana ma che riguardano residenti in altre regioni.<\/p>\n<p>La Toscana ha circa <strong>43.611 casi complessivi<\/strong> ogni 100.000 abitanti dall&#8217;inizio della pandemia (tra residenti e non residenti). Al momento la provincia di notifica con il tasso pi\u00f9 alto \u00e9 Lucca (con 45.526 casi ogni 100 mila abitanti), seguita da Livorno (45.025) e Pisa (44.838). La pi\u00f9 bassa concentrazione si riscontra a Prato (con un tasso di 40.294).<\/p>\n<p>In 6.763 sono in <strong>isolamento a casa,<\/strong> perch\u00e9 presentano sintomi lievi che non richiedono cure ospedaliere o risultano prive di sintomi (50 in pi\u00f9 rispetto a ieri, pi\u00f9 0,7%).<\/p>\n<p>I 1.578.975 guariti registrati a oggi lo sono a tutti gli effetti, da un punto di vista virale, certificati con tampone negativo.<\/p>\n<h3>Un nuovo decesso: un uomo di 84 anni<\/h3>\n<p>La lista dei decessi si aggiorna con 1 nuovo decesso: un uomo di 84 anni. Relativamente alla provincia di residenza, la persona deceduta \u00e8 a Pisa.<\/p>\n<p>Sono <strong>11.672 i deceduti<\/strong> dall&#8217;inizio dell&#8217;epidemia: 3.694 nella Citt\u00e0 metropolitana di Firenze, 948 in provincia di Prato, 1.040 a Pistoia, 718 a Massa Carrara, 1.071 a Lucca, 1.299 a Pisa, 876 a Livorno, 761 ad Arezzo, 663 a Siena, 430 a Grosseto. Vanno aggiunte 172 persone decedute sul suolo toscano ma erano residenti fuori regione.<\/p>\n<p>Il tasso grezzo di <strong>mortalit\u00e0 per Covid-19<\/strong> (numero di deceduti\/popolazione residente) \u00e8 al momento 318,6 ogni 100 mila residenti. Per quanto riguarda le province, il tasso di mortalit\u00e0 pi\u00f9 alto si riscontra a Massa Carrara (380,9 ogni 100 mila abitanti), seguita da Firenze (374,2 x100.000) e Prato (367,3 x100.000), mentre il pi\u00f9 basso \u00e8 a Grosseto (198,1 x100.000).<\/p>\n","protected":false},"excerpt":{"rendered":"<p>Al momento in Toscana ci sono 6.922 positivi, +0,6% rispetto a ieri, di questi 159 (9 in meno rispetto a ieri) sono ricoverati in ospedale<\/p>\n","protected":false},"author":525,"featured_media":189488,"comment_status":"open","ping_status":"open","sticky":false,"template":"","format":"standard","meta":{"_acf_changed":false,"footnotes":""},"categories":[494],"tags":[4868,418],"class_list":["post-282068","post","type-post","status-publish","format-standard","has-post-thumbnail","hentry","category-attualita","tag-bollettino-covid-toscana","tag-covid-19"],"acf":[],"yoast_head":"<!-- This site is optimized with the Yoast SEO Premium plugin v24.2 (Yoast SEO v25.6) - https:\/\/yoast.com\/wordpress\/plugins\/seo\/ -->\n<title>Covid-19: 275 nuovi casi e un decesso oggi in Toscana - intoscana<\/title>\n<meta name=\"description\" content=\"Sono 275 i nuovi casi di Covid-19 registrati oggi in Toscana e c&#039;\u00e8 un nuovo decesso, un uomo di 84 anni.\" \/>\n<meta name=\"robots\" content=\"index, follow, max-snippet:-1, max-image-preview:large, max-video-preview:-1\" \/>\n<link rel=\"canonical\" href=\"https:\/\/www.intoscana.it\/it\/covid19-275-nuovi-casi\/\" \/>\n<meta property=\"og:locale\" content=\"it_IT\" \/>\n<meta property=\"og:type\" content=\"article\" \/>\n<meta property=\"og:title\" content=\"Covid-19: 275 nuovi casi e un decesso oggi in Toscana\" \/>\n<meta property=\"og:description\" content=\"Sono 275 i nuovi casi di Covid-19 registrati oggi in Toscana e c&#039;\u00e8 un nuovo decesso, un uomo di 84 anni.\" \/>\n<meta property=\"og:url\" content=\"https:\/\/www.intoscana.it\/it\/covid19-275-nuovi-casi\/\" \/>\n<meta property=\"og:site_name\" content=\"intoscana\" \/>\n<meta property=\"article:publisher\" content=\"https:\/\/www.facebook.com\/intoscana.it\" \/>\n<meta property=\"article:published_time\" content=\"2023-04-14T08:33:54+00:00\" \/>\n<meta property=\"article:modified_time\" content=\"2023-04-14T08:34:30+00:00\" \/>\n<meta property=\"og:image\" content=\"https:\/\/www.intoscana.it\/wp-content\/uploads\/Test-covid-Mufid-Majnun-Unsplash.jpg\" \/>\n\t<meta property=\"og:image:width\" content=\"1920\" \/>\n\t<meta property=\"og:image:height\" content=\"1280\" \/>\n\t<meta property=\"og:image:type\" content=\"image\/jpeg\" \/>\n<meta name=\"author\" content=\"Redazione\" \/>\n<meta name=\"twitter:card\" content=\"summary_large_image\" \/>\n<meta name=\"twitter:creator\" content=\"@intoscana\" \/>\n<meta name=\"twitter:site\" content=\"@intoscana\" \/>\n<meta name=\"twitter:label1\" content=\"Written by\" \/>\n\t<meta name=\"twitter:data1\" content=\"Redazione\" \/>\n\t<meta name=\"twitter:label2\" content=\"Est. reading time\" \/>\n\t<meta name=\"twitter:data2\" content=\"2 minuti\" \/>\n<script type=\"application\/ld+json\" class=\"yoast-schema-graph\">{\"@context\":\"https:\/\/schema.org\",\"@graph\":[{\"@type\":\"WebPage\",\"@id\":\"https:\/\/www.intoscana.it\/it\/covid19-275-nuovi-casi\/\",\"url\":\"https:\/\/www.intoscana.it\/it\/covid19-275-nuovi-casi\/\",\"name\":\"Covid-19: 275 nuovi casi e un decesso oggi in Toscana - intoscana\",\"isPartOf\":{\"@id\":\"https:\/\/www.intoscana.it\/it\/#website\"},\"primaryImageOfPage\":{\"@id\":\"https:\/\/www.intoscana.it\/it\/covid19-275-nuovi-casi\/#primaryimage\"},\"image\":{\"@id\":\"https:\/\/www.intoscana.it\/it\/covid19-275-nuovi-casi\/#primaryimage\"},\"thumbnailUrl\":\"https:\/\/www.intoscana.it\/wp-content\/uploads\/Test-covid-Mufid-Majnun-Unsplash.jpg\",\"datePublished\":\"2023-04-14T08:33:54+00:00\",\"dateModified\":\"2023-04-14T08:34:30+00:00\",\"author\":{\"@id\":\"https:\/\/www.intoscana.it\/it\/#\/schema\/person\/9223810753230f20bd670fdd322661f8\"},\"description\":\"Sono 275 i nuovi casi di Covid-19 registrati oggi in Toscana e c'\u00e8 un nuovo decesso, un uomo di 84 anni.\",\"breadcrumb\":{\"@id\":\"https:\/\/www.intoscana.it\/it\/covid19-275-nuovi-casi\/#breadcrumb\"},\"inLanguage\":\"it-IT\",\"potentialAction\":[{\"@type\":\"ReadAction\",\"target\":[\"https:\/\/www.intoscana.it\/it\/covid19-275-nuovi-casi\/\"]}]},{\"@type\":\"ImageObject\",\"inLanguage\":\"it-IT\",\"@id\":\"https:\/\/www.intoscana.it\/it\/covid19-275-nuovi-casi\/#primaryimage\",\"url\":\"https:\/\/www.intoscana.it\/wp-content\/uploads\/Test-covid-Mufid-Majnun-Unsplash.jpg\",\"contentUrl\":\"https:\/\/www.intoscana.it\/wp-content\/uploads\/Test-covid-Mufid-Majnun-Unsplash.jpg\",\"width\":1920,\"height\":1280,\"caption\":\"Un tampone per il Covid-19\"},{\"@type\":\"BreadcrumbList\",\"@id\":\"https:\/\/www.intoscana.it\/it\/covid19-275-nuovi-casi\/#breadcrumb\",\"itemListElement\":[{\"@type\":\"ListItem\",\"position\":1,\"name\":\"Home\",\"item\":\"https:\/\/www.intoscana.it\/it\/\"},{\"@type\":\"ListItem\",\"position\":2,\"name\":\"Covid-19: 275 nuovi casi e un decesso oggi in Toscana\"}]},{\"@type\":\"WebSite\",\"@id\":\"https:\/\/www.intoscana.it\/it\/#website\",\"url\":\"https:\/\/www.intoscana.it\/it\/\",\"name\":\"intoscana\",\"description\":\"\",\"potentialAction\":[{\"@type\":\"SearchAction\",\"target\":{\"@type\":\"EntryPoint\",\"urlTemplate\":\"https:\/\/www.intoscana.it\/it\/?s={search_term_string}\"},\"query-input\":{\"@type\":\"PropertyValueSpecification\",\"valueRequired\":true,\"valueName\":\"search_term_string\"}}],\"inLanguage\":\"it-IT\"},{\"@type\":\"Person\",\"@id\":\"https:\/\/www.intoscana.it\/it\/#\/schema\/person\/9223810753230f20bd670fdd322661f8\",\"name\":\"Redazione\",\"url\":\"https:\/\/www.intoscana.it\/it\/author\/redazione\/\"}]}<\/script>\n<!-- \/ Yoast SEO Premium plugin. -->","yoast_head_json":{"title":"Covid-19: 275 nuovi casi e un decesso oggi in Toscana - intoscana","description":"Sono 275 i nuovi casi di Covid-19 registrati oggi in Toscana e c'\u00e8 un nuovo decesso, un uomo di 84 anni.","robots":{"index":"index","follow":"follow","max-snippet":"max-snippet:-1","max-image-preview":"max-image-preview:large","max-video-preview":"max-video-preview:-1"},"canonical":"https:\/\/www.intoscana.it\/it\/covid19-275-nuovi-casi\/","og_locale":"it_IT","og_type":"article","og_title":"Covid-19: 275 nuovi casi e un decesso oggi in Toscana","og_description":"Sono 275 i nuovi casi di Covid-19 registrati oggi in Toscana e c'\u00e8 un nuovo decesso, un uomo di 84 anni.","og_url":"https:\/\/www.intoscana.it\/it\/covid19-275-nuovi-casi\/","og_site_name":"intoscana","article_publisher":"https:\/\/www.facebook.com\/intoscana.it","article_published_time":"2023-04-14T08:33:54+00:00","article_modified_time":"2023-04-14T08:34:30+00:00","og_image":[{"width":1920,"height":1280,"url":"https:\/\/www.intoscana.it\/wp-content\/uploads\/Test-covid-Mufid-Majnun-Unsplash.jpg","type":"image\/jpeg"}],"author":"Redazione","twitter_card":"summary_large_image","twitter_creator":"@intoscana","twitter_site":"@intoscana","twitter_misc":{"Written by":"Redazione","Est. reading time":"2 minuti"},"schema":{"@context":"https:\/\/schema.org","@graph":[{"@type":"WebPage","@id":"https:\/\/www.intoscana.it\/it\/covid19-275-nuovi-casi\/","url":"https:\/\/www.intoscana.it\/it\/covid19-275-nuovi-casi\/","name":"Covid-19: 275 nuovi casi e un decesso oggi in Toscana - intoscana","isPartOf":{"@id":"https:\/\/www.intoscana.it\/it\/#website"},"primaryImageOfPage":{"@id":"https:\/\/www.intoscana.it\/it\/covid19-275-nuovi-casi\/#primaryimage"},"image":{"@id":"https:\/\/www.intoscana.it\/it\/covid19-275-nuovi-casi\/#primaryimage"},"thumbnailUrl":"https:\/\/www.intoscana.it\/wp-content\/uploads\/Test-covid-Mufid-Majnun-Unsplash.jpg","datePublished":"2023-04-14T08:33:54+00:00","dateModified":"2023-04-14T08:34:30+00:00","author":{"@id":"https:\/\/www.intoscana.it\/it\/#\/schema\/person\/9223810753230f20bd670fdd322661f8"},"description":"Sono 275 i nuovi casi di Covid-19 registrati oggi in Toscana e c'\u00e8 un nuovo decesso, un uomo di 84 anni.","breadcrumb":{"@id":"https:\/\/www.intoscana.it\/it\/covid19-275-nuovi-casi\/#breadcrumb"},"inLanguage":"it-IT","potentialAction":[{"@type":"ReadAction","target":["https:\/\/www.intoscana.it\/it\/covid19-275-nuovi-casi\/"]}]},{"@type":"ImageObject","inLanguage":"it-IT","@id":"https:\/\/www.intoscana.it\/it\/covid19-275-nuovi-casi\/#primaryimage","url":"https:\/\/www.intoscana.it\/wp-content\/uploads\/Test-covid-Mufid-Majnun-Unsplash.jpg","contentUrl":"https:\/\/www.intoscana.it\/wp-content\/uploads\/Test-covid-Mufid-Majnun-Unsplash.jpg","width":1920,"height":1280,"caption":"Un tampone per il Covid-19"},{"@type":"BreadcrumbList","@id":"https:\/\/www.intoscana.it\/it\/covid19-275-nuovi-casi\/#breadcrumb","itemListElement":[{"@type":"ListItem","position":1,"name":"Home","item":"https:\/\/www.intoscana.it\/it\/"},{"@type":"ListItem","position":2,"name":"Covid-19: 275 nuovi casi e un decesso oggi in Toscana"}]},{"@type":"WebSite","@id":"https:\/\/www.intoscana.it\/it\/#website","url":"https:\/\/www.intoscana.it\/it\/","name":"intoscana","description":"","potentialAction":[{"@type":"SearchAction","target":{"@type":"EntryPoint","urlTemplate":"https:\/\/www.intoscana.it\/it\/?s={search_term_string}"},"query-input":{"@type":"PropertyValueSpecification","valueRequired":true,"valueName":"search_term_string"}}],"inLanguage":"it-IT"},{"@type":"Person","@id":"https:\/\/www.intoscana.it\/it\/#\/schema\/person\/9223810753230f20bd670fdd322661f8","name":"Redazione","url":"https:\/\/www.intoscana.it\/it\/author\/redazione\/"}]}},"_links":{"self":[{"href":"https:\/\/www.intoscana.it\/it\/wp-json\/wp\/v2\/posts\/282068","targetHints":{"allow":["GET"]}}],"collection":[{"href":"https:\/\/www.intoscana.it\/it\/wp-json\/wp\/v2\/posts"}],"about":[{"href":"https:\/\/www.intoscana.it\/it\/wp-json\/wp\/v2\/types\/post"}],"author":[{"embeddable":true,"href":"https:\/\/www.intoscana.it\/it\/wp-json\/wp\/v2\/users\/525"}],"replies":[{"embeddable":true,"href":"https:\/\/www.intoscana.it\/it\/wp-json\/wp\/v2\/comments?post=282068"}],"version-history":[{"count":0,"href":"https:\/\/www.intoscana.it\/it\/wp-json\/wp\/v2\/posts\/282068\/revisions"}],"wp:featuredmedia":[{"embeddable":true,"href":"https:\/\/www.intoscana.it\/it\/wp-json\/wp\/v2\/media\/189488"}],"wp:attachment":[{"href":"https:\/\/www.intoscana.it\/it\/wp-json\/wp\/v2\/media?parent=282068"}],"wp:term":[{"taxonomy":"category","embeddable":true,"href":"https:\/\/www.intoscana.it\/it\/wp-json\/wp\/v2\/categories?post=282068"},{"taxonomy":"post_tag","embeddable":true,"href":"https:\/\/www.intoscana.it\/it\/wp-json\/wp\/v2\/tags?post=282068"}],"curies":[{"name":"wp","href":"https:\/\/api.w.org\/{rel}","templated":true}]}}