{"id":282194,"date":"2023-05-12T11:05:09","date_gmt":"2023-05-12T09:05:09","guid":{"rendered":"https:\/\/www.intoscana.it\/it\/?p=282194"},"modified":"2023-05-12T12:01:41","modified_gmt":"2023-05-12T10:01:41","slug":"livorno-capitale-dellumorismo-della-satira-e-della-comicita-con-il-festival-antani","status":"publish","type":"post","link":"https:\/\/www.intoscana.it\/it\/livorno-capitale-dellumorismo-della-satira-e-della-comicita-con-il-festival-antani\/","title":{"rendered":"L&#8217;attore Gianmarco Tognazzi ospite d&#8217;onore del festival sull&#8217;umorismo a Livorno"},"content":{"rendered":"<p>Sar\u00e0 <strong>Gianmarco Tognazzi<\/strong> l\u2019ospite d\u2019onore del<strong> Gran Gal\u00e0 \u201cPremio Antani\u201d<\/strong> con il concerto di <strong>Bengi e i Ridillo<\/strong>.<\/p>\n<p>Un evento d\u2019eccezione che chiuder\u00e0 l\u2019edizione 2023 di <em><strong>\u201cAntani. Comicit\u00e0 e satira come se fosse\u201d<\/strong><\/em>, il primo ed unico festival sull\u2019umorismo in Italia, con la<strong> direzione artistica di Luca Bottura,<\/strong>\u00a0che si terr\u00e0 al <strong>Teatro Goldoni di Livorno dal 12 al 14 maggio.<br \/>\n<\/strong><br \/>\nIn programma tanti <strong>incontri, spettacoli, una rassegna letteraria e un premio speciale<\/strong> nel gran gal\u00e0 di chiusura per una tre giorni con i<strong> migliori comici, stand up comedian, autori e fumettisti da tutta Italia<\/strong>.<\/p>\n<div>\n<p>Tra gli eventi pi\u00f9 attesi, anche la sfida tra i blog satirici da milioni di <i>followers<\/i> <b>Lercio <\/b>e <b>Spinoza<\/b>, la performance di <b>Andrea Pennacchi <\/b>da <i>Propaganda Live<\/i>,<b> <\/b>il live show di <b>Makkox<\/b> e <b>Valerio Aprea<\/b>, il campionato <i>indoor <\/i>di rassegna stampa con <b>Gad Lerner, Alessandro Sallusti, Stefano Zurlo, Giulia Merlo, Marianna Aprile<\/b>.<\/p>\n<\/div>\n<p>E ancora, gli excursus sulla comicit\u00e0 in tv con <strong>Walter Fontana, Andrea Zalone e Federica Cacciola,<\/strong>\u00a0uno speciale angolo per la posta del cuore con <strong>Ester Viola e Alessio Viola,<\/strong>\u00a0lo spettacolo di apertura<em><strong> \u201cAntani live show\u201d<\/strong> <\/em>con la benedizione del <strong>Cardinale Matteo Maria Zuppi <\/strong>e\u00a0il ciclo di presentazioni di libri curato da <strong>Paolo Maggioni<\/strong>.<\/p>\n<p>Dichiara <strong>Luca Bottura, direttore artistico del festival:<\/strong><em> &#8220;Ridere, sorridere, talvolta persino irridere, \u00e8 pi\u00f9 che mai decisivo, necessario, urgente, e altri aggettivi che di solito vengono sprecati senza ragione per qualunque libro in uscita. Questo perch\u00e9, in quest\u2019epoca di pazzi e di idioti dell\u2019orrore, non prendersi sul serio \u00e8 rimasto l\u2019unico modo di smarcarsi. Di schierarsi senza dare l\u2019impressione di farlo. E di evitare apparentemente gli ostacoli, abbattendoli invece da tergo. Antani \u00e8 lo scemo del villaggio globale, che si aggira tra cultura, informazione, varie ed eventuali, cercando sempre uno strapuntino per la visione laterale. Con la seriet\u00e0 dei giullari e l\u2019allegra mitezza dei buoni. Talvolta buoni a nulla, talvolta buoni e basta. Antani: come se fosse un festival&#8221;.<\/em><\/p>\n<p><strong>Eugenio Giani, presidente della Regione Toscana ha dichiarato:<\/strong> <em>&#8220;Scorrendo il denso programma del festival mi viene in mente ci\u00f2 che disse Rambaldo Melandri in \u2018Amici Miei atto II\u2019 spiegando cos\u2019\u00e8 il genio. Per lui \u00e8 fantasia, intuizione, colpo d&#8217;occhio e velocit\u00e0 d&#8217;esecuzione. E il Festival sull\u2019umorismo mi suscita proprio questo richiamo, probabilmente aiutato in questo anche dai continui rimandi ad Antani. Faccio quindi i miei complimenti alla Fondazione Livorno e agli organizzatori per aver prima pensato, poi imbastito quella che si profila come una inusuale e fresca boccata di ossigeno e un sano, ma non certo futile, esercizio per tenere ben oleate le meningi e la bocca ben allenata a sorridere. Siamo di fronte ad una delle pi\u00f9 originali proposte che il ricco cartellone dell\u2019intera Toscana sottopone all\u2019attenzione di coloro che vorranno parteciparvi. Che, ne sono certo, saranno in molti e molto felici. Buon festival e buon umorismo a tutti&#8221;.<\/em><\/p>\n<figure id=\"post-282243 media-282243\" class=\"align-none\"><img decoding=\"async\" src=\"https:\/\/www.intoscana.it\/wp-content\/uploads\/Makkox-Elastica-foto-di-Giacomo-Maestri-2-1-scaled.jpg\" alt=\"\" \/><\/figure>\n<div class=\"titleimg\"><em>Makkox \u2013 Elastica \u2013 foto di Giacomo Maestri<\/em><\/div>\n<h3>Il programma<\/h3>\n<p>Si parte<strong> venerd\u00ec 12 maggio<\/strong> con <em><strong>\u201cAscolta si fa Antani\u201d<\/strong><\/em>: il <strong>Cardinale Matteo Maria Zuppi benedice Luca Bottura<\/strong> e tutto il festival prima di<em><strong> \u201cSai chi vi saluta un casino?&#8221;,<\/strong> <\/em>l\u2019apertura istituzionale dei lavori in pieno stile Antani. La serata inaugurale \u00e8 un<em><strong> \u201cAntani Live Show\u201d,<\/strong><\/em> lo spettacolo \u201cprematurato\u201d con esibizione a sorpresa (Teatro Goldoni, ore 20.30).<\/p>\n<p><strong>Sabato 13 mattina<\/strong>, \u00e8 la volta del <em><strong>\u201cCampionato italiano di rassegna stampa indoor\u201d.<\/strong><\/em>\u00a0<strong>Gad Lerner,<\/strong> giornalista e firma del Fatto Quotidiano, sfida il direttore del quotidiano Libero <strong>Alessandro Sallusti<\/strong> commentando dal vivo le notizie dei principali giornali del giorno. <strong>Arbitrano Luca Bottura e Marianna Aprile,<\/strong> giornalista e scrittrice (Goldonetta, ore 11).<\/p>\n<p>Si prosegue con <em><strong>\u201cC\u2019\u00e8 Viola per te\u201d<\/strong><\/em>: <strong>Ester Viola<\/strong>, avvocata e autrice di Voltare pagina (Einaudi, 2023) e<strong> Alessio Viola,<\/strong> giornalista Sky, rispondono alle lettere della posta del cuore con consigli pratici e altri rimedi naturali (Goldonetta, ore 12.30).<\/p>\n<p>Nel pomeriggio va in scena il live podcast <em><strong>\u201cTiranny\u201d<\/strong><\/em> di <strong>Antonio Losito, autore di Lundini e Zelig,<\/strong> con un workshop che fornisce tutte le istruzioni necessarie per diventare un tiranno provetto (Goldonetta, ore 16). Spazio poi alla tavola rotonda a sorpresa <em><strong>\u201cAll\u2019improvviso un panel\u201d<\/strong><\/em>, un mix tra un viaggio last minute e un secret show (Goldonetta, ore 18).<\/p>\n<p>Apre la serata del <strong>13 maggio<em> \u201cL\u2019Islam dei famosi\u201d<\/em><\/strong> con <strong>Luca Bottura<\/strong> che esplora l\u2019ironia del mondo musulmano (Teatro Goldoni, ore 19).<\/p>\n<p>Dopo questa anteprima, riflettori puntati sul live show <em><strong>\u201cDialoghi sul cambiamento\u201d<\/strong><\/em>: <strong>Makkox<\/strong>, fumettista, autore tv e protagonista di Propaganda su La7, e <strong>Valerio Aprea<\/strong>, attore, protagonista della scena teatrale italiana, sceneggiatore della serie di culto Boris, si confronteranno in maniera originale e ironica sui grandi cambiamenti della nostra epoca (Teatro Goldoni, ore 19.30).<\/p>\n<p>La seconda giornata di festival si chiude con la<strong> prima e unica maratona di stand up comedy di Livorno<em> \u201cC\u2019\u00e8 sempre una prima volta\u201d<\/em><\/strong>: fino a tarda notte comici esordienti, performer esperti e dilettanti alle prime armi si esibiranno sul palco della Goldonetta (ore 22).<\/p>\n<figure id=\"post-282244 media-282244\" class=\"align-none\"><img decoding=\"async\" src=\"https:\/\/www.intoscana.it\/wp-content\/uploads\/Marianna_Aprile_5.jpg\" alt=\"\" \/><\/figure>\n<div class=\"titleimg\"><em>Marianna Aprile<\/em><\/div>\n<p><strong>Domenica 14 maggio<\/strong> va in scena la seconda sessione del <em><strong>\u201cCampionato italiano di rassegna stampa indoor\u201d:<\/strong><\/em> a sfidarsi di fronte ai giudici <strong>Luca Bottura e Marianna Aprile<\/strong> stavolta saranno<strong> Stefano Zurlo,<\/strong> firma de Il Giornale su politica, economia e finanza, e <strong>Giulia Merlo,<\/strong> avvocata e giornalista di politica e giudiziaria per il quotidiano Domani (Goldonetta, ore 11).<\/p>\n<p>Si prosegue con il panel <em><strong>\u201cAutori fuori scena (ma anche dentro)\u201d,<\/strong> <\/em>un focus sulla scrittura comica e satirica pensata per la televisione. Come si fa a far ridere in televisione? Com\u2019\u00e8 cambiato questo mondo negli ultimi 20 anni? Ne parleranno<strong> Andrea Zalone, autore e spalla di Crozza<\/strong> sul Nove, <strong>Walter Fontana,<\/strong> autore di Mai Dire Gol e sceneggiatore dei film di Aldo, Giovanni e Giacomo, <strong>Federica Cacciola<\/strong>, attrice e autrice di teatro e tv, diventata un fenomeno web da milioni di visualizzazioni col personaggio Martina Dell\u2019Ombra (Goldonetta, ore 12.30).<\/p>\n<p>Nel pomeriggio, dopo l\u2019<em><strong>\u201cAntani Live Show\u201d<\/strong><\/em> (Goldonetta, ore 16) va in scena <em><strong>&#8220;L\u2019azzimo fuggente&#8221;:<\/strong><\/em> <strong>Luca Bottura<\/strong> studia un ulteriore universo religioso, grazie all\u2019incontro tra ironia ed ebraismo (Goldonetta, ore 17). A seguire, il Gran Gal\u00e0 \u201cPremio Antani\u201d e l\u2019annuncio dei vincitori di questo nuovo trofeo e del contest artistico \u201cPer me l\u2019umorismo \u00e8\u2026\u201d riservato ai giovanissimi e promosso in collaborazione con Il Tirreno (Teatro Goldoni, ore 17.30).<\/p>\n<p>Tra gli appuntamenti da non perdere, anche la rassegna letteraria<em><strong> &#8220;Antani Libri. Come se fosse una presentazione&#8221;<\/strong><\/em>, un vero e proprio festival nel festival a cura di <strong>Paolo Maggioni,<\/strong> giornalista di Rainews24 e autore del noir <em><strong>&#8220;La calda estate del Commissario Casablanca&#8221;<\/strong> <\/em>(SEM &#8211; Feltrinelli, 2022).<\/p>\n<p>In sala Galliano un ciclo di appuntamenti con i migliori <strong>comici, umoristi e virtuosi della pagina<\/strong>, alla scoperta dei volumi pi\u00f9 divertenti e geniali di questi ultimi anni.<\/p>\n<figure id=\"post-282248 media-282248\" class=\"align-none\"><img decoding=\"async\" src=\"https:\/\/www.intoscana.it\/wp-content\/uploads\/Schermata-2023-04-14-alle-14.42.11.jpg\" alt=\"\" \/><\/figure>\n<div class=\"titleimg\"><\/div>\n","protected":false},"excerpt":{"rendered":"<p>Al Teatro Goldoni dal 12 al 14 maggio &#8220;Antani. Comicit\u00e0 e satira come se fosse\u201d: tre giorni con i migliori comici, scrittori, stand up comedian, fumettisti, autori teatrali e tv<\/p>\n","protected":false},"author":518,"featured_media":285797,"comment_status":"open","ping_status":"open","sticky":false,"template":"","format":"standard","meta":{"_acf_changed":false,"footnotes":""},"categories":[493],"tags":[228,273,151],"class_list":["post-282194","post","type-post","status-publish","format-standard","has-post-thumbnail","hentry","category-cultura","tag-festival","tag-livorno","tag-regione-toscana"],"acf":[],"yoast_head":"<!-- This site is optimized with the Yoast SEO Premium plugin v24.2 (Yoast SEO v25.6) - https:\/\/yoast.com\/wordpress\/plugins\/seo\/ -->\n<title>L&#039;attore Gianmarco Tognazzi ospite d&#039;onore del festival sull&#039;umorismo a Livorno - intoscana<\/title>\n<meta name=\"description\" content=\"Al Goldoni dal 12 al 14 maggio &quot;Antani. Comicit\u00e0 e satira come se fosse\u201d: tre giorni con comici, scrittori, fumettisti, autori teatrali e tv\" \/>\n<meta name=\"robots\" content=\"index, follow, max-snippet:-1, max-image-preview:large, max-video-preview:-1\" \/>\n<link rel=\"canonical\" href=\"https:\/\/www.intoscana.it\/it\/livorno-capitale-dellumorismo-della-satira-e-della-comicita-con-il-festival-antani\/\" \/>\n<meta property=\"og:locale\" content=\"it_IT\" \/>\n<meta property=\"og:type\" content=\"article\" \/>\n<meta property=\"og:title\" content=\"L&#039;attore Gianmarco Tognazzi ospite d&#039;onore del festival sull&#039;umorismo a Livorno\" \/>\n<meta property=\"og:description\" content=\"Al Goldoni dal 12 al 14 maggio &quot;Antani. Comicit\u00e0 e satira come se fosse\u201d: tre giorni con comici, scrittori, fumettisti, autori teatrali e tv\" \/>\n<meta property=\"og:url\" content=\"https:\/\/www.intoscana.it\/it\/livorno-capitale-dellumorismo-della-satira-e-della-comicita-con-il-festival-antani\/\" \/>\n<meta property=\"og:site_name\" content=\"intoscana\" \/>\n<meta property=\"article:publisher\" content=\"https:\/\/www.facebook.com\/intoscana.it\" \/>\n<meta property=\"article:published_time\" content=\"2023-05-12T09:05:09+00:00\" \/>\n<meta property=\"article:modified_time\" content=\"2023-05-12T10:01:41+00:00\" \/>\n<meta property=\"og:image\" content=\"https:\/\/www.intoscana.it\/wp-content\/uploads\/216521395_359383165744203_605905592260125426_n.jpg\" \/>\n\t<meta property=\"og:image:width\" content=\"1280\" \/>\n\t<meta property=\"og:image:height\" content=\"853\" \/>\n\t<meta property=\"og:image:type\" content=\"image\/jpeg\" \/>\n<meta name=\"author\" content=\"Costanza Baldini\" \/>\n<meta name=\"twitter:card\" content=\"summary_large_image\" \/>\n<meta name=\"twitter:creator\" content=\"@intoscana\" \/>\n<meta name=\"twitter:site\" content=\"@intoscana\" \/>\n<meta name=\"twitter:label1\" content=\"Written by\" \/>\n\t<meta name=\"twitter:data1\" content=\"Costanza Baldini\" \/>\n\t<meta name=\"twitter:label2\" content=\"Est. reading time\" \/>\n\t<meta name=\"twitter:data2\" content=\"5 minuti\" \/>\n<script type=\"application\/ld+json\" class=\"yoast-schema-graph\">{\"@context\":\"https:\/\/schema.org\",\"@graph\":[{\"@type\":\"WebPage\",\"@id\":\"https:\/\/www.intoscana.it\/it\/livorno-capitale-dellumorismo-della-satira-e-della-comicita-con-il-festival-antani\/\",\"url\":\"https:\/\/www.intoscana.it\/it\/livorno-capitale-dellumorismo-della-satira-e-della-comicita-con-il-festival-antani\/\",\"name\":\"L'attore Gianmarco Tognazzi ospite d'onore del festival sull'umorismo a Livorno - intoscana\",\"isPartOf\":{\"@id\":\"https:\/\/www.intoscana.it\/it\/#website\"},\"primaryImageOfPage\":{\"@id\":\"https:\/\/www.intoscana.it\/it\/livorno-capitale-dellumorismo-della-satira-e-della-comicita-con-il-festival-antani\/#primaryimage\"},\"image\":{\"@id\":\"https:\/\/www.intoscana.it\/it\/livorno-capitale-dellumorismo-della-satira-e-della-comicita-con-il-festival-antani\/#primaryimage\"},\"thumbnailUrl\":\"https:\/\/www.intoscana.it\/wp-content\/uploads\/216521395_359383165744203_605905592260125426_n.jpg\",\"datePublished\":\"2023-05-12T09:05:09+00:00\",\"dateModified\":\"2023-05-12T10:01:41+00:00\",\"author\":{\"@id\":\"https:\/\/www.intoscana.it\/it\/#\/schema\/person\/d469f35f09739bdf00bf5dd3f0647a82\"},\"description\":\"Al Goldoni dal 12 al 14 maggio \\\"Antani. Comicit\u00e0 e satira come se fosse\u201d: tre giorni con comici, scrittori, fumettisti, autori teatrali e tv\",\"breadcrumb\":{\"@id\":\"https:\/\/www.intoscana.it\/it\/livorno-capitale-dellumorismo-della-satira-e-della-comicita-con-il-festival-antani\/#breadcrumb\"},\"inLanguage\":\"it-IT\",\"potentialAction\":[{\"@type\":\"ReadAction\",\"target\":[\"https:\/\/www.intoscana.it\/it\/livorno-capitale-dellumorismo-della-satira-e-della-comicita-con-il-festival-antani\/\"]}]},{\"@type\":\"ImageObject\",\"inLanguage\":\"it-IT\",\"@id\":\"https:\/\/www.intoscana.it\/it\/livorno-capitale-dellumorismo-della-satira-e-della-comicita-con-il-festival-antani\/#primaryimage\",\"url\":\"https:\/\/www.intoscana.it\/wp-content\/uploads\/216521395_359383165744203_605905592260125426_n.jpg\",\"contentUrl\":\"https:\/\/www.intoscana.it\/wp-content\/uploads\/216521395_359383165744203_605905592260125426_n.jpg\",\"width\":1280,\"height\":853,\"caption\":\"Gianmarco Tognazzi\"},{\"@type\":\"BreadcrumbList\",\"@id\":\"https:\/\/www.intoscana.it\/it\/livorno-capitale-dellumorismo-della-satira-e-della-comicita-con-il-festival-antani\/#breadcrumb\",\"itemListElement\":[{\"@type\":\"ListItem\",\"position\":1,\"name\":\"Home\",\"item\":\"https:\/\/www.intoscana.it\/it\/\"},{\"@type\":\"ListItem\",\"position\":2,\"name\":\"L&#8217;attore Gianmarco Tognazzi ospite d&#8217;onore del festival sull&#8217;umorismo a Livorno\"}]},{\"@type\":\"WebSite\",\"@id\":\"https:\/\/www.intoscana.it\/it\/#website\",\"url\":\"https:\/\/www.intoscana.it\/it\/\",\"name\":\"intoscana\",\"description\":\"\",\"potentialAction\":[{\"@type\":\"SearchAction\",\"target\":{\"@type\":\"EntryPoint\",\"urlTemplate\":\"https:\/\/www.intoscana.it\/it\/?s={search_term_string}\"},\"query-input\":{\"@type\":\"PropertyValueSpecification\",\"valueRequired\":true,\"valueName\":\"search_term_string\"}}],\"inLanguage\":\"it-IT\"},{\"@type\":\"Person\",\"@id\":\"https:\/\/www.intoscana.it\/it\/#\/schema\/person\/d469f35f09739bdf00bf5dd3f0647a82\",\"name\":\"Costanza Baldini\",\"url\":\"https:\/\/www.intoscana.it\/it\/author\/costanza-baldini\/\"}]}<\/script>\n<!-- \/ Yoast SEO Premium plugin. -->","yoast_head_json":{"title":"L'attore Gianmarco Tognazzi ospite d'onore del festival sull'umorismo a Livorno - intoscana","description":"Al Goldoni dal 12 al 14 maggio \"Antani. Comicit\u00e0 e satira come se fosse\u201d: tre giorni con comici, scrittori, fumettisti, autori teatrali e tv","robots":{"index":"index","follow":"follow","max-snippet":"max-snippet:-1","max-image-preview":"max-image-preview:large","max-video-preview":"max-video-preview:-1"},"canonical":"https:\/\/www.intoscana.it\/it\/livorno-capitale-dellumorismo-della-satira-e-della-comicita-con-il-festival-antani\/","og_locale":"it_IT","og_type":"article","og_title":"L'attore Gianmarco Tognazzi ospite d'onore del festival sull'umorismo a Livorno","og_description":"Al Goldoni dal 12 al 14 maggio \"Antani. Comicit\u00e0 e satira come se fosse\u201d: tre giorni con comici, scrittori, fumettisti, autori teatrali e tv","og_url":"https:\/\/www.intoscana.it\/it\/livorno-capitale-dellumorismo-della-satira-e-della-comicita-con-il-festival-antani\/","og_site_name":"intoscana","article_publisher":"https:\/\/www.facebook.com\/intoscana.it","article_published_time":"2023-05-12T09:05:09+00:00","article_modified_time":"2023-05-12T10:01:41+00:00","og_image":[{"width":1280,"height":853,"url":"https:\/\/www.intoscana.it\/wp-content\/uploads\/216521395_359383165744203_605905592260125426_n.jpg","type":"image\/jpeg"}],"author":"Costanza Baldini","twitter_card":"summary_large_image","twitter_creator":"@intoscana","twitter_site":"@intoscana","twitter_misc":{"Written by":"Costanza Baldini","Est. reading time":"5 minuti"},"schema":{"@context":"https:\/\/schema.org","@graph":[{"@type":"WebPage","@id":"https:\/\/www.intoscana.it\/it\/livorno-capitale-dellumorismo-della-satira-e-della-comicita-con-il-festival-antani\/","url":"https:\/\/www.intoscana.it\/it\/livorno-capitale-dellumorismo-della-satira-e-della-comicita-con-il-festival-antani\/","name":"L'attore Gianmarco Tognazzi ospite d'onore del festival sull'umorismo a Livorno - intoscana","isPartOf":{"@id":"https:\/\/www.intoscana.it\/it\/#website"},"primaryImageOfPage":{"@id":"https:\/\/www.intoscana.it\/it\/livorno-capitale-dellumorismo-della-satira-e-della-comicita-con-il-festival-antani\/#primaryimage"},"image":{"@id":"https:\/\/www.intoscana.it\/it\/livorno-capitale-dellumorismo-della-satira-e-della-comicita-con-il-festival-antani\/#primaryimage"},"thumbnailUrl":"https:\/\/www.intoscana.it\/wp-content\/uploads\/216521395_359383165744203_605905592260125426_n.jpg","datePublished":"2023-05-12T09:05:09+00:00","dateModified":"2023-05-12T10:01:41+00:00","author":{"@id":"https:\/\/www.intoscana.it\/it\/#\/schema\/person\/d469f35f09739bdf00bf5dd3f0647a82"},"description":"Al Goldoni dal 12 al 14 maggio \"Antani. Comicit\u00e0 e satira come se fosse\u201d: tre giorni con comici, scrittori, fumettisti, autori teatrali e tv","breadcrumb":{"@id":"https:\/\/www.intoscana.it\/it\/livorno-capitale-dellumorismo-della-satira-e-della-comicita-con-il-festival-antani\/#breadcrumb"},"inLanguage":"it-IT","potentialAction":[{"@type":"ReadAction","target":["https:\/\/www.intoscana.it\/it\/livorno-capitale-dellumorismo-della-satira-e-della-comicita-con-il-festival-antani\/"]}]},{"@type":"ImageObject","inLanguage":"it-IT","@id":"https:\/\/www.intoscana.it\/it\/livorno-capitale-dellumorismo-della-satira-e-della-comicita-con-il-festival-antani\/#primaryimage","url":"https:\/\/www.intoscana.it\/wp-content\/uploads\/216521395_359383165744203_605905592260125426_n.jpg","contentUrl":"https:\/\/www.intoscana.it\/wp-content\/uploads\/216521395_359383165744203_605905592260125426_n.jpg","width":1280,"height":853,"caption":"Gianmarco Tognazzi"},{"@type":"BreadcrumbList","@id":"https:\/\/www.intoscana.it\/it\/livorno-capitale-dellumorismo-della-satira-e-della-comicita-con-il-festival-antani\/#breadcrumb","itemListElement":[{"@type":"ListItem","position":1,"name":"Home","item":"https:\/\/www.intoscana.it\/it\/"},{"@type":"ListItem","position":2,"name":"L&#8217;attore Gianmarco Tognazzi ospite d&#8217;onore del festival sull&#8217;umorismo a Livorno"}]},{"@type":"WebSite","@id":"https:\/\/www.intoscana.it\/it\/#website","url":"https:\/\/www.intoscana.it\/it\/","name":"intoscana","description":"","potentialAction":[{"@type":"SearchAction","target":{"@type":"EntryPoint","urlTemplate":"https:\/\/www.intoscana.it\/it\/?s={search_term_string}"},"query-input":{"@type":"PropertyValueSpecification","valueRequired":true,"valueName":"search_term_string"}}],"inLanguage":"it-IT"},{"@type":"Person","@id":"https:\/\/www.intoscana.it\/it\/#\/schema\/person\/d469f35f09739bdf00bf5dd3f0647a82","name":"Costanza Baldini","url":"https:\/\/www.intoscana.it\/it\/author\/costanza-baldini\/"}]}},"_links":{"self":[{"href":"https:\/\/www.intoscana.it\/it\/wp-json\/wp\/v2\/posts\/282194","targetHints":{"allow":["GET"]}}],"collection":[{"href":"https:\/\/www.intoscana.it\/it\/wp-json\/wp\/v2\/posts"}],"about":[{"href":"https:\/\/www.intoscana.it\/it\/wp-json\/wp\/v2\/types\/post"}],"author":[{"embeddable":true,"href":"https:\/\/www.intoscana.it\/it\/wp-json\/wp\/v2\/users\/518"}],"replies":[{"embeddable":true,"href":"https:\/\/www.intoscana.it\/it\/wp-json\/wp\/v2\/comments?post=282194"}],"version-history":[{"count":0,"href":"https:\/\/www.intoscana.it\/it\/wp-json\/wp\/v2\/posts\/282194\/revisions"}],"wp:featuredmedia":[{"embeddable":true,"href":"https:\/\/www.intoscana.it\/it\/wp-json\/wp\/v2\/media\/285797"}],"wp:attachment":[{"href":"https:\/\/www.intoscana.it\/it\/wp-json\/wp\/v2\/media?parent=282194"}],"wp:term":[{"taxonomy":"category","embeddable":true,"href":"https:\/\/www.intoscana.it\/it\/wp-json\/wp\/v2\/categories?post=282194"},{"taxonomy":"post_tag","embeddable":true,"href":"https:\/\/www.intoscana.it\/it\/wp-json\/wp\/v2\/tags?post=282194"}],"curies":[{"name":"wp","href":"https:\/\/api.w.org\/{rel}","templated":true}]}}