{"id":282411,"date":"2023-04-27T09:58:27","date_gmt":"2023-04-27T07:58:27","guid":{"rendered":"https:\/\/www.intoscana.it\/it\/?p=282411"},"modified":"2023-04-27T10:47:34","modified_gmt":"2023-04-27T08:47:34","slug":"robotica-agricoltura-agrifiera-2023","status":"publish","type":"post","link":"https:\/\/www.intoscana.it\/it\/robotica-agricoltura-agrifiera-2023\/","title":{"rendered":"I robot per l&#8217;agricoltura protagonisti all&#8217;Agrifiera di Pontasserchio 2023"},"content":{"rendered":"<p style=\"font-weight: 400;\">I <strong>robot<\/strong> utilizzati nel mondo dell&#8217;agricoltura saranno protagonisti\u00a0<strong>all\u2019Agrifiera di Pontasserchio<\/strong> della prima anticipazione del <a href=\"https:\/\/www.intoscana.it\/it\/articolo\/tre-giorni-per-scoprire-come-sara-il-futuro-a-pisa-torna-il-festival-della-robotica\/\" target=\"_blank\" rel=\"noopener\">Festival della Robotica, <\/a>la cui nuova edizione si terr\u00e0 a Pisa dal 19 al 21 maggio. <strong>Venerd\u00ec 28 e sabato 29 aprile<\/strong> l\u2019Agrifiera ospiter\u00e0, infatti, i primi robot dell\u2019edizione 2023 della kermesse nello stand del Festival, curato dei docenti del Dipartimento di Scienze Agrarie, Alimentari e Agro \u2013 Ambientali dell\u2019Universit\u00e0 di Pisa.<\/p>\n<p>L&#8217;Agrifiera, giunta alla 113esima edizione, \u00e8 un evento interamente dedicato al mondo agricolo che raccoglie ogni anno oltre <strong>120mila visitatori<\/strong> provenienti da tutta Italia e si terr\u00e0 dal 22 aprile al 1 maggio.<\/p>\n<h3>Laboratori interattivi e dimostrazioni dei robot<\/h3>\n<p style=\"font-weight: 400;\">Nelle due giornate, al mattino, oltre<strong> sessanta studenti<\/strong> dell\u2019Istituto Santoni di Pisa, affiancati da una decina di docenti, parteciperanno a una serie di <mark>laboratori tematici e interattivi per vedere come funzionano e come vengono utilizzati i robot agricoli.<\/mark> I temi sono l\u2019agricoltura\u00a0robotica, digitale e di precisione.<\/p>\n<p style=\"font-weight: 400;\"><em>\u00a0\u201cSiamo molto felici di portare il Festival della Robotica all\u2019interno dell\u2019Agrifiera di Pontasserchio<\/em> \u2013 commenta il professor Mauro Ferrari, presidente della Fondazione Tech Care, che organizza la kermesse \u2013 <em>una delle manifestazioni pi\u00f9 importanti del territorio, da sempre attenta all\u2019innovazione. \u00c8 quindi la cornice giusta per parlare di robotica agricola e delle sue molteplici applicazioni pratiche\u201d.<\/em><\/p>\n<p style=\"font-weight: 400;\">Il pomeriggio, come spiega Marco Fontanelli,\u00a0professore associato di Meccanica Agraria e Meccanizzazione Agricola dello stesso Dipartimento dell\u2019Universit\u00e0 di Pisa,\u00a0invece sar\u00e0 dedicato all\u2019orientamento per la scelta degli studi universitari e alla dimostrazione dal vivo del funzionamento delle <strong>\u201cmacchine\u201d robotiche,<\/strong> rivolta a tutte le persone che faranno visita all\u2019Agrifiera. <mark>Tra i robot che saranno all\u2019opera, ci saranno quelli dedicati al taglio dell\u2019erba e in modo speciale alla cura di tessuti erbosi particolari come quelli dei campi da golf.<\/mark><\/p>\n<p>Il Festival della Robotica, che vede nella Fondazione Tech Care (promossa da Universit\u00e0 di Pisa, Azienda Ospedaliero Universitaria Pisana, Fondazione Arpa) il soggetto attuatore, riceve il sostegno di <mark>Regione Toscana, Comune di Pisa, Fondazione Pisa, Fondazione Arpa e di altri enti e istituzioni ed ha il patrocinio di Universit\u00e0 di Pisa, Scuola Superiore Sant\u2019Anna, Azienda Ospedaliero-Universitaria Pisana, Fondazione Cassa di Risparmio di Volterra, Comune di Volterra, Comune di San Giuliano Terme, CNR, di altri enti e di altre istituzioni.<\/mark><\/p>\n","protected":false},"excerpt":{"rendered":"<p>L&#8217;anticipazione del Festival della Robotica di venerd\u00ec 28 e sabato 29 aprile sar\u00e0 dedicata a mostrare le potenzialit\u00e0 e le applicazioni pratiche dei robot in agricoltura<\/p>\n","protected":false},"author":525,"featured_media":77165,"comment_status":"open","ping_status":"open","sticky":false,"template":"","format":"standard","meta":{"_acf_changed":false,"footnotes":""},"categories":[475],"tags":[363,383,4373],"class_list":["post-282411","post","type-post","status-publish","format-standard","has-post-thumbnail","hentry","category-innovazione","tag-agricoltura","tag-robotica","tag-scuola-santanna-di-pisa"],"acf":[],"yoast_head":"<!-- This site is optimized with the Yoast SEO Premium plugin v24.2 (Yoast SEO v25.6) - https:\/\/yoast.com\/wordpress\/plugins\/seo\/ -->\n<title>I robot per l&#039;agricoltura protagonisti all&#039;Agrifiera di Pontasserchio 2023 - intoscana<\/title>\n<meta name=\"robots\" content=\"index, follow, max-snippet:-1, max-image-preview:large, max-video-preview:-1\" \/>\n<link rel=\"canonical\" href=\"https:\/\/www.intoscana.it\/it\/robotica-agricoltura-agrifiera-2023\/\" \/>\n<meta property=\"og:locale\" content=\"it_IT\" \/>\n<meta property=\"og:type\" content=\"article\" \/>\n<meta property=\"og:title\" content=\"I robot per l&#039;agricoltura protagonisti all&#039;Agrifiera di Pontasserchio 2023\" \/>\n<meta property=\"og:description\" content=\"L&#039;anticipazione del Festival della Robotica di venerd\u00ec 28 e sabato 29 aprile sar\u00e0 dedicata a mostrare le potenzialit\u00e0 e le applicazioni pratiche dei robot in agricoltura\" \/>\n<meta property=\"og:url\" content=\"https:\/\/www.intoscana.it\/it\/robotica-agricoltura-agrifiera-2023\/\" \/>\n<meta property=\"og:site_name\" content=\"intoscana\" \/>\n<meta property=\"article:publisher\" content=\"https:\/\/www.facebook.com\/intoscana.it\" \/>\n<meta property=\"article:published_time\" content=\"2023-04-27T07:58:27+00:00\" \/>\n<meta property=\"article:modified_time\" content=\"2023-04-27T08:47:34+00:00\" \/>\n<meta property=\"og:image\" content=\"https:\/\/www.intoscana.it\/wp-content\/uploads\/2035a1a5e7c7c7c61e4e30f1182e55a4.jpg\" \/>\n\t<meta property=\"og:image:width\" content=\"599\" \/>\n\t<meta property=\"og:image:height\" content=\"337\" \/>\n\t<meta property=\"og:image:type\" content=\"image\/jpeg\" \/>\n<meta name=\"author\" content=\"Redazione\" \/>\n<meta name=\"twitter:card\" content=\"summary_large_image\" \/>\n<meta name=\"twitter:creator\" content=\"@intoscana\" \/>\n<meta name=\"twitter:site\" content=\"@intoscana\" \/>\n<meta name=\"twitter:label1\" content=\"Written by\" \/>\n\t<meta name=\"twitter:data1\" content=\"Redazione\" \/>\n\t<meta name=\"twitter:label2\" content=\"Est. reading time\" \/>\n\t<meta name=\"twitter:data2\" content=\"2 minuti\" \/>\n<script type=\"application\/ld+json\" class=\"yoast-schema-graph\">{\"@context\":\"https:\/\/schema.org\",\"@graph\":[{\"@type\":\"WebPage\",\"@id\":\"https:\/\/www.intoscana.it\/it\/robotica-agricoltura-agrifiera-2023\/\",\"url\":\"https:\/\/www.intoscana.it\/it\/robotica-agricoltura-agrifiera-2023\/\",\"name\":\"I robot per l'agricoltura protagonisti all'Agrifiera di Pontasserchio 2023 - intoscana\",\"isPartOf\":{\"@id\":\"https:\/\/www.intoscana.it\/it\/#website\"},\"primaryImageOfPage\":{\"@id\":\"https:\/\/www.intoscana.it\/it\/robotica-agricoltura-agrifiera-2023\/#primaryimage\"},\"image\":{\"@id\":\"https:\/\/www.intoscana.it\/it\/robotica-agricoltura-agrifiera-2023\/#primaryimage\"},\"thumbnailUrl\":\"https:\/\/www.intoscana.it\/wp-content\/uploads\/2035a1a5e7c7c7c61e4e30f1182e55a4.jpg\",\"datePublished\":\"2023-04-27T07:58:27+00:00\",\"dateModified\":\"2023-04-27T08:47:34+00:00\",\"author\":{\"@id\":\"https:\/\/www.intoscana.it\/it\/#\/schema\/person\/9223810753230f20bd670fdd322661f8\"},\"breadcrumb\":{\"@id\":\"https:\/\/www.intoscana.it\/it\/robotica-agricoltura-agrifiera-2023\/#breadcrumb\"},\"inLanguage\":\"it-IT\",\"potentialAction\":[{\"@type\":\"ReadAction\",\"target\":[\"https:\/\/www.intoscana.it\/it\/robotica-agricoltura-agrifiera-2023\/\"]}]},{\"@type\":\"ImageObject\",\"inLanguage\":\"it-IT\",\"@id\":\"https:\/\/www.intoscana.it\/it\/robotica-agricoltura-agrifiera-2023\/#primaryimage\",\"url\":\"https:\/\/www.intoscana.it\/wp-content\/uploads\/2035a1a5e7c7c7c61e4e30f1182e55a4.jpg\",\"contentUrl\":\"https:\/\/www.intoscana.it\/wp-content\/uploads\/2035a1a5e7c7c7c61e4e30f1182e55a4.jpg\",\"width\":599,\"height\":337},{\"@type\":\"BreadcrumbList\",\"@id\":\"https:\/\/www.intoscana.it\/it\/robotica-agricoltura-agrifiera-2023\/#breadcrumb\",\"itemListElement\":[{\"@type\":\"ListItem\",\"position\":1,\"name\":\"Home\",\"item\":\"https:\/\/www.intoscana.it\/it\/\"},{\"@type\":\"ListItem\",\"position\":2,\"name\":\"I robot per l&#8217;agricoltura protagonisti all&#8217;Agrifiera di Pontasserchio 2023\"}]},{\"@type\":\"WebSite\",\"@id\":\"https:\/\/www.intoscana.it\/it\/#website\",\"url\":\"https:\/\/www.intoscana.it\/it\/\",\"name\":\"intoscana\",\"description\":\"\",\"potentialAction\":[{\"@type\":\"SearchAction\",\"target\":{\"@type\":\"EntryPoint\",\"urlTemplate\":\"https:\/\/www.intoscana.it\/it\/?s={search_term_string}\"},\"query-input\":{\"@type\":\"PropertyValueSpecification\",\"valueRequired\":true,\"valueName\":\"search_term_string\"}}],\"inLanguage\":\"it-IT\"},{\"@type\":\"Person\",\"@id\":\"https:\/\/www.intoscana.it\/it\/#\/schema\/person\/9223810753230f20bd670fdd322661f8\",\"name\":\"Redazione\",\"url\":\"https:\/\/www.intoscana.it\/it\/author\/redazione\/\"}]}<\/script>\n<!-- \/ Yoast SEO Premium plugin. -->","yoast_head_json":{"title":"I robot per l'agricoltura protagonisti all'Agrifiera di Pontasserchio 2023 - intoscana","robots":{"index":"index","follow":"follow","max-snippet":"max-snippet:-1","max-image-preview":"max-image-preview:large","max-video-preview":"max-video-preview:-1"},"canonical":"https:\/\/www.intoscana.it\/it\/robotica-agricoltura-agrifiera-2023\/","og_locale":"it_IT","og_type":"article","og_title":"I robot per l'agricoltura protagonisti all'Agrifiera di Pontasserchio 2023","og_description":"L'anticipazione del Festival della Robotica di venerd\u00ec 28 e sabato 29 aprile sar\u00e0 dedicata a mostrare le potenzialit\u00e0 e le applicazioni pratiche dei robot in agricoltura","og_url":"https:\/\/www.intoscana.it\/it\/robotica-agricoltura-agrifiera-2023\/","og_site_name":"intoscana","article_publisher":"https:\/\/www.facebook.com\/intoscana.it","article_published_time":"2023-04-27T07:58:27+00:00","article_modified_time":"2023-04-27T08:47:34+00:00","og_image":[{"width":599,"height":337,"url":"https:\/\/www.intoscana.it\/wp-content\/uploads\/2035a1a5e7c7c7c61e4e30f1182e55a4.jpg","type":"image\/jpeg"}],"author":"Redazione","twitter_card":"summary_large_image","twitter_creator":"@intoscana","twitter_site":"@intoscana","twitter_misc":{"Written by":"Redazione","Est. reading time":"2 minuti"},"schema":{"@context":"https:\/\/schema.org","@graph":[{"@type":"WebPage","@id":"https:\/\/www.intoscana.it\/it\/robotica-agricoltura-agrifiera-2023\/","url":"https:\/\/www.intoscana.it\/it\/robotica-agricoltura-agrifiera-2023\/","name":"I robot per l'agricoltura protagonisti all'Agrifiera di Pontasserchio 2023 - intoscana","isPartOf":{"@id":"https:\/\/www.intoscana.it\/it\/#website"},"primaryImageOfPage":{"@id":"https:\/\/www.intoscana.it\/it\/robotica-agricoltura-agrifiera-2023\/#primaryimage"},"image":{"@id":"https:\/\/www.intoscana.it\/it\/robotica-agricoltura-agrifiera-2023\/#primaryimage"},"thumbnailUrl":"https:\/\/www.intoscana.it\/wp-content\/uploads\/2035a1a5e7c7c7c61e4e30f1182e55a4.jpg","datePublished":"2023-04-27T07:58:27+00:00","dateModified":"2023-04-27T08:47:34+00:00","author":{"@id":"https:\/\/www.intoscana.it\/it\/#\/schema\/person\/9223810753230f20bd670fdd322661f8"},"breadcrumb":{"@id":"https:\/\/www.intoscana.it\/it\/robotica-agricoltura-agrifiera-2023\/#breadcrumb"},"inLanguage":"it-IT","potentialAction":[{"@type":"ReadAction","target":["https:\/\/www.intoscana.it\/it\/robotica-agricoltura-agrifiera-2023\/"]}]},{"@type":"ImageObject","inLanguage":"it-IT","@id":"https:\/\/www.intoscana.it\/it\/robotica-agricoltura-agrifiera-2023\/#primaryimage","url":"https:\/\/www.intoscana.it\/wp-content\/uploads\/2035a1a5e7c7c7c61e4e30f1182e55a4.jpg","contentUrl":"https:\/\/www.intoscana.it\/wp-content\/uploads\/2035a1a5e7c7c7c61e4e30f1182e55a4.jpg","width":599,"height":337},{"@type":"BreadcrumbList","@id":"https:\/\/www.intoscana.it\/it\/robotica-agricoltura-agrifiera-2023\/#breadcrumb","itemListElement":[{"@type":"ListItem","position":1,"name":"Home","item":"https:\/\/www.intoscana.it\/it\/"},{"@type":"ListItem","position":2,"name":"I robot per l&#8217;agricoltura protagonisti all&#8217;Agrifiera di Pontasserchio 2023"}]},{"@type":"WebSite","@id":"https:\/\/www.intoscana.it\/it\/#website","url":"https:\/\/www.intoscana.it\/it\/","name":"intoscana","description":"","potentialAction":[{"@type":"SearchAction","target":{"@type":"EntryPoint","urlTemplate":"https:\/\/www.intoscana.it\/it\/?s={search_term_string}"},"query-input":{"@type":"PropertyValueSpecification","valueRequired":true,"valueName":"search_term_string"}}],"inLanguage":"it-IT"},{"@type":"Person","@id":"https:\/\/www.intoscana.it\/it\/#\/schema\/person\/9223810753230f20bd670fdd322661f8","name":"Redazione","url":"https:\/\/www.intoscana.it\/it\/author\/redazione\/"}]}},"_links":{"self":[{"href":"https:\/\/www.intoscana.it\/it\/wp-json\/wp\/v2\/posts\/282411","targetHints":{"allow":["GET"]}}],"collection":[{"href":"https:\/\/www.intoscana.it\/it\/wp-json\/wp\/v2\/posts"}],"about":[{"href":"https:\/\/www.intoscana.it\/it\/wp-json\/wp\/v2\/types\/post"}],"author":[{"embeddable":true,"href":"https:\/\/www.intoscana.it\/it\/wp-json\/wp\/v2\/users\/525"}],"replies":[{"embeddable":true,"href":"https:\/\/www.intoscana.it\/it\/wp-json\/wp\/v2\/comments?post=282411"}],"version-history":[{"count":0,"href":"https:\/\/www.intoscana.it\/it\/wp-json\/wp\/v2\/posts\/282411\/revisions"}],"wp:featuredmedia":[{"embeddable":true,"href":"https:\/\/www.intoscana.it\/it\/wp-json\/wp\/v2\/media\/77165"}],"wp:attachment":[{"href":"https:\/\/www.intoscana.it\/it\/wp-json\/wp\/v2\/media?parent=282411"}],"wp:term":[{"taxonomy":"category","embeddable":true,"href":"https:\/\/www.intoscana.it\/it\/wp-json\/wp\/v2\/categories?post=282411"},{"taxonomy":"post_tag","embeddable":true,"href":"https:\/\/www.intoscana.it\/it\/wp-json\/wp\/v2\/tags?post=282411"}],"curies":[{"name":"wp","href":"https:\/\/api.w.org\/{rel}","templated":true}]}}