{"id":282569,"date":"2023-04-17T13:28:43","date_gmt":"2023-04-17T11:28:43","guid":{"rendered":"https:\/\/www.intoscana.it\/it\/?p=282569"},"modified":"2023-04-24T15:52:24","modified_gmt":"2023-04-24T13:52:24","slug":"25-aprile-celebrazioni","status":"publish","type":"post","link":"https:\/\/www.intoscana.it\/it\/25-aprile-celebrazioni\/","title":{"rendered":"25 aprile in Toscana: le celebrazioni per la Liberazione nella nostra regione"},"content":{"rendered":"<p>Mostre, incontri, pranzi e concerti: la Toscana il prossimo marted\u00ec <strong>25 aprile<\/strong> celebra il 78esimo anniversario della <strong>Liberazione <\/strong>con tante iniziative in tutto il territorio.<\/p>\n<h3>Il ricordo delle donne partigiane<\/h3>\n<p><strong>&#8220;Sono rose, fioriranno&#8221;<\/strong> \u00e8 l&#8217;iniziativa lanciata dall&#8217;Anpi per festeggiare il 25 aprile ricordando le<strong> donne partigiane: <\/strong><mark>l&#8217;associazione deporr\u00e0 una rosa nei luoghi del martirio delle partigiane torturate o uccise dai nazifascisti o sotto le vie delle targhe che le ricordano.<\/mark> L&#8217;iniziativa si terr\u00e0 anche a <a href=\"https:\/\/www.google.com\/maps\/d\/u\/1\/viewer?mid=1UnQ6Hd7J5pqOMrHqExVLUKU_Jw_kjro&amp;ll=43.83966798108644%2C11.255133449073464&amp;z=14\" target=\"_blank\" rel=\"noopener\">Firenze e provincia,<\/a> dove alle 17 sar\u00e0 deposta una rosa in una ventina di monumenti, lapidi e cippi che ricordano le partigiane che hanno perso la vita. Come Maria Penna o Mary Cox, i cui nomi sono incisi nella Lapide dei partigiani caduti di Firenze a Palazzo Vecchio, o Tina Lorenzoni, partigiana e crocerossina che dopo la guerra fu insignita della Medaglia d&#8217;oro al valor militare alla memoria, a cui \u00e8 dedicata una lapide a Santa Maria deli Ulivi.<\/p>\n<p>Tante le iniziative <strong>a Firenze<\/strong> per la Liberazione. Alle 10 in piazza dell&#8217;Unit\u00e0 Italiana si terr\u00e0 la cerimonia della deposizione di una Corona di alloro in onore ai caduti, con la partecipazione del sindaco Dario Nardella, del presidente della Toscana, <strong>Eugenio Giani,<\/strong> con il Gonfalone della Regione, del prefetto di Firenze, di rappresentanti di Anpi e delle Forze armate. Da qui partir\u00e0 il corteo fino a piazza della Signoria dove, alle 11, si terr\u00e0 cerimonia sull&#8217;Arengario di Palazzo Vecchio.<\/p>\n<p>In <strong>Piazza Poggi<\/strong> si terr\u00e0 il consueto pranzo antifascita, con cori popolari e concertone, mentre l&#8217;Anpi organizza una passeggiata guidata che parte dalla Casa del popolo di Settignano per arrivare al cippo commemorativo degli undici partigiani fucilati al poggio di Ontignano: nel pomeriggio alla Casa del popolo si terr\u00e0 il concerto de La Nuova Pippolese e <strong>Martinicca Boison.<\/strong><\/p>\n<h3>La vicepresidente del Parlamento Europeo a Sant&#8217;Anna di Stazzema<\/h3>\n<p>A<strong> Sant&#8217;Anna di Stazzema<\/strong> le celebrazioni per il 78esimo anniversario della Liberazione inizieranno ale 14.15 con l&#8217;inaugurazione del trittico in ceramica \u201cDa Sant\u2019Anna a Bucha\u201d di Carlo Carli, poi alle 15 presso il Monumento Ossario Sacrario per le vittime della strage nazifascista si terranno i saluti istituzionali, preceduti dalla deposizione di una corona di alloro: parteciperanno il presidente della Toscana,<strong> Eugenio Giani,<\/strong> il presidente del Consiglio Regionale della Toscana, <strong>Antonio Mazzeo,<\/strong> il sindaco di Stazzema, Maurizio Verona, il presidente dell\u2019Associazione Martiri di Sant\u2019Anna di Stazzema, Umberto Mancini e la<strong> vicepresidente del Parlamento Europeo Pina Picierno<\/strong>. Alle 17 nella Piazza della Chiesa si terr\u00e0 il concerto a ingresso libero dei Kinnara.<\/p>\n<p>Anche quest\u2019anno in occasione della Festa della Liberazione si terr\u00e0 una grande festa al <strong>Museo audiovisivo della Resistenza di Fosdinovo.<\/strong> Dalle 12.30 si terr\u00e0 il pranzo sociale, seguito alle 14.30 concerto del 25 aprile e alle 16 dalla merenda solidale.<\/p>\n<h3>Concerti, mostre e dibattiti<\/h3>\n<p>A <strong>Scandicci<\/strong> presso l&#8217;Auditorium Centro Rogers alle 18 si tiene il <strong>concerto &#8220;E come potevamo noi cantare&#8221;<\/strong>, con il Coro L&#8217;Altrocanto, la classe di Quartetto della Scuola di Musica di Fiesole del maestro Edoardo Rosadini e la partecipazione del gruppo Whisky Trail: un&#8217;esibizione che parte dalla poesia di Quasimodo per riportare alla luce lo spirito autentico della Resistenza.<br \/>\nA <strong>Fornacette<\/strong> (Pisa) torna il concertone per la Festa della Liberazione in Piazza della Resistenza, dove si esibiranno dalle 18 i <strong>Punkreas.<\/strong><\/p>\n<p>A <strong>Siena<\/strong> gli eventi per il 25 aprile iniziano con l&#8217;apertura de <strong>Le Stanze della Memoria<\/strong>, il percorso museale che ripercorre la storia del Fascimo e della Resistenza nel territorio, e della Sinagoga nella mattina, seguite dal <strong>concerto<\/strong> in piazza Salimbeni<span class=\"markedContent\"> <span dir=\"ltr\" role=\"presentation\">della Banda \u201cCitt\u00e0 del Palio\u201d alle 11. La celebrazione ufficiale si terr\u00e0 invece alle 15.45 con la deposizione della corona ai caduti ai Giardini La Lizza, da cui partit\u00e0 il corteo che sfiler\u00e0 per le vie del centro: una corona sar\u00e0 deposta anche davanti alla sede dell&#8217;Universit\u00e0 e alla Sinagoga, per arrivare in Piazza del Campo, dove saranno presenti le istituzioni, Anpi e interverr\u00e0 anche l&#8217; attivista di \u201cDonna vita libert\u00e0&#8221; Sanaz Partow. La festa continuer\u00e0 poi al Teatro dei Rozzi dalle 18 alle 20 con lo spettacolo teatrale &#8220;Resisti&#8221;.<\/span><\/span><\/p>\n<div class=\"node__content clearfix\">\n<div class=\"node__content clearfix\">\n<div class=\"post-content\">\n<div class=\"node__content clearfix\">\n<div class=\"post-content\">\n<div class=\"node__content clearfix\">\n<p><strong>A Pisa<\/strong> il Cidac-Centro per l\u2019innovazione e la diffusione della cultura dell&#8217;Universit\u00e0 organizza<strong>&#8220;<\/strong><strong>25 Aprile. Una data, la nostra storia&#8221;<\/strong>, una settimana di iniziative e confronti dal 21 al 27 aprile, dedicati alla Liberazione e alla successiva nascita della Repubblica. Tutti gli appuntamenti si svolgeranno nel Palazzo della Sapienza, che ospiter\u00e0 anche le<strong> mostre multimediali<\/strong> dedicate ai volti e le storie delle 21 Madri Costituenti, a Sandro Pertini, ai partigiani,\u00a0 Partigiani, alle leggi razziali e alla Costituzione. L&#8217;evento clou si terr\u00e0 sabato 22 aprile: nel pomeriggio, a partire dalle 15, in Aula Magna Nuova il confronto ruoter\u00e0 attorno a &#8220;Il valore della libert\u00e0, la forza di resistere&#8221;, con ospiti anche Gad Lerner e Aldo Cazzullo.<\/p>\n<\/div>\n<\/div>\n<\/div>\n<\/div>\n<\/div>\n<\/div>\n","protected":false},"excerpt":{"rendered":"<p>Da Firenze a Sant&#8217;Anna di Stazzema in programma tanti eventi speciali per celebrare il 78esimo anniversario della Liberazione<\/p>\n","protected":false},"author":502,"featured_media":143823,"comment_status":"open","ping_status":"open","sticky":false,"template":"","format":"standard","meta":{"_acf_changed":false,"footnotes":""},"categories":[494],"tags":[5976,4474],"class_list":["post-282569","post","type-post","status-publish","format-standard","has-post-thumbnail","hentry","category-attualita","tag-25-aprile","tag-eventi"],"acf":[],"yoast_head":"<!-- This site is optimized with the Yoast SEO Premium plugin v24.2 (Yoast SEO v25.6) - https:\/\/yoast.com\/wordpress\/plugins\/seo\/ -->\n<title>25 aprile in Toscana: le celebrazioni per la Liberazione nella nostra regione - intoscana<\/title>\n<meta name=\"description\" content=\"Da Firenze a Siena sono tante le celebrazioni in programma il 25 aprile a Firenze per il 78esimo anniversario della Liberazione.\" \/>\n<meta name=\"robots\" content=\"index, follow, max-snippet:-1, max-image-preview:large, max-video-preview:-1\" \/>\n<link rel=\"canonical\" href=\"https:\/\/www.intoscana.it\/it\/25-aprile-celebrazioni\/\" \/>\n<meta property=\"og:locale\" content=\"it_IT\" \/>\n<meta property=\"og:type\" content=\"article\" \/>\n<meta property=\"og:title\" content=\"25 aprile in Toscana: le celebrazioni per la Liberazione nella nostra regione\" \/>\n<meta property=\"og:description\" content=\"Da Firenze a Siena sono tante le celebrazioni in programma il 25 aprile a Firenze per il 78esimo anniversario della Liberazione.\" \/>\n<meta property=\"og:url\" content=\"https:\/\/www.intoscana.it\/it\/25-aprile-celebrazioni\/\" \/>\n<meta property=\"og:site_name\" content=\"intoscana\" \/>\n<meta property=\"article:publisher\" content=\"https:\/\/www.facebook.com\/intoscana.it\" \/>\n<meta property=\"article:published_time\" content=\"2023-04-17T11:28:43+00:00\" \/>\n<meta property=\"article:modified_time\" content=\"2023-04-24T13:52:24+00:00\" \/>\n<meta property=\"og:image\" content=\"https:\/\/www.intoscana.it\/wp-content\/uploads\/liberazione-25-aprile-3-e1713958053396.jpg\" \/>\n\t<meta property=\"og:image:width\" content=\"1000\" \/>\n\t<meta property=\"og:image:height\" content=\"621\" \/>\n\t<meta property=\"og:image:type\" content=\"image\/jpeg\" \/>\n<meta name=\"author\" content=\"Ilaria Giannini\" \/>\n<meta name=\"twitter:card\" content=\"summary_large_image\" \/>\n<meta name=\"twitter:creator\" content=\"@i.giannini@fst.it\" \/>\n<meta name=\"twitter:site\" content=\"@intoscana\" \/>\n<meta name=\"twitter:label1\" content=\"Written by\" \/>\n\t<meta name=\"twitter:data1\" content=\"Ilaria Giannini\" \/>\n\t<meta name=\"twitter:label2\" content=\"Est. reading time\" \/>\n\t<meta name=\"twitter:data2\" content=\"4 minuti\" \/>\n<script type=\"application\/ld+json\" class=\"yoast-schema-graph\">{\"@context\":\"https:\/\/schema.org\",\"@graph\":[{\"@type\":\"WebPage\",\"@id\":\"https:\/\/www.intoscana.it\/it\/25-aprile-celebrazioni\/\",\"url\":\"https:\/\/www.intoscana.it\/it\/25-aprile-celebrazioni\/\",\"name\":\"25 aprile in Toscana: le celebrazioni per la Liberazione nella nostra regione - intoscana\",\"isPartOf\":{\"@id\":\"https:\/\/www.intoscana.it\/it\/#website\"},\"primaryImageOfPage\":{\"@id\":\"https:\/\/www.intoscana.it\/it\/25-aprile-celebrazioni\/#primaryimage\"},\"image\":{\"@id\":\"https:\/\/www.intoscana.it\/it\/25-aprile-celebrazioni\/#primaryimage\"},\"thumbnailUrl\":\"https:\/\/www.intoscana.it\/wp-content\/uploads\/liberazione-25-aprile-3-e1713958053396.jpg\",\"datePublished\":\"2023-04-17T11:28:43+00:00\",\"dateModified\":\"2023-04-24T13:52:24+00:00\",\"author\":{\"@id\":\"https:\/\/www.intoscana.it\/it\/#\/schema\/person\/de95e1ed2c1c8c30a6922bbba3a90185\"},\"description\":\"Da Firenze a Siena sono tante le celebrazioni in programma il 25 aprile a Firenze per il 78esimo anniversario della Liberazione.\",\"breadcrumb\":{\"@id\":\"https:\/\/www.intoscana.it\/it\/25-aprile-celebrazioni\/#breadcrumb\"},\"inLanguage\":\"it-IT\",\"potentialAction\":[{\"@type\":\"ReadAction\",\"target\":[\"https:\/\/www.intoscana.it\/it\/25-aprile-celebrazioni\/\"]}]},{\"@type\":\"ImageObject\",\"inLanguage\":\"it-IT\",\"@id\":\"https:\/\/www.intoscana.it\/it\/25-aprile-celebrazioni\/#primaryimage\",\"url\":\"https:\/\/www.intoscana.it\/wp-content\/uploads\/liberazione-25-aprile-3-e1713958053396.jpg\",\"contentUrl\":\"https:\/\/www.intoscana.it\/wp-content\/uploads\/liberazione-25-aprile-3-e1713958053396.jpg\",\"width\":1000,\"height\":621,\"caption\":\"25 aprile, le celebrazioni in Toscana.\"},{\"@type\":\"BreadcrumbList\",\"@id\":\"https:\/\/www.intoscana.it\/it\/25-aprile-celebrazioni\/#breadcrumb\",\"itemListElement\":[{\"@type\":\"ListItem\",\"position\":1,\"name\":\"Home\",\"item\":\"https:\/\/www.intoscana.it\/it\/\"},{\"@type\":\"ListItem\",\"position\":2,\"name\":\"25 aprile in Toscana: le celebrazioni per la Liberazione nella nostra regione\"}]},{\"@type\":\"WebSite\",\"@id\":\"https:\/\/www.intoscana.it\/it\/#website\",\"url\":\"https:\/\/www.intoscana.it\/it\/\",\"name\":\"intoscana\",\"description\":\"\",\"potentialAction\":[{\"@type\":\"SearchAction\",\"target\":{\"@type\":\"EntryPoint\",\"urlTemplate\":\"https:\/\/www.intoscana.it\/it\/?s={search_term_string}\"},\"query-input\":{\"@type\":\"PropertyValueSpecification\",\"valueRequired\":true,\"valueName\":\"search_term_string\"}}],\"inLanguage\":\"it-IT\"},{\"@type\":\"Person\",\"@id\":\"https:\/\/www.intoscana.it\/it\/#\/schema\/person\/de95e1ed2c1c8c30a6922bbba3a90185\",\"name\":\"Ilaria Giannini\",\"sameAs\":[\"https:\/\/x.com\/i.giannini@fst.it\"],\"url\":\"https:\/\/www.intoscana.it\/it\/author\/ilaria-giannini\/\"}]}<\/script>\n<!-- \/ Yoast SEO Premium plugin. -->","yoast_head_json":{"title":"25 aprile in Toscana: le celebrazioni per la Liberazione nella nostra regione - intoscana","description":"Da Firenze a Siena sono tante le celebrazioni in programma il 25 aprile a Firenze per il 78esimo anniversario della Liberazione.","robots":{"index":"index","follow":"follow","max-snippet":"max-snippet:-1","max-image-preview":"max-image-preview:large","max-video-preview":"max-video-preview:-1"},"canonical":"https:\/\/www.intoscana.it\/it\/25-aprile-celebrazioni\/","og_locale":"it_IT","og_type":"article","og_title":"25 aprile in Toscana: le celebrazioni per la Liberazione nella nostra regione","og_description":"Da Firenze a Siena sono tante le celebrazioni in programma il 25 aprile a Firenze per il 78esimo anniversario della Liberazione.","og_url":"https:\/\/www.intoscana.it\/it\/25-aprile-celebrazioni\/","og_site_name":"intoscana","article_publisher":"https:\/\/www.facebook.com\/intoscana.it","article_published_time":"2023-04-17T11:28:43+00:00","article_modified_time":"2023-04-24T13:52:24+00:00","og_image":[{"width":1000,"height":621,"url":"https:\/\/www.intoscana.it\/wp-content\/uploads\/liberazione-25-aprile-3-e1713958053396.jpg","type":"image\/jpeg"}],"author":"Ilaria Giannini","twitter_card":"summary_large_image","twitter_creator":"@i.giannini@fst.it","twitter_site":"@intoscana","twitter_misc":{"Written by":"Ilaria Giannini","Est. reading time":"4 minuti"},"schema":{"@context":"https:\/\/schema.org","@graph":[{"@type":"WebPage","@id":"https:\/\/www.intoscana.it\/it\/25-aprile-celebrazioni\/","url":"https:\/\/www.intoscana.it\/it\/25-aprile-celebrazioni\/","name":"25 aprile in Toscana: le celebrazioni per la Liberazione nella nostra regione - intoscana","isPartOf":{"@id":"https:\/\/www.intoscana.it\/it\/#website"},"primaryImageOfPage":{"@id":"https:\/\/www.intoscana.it\/it\/25-aprile-celebrazioni\/#primaryimage"},"image":{"@id":"https:\/\/www.intoscana.it\/it\/25-aprile-celebrazioni\/#primaryimage"},"thumbnailUrl":"https:\/\/www.intoscana.it\/wp-content\/uploads\/liberazione-25-aprile-3-e1713958053396.jpg","datePublished":"2023-04-17T11:28:43+00:00","dateModified":"2023-04-24T13:52:24+00:00","author":{"@id":"https:\/\/www.intoscana.it\/it\/#\/schema\/person\/de95e1ed2c1c8c30a6922bbba3a90185"},"description":"Da Firenze a Siena sono tante le celebrazioni in programma il 25 aprile a Firenze per il 78esimo anniversario della Liberazione.","breadcrumb":{"@id":"https:\/\/www.intoscana.it\/it\/25-aprile-celebrazioni\/#breadcrumb"},"inLanguage":"it-IT","potentialAction":[{"@type":"ReadAction","target":["https:\/\/www.intoscana.it\/it\/25-aprile-celebrazioni\/"]}]},{"@type":"ImageObject","inLanguage":"it-IT","@id":"https:\/\/www.intoscana.it\/it\/25-aprile-celebrazioni\/#primaryimage","url":"https:\/\/www.intoscana.it\/wp-content\/uploads\/liberazione-25-aprile-3-e1713958053396.jpg","contentUrl":"https:\/\/www.intoscana.it\/wp-content\/uploads\/liberazione-25-aprile-3-e1713958053396.jpg","width":1000,"height":621,"caption":"25 aprile, le celebrazioni in Toscana."},{"@type":"BreadcrumbList","@id":"https:\/\/www.intoscana.it\/it\/25-aprile-celebrazioni\/#breadcrumb","itemListElement":[{"@type":"ListItem","position":1,"name":"Home","item":"https:\/\/www.intoscana.it\/it\/"},{"@type":"ListItem","position":2,"name":"25 aprile in Toscana: le celebrazioni per la Liberazione nella nostra regione"}]},{"@type":"WebSite","@id":"https:\/\/www.intoscana.it\/it\/#website","url":"https:\/\/www.intoscana.it\/it\/","name":"intoscana","description":"","potentialAction":[{"@type":"SearchAction","target":{"@type":"EntryPoint","urlTemplate":"https:\/\/www.intoscana.it\/it\/?s={search_term_string}"},"query-input":{"@type":"PropertyValueSpecification","valueRequired":true,"valueName":"search_term_string"}}],"inLanguage":"it-IT"},{"@type":"Person","@id":"https:\/\/www.intoscana.it\/it\/#\/schema\/person\/de95e1ed2c1c8c30a6922bbba3a90185","name":"Ilaria Giannini","sameAs":["https:\/\/x.com\/i.giannini@fst.it"],"url":"https:\/\/www.intoscana.it\/it\/author\/ilaria-giannini\/"}]}},"_links":{"self":[{"href":"https:\/\/www.intoscana.it\/it\/wp-json\/wp\/v2\/posts\/282569","targetHints":{"allow":["GET"]}}],"collection":[{"href":"https:\/\/www.intoscana.it\/it\/wp-json\/wp\/v2\/posts"}],"about":[{"href":"https:\/\/www.intoscana.it\/it\/wp-json\/wp\/v2\/types\/post"}],"author":[{"embeddable":true,"href":"https:\/\/www.intoscana.it\/it\/wp-json\/wp\/v2\/users\/502"}],"replies":[{"embeddable":true,"href":"https:\/\/www.intoscana.it\/it\/wp-json\/wp\/v2\/comments?post=282569"}],"version-history":[{"count":0,"href":"https:\/\/www.intoscana.it\/it\/wp-json\/wp\/v2\/posts\/282569\/revisions"}],"wp:featuredmedia":[{"embeddable":true,"href":"https:\/\/www.intoscana.it\/it\/wp-json\/wp\/v2\/media\/143823"}],"wp:attachment":[{"href":"https:\/\/www.intoscana.it\/it\/wp-json\/wp\/v2\/media?parent=282569"}],"wp:term":[{"taxonomy":"category","embeddable":true,"href":"https:\/\/www.intoscana.it\/it\/wp-json\/wp\/v2\/categories?post=282569"},{"taxonomy":"post_tag","embeddable":true,"href":"https:\/\/www.intoscana.it\/it\/wp-json\/wp\/v2\/tags?post=282569"}],"curies":[{"name":"wp","href":"https:\/\/api.w.org\/{rel}","templated":true}]}}