{"id":282645,"date":"2023-04-17T13:43:57","date_gmt":"2023-04-17T11:43:57","guid":{"rendered":"https:\/\/www.intoscana.it\/it\/?p=282645"},"modified":"2023-04-17T13:43:57","modified_gmt":"2023-04-17T11:43:57","slug":"la-ministra-alessandra-locatelli-a-firenze-al-lavoro-sullinclusione-lavorativa-dei-disabili","status":"publish","type":"post","link":"https:\/\/www.intoscana.it\/it\/la-ministra-alessandra-locatelli-a-firenze-al-lavoro-sullinclusione-lavorativa-dei-disabili\/","title":{"rendered":"La ministra Alessandra Locatelli a Firenze al lavoro sull&#8217;inclusione lavorativa dei disabili"},"content":{"rendered":"<p>La <strong>Ministra per le Disabilit\u00e0 Alessandra Locatelli<\/strong> \u00e8 arrivata a Firenze per incontrare alcune realt\u00e0 che si occupano di disabilit\u00e0: il laboratorio della cooperativa sociale \u00a0<a href=\"https:\/\/prova.iragazzidisipario.it\" target=\"_blank\" rel=\"noopener\"><strong>&#8220;I Ragazzi di Sipario&#8221;.<\/strong><\/a><\/p>\n<p><strong>&#8216;I ragazzi di Sipario&#8217;<\/strong> \u00e8 una <strong>cooperativa sociale<\/strong> che impiega <strong>giovani con disabilit\u00e0 intellettive<\/strong> nella gestione di <strong>un bistrot presso lo Spazio Alfieri di Firenze.<\/strong><\/p>\n<p><em>&#8220;I nostri ragazzi vengono assunti da ristoranti, alberghi, mense e pasticcerie&#8221;<\/em>, ha affermato <strong>Marco Martelli Calvelli, presidente della cooperativa,<\/strong> spiegando che &#8220;<em>andiamo avanti con grandi sacrifici anche grazie al supporto delle famiglie, ai bandi che ci permettono di raccogliere fondi, a operazioni di crowdfunding, e naturalmente ai ricavi della nostra attivit\u00e0, perch\u00e9 siamo imprese al 100%&#8221;.\u00a0<\/em><\/p>\n<p><em>&#8220;Sul tema dell&#8217;inclusione lavorativa dobbiamo fare una grande riflessione: penso che prestissimo, nella riorganizzazione dell&#8217;<strong>Osservatorio nazionale sulla condizione delle persone con disabilit\u00e0<\/strong>, che si sta compiendo anche su richiesta della Corte dei Conti, avremo un gruppo di lavoro&#8221;<\/em><strong> ha affermato Alessandra Locatelli.<\/strong><\/p>\n<p><em>&#8220;Questa \u00e8 una cosa concreta che dobbiamo fare&#8221;, <\/em><strong>ha detto Locatelli, secondo cui <\/strong><em>&#8220;tutte queste attivit\u00e0 che nel corso degli anni si sono date da fare per immaginare dei percorsi lavorativi con contratti a tempo indeterminato, e si sono arrangiate da sole, devono trovare una valorizzazione nella norma. Gi\u00e0 anche con il<strong> ministro Calderone<\/strong> abbiamo fatto delle riflessioni da una parte sulle aziende, e da una parte, quella a cui tengo particolarmente, su questo tipo di attivit\u00e0&#8221;.<\/em><\/p>\n<p><em>&#8220;Non possiamo pi\u00f9 fare a meno di una collaborazione stretta tra istituzioni e mondo del Terzo settore, qualche volta anche mondo del privato, del privato sociale, perch\u00e9 abbiamo bisogno anche di qualche risorsa in pi\u00f9&#8221;<\/em> &#8211; <strong>ha aggiunto.<\/strong><\/p>\n<p><em>&#8220;Sono felicissima di essere qui a conoscere <strong>un&#8217;altra realt\u00e0 cos\u00ec preziosa del nostro territorio,<\/strong> che \u00e8 un punto di riferimento per tanti ragazzi e per tante famiglie. Credo che insieme si possa fare davvero tanto di pi\u00f9, ma soprattutto nel lavoro di sinergia tra le istituzioni e gli enti del Terzo settore, questa \u00e8 una cosa fondamentale. <strong>Dobbiamo iniziare a vedere nelle persone con disabilit\u00e0 un talento, una competenza su cui investire:<\/strong> se iniziamo a pensarla cos\u00ec, realt\u00e0 come queste sono un investimento vero per la comunit\u00e0, non solo per dare il posto a qualcuno &#8211; <\/em><strong>ha concluso &#8211;<\/strong><em>Sto cercando di capire meglio queste realt\u00e0 perch\u00e9 quando proporremo una modifica della legge 68 vorrei che trovassero una valorizzazione all&#8217;interno della norma&#8221;. <\/em><\/p>\n<figure id=\"post-282658 media-282658\" class=\"align-none\"><img decoding=\"async\" src=\"https:\/\/www.intoscana.it\/wp-content\/uploads\/336395395_244521058005487_7867599571251423253_n.jpg\" alt=\"\" \/><\/figure>\n<div class=\"titleimg\">I ragazzi di sipario<\/div>\n","protected":false},"excerpt":{"rendered":"<p>La ministra dopo aver visitato la cooperativa sociale &#8220;I ragazzi di sipario&#8221; e ha dichiarato:\u00a0&#8220;Dobbiamo iniziare a vedere nelle persone con disabilit\u00e0 un talento, una competenza su cui investire&#8221;<\/p>\n","protected":false},"author":525,"featured_media":282646,"comment_status":"open","ping_status":"open","sticky":false,"template":"","format":"standard","meta":{"_acf_changed":false,"footnotes":""},"categories":[494],"tags":[406,151],"class_list":["post-282645","post","type-post","status-publish","format-standard","has-post-thumbnail","hentry","category-attualita","tag-disabilita","tag-regione-toscana"],"acf":[],"yoast_head":"<!-- This site is optimized with the Yoast SEO Premium plugin v24.2 (Yoast SEO v25.6) - https:\/\/yoast.com\/wordpress\/plugins\/seo\/ -->\n<title>La ministra Alessandra Locatelli a Firenze al lavoro sull&#039;inclusione lavorativa dei disabili - intoscana<\/title>\n<meta name=\"description\" content=\"La ministra dopo aver visitato la cooperativa &quot;I ragazzi di sipario&quot; ha dichiarato:\u00a0&quot;dobbiamo investire nelle persone con disabilit\u00e0&quot;\" \/>\n<meta name=\"robots\" content=\"index, follow, max-snippet:-1, max-image-preview:large, max-video-preview:-1\" \/>\n<link rel=\"canonical\" href=\"https:\/\/www.intoscana.it\/it\/la-ministra-alessandra-locatelli-a-firenze-al-lavoro-sullinclusione-lavorativa-dei-disabili\/\" \/>\n<meta property=\"og:locale\" content=\"it_IT\" \/>\n<meta property=\"og:type\" content=\"article\" \/>\n<meta property=\"og:title\" content=\"La ministra Alessandra Locatelli a Firenze al lavoro sull&#039;inclusione lavorativa dei disabili\" \/>\n<meta property=\"og:description\" content=\"La ministra dopo aver visitato la cooperativa &quot;I ragazzi di sipario&quot; ha dichiarato:\u00a0&quot;dobbiamo investire nelle persone con disabilit\u00e0&quot;\" \/>\n<meta property=\"og:url\" content=\"https:\/\/www.intoscana.it\/it\/la-ministra-alessandra-locatelli-a-firenze-al-lavoro-sullinclusione-lavorativa-dei-disabili\/\" \/>\n<meta property=\"og:site_name\" content=\"intoscana\" \/>\n<meta property=\"article:publisher\" content=\"https:\/\/www.facebook.com\/intoscana.it\" \/>\n<meta property=\"article:published_time\" content=\"2023-04-17T11:43:57+00:00\" \/>\n<meta property=\"og:image\" content=\"https:\/\/www.intoscana.it\/wp-content\/uploads\/IPA_FGR3654252-scaled.jpg\" \/>\n\t<meta property=\"og:image:width\" content=\"2048\" \/>\n\t<meta property=\"og:image:height\" content=\"1152\" \/>\n\t<meta property=\"og:image:type\" content=\"image\/jpeg\" \/>\n<meta name=\"author\" content=\"Redazione\" \/>\n<meta name=\"twitter:card\" content=\"summary_large_image\" \/>\n<meta name=\"twitter:creator\" content=\"@intoscana\" \/>\n<meta name=\"twitter:site\" content=\"@intoscana\" \/>\n<meta name=\"twitter:label1\" content=\"Written by\" \/>\n\t<meta name=\"twitter:data1\" content=\"Redazione\" \/>\n\t<meta name=\"twitter:label2\" content=\"Est. reading time\" \/>\n\t<meta name=\"twitter:data2\" content=\"2 minuti\" \/>\n<script type=\"application\/ld+json\" class=\"yoast-schema-graph\">{\"@context\":\"https:\/\/schema.org\",\"@graph\":[{\"@type\":\"WebPage\",\"@id\":\"https:\/\/www.intoscana.it\/it\/la-ministra-alessandra-locatelli-a-firenze-al-lavoro-sullinclusione-lavorativa-dei-disabili\/\",\"url\":\"https:\/\/www.intoscana.it\/it\/la-ministra-alessandra-locatelli-a-firenze-al-lavoro-sullinclusione-lavorativa-dei-disabili\/\",\"name\":\"La ministra Alessandra Locatelli a Firenze al lavoro sull'inclusione lavorativa dei disabili - intoscana\",\"isPartOf\":{\"@id\":\"https:\/\/www.intoscana.it\/it\/#website\"},\"primaryImageOfPage\":{\"@id\":\"https:\/\/www.intoscana.it\/it\/la-ministra-alessandra-locatelli-a-firenze-al-lavoro-sullinclusione-lavorativa-dei-disabili\/#primaryimage\"},\"image\":{\"@id\":\"https:\/\/www.intoscana.it\/it\/la-ministra-alessandra-locatelli-a-firenze-al-lavoro-sullinclusione-lavorativa-dei-disabili\/#primaryimage\"},\"thumbnailUrl\":\"https:\/\/www.intoscana.it\/wp-content\/uploads\/IPA_FGR3654252-scaled.jpg\",\"datePublished\":\"2023-04-17T11:43:57+00:00\",\"author\":{\"@id\":\"https:\/\/www.intoscana.it\/it\/#\/schema\/person\/9223810753230f20bd670fdd322661f8\"},\"description\":\"La ministra dopo aver visitato la cooperativa \\\"I ragazzi di sipario\\\" ha dichiarato:\u00a0\\\"dobbiamo investire nelle persone con disabilit\u00e0\\\"\",\"breadcrumb\":{\"@id\":\"https:\/\/www.intoscana.it\/it\/la-ministra-alessandra-locatelli-a-firenze-al-lavoro-sullinclusione-lavorativa-dei-disabili\/#breadcrumb\"},\"inLanguage\":\"it-IT\",\"potentialAction\":[{\"@type\":\"ReadAction\",\"target\":[\"https:\/\/www.intoscana.it\/it\/la-ministra-alessandra-locatelli-a-firenze-al-lavoro-sullinclusione-lavorativa-dei-disabili\/\"]}]},{\"@type\":\"ImageObject\",\"inLanguage\":\"it-IT\",\"@id\":\"https:\/\/www.intoscana.it\/it\/la-ministra-alessandra-locatelli-a-firenze-al-lavoro-sullinclusione-lavorativa-dei-disabili\/#primaryimage\",\"url\":\"https:\/\/www.intoscana.it\/wp-content\/uploads\/IPA_FGR3654252-scaled.jpg\",\"contentUrl\":\"https:\/\/www.intoscana.it\/wp-content\/uploads\/IPA_FGR3654252-scaled.jpg\",\"width\":2048,\"height\":1152,\"caption\":\"Alessandra Locatelli\"},{\"@type\":\"BreadcrumbList\",\"@id\":\"https:\/\/www.intoscana.it\/it\/la-ministra-alessandra-locatelli-a-firenze-al-lavoro-sullinclusione-lavorativa-dei-disabili\/#breadcrumb\",\"itemListElement\":[{\"@type\":\"ListItem\",\"position\":1,\"name\":\"Home\",\"item\":\"https:\/\/www.intoscana.it\/it\/\"},{\"@type\":\"ListItem\",\"position\":2,\"name\":\"La ministra Alessandra Locatelli a Firenze al lavoro sull&#8217;inclusione lavorativa dei disabili\"}]},{\"@type\":\"WebSite\",\"@id\":\"https:\/\/www.intoscana.it\/it\/#website\",\"url\":\"https:\/\/www.intoscana.it\/it\/\",\"name\":\"intoscana\",\"description\":\"\",\"potentialAction\":[{\"@type\":\"SearchAction\",\"target\":{\"@type\":\"EntryPoint\",\"urlTemplate\":\"https:\/\/www.intoscana.it\/it\/?s={search_term_string}\"},\"query-input\":{\"@type\":\"PropertyValueSpecification\",\"valueRequired\":true,\"valueName\":\"search_term_string\"}}],\"inLanguage\":\"it-IT\"},{\"@type\":\"Person\",\"@id\":\"https:\/\/www.intoscana.it\/it\/#\/schema\/person\/9223810753230f20bd670fdd322661f8\",\"name\":\"Redazione\",\"url\":\"https:\/\/www.intoscana.it\/it\/author\/redazione\/\"}]}<\/script>\n<!-- \/ Yoast SEO Premium plugin. -->","yoast_head_json":{"title":"La ministra Alessandra Locatelli a Firenze al lavoro sull'inclusione lavorativa dei disabili - intoscana","description":"La ministra dopo aver visitato la cooperativa \"I ragazzi di sipario\" ha dichiarato:\u00a0\"dobbiamo investire nelle persone con disabilit\u00e0\"","robots":{"index":"index","follow":"follow","max-snippet":"max-snippet:-1","max-image-preview":"max-image-preview:large","max-video-preview":"max-video-preview:-1"},"canonical":"https:\/\/www.intoscana.it\/it\/la-ministra-alessandra-locatelli-a-firenze-al-lavoro-sullinclusione-lavorativa-dei-disabili\/","og_locale":"it_IT","og_type":"article","og_title":"La ministra Alessandra Locatelli a Firenze al lavoro sull'inclusione lavorativa dei disabili","og_description":"La ministra dopo aver visitato la cooperativa \"I ragazzi di sipario\" ha dichiarato:\u00a0\"dobbiamo investire nelle persone con disabilit\u00e0\"","og_url":"https:\/\/www.intoscana.it\/it\/la-ministra-alessandra-locatelli-a-firenze-al-lavoro-sullinclusione-lavorativa-dei-disabili\/","og_site_name":"intoscana","article_publisher":"https:\/\/www.facebook.com\/intoscana.it","article_published_time":"2023-04-17T11:43:57+00:00","og_image":[{"width":2048,"height":1152,"url":"https:\/\/www.intoscana.it\/wp-content\/uploads\/IPA_FGR3654252-scaled.jpg","type":"image\/jpeg"}],"author":"Redazione","twitter_card":"summary_large_image","twitter_creator":"@intoscana","twitter_site":"@intoscana","twitter_misc":{"Written by":"Redazione","Est. reading time":"2 minuti"},"schema":{"@context":"https:\/\/schema.org","@graph":[{"@type":"WebPage","@id":"https:\/\/www.intoscana.it\/it\/la-ministra-alessandra-locatelli-a-firenze-al-lavoro-sullinclusione-lavorativa-dei-disabili\/","url":"https:\/\/www.intoscana.it\/it\/la-ministra-alessandra-locatelli-a-firenze-al-lavoro-sullinclusione-lavorativa-dei-disabili\/","name":"La ministra Alessandra Locatelli a Firenze al lavoro sull'inclusione lavorativa dei disabili - intoscana","isPartOf":{"@id":"https:\/\/www.intoscana.it\/it\/#website"},"primaryImageOfPage":{"@id":"https:\/\/www.intoscana.it\/it\/la-ministra-alessandra-locatelli-a-firenze-al-lavoro-sullinclusione-lavorativa-dei-disabili\/#primaryimage"},"image":{"@id":"https:\/\/www.intoscana.it\/it\/la-ministra-alessandra-locatelli-a-firenze-al-lavoro-sullinclusione-lavorativa-dei-disabili\/#primaryimage"},"thumbnailUrl":"https:\/\/www.intoscana.it\/wp-content\/uploads\/IPA_FGR3654252-scaled.jpg","datePublished":"2023-04-17T11:43:57+00:00","author":{"@id":"https:\/\/www.intoscana.it\/it\/#\/schema\/person\/9223810753230f20bd670fdd322661f8"},"description":"La ministra dopo aver visitato la cooperativa \"I ragazzi di sipario\" ha dichiarato:\u00a0\"dobbiamo investire nelle persone con disabilit\u00e0\"","breadcrumb":{"@id":"https:\/\/www.intoscana.it\/it\/la-ministra-alessandra-locatelli-a-firenze-al-lavoro-sullinclusione-lavorativa-dei-disabili\/#breadcrumb"},"inLanguage":"it-IT","potentialAction":[{"@type":"ReadAction","target":["https:\/\/www.intoscana.it\/it\/la-ministra-alessandra-locatelli-a-firenze-al-lavoro-sullinclusione-lavorativa-dei-disabili\/"]}]},{"@type":"ImageObject","inLanguage":"it-IT","@id":"https:\/\/www.intoscana.it\/it\/la-ministra-alessandra-locatelli-a-firenze-al-lavoro-sullinclusione-lavorativa-dei-disabili\/#primaryimage","url":"https:\/\/www.intoscana.it\/wp-content\/uploads\/IPA_FGR3654252-scaled.jpg","contentUrl":"https:\/\/www.intoscana.it\/wp-content\/uploads\/IPA_FGR3654252-scaled.jpg","width":2048,"height":1152,"caption":"Alessandra Locatelli"},{"@type":"BreadcrumbList","@id":"https:\/\/www.intoscana.it\/it\/la-ministra-alessandra-locatelli-a-firenze-al-lavoro-sullinclusione-lavorativa-dei-disabili\/#breadcrumb","itemListElement":[{"@type":"ListItem","position":1,"name":"Home","item":"https:\/\/www.intoscana.it\/it\/"},{"@type":"ListItem","position":2,"name":"La ministra Alessandra Locatelli a Firenze al lavoro sull&#8217;inclusione lavorativa dei disabili"}]},{"@type":"WebSite","@id":"https:\/\/www.intoscana.it\/it\/#website","url":"https:\/\/www.intoscana.it\/it\/","name":"intoscana","description":"","potentialAction":[{"@type":"SearchAction","target":{"@type":"EntryPoint","urlTemplate":"https:\/\/www.intoscana.it\/it\/?s={search_term_string}"},"query-input":{"@type":"PropertyValueSpecification","valueRequired":true,"valueName":"search_term_string"}}],"inLanguage":"it-IT"},{"@type":"Person","@id":"https:\/\/www.intoscana.it\/it\/#\/schema\/person\/9223810753230f20bd670fdd322661f8","name":"Redazione","url":"https:\/\/www.intoscana.it\/it\/author\/redazione\/"}]}},"_links":{"self":[{"href":"https:\/\/www.intoscana.it\/it\/wp-json\/wp\/v2\/posts\/282645","targetHints":{"allow":["GET"]}}],"collection":[{"href":"https:\/\/www.intoscana.it\/it\/wp-json\/wp\/v2\/posts"}],"about":[{"href":"https:\/\/www.intoscana.it\/it\/wp-json\/wp\/v2\/types\/post"}],"author":[{"embeddable":true,"href":"https:\/\/www.intoscana.it\/it\/wp-json\/wp\/v2\/users\/525"}],"replies":[{"embeddable":true,"href":"https:\/\/www.intoscana.it\/it\/wp-json\/wp\/v2\/comments?post=282645"}],"version-history":[{"count":0,"href":"https:\/\/www.intoscana.it\/it\/wp-json\/wp\/v2\/posts\/282645\/revisions"}],"wp:featuredmedia":[{"embeddable":true,"href":"https:\/\/www.intoscana.it\/it\/wp-json\/wp\/v2\/media\/282646"}],"wp:attachment":[{"href":"https:\/\/www.intoscana.it\/it\/wp-json\/wp\/v2\/media?parent=282645"}],"wp:term":[{"taxonomy":"category","embeddable":true,"href":"https:\/\/www.intoscana.it\/it\/wp-json\/wp\/v2\/categories?post=282645"},{"taxonomy":"post_tag","embeddable":true,"href":"https:\/\/www.intoscana.it\/it\/wp-json\/wp\/v2\/tags?post=282645"}],"curies":[{"name":"wp","href":"https:\/\/api.w.org\/{rel}","templated":true}]}}