{"id":282690,"date":"2023-04-17T17:05:56","date_gmt":"2023-04-17T15:05:56","guid":{"rendered":"https:\/\/www.intoscana.it\/it\/?p=282690"},"modified":"2023-04-17T17:05:56","modified_gmt":"2023-04-17T15:05:56","slug":"orcia-wine-festival-4-giorni-tra-degustazioni-trekking-e-cantine","status":"publish","type":"post","link":"https:\/\/www.intoscana.it\/it\/orcia-wine-festival-4-giorni-tra-degustazioni-trekking-e-cantine\/","title":{"rendered":"Orcia Wine Festival, 4 giorni tra degustazioni trekking e cantine"},"content":{"rendered":"<p style=\"font-weight: 400;\">Un <strong>paesaggio da favola<\/strong>, riconosciuto dall&#8217;<strong>Unesco<\/strong> patrimonio dell&#8217;umanit\u00e0. Qui hanno casa le vigne del <strong>Consorzio Orcia Doc<\/strong> che con le sue etichette animano l\u2019<strong>Orcia Wine Festival<\/strong>. La mostra mercato del vino Orcia \u00e8 in programma a San Quirico d\u2019Orcia dal <strong>22 al 25 aprile <\/strong>e propone escursioni nelle aziende e nelle cantine, masterclass e degustazioni.<\/p>\n<p style=\"font-weight: 400;\">Quattro giorni nel segno del vino, organizzati dal Comune di <strong>San Quirico d\u2019Orcia<\/strong> in collaborazione con il Consorzio. Il clou l&#8217;appuntamento con i <strong>19 produttori<\/strong> ai banchi di assaggio.<\/p>\n<p style=\"font-weight: 400;\">\u201c<em>Un evento che si conferma quale contenitore di tutto un territorio<\/em> \u2013 sottolinea\u00a0<strong>Marco Bartoli<\/strong>, vicesindaco Comune San Quirico d\u2019Orcia -, <em>delle sue eccellenze e delle sue peculiarit\u00e0, con approfondimenti e degustazioni tecniche, possibilit\u00e0 di conoscere i vini e le aziende, attraverso tour dedicati, ed immersi nel paesaggio pi\u00f9 bello del mondo<\/em>\u201d.<\/p>\n<h3 style=\"font-weight: 400;\">Masterclass e degustazioni<\/h3>\n<p style=\"font-weight: 400;\"><span style=\"font-weight: 400;\">Quattro le degustazioni in programma a <strong>Palazzo Chigi<\/strong>, a cura di Onav Siena. La prima degustazione guidata dei vini Orcia, nella prima giornata di Orcia Wine Festival (<strong>sabato 22 aprile<\/strong>\u00a0ore 16), dedicata a \u201c<em>L\u2018annata del cuore\u201d<\/em>.\u00a0<strong>Domenica 23 aprile<\/strong>\u00a0(11.30) si svolger\u00e0 una originale degustazione\u00a0letteraria, con <strong>vini \u201ciconici\u201d<\/strong>, guidata da Onav, con la partecipazione di <strong>Lorenzo Benocci e Cristiano Pellegrini<\/strong>, autori del libro \u201c<em>Valore Val d\u2019 Orcia<\/em>\u201d.\u00a0<\/span><\/p>\n<p style=\"font-weight: 400;\"><span style=\"font-weight: 400;\"><strong>Luned\u00ec 24 aprile<\/strong>\u00a0(10.30) Masterclass vini Orcia guidata da <strong>Andrea Frassineti<\/strong>, delegato Onav Siena, con la partecipazione di <strong>Stefano Quaglierini<\/strong>, wine blogger (fondatore di @italian_wines su Instagram). Sempre luned\u00ec 24 aprile\u00a0(ore 16) spazio alla degustazione guidata dedicata a \u201c<em>Orcia in bianco e bollicine<\/em>\u201d.<\/span><\/p>\n<h3 style=\"font-weight: 400;\">Le escursioni del Festival<\/h3>\n<p style=\"font-weight: 400;\">Nei quattro giorni di OWF2023 saranno organizzati <a href=\"https:\/\/orciawinefestival.wordpress.com\/i-tour-2\">trekking, visite guidate alla scoperta delle meraviglie del centro storico, escursioni in ebike e con bus navetta abbinate a degustazioni e visite in cantina<\/a>.<\/p>\n<p style=\"font-weight: 400;\">In<strong> E-bike<\/strong>\u00a0un tour guidato di 4 ore con bici elettrica ed accompagnatore lungo le strade bianche della Val d\u2019Orcia. Durata della sosta in cantina: 30\/40 min (comprensivi di visita e di degustazione). Date disponibili: 22-23-24-25 aprile, partenza ore 9.30.<\/p>\n<p style=\"font-weight: 400;\"><strong>Hiking Tour con visita in cantina <\/strong>(4 ore) attraverso i paesaggi che vanno da San Quirico a Ripa d\u2019Orcia. Accompagnati da un\u2019esperta guida ambientale; \u00e8 inclusa una visita con degustazione in una delle cantine del Consorzio Vino Orcia. Il tour include il biglietto di ingresso all\u2019Orcia Wine Festival 2023 da poter visitare al rientro a San Quirico. Giorni disponibili: 22, 23, 24 e 25 aprile, partenza ore 9.<\/p>\n<h3 style=\"font-weight: 400;\">Il Tour delle cantine<\/h3>\n<p style=\"font-weight: 400;\">Un <strong>tour di 5 ore<\/strong> alla scoperta dei panorami della <strong>Val d\u2019Orcia<\/strong> e della sua denominazione. Il tour comprende la sosta in due diverse aziende vitivinicole, con visita guidata e degustazione. Visita anche in una location suggestiva (Bagno Vignoni o Cappella di Vitaleta) e pranzo. Il tour include il biglietto di ingresso all\u2019Orcia Wine Festival. Date disponibili: sabato 22 aprile e luned\u00ec 24 aprile; partenza ore 11 da San Quirico.<\/p>\n<h3 style=\"font-weight: 400;\">Le cantine partecipanti<\/h3>\n<p style=\"font-weight: 400;\">Queste le cantine presenti all&#8217;<strong>Orcia Wine Festival<\/strong>: Atrivm, Bagnaia, Campotondo, Capitoni, Dirimpettaio, Donatella Cinelli Colombini, Fabbrica Pienza, La Nascosta, Loghi, Palazzo Massaini, Olivi \u2013 Le Buche, Podere Albiano, Poggio Grande, Poggio al Vento, Sampieri del Fa\u2019, Sassodisole, Tenuta Sanoner, Val d\u2019Orcia Terre Senesi, Vegliena.<\/p>\n<p>I <a href=\"https:\/\/www.liveticket.it\/orciawinefestival\">biglietti Orcia Wine Festival sono in vendita online<\/a>.<\/p>\n","protected":false},"excerpt":{"rendered":"<p>L&#8217;evento del vino a cavallo del ponte del 25 aprile si svolge nel territorio riconosciuto patrimonio dell&#8217;Unesco<\/p>\n","protected":false},"author":554,"featured_media":178787,"comment_status":"open","ping_status":"open","sticky":false,"template":"","format":"standard","meta":{"_acf_changed":false,"footnotes":""},"categories":[8],"tags":[5342,5604],"class_list":["post-282690","post","type-post","status-publish","format-standard","has-post-thumbnail","hentry","category-enogastronomia","tag-val-dorcia","tag-vini-toscani"],"acf":[],"yoast_head":"<!-- This site is optimized with the Yoast SEO Premium plugin v24.2 (Yoast SEO v25.6) - https:\/\/yoast.com\/wordpress\/plugins\/seo\/ -->\n<title>Orcia Wine Festival, 4 giorni tra degustazioni trekking e cantine - intoscana<\/title>\n<meta name=\"description\" content=\"L&#039;evento del vino a cavallo del ponte del 25 aprile si svolge nel territorio riconosciuto patrimonio dell&#039;Unesco\" \/>\n<meta name=\"robots\" content=\"index, follow, max-snippet:-1, max-image-preview:large, max-video-preview:-1\" \/>\n<link rel=\"canonical\" href=\"https:\/\/www.intoscana.it\/it\/orcia-wine-festival-4-giorni-tra-degustazioni-trekking-e-cantine\/\" \/>\n<meta property=\"og:locale\" content=\"it_IT\" \/>\n<meta property=\"og:type\" content=\"article\" \/>\n<meta property=\"og:title\" content=\"Orcia Wine Festival, 4 giorni tra degustazioni trekking e cantine\" \/>\n<meta property=\"og:description\" content=\"L&#039;evento del vino a cavallo del ponte del 25 aprile si svolge nel territorio riconosciuto patrimonio dell&#039;Unesco\" \/>\n<meta property=\"og:url\" content=\"https:\/\/www.intoscana.it\/it\/orcia-wine-festival-4-giorni-tra-degustazioni-trekking-e-cantine\/\" \/>\n<meta property=\"og:site_name\" content=\"intoscana\" \/>\n<meta property=\"article:publisher\" content=\"https:\/\/www.facebook.com\/intoscana.it\" \/>\n<meta property=\"article:published_time\" content=\"2023-04-17T15:05:56+00:00\" \/>\n<meta property=\"og:image\" content=\"https:\/\/www.intoscana.it\/wp-content\/uploads\/Vino-Orcia.jpg\" \/>\n\t<meta property=\"og:image:width\" content=\"1920\" \/>\n\t<meta property=\"og:image:height\" content=\"1285\" \/>\n\t<meta property=\"og:image:type\" content=\"image\/jpeg\" \/>\n<meta name=\"author\" content=\"Raffaella Galamini\" \/>\n<meta name=\"twitter:card\" content=\"summary_large_image\" \/>\n<meta name=\"twitter:creator\" content=\"@orio\" \/>\n<meta name=\"twitter:site\" content=\"@intoscana\" \/>\n<meta name=\"twitter:label1\" content=\"Written by\" \/>\n\t<meta name=\"twitter:data1\" content=\"Raffaella Galamini\" \/>\n\t<meta name=\"twitter:label2\" content=\"Est. reading time\" \/>\n\t<meta name=\"twitter:data2\" content=\"3 minuti\" \/>\n<script type=\"application\/ld+json\" class=\"yoast-schema-graph\">{\"@context\":\"https:\/\/schema.org\",\"@graph\":[{\"@type\":\"WebPage\",\"@id\":\"https:\/\/www.intoscana.it\/it\/orcia-wine-festival-4-giorni-tra-degustazioni-trekking-e-cantine\/\",\"url\":\"https:\/\/www.intoscana.it\/it\/orcia-wine-festival-4-giorni-tra-degustazioni-trekking-e-cantine\/\",\"name\":\"Orcia Wine Festival, 4 giorni tra degustazioni trekking e cantine - intoscana\",\"isPartOf\":{\"@id\":\"https:\/\/www.intoscana.it\/it\/#website\"},\"primaryImageOfPage\":{\"@id\":\"https:\/\/www.intoscana.it\/it\/orcia-wine-festival-4-giorni-tra-degustazioni-trekking-e-cantine\/#primaryimage\"},\"image\":{\"@id\":\"https:\/\/www.intoscana.it\/it\/orcia-wine-festival-4-giorni-tra-degustazioni-trekking-e-cantine\/#primaryimage\"},\"thumbnailUrl\":\"https:\/\/www.intoscana.it\/wp-content\/uploads\/Vino-Orcia.jpg\",\"datePublished\":\"2023-04-17T15:05:56+00:00\",\"author\":{\"@id\":\"https:\/\/www.intoscana.it\/it\/#\/schema\/person\/9eb9daa846a49fe51af39a73d9d1986b\"},\"description\":\"L'evento del vino a cavallo del ponte del 25 aprile si svolge nel territorio riconosciuto patrimonio dell'Unesco\",\"breadcrumb\":{\"@id\":\"https:\/\/www.intoscana.it\/it\/orcia-wine-festival-4-giorni-tra-degustazioni-trekking-e-cantine\/#breadcrumb\"},\"inLanguage\":\"it-IT\",\"potentialAction\":[{\"@type\":\"ReadAction\",\"target\":[\"https:\/\/www.intoscana.it\/it\/orcia-wine-festival-4-giorni-tra-degustazioni-trekking-e-cantine\/\"]}]},{\"@type\":\"ImageObject\",\"inLanguage\":\"it-IT\",\"@id\":\"https:\/\/www.intoscana.it\/it\/orcia-wine-festival-4-giorni-tra-degustazioni-trekking-e-cantine\/#primaryimage\",\"url\":\"https:\/\/www.intoscana.it\/wp-content\/uploads\/Vino-Orcia.jpg\",\"contentUrl\":\"https:\/\/www.intoscana.it\/wp-content\/uploads\/Vino-Orcia.jpg\",\"width\":1920,\"height\":1285,\"caption\":\"Vino Orcia\"},{\"@type\":\"BreadcrumbList\",\"@id\":\"https:\/\/www.intoscana.it\/it\/orcia-wine-festival-4-giorni-tra-degustazioni-trekking-e-cantine\/#breadcrumb\",\"itemListElement\":[{\"@type\":\"ListItem\",\"position\":1,\"name\":\"Home\",\"item\":\"https:\/\/www.intoscana.it\/it\/\"},{\"@type\":\"ListItem\",\"position\":2,\"name\":\"Orcia Wine Festival, 4 giorni tra degustazioni trekking e cantine\"}]},{\"@type\":\"WebSite\",\"@id\":\"https:\/\/www.intoscana.it\/it\/#website\",\"url\":\"https:\/\/www.intoscana.it\/it\/\",\"name\":\"intoscana\",\"description\":\"\",\"potentialAction\":[{\"@type\":\"SearchAction\",\"target\":{\"@type\":\"EntryPoint\",\"urlTemplate\":\"https:\/\/www.intoscana.it\/it\/?s={search_term_string}\"},\"query-input\":{\"@type\":\"PropertyValueSpecification\",\"valueRequired\":true,\"valueName\":\"search_term_string\"}}],\"inLanguage\":\"it-IT\"},{\"@type\":\"Person\",\"@id\":\"https:\/\/www.intoscana.it\/it\/#\/schema\/person\/9eb9daa846a49fe51af39a73d9d1986b\",\"name\":\"Raffaella Galamini\",\"sameAs\":[\"https:\/\/x.com\/orio\"],\"url\":\"https:\/\/www.intoscana.it\/it\/author\/r-galamini\/\"}]}<\/script>\n<!-- \/ Yoast SEO Premium plugin. -->","yoast_head_json":{"title":"Orcia Wine Festival, 4 giorni tra degustazioni trekking e cantine - intoscana","description":"L'evento del vino a cavallo del ponte del 25 aprile si svolge nel territorio riconosciuto patrimonio dell'Unesco","robots":{"index":"index","follow":"follow","max-snippet":"max-snippet:-1","max-image-preview":"max-image-preview:large","max-video-preview":"max-video-preview:-1"},"canonical":"https:\/\/www.intoscana.it\/it\/orcia-wine-festival-4-giorni-tra-degustazioni-trekking-e-cantine\/","og_locale":"it_IT","og_type":"article","og_title":"Orcia Wine Festival, 4 giorni tra degustazioni trekking e cantine","og_description":"L'evento del vino a cavallo del ponte del 25 aprile si svolge nel territorio riconosciuto patrimonio dell'Unesco","og_url":"https:\/\/www.intoscana.it\/it\/orcia-wine-festival-4-giorni-tra-degustazioni-trekking-e-cantine\/","og_site_name":"intoscana","article_publisher":"https:\/\/www.facebook.com\/intoscana.it","article_published_time":"2023-04-17T15:05:56+00:00","og_image":[{"width":1920,"height":1285,"url":"https:\/\/www.intoscana.it\/wp-content\/uploads\/Vino-Orcia.jpg","type":"image\/jpeg"}],"author":"Raffaella Galamini","twitter_card":"summary_large_image","twitter_creator":"@orio","twitter_site":"@intoscana","twitter_misc":{"Written by":"Raffaella Galamini","Est. reading time":"3 minuti"},"schema":{"@context":"https:\/\/schema.org","@graph":[{"@type":"WebPage","@id":"https:\/\/www.intoscana.it\/it\/orcia-wine-festival-4-giorni-tra-degustazioni-trekking-e-cantine\/","url":"https:\/\/www.intoscana.it\/it\/orcia-wine-festival-4-giorni-tra-degustazioni-trekking-e-cantine\/","name":"Orcia Wine Festival, 4 giorni tra degustazioni trekking e cantine - intoscana","isPartOf":{"@id":"https:\/\/www.intoscana.it\/it\/#website"},"primaryImageOfPage":{"@id":"https:\/\/www.intoscana.it\/it\/orcia-wine-festival-4-giorni-tra-degustazioni-trekking-e-cantine\/#primaryimage"},"image":{"@id":"https:\/\/www.intoscana.it\/it\/orcia-wine-festival-4-giorni-tra-degustazioni-trekking-e-cantine\/#primaryimage"},"thumbnailUrl":"https:\/\/www.intoscana.it\/wp-content\/uploads\/Vino-Orcia.jpg","datePublished":"2023-04-17T15:05:56+00:00","author":{"@id":"https:\/\/www.intoscana.it\/it\/#\/schema\/person\/9eb9daa846a49fe51af39a73d9d1986b"},"description":"L'evento del vino a cavallo del ponte del 25 aprile si svolge nel territorio riconosciuto patrimonio dell'Unesco","breadcrumb":{"@id":"https:\/\/www.intoscana.it\/it\/orcia-wine-festival-4-giorni-tra-degustazioni-trekking-e-cantine\/#breadcrumb"},"inLanguage":"it-IT","potentialAction":[{"@type":"ReadAction","target":["https:\/\/www.intoscana.it\/it\/orcia-wine-festival-4-giorni-tra-degustazioni-trekking-e-cantine\/"]}]},{"@type":"ImageObject","inLanguage":"it-IT","@id":"https:\/\/www.intoscana.it\/it\/orcia-wine-festival-4-giorni-tra-degustazioni-trekking-e-cantine\/#primaryimage","url":"https:\/\/www.intoscana.it\/wp-content\/uploads\/Vino-Orcia.jpg","contentUrl":"https:\/\/www.intoscana.it\/wp-content\/uploads\/Vino-Orcia.jpg","width":1920,"height":1285,"caption":"Vino Orcia"},{"@type":"BreadcrumbList","@id":"https:\/\/www.intoscana.it\/it\/orcia-wine-festival-4-giorni-tra-degustazioni-trekking-e-cantine\/#breadcrumb","itemListElement":[{"@type":"ListItem","position":1,"name":"Home","item":"https:\/\/www.intoscana.it\/it\/"},{"@type":"ListItem","position":2,"name":"Orcia Wine Festival, 4 giorni tra degustazioni trekking e cantine"}]},{"@type":"WebSite","@id":"https:\/\/www.intoscana.it\/it\/#website","url":"https:\/\/www.intoscana.it\/it\/","name":"intoscana","description":"","potentialAction":[{"@type":"SearchAction","target":{"@type":"EntryPoint","urlTemplate":"https:\/\/www.intoscana.it\/it\/?s={search_term_string}"},"query-input":{"@type":"PropertyValueSpecification","valueRequired":true,"valueName":"search_term_string"}}],"inLanguage":"it-IT"},{"@type":"Person","@id":"https:\/\/www.intoscana.it\/it\/#\/schema\/person\/9eb9daa846a49fe51af39a73d9d1986b","name":"Raffaella Galamini","sameAs":["https:\/\/x.com\/orio"],"url":"https:\/\/www.intoscana.it\/it\/author\/r-galamini\/"}]}},"_links":{"self":[{"href":"https:\/\/www.intoscana.it\/it\/wp-json\/wp\/v2\/posts\/282690","targetHints":{"allow":["GET"]}}],"collection":[{"href":"https:\/\/www.intoscana.it\/it\/wp-json\/wp\/v2\/posts"}],"about":[{"href":"https:\/\/www.intoscana.it\/it\/wp-json\/wp\/v2\/types\/post"}],"author":[{"embeddable":true,"href":"https:\/\/www.intoscana.it\/it\/wp-json\/wp\/v2\/users\/554"}],"replies":[{"embeddable":true,"href":"https:\/\/www.intoscana.it\/it\/wp-json\/wp\/v2\/comments?post=282690"}],"version-history":[{"count":0,"href":"https:\/\/www.intoscana.it\/it\/wp-json\/wp\/v2\/posts\/282690\/revisions"}],"wp:featuredmedia":[{"embeddable":true,"href":"https:\/\/www.intoscana.it\/it\/wp-json\/wp\/v2\/media\/178787"}],"wp:attachment":[{"href":"https:\/\/www.intoscana.it\/it\/wp-json\/wp\/v2\/media?parent=282690"}],"wp:term":[{"taxonomy":"category","embeddable":true,"href":"https:\/\/www.intoscana.it\/it\/wp-json\/wp\/v2\/categories?post=282690"},{"taxonomy":"post_tag","embeddable":true,"href":"https:\/\/www.intoscana.it\/it\/wp-json\/wp\/v2\/tags?post=282690"}],"curies":[{"name":"wp","href":"https:\/\/api.w.org\/{rel}","templated":true}]}}