{"id":282774,"date":"2023-04-18T09:28:55","date_gmt":"2023-04-18T07:28:55","guid":{"rendered":"https:\/\/www.intoscana.it\/it\/?p=282774"},"modified":"2023-04-18T09:28:55","modified_gmt":"2023-04-18T07:28:55","slug":"moda-digitale-ep-summit","status":"publish","type":"post","link":"https:\/\/www.intoscana.it\/it\/moda-digitale-ep-summit\/","title":{"rendered":"La moda \u00e8 digitale a Firenze: torna e-P Summit di Pitti Immagine"},"content":{"rendered":"<p>Torna il 18 e il 19 aprile alla Stazione Leopolda di Firenze<strong> e-P Summit<\/strong>,<span lang=\"DE\">\u00a0l<\/span><span lang=\"DE\">\u2019<\/span>appuntamento di Pitti Immagine dedicato ai rapporti tra la <strong>moda e il digitale<\/strong>, che torna a proporsi come forum di riferimento per il dialogo tra le aziende tech e il mondo fashion.<\/p>\n<h3>Dal Metaverso alla sostenibilit\u00e0<\/h3>\n<p><span lang=\"EN-US\">&#8220;Shaping the digital future of Fashion&#8221;<\/span>\u00a0\u00e8 il sottotitolo e la promessa dell<span lang=\"DE\">\u2019<\/span>evento, che si presenta con un nuovo format e la direzione scientifica di Rinaldo Rinaldi, docente del Dipartimento di Ingegneria Industriale dell<span lang=\"DE\">\u2019<\/span><span lang=\"DE\">Universit\u00e0\u00a0<\/span>di Firenze, che da molti anni lavora sul rapporto tra i <strong>grandi brand della moda<\/strong> e del lusso e le ICT per la transizione digitale dell<span lang=\"DE\">\u2019<\/span>intera filiera.<\/p>\n<p><em>\u201cL\u2019edizione di quest\u2019anno si preannuncia quanto mai intensa e interessante<\/em> &#8211; spiega il professor<b> Rinaldi <\/b>&#8211; <em>sul palco della Stazione Leopolda\u00a0si alterneranno oltre <strong>20 interventi\u00a0<\/strong>di ospiti autorevoli su una serie di tematiche di forte attualit\u00e0,\u00a0<span lang=\"EN-US\">individuate<\/span> dal comitato scientifico.\u00a0Nelle due giornate fiorentine approfondiremo temi\u00a0gi\u00e0 presenti nell&#8217;agenda degli operatori,\u00a0quali la<strong> sostenibilit\u00e0 e la tracciabilit\u00e0<\/strong> di filiera,\u00a0ma\u00a0soprattutto\u00a0<wbr \/>affronteremo aree di frontiera come <mark>l\u2019impatto del Metaverso sulla propriet\u00e0 intellettuale dei brand o il ruolo dei social nella definizione di nuovi modelli di retail. <\/mark>E tutto ci\u00f2 sempre con un\u2019attenzione allo stato di maturit\u00e0 delle tecnologie abilitanti presenti sul mercato.\u201d<\/em><\/p>\n<h3>Le aziende ICT incontrano i brand del lusso<\/h3>\n<p><span lang=\"DE\"><b>e-P\u00a0<span class=\"il\">Summit<\/span><\/b><\/span>\u00a0coniuga in\u00a0<b>formula inedita<\/b>\u00a0momenti di approfondimento e confronto diretto:<b>\u00a0<\/b>i team e gli addetti IT delle aziende e tutti coloro che si interessano agli strumenti digitali applicati al mondo fashion e del lusso potranno incontrare direttamente i fornitori di innovazioni per scoprire le migliori soluzioni software e hardware per il proprio business, ma anche prendere parte al dibattito sul <strong>futuro del settore<\/strong> con un ricco programma di tavole rotonde, presentazioni e interventi di ospiti autorevoli.<\/p>\n<p>&#8220;Negli ultimi due o tre anni il ritmo dei cambiamenti tecnologici \u00e8 ulteriormente salito\u00a0<b>&#8211; <\/b>sottolinea l&#8217;ad di Pitti Immagine, <b>Raffaello Napoleone<\/b><span style=\"color: #000000;\">\u00a0&#8211; <em>e questa dinamica, unita alle criticit\u00e0 registrate nei processi reali di produzione, alle strozzature delle\u00a0supply chains\u00a0distribuite su pi\u00f9 continenti, hanno reso ancor pi\u00f9 evidente la\u00a0centralit\u00e0 delle innovazioni digitali per lo sviluppo del business nella moda e nel lusso. Per questo e-P\u00a0<span class=\"il\">Summit<\/span> \u00e8 diventato un appuntamento insostituibile, perch\u00e9 <mark>\u00e8 un confronto di alto livello, specializzato e segmentato, tra i protagonisti e i fruitori di quelle innovazioni. <\/mark>&#8220;.<\/em><\/span><\/p>\n","protected":false},"excerpt":{"rendered":"<p><span lang=\"EN-US\">Si apre oggi alla Stazione Leopolda la nuova edizione dell&#8217;evento che coinvolge le aziende tech e il mondo fashion con focus sulla tracciabilit\u00e0 e sostenibilit\u00e0<\/span><\/p>\n","protected":false},"author":525,"featured_media":282777,"comment_status":"open","ping_status":"open","sticky":false,"template":"","format":"standard","meta":{"_acf_changed":false,"footnotes":""},"categories":[494],"tags":[202,189,403],"class_list":["post-282774","post","type-post","status-publish","format-standard","has-post-thumbnail","hentry","category-attualita","tag-firenze","tag-moda","tag-pitti-immagine"],"acf":[],"yoast_head":"<!-- This site is optimized with the Yoast SEO Premium plugin v24.2 (Yoast SEO v25.6) - https:\/\/yoast.com\/wordpress\/plugins\/seo\/ -->\n<title>La moda \u00e8 digitale a Firenze: torna e-P Summit di Pitti Immagine - intoscana<\/title>\n<meta name=\"description\" content=\"I brand della moda incontrano le aziende ICT a e-P Summit, la due giorni di Pitti Immagine a Firenze dedicata a fashione e digitale.\" \/>\n<meta name=\"robots\" content=\"index, follow, max-snippet:-1, max-image-preview:large, max-video-preview:-1\" \/>\n<link rel=\"canonical\" href=\"https:\/\/www.intoscana.it\/it\/moda-digitale-ep-summit\/\" \/>\n<meta property=\"og:locale\" content=\"it_IT\" \/>\n<meta property=\"og:type\" content=\"article\" \/>\n<meta property=\"og:title\" content=\"La moda \u00e8 digitale a Firenze: torna e-P Summit di Pitti Immagine\" \/>\n<meta property=\"og:description\" content=\"I brand della moda incontrano le aziende ICT a e-P Summit, la due giorni di Pitti Immagine a Firenze dedicata a fashione e digitale.\" \/>\n<meta property=\"og:url\" content=\"https:\/\/www.intoscana.it\/it\/moda-digitale-ep-summit\/\" \/>\n<meta property=\"og:site_name\" content=\"intoscana\" \/>\n<meta property=\"article:publisher\" content=\"https:\/\/www.facebook.com\/intoscana.it\" \/>\n<meta property=\"article:published_time\" content=\"2023-04-18T07:28:55+00:00\" \/>\n<meta property=\"og:image\" content=\"https:\/\/www.intoscana.it\/wp-content\/uploads\/e-P-Summit_ph-2-scaled.jpg\" \/>\n\t<meta property=\"og:image:width\" content=\"2048\" \/>\n\t<meta property=\"og:image:height\" content=\"1365\" \/>\n\t<meta property=\"og:image:type\" content=\"image\/jpeg\" \/>\n<meta name=\"author\" content=\"Redazione\" \/>\n<meta name=\"twitter:card\" content=\"summary_large_image\" \/>\n<meta name=\"twitter:creator\" content=\"@intoscana\" \/>\n<meta name=\"twitter:site\" content=\"@intoscana\" \/>\n<meta name=\"twitter:label1\" content=\"Written by\" \/>\n\t<meta name=\"twitter:data1\" content=\"Redazione\" \/>\n\t<meta name=\"twitter:label2\" content=\"Est. reading time\" \/>\n\t<meta name=\"twitter:data2\" content=\"2 minuti\" \/>\n<script type=\"application\/ld+json\" class=\"yoast-schema-graph\">{\"@context\":\"https:\/\/schema.org\",\"@graph\":[{\"@type\":\"WebPage\",\"@id\":\"https:\/\/www.intoscana.it\/it\/moda-digitale-ep-summit\/\",\"url\":\"https:\/\/www.intoscana.it\/it\/moda-digitale-ep-summit\/\",\"name\":\"La moda \u00e8 digitale a Firenze: torna e-P Summit di Pitti Immagine - intoscana\",\"isPartOf\":{\"@id\":\"https:\/\/www.intoscana.it\/it\/#website\"},\"primaryImageOfPage\":{\"@id\":\"https:\/\/www.intoscana.it\/it\/moda-digitale-ep-summit\/#primaryimage\"},\"image\":{\"@id\":\"https:\/\/www.intoscana.it\/it\/moda-digitale-ep-summit\/#primaryimage\"},\"thumbnailUrl\":\"https:\/\/www.intoscana.it\/wp-content\/uploads\/e-P-Summit_ph-2-scaled.jpg\",\"datePublished\":\"2023-04-18T07:28:55+00:00\",\"author\":{\"@id\":\"https:\/\/www.intoscana.it\/it\/#\/schema\/person\/9223810753230f20bd670fdd322661f8\"},\"description\":\"I brand della moda incontrano le aziende ICT a e-P Summit, la due giorni di Pitti Immagine a Firenze dedicata a fashione e digitale.\",\"breadcrumb\":{\"@id\":\"https:\/\/www.intoscana.it\/it\/moda-digitale-ep-summit\/#breadcrumb\"},\"inLanguage\":\"it-IT\",\"potentialAction\":[{\"@type\":\"ReadAction\",\"target\":[\"https:\/\/www.intoscana.it\/it\/moda-digitale-ep-summit\/\"]}]},{\"@type\":\"ImageObject\",\"inLanguage\":\"it-IT\",\"@id\":\"https:\/\/www.intoscana.it\/it\/moda-digitale-ep-summit\/#primaryimage\",\"url\":\"https:\/\/www.intoscana.it\/wp-content\/uploads\/e-P-Summit_ph-2-scaled.jpg\",\"contentUrl\":\"https:\/\/www.intoscana.it\/wp-content\/uploads\/e-P-Summit_ph-2-scaled.jpg\",\"width\":2048,\"height\":1365,\"caption\":\"e-P Summit di Pitti Immagine\"},{\"@type\":\"BreadcrumbList\",\"@id\":\"https:\/\/www.intoscana.it\/it\/moda-digitale-ep-summit\/#breadcrumb\",\"itemListElement\":[{\"@type\":\"ListItem\",\"position\":1,\"name\":\"Home\",\"item\":\"https:\/\/www.intoscana.it\/it\/\"},{\"@type\":\"ListItem\",\"position\":2,\"name\":\"La moda \u00e8 digitale a Firenze: torna e-P Summit di Pitti Immagine\"}]},{\"@type\":\"WebSite\",\"@id\":\"https:\/\/www.intoscana.it\/it\/#website\",\"url\":\"https:\/\/www.intoscana.it\/it\/\",\"name\":\"intoscana\",\"description\":\"\",\"potentialAction\":[{\"@type\":\"SearchAction\",\"target\":{\"@type\":\"EntryPoint\",\"urlTemplate\":\"https:\/\/www.intoscana.it\/it\/?s={search_term_string}\"},\"query-input\":{\"@type\":\"PropertyValueSpecification\",\"valueRequired\":true,\"valueName\":\"search_term_string\"}}],\"inLanguage\":\"it-IT\"},{\"@type\":\"Person\",\"@id\":\"https:\/\/www.intoscana.it\/it\/#\/schema\/person\/9223810753230f20bd670fdd322661f8\",\"name\":\"Redazione\",\"url\":\"https:\/\/www.intoscana.it\/it\/author\/redazione\/\"}]}<\/script>\n<!-- \/ Yoast SEO Premium plugin. -->","yoast_head_json":{"title":"La moda \u00e8 digitale a Firenze: torna e-P Summit di Pitti Immagine - intoscana","description":"I brand della moda incontrano le aziende ICT a e-P Summit, la due giorni di Pitti Immagine a Firenze dedicata a fashione e digitale.","robots":{"index":"index","follow":"follow","max-snippet":"max-snippet:-1","max-image-preview":"max-image-preview:large","max-video-preview":"max-video-preview:-1"},"canonical":"https:\/\/www.intoscana.it\/it\/moda-digitale-ep-summit\/","og_locale":"it_IT","og_type":"article","og_title":"La moda \u00e8 digitale a Firenze: torna e-P Summit di Pitti Immagine","og_description":"I brand della moda incontrano le aziende ICT a e-P Summit, la due giorni di Pitti Immagine a Firenze dedicata a fashione e digitale.","og_url":"https:\/\/www.intoscana.it\/it\/moda-digitale-ep-summit\/","og_site_name":"intoscana","article_publisher":"https:\/\/www.facebook.com\/intoscana.it","article_published_time":"2023-04-18T07:28:55+00:00","og_image":[{"width":2048,"height":1365,"url":"https:\/\/www.intoscana.it\/wp-content\/uploads\/e-P-Summit_ph-2-scaled.jpg","type":"image\/jpeg"}],"author":"Redazione","twitter_card":"summary_large_image","twitter_creator":"@intoscana","twitter_site":"@intoscana","twitter_misc":{"Written by":"Redazione","Est. reading time":"2 minuti"},"schema":{"@context":"https:\/\/schema.org","@graph":[{"@type":"WebPage","@id":"https:\/\/www.intoscana.it\/it\/moda-digitale-ep-summit\/","url":"https:\/\/www.intoscana.it\/it\/moda-digitale-ep-summit\/","name":"La moda \u00e8 digitale a Firenze: torna e-P Summit di Pitti Immagine - intoscana","isPartOf":{"@id":"https:\/\/www.intoscana.it\/it\/#website"},"primaryImageOfPage":{"@id":"https:\/\/www.intoscana.it\/it\/moda-digitale-ep-summit\/#primaryimage"},"image":{"@id":"https:\/\/www.intoscana.it\/it\/moda-digitale-ep-summit\/#primaryimage"},"thumbnailUrl":"https:\/\/www.intoscana.it\/wp-content\/uploads\/e-P-Summit_ph-2-scaled.jpg","datePublished":"2023-04-18T07:28:55+00:00","author":{"@id":"https:\/\/www.intoscana.it\/it\/#\/schema\/person\/9223810753230f20bd670fdd322661f8"},"description":"I brand della moda incontrano le aziende ICT a e-P Summit, la due giorni di Pitti Immagine a Firenze dedicata a fashione e digitale.","breadcrumb":{"@id":"https:\/\/www.intoscana.it\/it\/moda-digitale-ep-summit\/#breadcrumb"},"inLanguage":"it-IT","potentialAction":[{"@type":"ReadAction","target":["https:\/\/www.intoscana.it\/it\/moda-digitale-ep-summit\/"]}]},{"@type":"ImageObject","inLanguage":"it-IT","@id":"https:\/\/www.intoscana.it\/it\/moda-digitale-ep-summit\/#primaryimage","url":"https:\/\/www.intoscana.it\/wp-content\/uploads\/e-P-Summit_ph-2-scaled.jpg","contentUrl":"https:\/\/www.intoscana.it\/wp-content\/uploads\/e-P-Summit_ph-2-scaled.jpg","width":2048,"height":1365,"caption":"e-P Summit di Pitti Immagine"},{"@type":"BreadcrumbList","@id":"https:\/\/www.intoscana.it\/it\/moda-digitale-ep-summit\/#breadcrumb","itemListElement":[{"@type":"ListItem","position":1,"name":"Home","item":"https:\/\/www.intoscana.it\/it\/"},{"@type":"ListItem","position":2,"name":"La moda \u00e8 digitale a Firenze: torna e-P Summit di Pitti Immagine"}]},{"@type":"WebSite","@id":"https:\/\/www.intoscana.it\/it\/#website","url":"https:\/\/www.intoscana.it\/it\/","name":"intoscana","description":"","potentialAction":[{"@type":"SearchAction","target":{"@type":"EntryPoint","urlTemplate":"https:\/\/www.intoscana.it\/it\/?s={search_term_string}"},"query-input":{"@type":"PropertyValueSpecification","valueRequired":true,"valueName":"search_term_string"}}],"inLanguage":"it-IT"},{"@type":"Person","@id":"https:\/\/www.intoscana.it\/it\/#\/schema\/person\/9223810753230f20bd670fdd322661f8","name":"Redazione","url":"https:\/\/www.intoscana.it\/it\/author\/redazione\/"}]}},"_links":{"self":[{"href":"https:\/\/www.intoscana.it\/it\/wp-json\/wp\/v2\/posts\/282774","targetHints":{"allow":["GET"]}}],"collection":[{"href":"https:\/\/www.intoscana.it\/it\/wp-json\/wp\/v2\/posts"}],"about":[{"href":"https:\/\/www.intoscana.it\/it\/wp-json\/wp\/v2\/types\/post"}],"author":[{"embeddable":true,"href":"https:\/\/www.intoscana.it\/it\/wp-json\/wp\/v2\/users\/525"}],"replies":[{"embeddable":true,"href":"https:\/\/www.intoscana.it\/it\/wp-json\/wp\/v2\/comments?post=282774"}],"version-history":[{"count":0,"href":"https:\/\/www.intoscana.it\/it\/wp-json\/wp\/v2\/posts\/282774\/revisions"}],"wp:featuredmedia":[{"embeddable":true,"href":"https:\/\/www.intoscana.it\/it\/wp-json\/wp\/v2\/media\/282777"}],"wp:attachment":[{"href":"https:\/\/www.intoscana.it\/it\/wp-json\/wp\/v2\/media?parent=282774"}],"wp:term":[{"taxonomy":"category","embeddable":true,"href":"https:\/\/www.intoscana.it\/it\/wp-json\/wp\/v2\/categories?post=282774"},{"taxonomy":"post_tag","embeddable":true,"href":"https:\/\/www.intoscana.it\/it\/wp-json\/wp\/v2\/tags?post=282774"}],"curies":[{"name":"wp","href":"https:\/\/api.w.org\/{rel}","templated":true}]}}