{"id":282800,"date":"2023-04-18T10:26:11","date_gmt":"2023-04-18T08:26:11","guid":{"rendered":"https:\/\/www.intoscana.it\/it\/?p=282800"},"modified":"2023-04-18T10:26:11","modified_gmt":"2023-04-18T08:26:11","slug":"coppa-conference-league-firenze","status":"publish","type":"post","link":"https:\/\/www.intoscana.it\/it\/coppa-conference-league-firenze\/","title":{"rendered":"La coppa della Conference League a Firenze: ecco dove vederla"},"content":{"rendered":"<p>Buona notizia per tutti i tifosi e gli appassionati di calcio: per due giorni sar\u00e0 possibile ammirare dal vivo a Firenze la <strong>coppa della Conference League<\/strong>. Il trofeo sar\u00e0 esposto <mark>nel negozio Sky in Via Panzani 14 oggi, marted\u00ec 18 aprile, e domani, mercoled\u00ec 19 aprile.<\/mark><br \/>\nUn&#8217;occasione per vedere da vicino la coppa che anche la <strong>Fiorentina<\/strong> sta cercando di vincere.<\/p>\n<h3>Il trofeo della UEFA Europa Conference<\/h3>\n<p>Il trofeo della <strong>UEFA Europa Conference<\/strong> misura 57,5 cm e pesa 11 kg.\u00a0 \u00c8 composto da <strong>32 spine esagonali <\/strong>che si attorcigliano e si incurvano dalla base del trofeo: sono una per ogni squadra che partecipa alla competizione.<\/p>\n<p>La forma curva delle spine trae ispirazione dal <strong>volo di un pallone verso la porta<\/strong>, il momento di massima trepidazione per i tifosi. La base e il piano sono realizzati in ottone spazzolato a mano con effetto acciaio galvanizzato opaco, mentre le spine presentano una finitura argento lucido. La coppa \u00e8 stata disegnata dallo studio londinese<strong> Pentagram.<\/strong><\/p>\n<div class=\"article-embedded_image pull-left embedded-image-big\">\n<figure class=\"article_picture\" data-path=\"https:\/\/editorial.uefa.com\/resources\/0274-15001693d1ed-4ce54034ea22-1000\/format\/wide1\/lowres_20220426130632.jpeg\" data-id=\"0274-15001693d1ed-4ce54034ea22-1000\" data-credits=\"\">\n<div class=\"pflazyload-wrapper pflazyload-wrapper-sm-wide\"><picture><source srcset=\"https:\/\/editorial.uefa.com\/resources\/0274-15001693d1ed-4ce54034ea22-1000\/format\/wide1\/lowres_20220426130632.jpeg?imwidth=158 158w, https:\/\/editorial.uefa.com\/resources\/0274-15001693d1ed-4ce54034ea22-1000\/format\/wide1\/lowres_20220426130632.jpeg?imwidth=276 276w, https:\/\/editorial.uefa.com\/resources\/0274-15001693d1ed-4ce54034ea22-1000\/format\/wide1\/lowres_20220426130632.jpeg?imwidth=280 280w, https:\/\/editorial.uefa.com\/resources\/0274-15001693d1ed-4ce54034ea22-1000\/format\/wide1\/lowres_20220426130632.jpeg?imwidth=369 369w, https:\/\/editorial.uefa.com\/resources\/0274-15001693d1ed-4ce54034ea22-1000\/format\/wide1\/lowres_20220426130632.jpeg?imwidth=490 490w, https:\/\/editorial.uefa.com\/resources\/0274-15001693d1ed-4ce54034ea22-1000\/format\/wide1\/lowres_20220426130632.jpeg?imwidth=556 556w, https:\/\/editorial.uefa.com\/resources\/0274-15001693d1ed-4ce54034ea22-1000\/format\/wide1\/lowres_20220426130632.jpeg?imwidth=656 656w, https:\/\/editorial.uefa.com\/resources\/0274-15001693d1ed-4ce54034ea22-1000\/format\/wide1\/lowres_20220426130632.jpeg?imwidth=988 988w, https:\/\/editorial.uefa.com\/resources\/0274-15001693d1ed-4ce54034ea22-1000\/format\/wide1\/lowres_20220426130632.jpeg?imwidth=2048 2048w\" media=\"(min-width: 0px)\" sizes=\"1156px\" data-srcset=\"https:\/\/editorial.uefa.com\/resources\/0274-15001693d1ed-4ce54034ea22-1000\/format\/wide1\/lowres_20220426130632.jpeg?imwidth=158 158w, https:\/\/editorial.uefa.com\/resources\/0274-15001693d1ed-4ce54034ea22-1000\/format\/wide1\/lowres_20220426130632.jpeg?imwidth=276 276w, https:\/\/editorial.uefa.com\/resources\/0274-15001693d1ed-4ce54034ea22-1000\/format\/wide1\/lowres_20220426130632.jpeg?imwidth=280 280w, https:\/\/editorial.uefa.com\/resources\/0274-15001693d1ed-4ce54034ea22-1000\/format\/wide1\/lowres_20220426130632.jpeg?imwidth=369 369w, https:\/\/editorial.uefa.com\/resources\/0274-15001693d1ed-4ce54034ea22-1000\/format\/wide1\/lowres_20220426130632.jpeg?imwidth=490 490w, https:\/\/editorial.uefa.com\/resources\/0274-15001693d1ed-4ce54034ea22-1000\/format\/wide1\/lowres_20220426130632.jpeg?imwidth=556 556w, https:\/\/editorial.uefa.com\/resources\/0274-15001693d1ed-4ce54034ea22-1000\/format\/wide1\/lowres_20220426130632.jpeg?imwidth=656 656w, https:\/\/editorial.uefa.com\/resources\/0274-15001693d1ed-4ce54034ea22-1000\/format\/wide1\/lowres_20220426130632.jpeg?imwidth=988 988w, https:\/\/editorial.uefa.com\/resources\/0274-15001693d1ed-4ce54034ea22-1000\/format\/wide1\/lowres_20220426130632.jpeg?imwidth=2048 2048w\" data-format=\"w1\" \/><\/picture><\/div>\n<\/figure>\n<\/div>\n","protected":false},"excerpt":{"rendered":"<p>Il trofeo \u00e8 esposto al pubblico marted\u00ec 18 e mercoled\u00ec 19 aprile nel negozio Sky in via Panzani<\/p>\n","protected":false},"author":525,"featured_media":282809,"comment_status":"open","ping_status":"open","sticky":false,"template":"","format":"standard","meta":{"_acf_changed":false,"footnotes":""},"categories":[494],"tags":[290,159],"class_list":["post-282800","post","type-post","status-publish","format-standard","has-post-thumbnail","hentry","category-attualita","tag-calcio","tag-sport"],"acf":[],"yoast_head":"<!-- This site is optimized with the Yoast SEO Premium plugin v24.2 (Yoast SEO v25.6) - https:\/\/yoast.com\/wordpress\/plugins\/seo\/ -->\n<title>La coppa della Conference League a Firenze: ecco dove vederla - intoscana<\/title>\n<meta name=\"description\" content=\"Il 18 e 19 aprile nel negozio Sky di Firenze, in via Panzani, \u00e8 esposta al pubblico la coppa della Conference League.\" \/>\n<meta name=\"robots\" content=\"index, follow, max-snippet:-1, max-image-preview:large, max-video-preview:-1\" \/>\n<link rel=\"canonical\" href=\"https:\/\/www.intoscana.it\/it\/coppa-conference-league-firenze\/\" \/>\n<meta property=\"og:locale\" content=\"it_IT\" \/>\n<meta property=\"og:type\" content=\"article\" \/>\n<meta property=\"og:title\" content=\"La coppa della Conference League a Firenze: ecco dove vederla\" \/>\n<meta property=\"og:description\" content=\"Il 18 e 19 aprile nel negozio Sky di Firenze, in via Panzani, \u00e8 esposta al pubblico la coppa della Conference League.\" \/>\n<meta property=\"og:url\" content=\"https:\/\/www.intoscana.it\/it\/coppa-conference-league-firenze\/\" \/>\n<meta property=\"og:site_name\" content=\"intoscana\" \/>\n<meta property=\"article:publisher\" content=\"https:\/\/www.facebook.com\/intoscana.it\" \/>\n<meta property=\"article:published_time\" content=\"2023-04-18T08:26:11+00:00\" \/>\n<meta property=\"og:image\" content=\"https:\/\/www.intoscana.it\/wp-content\/uploads\/Schermata-2023-04-18-alle-10.17.13-e1681806228413-500x368.png\" \/>\n\t<meta property=\"og:image:width\" content=\"500\" \/>\n\t<meta property=\"og:image:height\" content=\"368\" \/>\n\t<meta property=\"og:image:type\" content=\"image\/png\" \/>\n<meta name=\"author\" content=\"Redazione\" \/>\n<meta name=\"twitter:card\" content=\"summary_large_image\" \/>\n<meta name=\"twitter:creator\" content=\"@intoscana\" \/>\n<meta name=\"twitter:site\" content=\"@intoscana\" \/>\n<meta name=\"twitter:label1\" content=\"Written by\" \/>\n\t<meta name=\"twitter:data1\" content=\"Redazione\" \/>\n\t<meta name=\"twitter:label2\" content=\"Est. reading time\" \/>\n\t<meta name=\"twitter:data2\" content=\"1 minuto\" \/>\n<script type=\"application\/ld+json\" class=\"yoast-schema-graph\">{\"@context\":\"https:\/\/schema.org\",\"@graph\":[{\"@type\":\"WebPage\",\"@id\":\"https:\/\/www.intoscana.it\/it\/coppa-conference-league-firenze\/\",\"url\":\"https:\/\/www.intoscana.it\/it\/coppa-conference-league-firenze\/\",\"name\":\"La coppa della Conference League a Firenze: ecco dove vederla - intoscana\",\"isPartOf\":{\"@id\":\"https:\/\/www.intoscana.it\/it\/#website\"},\"primaryImageOfPage\":{\"@id\":\"https:\/\/www.intoscana.it\/it\/coppa-conference-league-firenze\/#primaryimage\"},\"image\":{\"@id\":\"https:\/\/www.intoscana.it\/it\/coppa-conference-league-firenze\/#primaryimage\"},\"thumbnailUrl\":\"https:\/\/www.intoscana.it\/wp-content\/uploads\/Schermata-2023-04-18-alle-10.17.13-e1681806228413.png\",\"datePublished\":\"2023-04-18T08:26:11+00:00\",\"author\":{\"@id\":\"https:\/\/www.intoscana.it\/it\/#\/schema\/person\/9223810753230f20bd670fdd322661f8\"},\"description\":\"Il 18 e 19 aprile nel negozio Sky di Firenze, in via Panzani, \u00e8 esposta al pubblico la coppa della Conference League.\",\"breadcrumb\":{\"@id\":\"https:\/\/www.intoscana.it\/it\/coppa-conference-league-firenze\/#breadcrumb\"},\"inLanguage\":\"it-IT\",\"potentialAction\":[{\"@type\":\"ReadAction\",\"target\":[\"https:\/\/www.intoscana.it\/it\/coppa-conference-league-firenze\/\"]}]},{\"@type\":\"ImageObject\",\"inLanguage\":\"it-IT\",\"@id\":\"https:\/\/www.intoscana.it\/it\/coppa-conference-league-firenze\/#primaryimage\",\"url\":\"https:\/\/www.intoscana.it\/wp-content\/uploads\/Schermata-2023-04-18-alle-10.17.13-e1681806228413.png\",\"contentUrl\":\"https:\/\/www.intoscana.it\/wp-content\/uploads\/Schermata-2023-04-18-alle-10.17.13-e1681806228413.png\",\"width\":1525,\"height\":1121,\"caption\":\"Coppa della Conference League\"},{\"@type\":\"BreadcrumbList\",\"@id\":\"https:\/\/www.intoscana.it\/it\/coppa-conference-league-firenze\/#breadcrumb\",\"itemListElement\":[{\"@type\":\"ListItem\",\"position\":1,\"name\":\"Home\",\"item\":\"https:\/\/www.intoscana.it\/it\/\"},{\"@type\":\"ListItem\",\"position\":2,\"name\":\"La coppa della Conference League a Firenze: ecco dove vederla\"}]},{\"@type\":\"WebSite\",\"@id\":\"https:\/\/www.intoscana.it\/it\/#website\",\"url\":\"https:\/\/www.intoscana.it\/it\/\",\"name\":\"intoscana\",\"description\":\"\",\"potentialAction\":[{\"@type\":\"SearchAction\",\"target\":{\"@type\":\"EntryPoint\",\"urlTemplate\":\"https:\/\/www.intoscana.it\/it\/?s={search_term_string}\"},\"query-input\":{\"@type\":\"PropertyValueSpecification\",\"valueRequired\":true,\"valueName\":\"search_term_string\"}}],\"inLanguage\":\"it-IT\"},{\"@type\":\"Person\",\"@id\":\"https:\/\/www.intoscana.it\/it\/#\/schema\/person\/9223810753230f20bd670fdd322661f8\",\"name\":\"Redazione\",\"url\":\"https:\/\/www.intoscana.it\/it\/author\/redazione\/\"}]}<\/script>\n<!-- \/ Yoast SEO Premium plugin. -->","yoast_head_json":{"title":"La coppa della Conference League a Firenze: ecco dove vederla - intoscana","description":"Il 18 e 19 aprile nel negozio Sky di Firenze, in via Panzani, \u00e8 esposta al pubblico la coppa della Conference League.","robots":{"index":"index","follow":"follow","max-snippet":"max-snippet:-1","max-image-preview":"max-image-preview:large","max-video-preview":"max-video-preview:-1"},"canonical":"https:\/\/www.intoscana.it\/it\/coppa-conference-league-firenze\/","og_locale":"it_IT","og_type":"article","og_title":"La coppa della Conference League a Firenze: ecco dove vederla","og_description":"Il 18 e 19 aprile nel negozio Sky di Firenze, in via Panzani, \u00e8 esposta al pubblico la coppa della Conference League.","og_url":"https:\/\/www.intoscana.it\/it\/coppa-conference-league-firenze\/","og_site_name":"intoscana","article_publisher":"https:\/\/www.facebook.com\/intoscana.it","article_published_time":"2023-04-18T08:26:11+00:00","og_image":[{"width":500,"height":368,"url":"https:\/\/www.intoscana.it\/wp-content\/uploads\/Schermata-2023-04-18-alle-10.17.13-e1681806228413-500x368.png","type":"image\/png"}],"author":"Redazione","twitter_card":"summary_large_image","twitter_creator":"@intoscana","twitter_site":"@intoscana","twitter_misc":{"Written by":"Redazione","Est. reading time":"1 minuto"},"schema":{"@context":"https:\/\/schema.org","@graph":[{"@type":"WebPage","@id":"https:\/\/www.intoscana.it\/it\/coppa-conference-league-firenze\/","url":"https:\/\/www.intoscana.it\/it\/coppa-conference-league-firenze\/","name":"La coppa della Conference League a Firenze: ecco dove vederla - intoscana","isPartOf":{"@id":"https:\/\/www.intoscana.it\/it\/#website"},"primaryImageOfPage":{"@id":"https:\/\/www.intoscana.it\/it\/coppa-conference-league-firenze\/#primaryimage"},"image":{"@id":"https:\/\/www.intoscana.it\/it\/coppa-conference-league-firenze\/#primaryimage"},"thumbnailUrl":"https:\/\/www.intoscana.it\/wp-content\/uploads\/Schermata-2023-04-18-alle-10.17.13-e1681806228413.png","datePublished":"2023-04-18T08:26:11+00:00","author":{"@id":"https:\/\/www.intoscana.it\/it\/#\/schema\/person\/9223810753230f20bd670fdd322661f8"},"description":"Il 18 e 19 aprile nel negozio Sky di Firenze, in via Panzani, \u00e8 esposta al pubblico la coppa della Conference League.","breadcrumb":{"@id":"https:\/\/www.intoscana.it\/it\/coppa-conference-league-firenze\/#breadcrumb"},"inLanguage":"it-IT","potentialAction":[{"@type":"ReadAction","target":["https:\/\/www.intoscana.it\/it\/coppa-conference-league-firenze\/"]}]},{"@type":"ImageObject","inLanguage":"it-IT","@id":"https:\/\/www.intoscana.it\/it\/coppa-conference-league-firenze\/#primaryimage","url":"https:\/\/www.intoscana.it\/wp-content\/uploads\/Schermata-2023-04-18-alle-10.17.13-e1681806228413.png","contentUrl":"https:\/\/www.intoscana.it\/wp-content\/uploads\/Schermata-2023-04-18-alle-10.17.13-e1681806228413.png","width":1525,"height":1121,"caption":"Coppa della Conference League"},{"@type":"BreadcrumbList","@id":"https:\/\/www.intoscana.it\/it\/coppa-conference-league-firenze\/#breadcrumb","itemListElement":[{"@type":"ListItem","position":1,"name":"Home","item":"https:\/\/www.intoscana.it\/it\/"},{"@type":"ListItem","position":2,"name":"La coppa della Conference League a Firenze: ecco dove vederla"}]},{"@type":"WebSite","@id":"https:\/\/www.intoscana.it\/it\/#website","url":"https:\/\/www.intoscana.it\/it\/","name":"intoscana","description":"","potentialAction":[{"@type":"SearchAction","target":{"@type":"EntryPoint","urlTemplate":"https:\/\/www.intoscana.it\/it\/?s={search_term_string}"},"query-input":{"@type":"PropertyValueSpecification","valueRequired":true,"valueName":"search_term_string"}}],"inLanguage":"it-IT"},{"@type":"Person","@id":"https:\/\/www.intoscana.it\/it\/#\/schema\/person\/9223810753230f20bd670fdd322661f8","name":"Redazione","url":"https:\/\/www.intoscana.it\/it\/author\/redazione\/"}]}},"_links":{"self":[{"href":"https:\/\/www.intoscana.it\/it\/wp-json\/wp\/v2\/posts\/282800","targetHints":{"allow":["GET"]}}],"collection":[{"href":"https:\/\/www.intoscana.it\/it\/wp-json\/wp\/v2\/posts"}],"about":[{"href":"https:\/\/www.intoscana.it\/it\/wp-json\/wp\/v2\/types\/post"}],"author":[{"embeddable":true,"href":"https:\/\/www.intoscana.it\/it\/wp-json\/wp\/v2\/users\/525"}],"replies":[{"embeddable":true,"href":"https:\/\/www.intoscana.it\/it\/wp-json\/wp\/v2\/comments?post=282800"}],"version-history":[{"count":0,"href":"https:\/\/www.intoscana.it\/it\/wp-json\/wp\/v2\/posts\/282800\/revisions"}],"wp:featuredmedia":[{"embeddable":true,"href":"https:\/\/www.intoscana.it\/it\/wp-json\/wp\/v2\/media\/282809"}],"wp:attachment":[{"href":"https:\/\/www.intoscana.it\/it\/wp-json\/wp\/v2\/media?parent=282800"}],"wp:term":[{"taxonomy":"category","embeddable":true,"href":"https:\/\/www.intoscana.it\/it\/wp-json\/wp\/v2\/categories?post=282800"},{"taxonomy":"post_tag","embeddable":true,"href":"https:\/\/www.intoscana.it\/it\/wp-json\/wp\/v2\/tags?post=282800"}],"curies":[{"name":"wp","href":"https:\/\/api.w.org\/{rel}","templated":true}]}}