{"id":282947,"date":"2023-04-18T15:53:16","date_gmt":"2023-04-18T13:53:16","guid":{"rendered":"https:\/\/www.intoscana.it\/it\/?p=282947"},"modified":"2023-04-18T15:54:20","modified_gmt":"2023-04-18T13:54:20","slug":"a-palazzo-bastogi-a-firenze-inaugurata-la-mostra-di-arti-visive-del-premio-firenze","status":"publish","type":"post","link":"https:\/\/www.intoscana.it\/it\/a-palazzo-bastogi-a-firenze-inaugurata-la-mostra-di-arti-visive-del-premio-firenze\/","title":{"rendered":"A Palazzo Bastogi inaugurata la mostra di Arti visive del Premio Firenze"},"content":{"rendered":"<p>Presentata a<strong> Palazzo Bastogi<\/strong> a Firenze la <strong>39esima edizione del Premio Firenze<\/strong> che ha visto la partecipazione di numerosi artisti italiani e stranieri.<\/p>\n<p><em>\u201c\u00c8 con mio grande piacere che le sale dello spazio espositivo di Palazzo Bastogi<\/em> \u2013 ha detto <strong>Antonio Mazzeo presidente del Consiglio regionale<\/strong> \u2013 <em>tornano ad ospitare le opere della sezione arti visive del Premio Firenze. Sono sempre pi\u00f9 convinto che riempire di arte e cultura i palazzi delle istituzioni sia una scelta che risponde alle esigenze del tempo che stiamo vivendo. Grazie dunque al Centro Culturale Firenze-Europa e al suo presidente Marco Cellai per il prezioso lavoro di promozione della cultura e che ci vedr\u00e0 anche in futuro pronti a lavorare insieme.\u201d<\/em><\/p>\n<p>Come ha detto il <strong>presidente del centro culturale Marco Cellai<\/strong> <em>\u201cUn decennio quello 2011-2021 che ha visto partecipare al premio ben 1704 opere artistiche e 3262 lavori letterari. Nel 2022 sono stati presentati addirittura 173 lavori nel comparto artistico. L\u2019odierna mostra \u00e8 simbolo di eccellenza, estro, creativit\u00e0, professionalit\u00e0, ormai conosciute e riconosciute a livello nazionale e sovranazionale.\u201d<\/em><\/p>\n<p><em>\u201cUna mostra che rappresenta i linguaggi del contemporaneo<\/em> \u2013 ha detto <strong>la curatrice e segretaria Roberta Fiorini<\/strong> \u2013 <em>e che riesce nelle diverse discipline (pittura, scultura, fotografia) a dare un\u2019immagine efficace del nostro tempo, alcuni autori hanno partecipato a numerose edizioni del premio e ci accompagnano in questo appassionante viaggio.\u201d<\/em><\/p>\n<p>Il Premio Firenze dimostra che \u00e8 importante che la gente<strong> dipinga, scolpisca, disegni, sperimenti.<\/strong> Arte vuol dire libert\u00e0 di espressione, vuol dire soprattutto fare e guardare avanti.<\/p>\n<figure id=\"post-282949 media-282949\" class=\"align-none\"><img decoding=\"async\" src=\"https:\/\/www.intoscana.it\/wp-content\/uploads\/premio-Firenze1-e1681814169199.jpg\" alt=\"\" \/><\/figure>\n<div class=\"titleimg\"><\/div>\n","protected":false},"excerpt":{"rendered":"<p>Nel Consiglio regionale della Toscana \u00e8 stata presentata l\u2019edizione numero 39, con l&#039;intervento del presidente Antonio Mazzeo<\/p>\n","protected":false},"author":525,"featured_media":282948,"comment_status":"open","ping_status":"open","sticky":false,"template":"","format":"standard","meta":{"_acf_changed":false,"footnotes":""},"categories":[494],"tags":[4753,222],"class_list":["post-282947","post","type-post","status-publish","format-standard","has-post-thumbnail","hentry","category-attualita","tag-consiglio-regionale-della-toscana","tag-mostre"],"acf":[],"yoast_head":"<!-- This site is optimized with the Yoast SEO Premium plugin v24.2 (Yoast SEO v25.6) - https:\/\/yoast.com\/wordpress\/plugins\/seo\/ -->\n<title>A Palazzo Bastogi inaugurata la mostra di Arti visive del Premio Firenze - intoscana<\/title>\n<meta name=\"description\" content=\"Nel Consiglio regionale della Toscana \u00e8 stata presentata l\u2019edizione numero 39, con l&#039;intervento del presidente del Antonio Mazzeo\" \/>\n<meta name=\"robots\" content=\"index, follow, max-snippet:-1, max-image-preview:large, max-video-preview:-1\" \/>\n<link rel=\"canonical\" href=\"https:\/\/www.intoscana.it\/it\/a-palazzo-bastogi-a-firenze-inaugurata-la-mostra-di-arti-visive-del-premio-firenze\/\" \/>\n<meta property=\"og:locale\" content=\"it_IT\" \/>\n<meta property=\"og:type\" content=\"article\" \/>\n<meta property=\"og:title\" content=\"A Palazzo Bastogi inaugurata la mostra di Arti visive del Premio Firenze\" \/>\n<meta property=\"og:description\" content=\"Nel Consiglio regionale della Toscana \u00e8 stata presentata l\u2019edizione numero 39, con l&#039;intervento del presidente del Antonio Mazzeo\" \/>\n<meta property=\"og:url\" content=\"https:\/\/www.intoscana.it\/it\/a-palazzo-bastogi-a-firenze-inaugurata-la-mostra-di-arti-visive-del-premio-firenze\/\" \/>\n<meta property=\"og:site_name\" content=\"intoscana\" \/>\n<meta property=\"article:publisher\" content=\"https:\/\/www.facebook.com\/intoscana.it\" \/>\n<meta property=\"article:published_time\" content=\"2023-04-18T13:53:16+00:00\" \/>\n<meta property=\"article:modified_time\" content=\"2023-04-18T13:54:20+00:00\" \/>\n<meta property=\"og:image\" content=\"https:\/\/www.intoscana.it\/wp-content\/uploads\/Premio-Firenze.jpg\" \/>\n\t<meta property=\"og:image:width\" content=\"1487\" \/>\n\t<meta property=\"og:image:height\" content=\"830\" \/>\n\t<meta property=\"og:image:type\" content=\"image\/jpeg\" \/>\n<meta name=\"author\" content=\"Redazione\" \/>\n<meta name=\"twitter:card\" content=\"summary_large_image\" \/>\n<meta name=\"twitter:creator\" content=\"@intoscana\" \/>\n<meta name=\"twitter:site\" content=\"@intoscana\" \/>\n<meta name=\"twitter:label1\" content=\"Written by\" \/>\n\t<meta name=\"twitter:data1\" content=\"Redazione\" \/>\n\t<meta name=\"twitter:label2\" content=\"Est. reading time\" \/>\n\t<meta name=\"twitter:data2\" content=\"1 minuto\" \/>\n<script type=\"application\/ld+json\" class=\"yoast-schema-graph\">{\"@context\":\"https:\/\/schema.org\",\"@graph\":[{\"@type\":\"WebPage\",\"@id\":\"https:\/\/www.intoscana.it\/it\/a-palazzo-bastogi-a-firenze-inaugurata-la-mostra-di-arti-visive-del-premio-firenze\/\",\"url\":\"https:\/\/www.intoscana.it\/it\/a-palazzo-bastogi-a-firenze-inaugurata-la-mostra-di-arti-visive-del-premio-firenze\/\",\"name\":\"A Palazzo Bastogi inaugurata la mostra di Arti visive del Premio Firenze - intoscana\",\"isPartOf\":{\"@id\":\"https:\/\/www.intoscana.it\/it\/#website\"},\"primaryImageOfPage\":{\"@id\":\"https:\/\/www.intoscana.it\/it\/a-palazzo-bastogi-a-firenze-inaugurata-la-mostra-di-arti-visive-del-premio-firenze\/#primaryimage\"},\"image\":{\"@id\":\"https:\/\/www.intoscana.it\/it\/a-palazzo-bastogi-a-firenze-inaugurata-la-mostra-di-arti-visive-del-premio-firenze\/#primaryimage\"},\"thumbnailUrl\":\"https:\/\/www.intoscana.it\/wp-content\/uploads\/Premio-Firenze.jpg\",\"datePublished\":\"2023-04-18T13:53:16+00:00\",\"dateModified\":\"2023-04-18T13:54:20+00:00\",\"author\":{\"@id\":\"https:\/\/www.intoscana.it\/it\/#\/schema\/person\/9223810753230f20bd670fdd322661f8\"},\"description\":\"Nel Consiglio regionale della Toscana \u00e8 stata presentata l\u2019edizione numero 39, con l'intervento del presidente del Antonio Mazzeo\",\"breadcrumb\":{\"@id\":\"https:\/\/www.intoscana.it\/it\/a-palazzo-bastogi-a-firenze-inaugurata-la-mostra-di-arti-visive-del-premio-firenze\/#breadcrumb\"},\"inLanguage\":\"it-IT\",\"potentialAction\":[{\"@type\":\"ReadAction\",\"target\":[\"https:\/\/www.intoscana.it\/it\/a-palazzo-bastogi-a-firenze-inaugurata-la-mostra-di-arti-visive-del-premio-firenze\/\"]}]},{\"@type\":\"ImageObject\",\"inLanguage\":\"it-IT\",\"@id\":\"https:\/\/www.intoscana.it\/it\/a-palazzo-bastogi-a-firenze-inaugurata-la-mostra-di-arti-visive-del-premio-firenze\/#primaryimage\",\"url\":\"https:\/\/www.intoscana.it\/wp-content\/uploads\/Premio-Firenze.jpg\",\"contentUrl\":\"https:\/\/www.intoscana.it\/wp-content\/uploads\/Premio-Firenze.jpg\",\"width\":1487,\"height\":830},{\"@type\":\"BreadcrumbList\",\"@id\":\"https:\/\/www.intoscana.it\/it\/a-palazzo-bastogi-a-firenze-inaugurata-la-mostra-di-arti-visive-del-premio-firenze\/#breadcrumb\",\"itemListElement\":[{\"@type\":\"ListItem\",\"position\":1,\"name\":\"Home\",\"item\":\"https:\/\/www.intoscana.it\/it\/\"},{\"@type\":\"ListItem\",\"position\":2,\"name\":\"A Palazzo Bastogi inaugurata la mostra di Arti visive del Premio Firenze\"}]},{\"@type\":\"WebSite\",\"@id\":\"https:\/\/www.intoscana.it\/it\/#website\",\"url\":\"https:\/\/www.intoscana.it\/it\/\",\"name\":\"intoscana\",\"description\":\"\",\"potentialAction\":[{\"@type\":\"SearchAction\",\"target\":{\"@type\":\"EntryPoint\",\"urlTemplate\":\"https:\/\/www.intoscana.it\/it\/?s={search_term_string}\"},\"query-input\":{\"@type\":\"PropertyValueSpecification\",\"valueRequired\":true,\"valueName\":\"search_term_string\"}}],\"inLanguage\":\"it-IT\"},{\"@type\":\"Person\",\"@id\":\"https:\/\/www.intoscana.it\/it\/#\/schema\/person\/9223810753230f20bd670fdd322661f8\",\"name\":\"Redazione\",\"url\":\"https:\/\/www.intoscana.it\/it\/author\/redazione\/\"}]}<\/script>\n<!-- \/ Yoast SEO Premium plugin. -->","yoast_head_json":{"title":"A Palazzo Bastogi inaugurata la mostra di Arti visive del Premio Firenze - intoscana","description":"Nel Consiglio regionale della Toscana \u00e8 stata presentata l\u2019edizione numero 39, con l'intervento del presidente del Antonio Mazzeo","robots":{"index":"index","follow":"follow","max-snippet":"max-snippet:-1","max-image-preview":"max-image-preview:large","max-video-preview":"max-video-preview:-1"},"canonical":"https:\/\/www.intoscana.it\/it\/a-palazzo-bastogi-a-firenze-inaugurata-la-mostra-di-arti-visive-del-premio-firenze\/","og_locale":"it_IT","og_type":"article","og_title":"A Palazzo Bastogi inaugurata la mostra di Arti visive del Premio Firenze","og_description":"Nel Consiglio regionale della Toscana \u00e8 stata presentata l\u2019edizione numero 39, con l'intervento del presidente del Antonio Mazzeo","og_url":"https:\/\/www.intoscana.it\/it\/a-palazzo-bastogi-a-firenze-inaugurata-la-mostra-di-arti-visive-del-premio-firenze\/","og_site_name":"intoscana","article_publisher":"https:\/\/www.facebook.com\/intoscana.it","article_published_time":"2023-04-18T13:53:16+00:00","article_modified_time":"2023-04-18T13:54:20+00:00","og_image":[{"width":1487,"height":830,"url":"https:\/\/www.intoscana.it\/wp-content\/uploads\/Premio-Firenze.jpg","type":"image\/jpeg"}],"author":"Redazione","twitter_card":"summary_large_image","twitter_creator":"@intoscana","twitter_site":"@intoscana","twitter_misc":{"Written by":"Redazione","Est. reading time":"1 minuto"},"schema":{"@context":"https:\/\/schema.org","@graph":[{"@type":"WebPage","@id":"https:\/\/www.intoscana.it\/it\/a-palazzo-bastogi-a-firenze-inaugurata-la-mostra-di-arti-visive-del-premio-firenze\/","url":"https:\/\/www.intoscana.it\/it\/a-palazzo-bastogi-a-firenze-inaugurata-la-mostra-di-arti-visive-del-premio-firenze\/","name":"A Palazzo Bastogi inaugurata la mostra di Arti visive del Premio Firenze - intoscana","isPartOf":{"@id":"https:\/\/www.intoscana.it\/it\/#website"},"primaryImageOfPage":{"@id":"https:\/\/www.intoscana.it\/it\/a-palazzo-bastogi-a-firenze-inaugurata-la-mostra-di-arti-visive-del-premio-firenze\/#primaryimage"},"image":{"@id":"https:\/\/www.intoscana.it\/it\/a-palazzo-bastogi-a-firenze-inaugurata-la-mostra-di-arti-visive-del-premio-firenze\/#primaryimage"},"thumbnailUrl":"https:\/\/www.intoscana.it\/wp-content\/uploads\/Premio-Firenze.jpg","datePublished":"2023-04-18T13:53:16+00:00","dateModified":"2023-04-18T13:54:20+00:00","author":{"@id":"https:\/\/www.intoscana.it\/it\/#\/schema\/person\/9223810753230f20bd670fdd322661f8"},"description":"Nel Consiglio regionale della Toscana \u00e8 stata presentata l\u2019edizione numero 39, con l'intervento del presidente del Antonio Mazzeo","breadcrumb":{"@id":"https:\/\/www.intoscana.it\/it\/a-palazzo-bastogi-a-firenze-inaugurata-la-mostra-di-arti-visive-del-premio-firenze\/#breadcrumb"},"inLanguage":"it-IT","potentialAction":[{"@type":"ReadAction","target":["https:\/\/www.intoscana.it\/it\/a-palazzo-bastogi-a-firenze-inaugurata-la-mostra-di-arti-visive-del-premio-firenze\/"]}]},{"@type":"ImageObject","inLanguage":"it-IT","@id":"https:\/\/www.intoscana.it\/it\/a-palazzo-bastogi-a-firenze-inaugurata-la-mostra-di-arti-visive-del-premio-firenze\/#primaryimage","url":"https:\/\/www.intoscana.it\/wp-content\/uploads\/Premio-Firenze.jpg","contentUrl":"https:\/\/www.intoscana.it\/wp-content\/uploads\/Premio-Firenze.jpg","width":1487,"height":830},{"@type":"BreadcrumbList","@id":"https:\/\/www.intoscana.it\/it\/a-palazzo-bastogi-a-firenze-inaugurata-la-mostra-di-arti-visive-del-premio-firenze\/#breadcrumb","itemListElement":[{"@type":"ListItem","position":1,"name":"Home","item":"https:\/\/www.intoscana.it\/it\/"},{"@type":"ListItem","position":2,"name":"A Palazzo Bastogi inaugurata la mostra di Arti visive del Premio Firenze"}]},{"@type":"WebSite","@id":"https:\/\/www.intoscana.it\/it\/#website","url":"https:\/\/www.intoscana.it\/it\/","name":"intoscana","description":"","potentialAction":[{"@type":"SearchAction","target":{"@type":"EntryPoint","urlTemplate":"https:\/\/www.intoscana.it\/it\/?s={search_term_string}"},"query-input":{"@type":"PropertyValueSpecification","valueRequired":true,"valueName":"search_term_string"}}],"inLanguage":"it-IT"},{"@type":"Person","@id":"https:\/\/www.intoscana.it\/it\/#\/schema\/person\/9223810753230f20bd670fdd322661f8","name":"Redazione","url":"https:\/\/www.intoscana.it\/it\/author\/redazione\/"}]}},"_links":{"self":[{"href":"https:\/\/www.intoscana.it\/it\/wp-json\/wp\/v2\/posts\/282947","targetHints":{"allow":["GET"]}}],"collection":[{"href":"https:\/\/www.intoscana.it\/it\/wp-json\/wp\/v2\/posts"}],"about":[{"href":"https:\/\/www.intoscana.it\/it\/wp-json\/wp\/v2\/types\/post"}],"author":[{"embeddable":true,"href":"https:\/\/www.intoscana.it\/it\/wp-json\/wp\/v2\/users\/525"}],"replies":[{"embeddable":true,"href":"https:\/\/www.intoscana.it\/it\/wp-json\/wp\/v2\/comments?post=282947"}],"version-history":[{"count":0,"href":"https:\/\/www.intoscana.it\/it\/wp-json\/wp\/v2\/posts\/282947\/revisions"}],"wp:featuredmedia":[{"embeddable":true,"href":"https:\/\/www.intoscana.it\/it\/wp-json\/wp\/v2\/media\/282948"}],"wp:attachment":[{"href":"https:\/\/www.intoscana.it\/it\/wp-json\/wp\/v2\/media?parent=282947"}],"wp:term":[{"taxonomy":"category","embeddable":true,"href":"https:\/\/www.intoscana.it\/it\/wp-json\/wp\/v2\/categories?post=282947"},{"taxonomy":"post_tag","embeddable":true,"href":"https:\/\/www.intoscana.it\/it\/wp-json\/wp\/v2\/tags?post=282947"}],"curies":[{"name":"wp","href":"https:\/\/api.w.org\/{rel}","templated":true}]}}