{"id":283059,"date":"2023-04-19T10:15:48","date_gmt":"2023-04-19T08:15:48","guid":{"rendered":"https:\/\/www.intoscana.it\/it\/?p=283059"},"modified":"2023-04-19T10:16:19","modified_gmt":"2023-04-19T08:16:19","slug":"mazzeo-confermato-consiglio-regionale","status":"publish","type":"post","link":"https:\/\/www.intoscana.it\/it\/mazzeo-confermato-consiglio-regionale\/","title":{"rendered":"Antonio Mazzeo rieletto presidente dell\u2019Assemblea legislativa: &#8220;Vorrei un Consiglio sempre pi\u00f9 casa dei toscani&#8221;"},"content":{"rendered":"<p>Antonio Mazzeo \u00e8 stato confermato alla guida del consiglio regionale. Ieri, 18 aprile, si sono tenute le elezioni di met\u00e0 mandato come previsto dal regolamento dell&#8217;assemblea legislativa e Mazzeo \u00e8 stato rieletto con 36 voti su 40 partecipanti.<\/p>\n<p>Oltre ai voti di preferenza raccolti da Mazzeo, ci sono stati 2 voti per il consigliere\u00a0<b>Francesco Gazzetti<\/b>, 1 voto nullo e 1 scheda bianca.<\/p>\n<p style=\"font-weight: 400;\">La votazione sul presidente del Consiglio regionale \u00e8 stato il primo atto delle operazioni di voto per il rinnovo dell\u2019Ufficio di presidenza, la proposta di riconfermare Mazzeo alla presidenza del Consiglio regionale \u00e8 stata avanzata in aula da <strong>Vincenzo Ceccarelli<\/strong>. Hanno annunciato voto favorevole tutti i gruppi politici attraverso i consiglieri\u00a0<strong>Elisa Tozzi<\/strong>,\u00a0<strong>Silvia Noferi<\/strong>,\u00a0<strong>Maurizio Sguanci<\/strong>,\u00a0<strong>Elena Meini<\/strong>,\u00a0<strong>Marco Stella<\/strong>\u00a0e\u00a0<strong>Francesco Torselli<\/strong>.<\/p>\n<p>\u201c<em>Sento un\u2019emozione pi\u00f9 grande e una responsabilit\u00e0 maggiore rispetto a quando sono stato eletto presidente due anni e mezzo fa<\/em>&#8221; ha detto <strong>Mazzeo<\/strong> assumendo la presidenza dell\u2019Aula e ringraziando tutti i gruppi politici per la fiducia accordata e \u201cperch\u00e9 ascoltandovi in questi anni ho capito che, pur da punti di vista diversi, \u00e8 possibile lavorare insieme\u201d. Il presidente ha ricordato i tempi non facili di inizio legislatura, contraddistinti dalla pandemia, \u201c<em>un tempo durante il quale abbiamo cercato le risposte migliori per far funzionare bene l\u2019Assemblea legislativa e soprattutto, in stretto rapporto con la Giunta, per rispondere ai bisogni dei toscani e delle Toscana<\/em>\u201d.<\/p>\n<p>Mazzeo \u00e8 poi entrato nel merito dell&#8217;impegno che intende portare avanti per la seconda fase della legislatura:\u00a0\u201c<em>Prendo l\u2019impegno di cercare di essere, come ho provato a fare in questi anni, il presidente di tutta assemblea, garantendo alla maggioranza di portare avanti gli atti di governo e alle minoranze di esprimere sempre la loro voce. Questo \u00e8 il luogo pi\u00f9 alto della democrazia toscana e noi abbiamo il dovere di preservarlo. I cittadini cercano risposte, non polemiche politiche e perci\u00f2 chiedo a ciascuno di voi di continuare a fare un lavoro di condivisione e di confronto come \u00e8 sempre avvenuto nell\u2019Ufficio di presidenza uscente<\/em>\u201d.<\/p>\n<p>\u201c<em>L\u2019obiettivo<\/em> \u2013 ha concluso il presidente \u2013 <em>\u00e8 quello di lasciare una Toscana migliore di come l\u2019abbiamo trovata. Per far questo serve il contributo di ognuno. Dovremo mettere subito in piedi la revisione del regolamento interno, perch\u00e9 il Consiglio possa lavorare sempre meglio. In ultimo: vorrei che il nostro lavoro diventasse sempre pi\u00f9 aperto e trasparente, e questo luogo sempre di pi\u00f9 la casa dei toscani e di costruzione del futuro della nostra regione\u201d<\/em>.<\/p>\n","protected":false},"excerpt":{"rendered":"<p>Con 36 voti su 40 partecipanti il presidente in carica \u00e8 stato riconfermato alla guida del Consiglio regionale. Il rinnovo dell\u2019Ufficio di presidenza \u00e8 previsto dal regolamento interno dell&#8217;assemblea per la met\u00e0 della legislatura<\/p>\n","protected":false},"author":525,"featured_media":207242,"comment_status":"open","ping_status":"open","sticky":false,"template":"","format":"standard","meta":{"_acf_changed":false,"footnotes":""},"categories":[494],"tags":[4760,4753,4755],"class_list":["post-283059","post","type-post","status-publish","format-standard","has-post-thumbnail","hentry","category-attualita","tag-antonio-mazzeo","tag-consiglio-regionale-della-toscana","tag-istituzioni"],"acf":[],"yoast_head":"<!-- This site is optimized with the Yoast SEO Premium plugin v24.2 (Yoast SEO v25.6) - https:\/\/yoast.com\/wordpress\/plugins\/seo\/ -->\n<title>Antonio Mazzeo rieletto presidente del Consiglio regionale<\/title>\n<meta name=\"description\" content=\"Con 36 voti su 40 Mazzeo \u00e8 stato riconfermato alla guida dell&#039;assemblea: &quot;Vorrei un Consiglio sempre pi\u00f9 casa dei toscani&quot;\" \/>\n<meta name=\"robots\" content=\"index, follow, max-snippet:-1, max-image-preview:large, max-video-preview:-1\" \/>\n<link rel=\"canonical\" href=\"https:\/\/www.intoscana.it\/it\/mazzeo-confermato-consiglio-regionale\/\" \/>\n<meta property=\"og:locale\" content=\"it_IT\" \/>\n<meta property=\"og:type\" content=\"article\" \/>\n<meta property=\"og:title\" content=\"Antonio Mazzeo rieletto presidente dell\u2019Assemblea legislativa: &quot;Vorrei un Consiglio sempre pi\u00f9 casa dei toscani&quot;\" \/>\n<meta property=\"og:description\" content=\"Con 36 voti su 40 Mazzeo \u00e8 stato riconfermato alla guida dell&#039;assemblea: &quot;Vorrei un Consiglio sempre pi\u00f9 casa dei toscani&quot;\" \/>\n<meta property=\"og:url\" content=\"https:\/\/www.intoscana.it\/it\/mazzeo-confermato-consiglio-regionale\/\" \/>\n<meta property=\"og:site_name\" content=\"intoscana\" \/>\n<meta property=\"article:publisher\" content=\"https:\/\/www.facebook.com\/intoscana.it\" \/>\n<meta property=\"article:published_time\" content=\"2023-04-19T08:15:48+00:00\" \/>\n<meta property=\"article:modified_time\" content=\"2023-04-19T08:16:19+00:00\" \/>\n<meta property=\"og:image\" content=\"https:\/\/www.intoscana.it\/wp-content\/uploads\/Antonio-Mazzeo.png\" \/>\n\t<meta property=\"og:image:width\" content=\"1922\" \/>\n\t<meta property=\"og:image:height\" content=\"1130\" \/>\n\t<meta property=\"og:image:type\" content=\"image\/png\" \/>\n<meta name=\"author\" content=\"Redazione\" \/>\n<meta name=\"twitter:card\" content=\"summary_large_image\" \/>\n<meta name=\"twitter:creator\" content=\"@intoscana\" \/>\n<meta name=\"twitter:site\" content=\"@intoscana\" \/>\n<meta name=\"twitter:label1\" content=\"Written by\" \/>\n\t<meta name=\"twitter:data1\" content=\"Redazione\" \/>\n\t<meta name=\"twitter:label2\" content=\"Est. reading time\" \/>\n\t<meta name=\"twitter:data2\" content=\"2 minuti\" \/>\n<script type=\"application\/ld+json\" class=\"yoast-schema-graph\">{\"@context\":\"https:\/\/schema.org\",\"@graph\":[{\"@type\":\"WebPage\",\"@id\":\"https:\/\/www.intoscana.it\/it\/mazzeo-confermato-consiglio-regionale\/\",\"url\":\"https:\/\/www.intoscana.it\/it\/mazzeo-confermato-consiglio-regionale\/\",\"name\":\"Antonio Mazzeo rieletto presidente del Consiglio regionale\",\"isPartOf\":{\"@id\":\"https:\/\/www.intoscana.it\/it\/#website\"},\"primaryImageOfPage\":{\"@id\":\"https:\/\/www.intoscana.it\/it\/mazzeo-confermato-consiglio-regionale\/#primaryimage\"},\"image\":{\"@id\":\"https:\/\/www.intoscana.it\/it\/mazzeo-confermato-consiglio-regionale\/#primaryimage\"},\"thumbnailUrl\":\"https:\/\/www.intoscana.it\/wp-content\/uploads\/Antonio-Mazzeo.png\",\"datePublished\":\"2023-04-19T08:15:48+00:00\",\"dateModified\":\"2023-04-19T08:16:19+00:00\",\"author\":{\"@id\":\"https:\/\/www.intoscana.it\/it\/#\/schema\/person\/9223810753230f20bd670fdd322661f8\"},\"description\":\"Con 36 voti su 40 Mazzeo \u00e8 stato riconfermato alla guida dell'assemblea: \\\"Vorrei un Consiglio sempre pi\u00f9 casa dei toscani\\\"\",\"breadcrumb\":{\"@id\":\"https:\/\/www.intoscana.it\/it\/mazzeo-confermato-consiglio-regionale\/#breadcrumb\"},\"inLanguage\":\"it-IT\",\"potentialAction\":[{\"@type\":\"ReadAction\",\"target\":[\"https:\/\/www.intoscana.it\/it\/mazzeo-confermato-consiglio-regionale\/\"]}]},{\"@type\":\"ImageObject\",\"inLanguage\":\"it-IT\",\"@id\":\"https:\/\/www.intoscana.it\/it\/mazzeo-confermato-consiglio-regionale\/#primaryimage\",\"url\":\"https:\/\/www.intoscana.it\/wp-content\/uploads\/Antonio-Mazzeo.png\",\"contentUrl\":\"https:\/\/www.intoscana.it\/wp-content\/uploads\/Antonio-Mazzeo.png\",\"width\":1922,\"height\":1130},{\"@type\":\"BreadcrumbList\",\"@id\":\"https:\/\/www.intoscana.it\/it\/mazzeo-confermato-consiglio-regionale\/#breadcrumb\",\"itemListElement\":[{\"@type\":\"ListItem\",\"position\":1,\"name\":\"Home\",\"item\":\"https:\/\/www.intoscana.it\/it\/\"},{\"@type\":\"ListItem\",\"position\":2,\"name\":\"Antonio Mazzeo rieletto presidente dell\u2019Assemblea legislativa: &#8220;Vorrei un Consiglio sempre pi\u00f9 casa dei toscani&#8221;\"}]},{\"@type\":\"WebSite\",\"@id\":\"https:\/\/www.intoscana.it\/it\/#website\",\"url\":\"https:\/\/www.intoscana.it\/it\/\",\"name\":\"intoscana\",\"description\":\"\",\"potentialAction\":[{\"@type\":\"SearchAction\",\"target\":{\"@type\":\"EntryPoint\",\"urlTemplate\":\"https:\/\/www.intoscana.it\/it\/?s={search_term_string}\"},\"query-input\":{\"@type\":\"PropertyValueSpecification\",\"valueRequired\":true,\"valueName\":\"search_term_string\"}}],\"inLanguage\":\"it-IT\"},{\"@type\":\"Person\",\"@id\":\"https:\/\/www.intoscana.it\/it\/#\/schema\/person\/9223810753230f20bd670fdd322661f8\",\"name\":\"Redazione\",\"url\":\"https:\/\/www.intoscana.it\/it\/author\/redazione\/\"}]}<\/script>\n<!-- \/ Yoast SEO Premium plugin. -->","yoast_head_json":{"title":"Antonio Mazzeo rieletto presidente del Consiglio regionale","description":"Con 36 voti su 40 Mazzeo \u00e8 stato riconfermato alla guida dell'assemblea: \"Vorrei un Consiglio sempre pi\u00f9 casa dei toscani\"","robots":{"index":"index","follow":"follow","max-snippet":"max-snippet:-1","max-image-preview":"max-image-preview:large","max-video-preview":"max-video-preview:-1"},"canonical":"https:\/\/www.intoscana.it\/it\/mazzeo-confermato-consiglio-regionale\/","og_locale":"it_IT","og_type":"article","og_title":"Antonio Mazzeo rieletto presidente dell\u2019Assemblea legislativa: \"Vorrei un Consiglio sempre pi\u00f9 casa dei toscani\"","og_description":"Con 36 voti su 40 Mazzeo \u00e8 stato riconfermato alla guida dell'assemblea: \"Vorrei un Consiglio sempre pi\u00f9 casa dei toscani\"","og_url":"https:\/\/www.intoscana.it\/it\/mazzeo-confermato-consiglio-regionale\/","og_site_name":"intoscana","article_publisher":"https:\/\/www.facebook.com\/intoscana.it","article_published_time":"2023-04-19T08:15:48+00:00","article_modified_time":"2023-04-19T08:16:19+00:00","og_image":[{"width":1922,"height":1130,"url":"https:\/\/www.intoscana.it\/wp-content\/uploads\/Antonio-Mazzeo.png","type":"image\/png"}],"author":"Redazione","twitter_card":"summary_large_image","twitter_creator":"@intoscana","twitter_site":"@intoscana","twitter_misc":{"Written by":"Redazione","Est. reading time":"2 minuti"},"schema":{"@context":"https:\/\/schema.org","@graph":[{"@type":"WebPage","@id":"https:\/\/www.intoscana.it\/it\/mazzeo-confermato-consiglio-regionale\/","url":"https:\/\/www.intoscana.it\/it\/mazzeo-confermato-consiglio-regionale\/","name":"Antonio Mazzeo rieletto presidente del Consiglio regionale","isPartOf":{"@id":"https:\/\/www.intoscana.it\/it\/#website"},"primaryImageOfPage":{"@id":"https:\/\/www.intoscana.it\/it\/mazzeo-confermato-consiglio-regionale\/#primaryimage"},"image":{"@id":"https:\/\/www.intoscana.it\/it\/mazzeo-confermato-consiglio-regionale\/#primaryimage"},"thumbnailUrl":"https:\/\/www.intoscana.it\/wp-content\/uploads\/Antonio-Mazzeo.png","datePublished":"2023-04-19T08:15:48+00:00","dateModified":"2023-04-19T08:16:19+00:00","author":{"@id":"https:\/\/www.intoscana.it\/it\/#\/schema\/person\/9223810753230f20bd670fdd322661f8"},"description":"Con 36 voti su 40 Mazzeo \u00e8 stato riconfermato alla guida dell'assemblea: \"Vorrei un Consiglio sempre pi\u00f9 casa dei toscani\"","breadcrumb":{"@id":"https:\/\/www.intoscana.it\/it\/mazzeo-confermato-consiglio-regionale\/#breadcrumb"},"inLanguage":"it-IT","potentialAction":[{"@type":"ReadAction","target":["https:\/\/www.intoscana.it\/it\/mazzeo-confermato-consiglio-regionale\/"]}]},{"@type":"ImageObject","inLanguage":"it-IT","@id":"https:\/\/www.intoscana.it\/it\/mazzeo-confermato-consiglio-regionale\/#primaryimage","url":"https:\/\/www.intoscana.it\/wp-content\/uploads\/Antonio-Mazzeo.png","contentUrl":"https:\/\/www.intoscana.it\/wp-content\/uploads\/Antonio-Mazzeo.png","width":1922,"height":1130},{"@type":"BreadcrumbList","@id":"https:\/\/www.intoscana.it\/it\/mazzeo-confermato-consiglio-regionale\/#breadcrumb","itemListElement":[{"@type":"ListItem","position":1,"name":"Home","item":"https:\/\/www.intoscana.it\/it\/"},{"@type":"ListItem","position":2,"name":"Antonio Mazzeo rieletto presidente dell\u2019Assemblea legislativa: &#8220;Vorrei un Consiglio sempre pi\u00f9 casa dei toscani&#8221;"}]},{"@type":"WebSite","@id":"https:\/\/www.intoscana.it\/it\/#website","url":"https:\/\/www.intoscana.it\/it\/","name":"intoscana","description":"","potentialAction":[{"@type":"SearchAction","target":{"@type":"EntryPoint","urlTemplate":"https:\/\/www.intoscana.it\/it\/?s={search_term_string}"},"query-input":{"@type":"PropertyValueSpecification","valueRequired":true,"valueName":"search_term_string"}}],"inLanguage":"it-IT"},{"@type":"Person","@id":"https:\/\/www.intoscana.it\/it\/#\/schema\/person\/9223810753230f20bd670fdd322661f8","name":"Redazione","url":"https:\/\/www.intoscana.it\/it\/author\/redazione\/"}]}},"_links":{"self":[{"href":"https:\/\/www.intoscana.it\/it\/wp-json\/wp\/v2\/posts\/283059","targetHints":{"allow":["GET"]}}],"collection":[{"href":"https:\/\/www.intoscana.it\/it\/wp-json\/wp\/v2\/posts"}],"about":[{"href":"https:\/\/www.intoscana.it\/it\/wp-json\/wp\/v2\/types\/post"}],"author":[{"embeddable":true,"href":"https:\/\/www.intoscana.it\/it\/wp-json\/wp\/v2\/users\/525"}],"replies":[{"embeddable":true,"href":"https:\/\/www.intoscana.it\/it\/wp-json\/wp\/v2\/comments?post=283059"}],"version-history":[{"count":0,"href":"https:\/\/www.intoscana.it\/it\/wp-json\/wp\/v2\/posts\/283059\/revisions"}],"wp:featuredmedia":[{"embeddable":true,"href":"https:\/\/www.intoscana.it\/it\/wp-json\/wp\/v2\/media\/207242"}],"wp:attachment":[{"href":"https:\/\/www.intoscana.it\/it\/wp-json\/wp\/v2\/media?parent=283059"}],"wp:term":[{"taxonomy":"category","embeddable":true,"href":"https:\/\/www.intoscana.it\/it\/wp-json\/wp\/v2\/categories?post=283059"},{"taxonomy":"post_tag","embeddable":true,"href":"https:\/\/www.intoscana.it\/it\/wp-json\/wp\/v2\/tags?post=283059"}],"curies":[{"name":"wp","href":"https:\/\/api.w.org\/{rel}","templated":true}]}}