{"id":283375,"date":"2023-04-20T09:50:30","date_gmt":"2023-04-20T07:50:30","guid":{"rendered":"https:\/\/www.intoscana.it\/it\/?p=283375"},"modified":"2023-04-26T09:36:47","modified_gmt":"2023-04-26T07:36:47","slug":"italia-francia-marittimo-al-via-il-primo-bando-da-77-milioni-giani-importante-per-le-aree-costiere","status":"publish","type":"post","link":"https:\/\/www.intoscana.it\/it\/italia-francia-marittimo-al-via-il-primo-bando-da-77-milioni-giani-importante-per-le-aree-costiere\/","title":{"rendered":"Italia-Francia Marittimo, al via il primo bando da 77 milioni. Giani: &#8220;Importante per le aree costiere&#8221;"},"content":{"rendered":"<p>Un budget da <strong>77 milioni di euro<\/strong> per progetti si coesione economica e sociale delle aree costiere tra Italia e Francia, con il coinvolgimento in prima linea della <strong>Toscana<\/strong>. \u00c8 il progetto <strong>Italia-Francia Marattimo<\/strong> che ha pronto il primo avviso del ciclo 2021-27. &#8220;Un programma importante &#8211; ha detto il rpesidente della Regione <strong>Eugenio Giani<\/strong> nel corso della presentazione &#8211; perch\u00e9 riguarda le zone costiere delle regioni transfrontaliere di Italia e Francia bagnate dal Mediterraneo. Lo scopo \u00e8 sostenere la coesione economica e sociale di queste aree&#8221;.<\/p>\n<p>I progetti di cooperazione realizzati da soggetti pubblici e privati potranno <mark>essere presentati entro il 19 maggio e l\u2019avviso potr\u00e0 contare su un budget di oltre 77 milioni di euro per progetti sui territori che si affacciano sul mare di Toscana, Liguria, Sardegna, Corsica e Provenza Alpi Costa Azzurra.<\/mark> Nel complesso, ricorda Giani, &#8220;il programmariguarda quasi <strong>sette milioni e mezzo<\/strong> di cittadini europei\u201d.<\/p>\n<figure id=\"post-283384 media-283384\" class=\"align-none\"><img decoding=\"async\" src=\"https:\/\/www.intoscana.it\/wp-content\/uploads\/giani_villa_letizia_livorno.jpeg\" alt=\"\" \/><\/figure>\n<div class=\"titleimg\"><\/div>\n<p>L&#8217;evento di presentazione del primo dei quattro bandi si \u00e8 tenuto mercoled\u00ec 19 maggio nel salone di Villa Letizia a Livorno. \u201cIl programma Italia-Francia Marittimo riveste un ruolo importante per la coesione tra territori europei ed \u00e8 uno strumento di <strong>finanziamento<\/strong> chiave per una modernizzazione intelligente e sostenibile dei territori transfrontalieri &#8211; spiega il presidente &#8211;\u00a0 per realizzare <mark>migliori sistemi di mobilit\u00e0, per il potenziamento dell\u2019amministrazione pubblica, per la qualificazione dei lavoratori e del capitale umano nell\u2019area di cooperazione\u201d.<\/mark><\/p>\n<p>Il primo avviso del programma europeo Interreg 2021-27 Italia-Francia Marittimo \u00e8 stato illustrato, nel corso di una giornata di approfondimento coordinata dall\u2019assessore allo Sviluppo economico e ai Fondi europei del Comune di Livorno, <strong>Gianfranco Simoncini<\/strong>, attraverso <mark>la relazione del dirigente regionale Filippo Giabbani dell\u2019Autorit\u00e0 di gestione del programma, nonch\u00e9 dalle conclusioni del direttore della Competitivit\u00e0 territoriale della Toscana, Paolo Tedeschi, direttore dell\u2019Autorit\u00e0 di gestione della Regione.<\/mark><\/p>\n<h3><em>Il primo bando: i dettagli<\/em><\/h3>\n<p>Il primo avviso pu\u00f2 contare su un budget di poco pi\u00f9 di 77 milioni di euro, esattamente 77.320.531 euro, per favorire progetti da realizzarsi sui territori delle province costiere di <mark>Toscana, Liguria, Sardegna, Corsica e Provenza Alpi Costa Azzurra.<\/mark> \u00c8 rivolto a centri di ricerca, universit\u00e0, associazioni di categoria, sindacati, enti pubblici, piccole e medie imprese, aziende di trasporto, autorit\u00e0 portuali, servizi per l\u2019impiego ed enti di formazione.<\/p>\n<p>Gli interventi oggetto delle candidature potranno riguardare la <strong>digitalizzazione<\/strong> delle imprese, la prevenzione dei rischi derivanti dai cambiamenti climatici, l\u2019economia circolare, le biodiversit\u00e0, la preservazione del patrimonio naturale, artistico e culturale, la mobilit\u00e0 sostenibile ed i porti verdi, il lavoro e la formazione, la cultura e il turismo sostenibile, oltre alla governance transfrontaliera.<\/p>\n<p>Le proposte, che dovranno essere inviate entro il <mark>19 maggio attraverso la piattaforma Jems, saranno valutate in estate, tra i mesi di giugno ed agosto, in modo che i progetti possano essere operativi da settembre.<\/mark><\/p>\n<p>I progetti potranno articolarsi in due tipologie, semplici e strategici, i primi con finanziamenti compresi tra 750 mila e 2 milioni di euro, i secondi con una taglia progettuale variabile tra i 4 ed i 6 milioni di euro. Ogni progetto deve prevedere partenariati appartenenti ai due Stati membri, Italia e Francia, da un minimo di due a un massimo di sedici partner. La <strong>Regione Toscana<\/strong> potr\u00e0 svolgere sia il ruolo di capofila che di partner nell\u2019ambito degli svariati progetti.<\/p>\n<p>Il programma Italia-Francia Marittimo 2021-27, nel complesso, ha un dotazione complessiva di <strong>193 milioni di euro<\/strong> per progettualit\u00e0 pubblica e privata purch\u00e9 riguardi i territori costieri di Toscana, Liguria, Sardegna, Corsica e Provenza Alpi Costa Azzurra. <mark>La Regione Toscana svolge il ruolo di Autorit\u00e0 di gestione di un programma che, all\u2019atto pratico, \u00e8 cofinanziato da risorse europee e nazionali.<\/mark><\/p>\n","protected":false},"excerpt":{"rendered":"<p>Presentato il primo dei quattro avvisi del programma transfrontaliero per la coesione economica e sociale delle regioni di Italia e Francia bagnate dal Mediterraneo. Toscana capofila<\/p>\n","protected":false},"author":525,"featured_media":235045,"comment_status":"open","ping_status":"open","sticky":false,"template":"","format":"standard","meta":{"_acf_changed":false,"footnotes":""},"categories":[9],"tags":[4655,158],"class_list":["post-283375","post","type-post","status-publish","format-standard","has-post-thumbnail","hentry","category-made-in-toscana","tag-costa-toscana","tag-eugenio-giani"],"acf":[],"yoast_head":"<!-- This site is optimized with the Yoast SEO Premium plugin v24.2 (Yoast SEO v25.6) - https:\/\/yoast.com\/wordpress\/plugins\/seo\/ -->\n<title>Italia-Francia Marittimo, al via il primo bando da 77 milioni. Giani: &quot;Importante per le aree costiere&quot; - intoscana<\/title>\n<meta name=\"description\" content=\"Presentato il primo dei quattro avvisi del progetto transfrontaliero per la coesione economica e sociale delle regioni di Italia e Francia bagnate dal Mediterraneo. Toscana capofila\" \/>\n<meta name=\"robots\" content=\"index, follow, max-snippet:-1, max-image-preview:large, max-video-preview:-1\" \/>\n<link rel=\"canonical\" href=\"https:\/\/www.intoscana.it\/it\/italia-francia-marittimo-al-via-il-primo-bando-da-77-milioni-giani-importante-per-le-aree-costiere\/\" \/>\n<meta property=\"og:locale\" content=\"it_IT\" \/>\n<meta property=\"og:type\" content=\"article\" \/>\n<meta property=\"og:title\" content=\"Italia-Francia Marittimo, al via il primo bando da 77 milioni. Giani: &quot;Importante per le aree costiere&quot;\" \/>\n<meta property=\"og:description\" content=\"Presentato il primo dei quattro avvisi del progetto transfrontaliero per la coesione economica e sociale delle regioni di Italia e Francia bagnate dal Mediterraneo. Toscana capofila\" \/>\n<meta property=\"og:url\" content=\"https:\/\/www.intoscana.it\/it\/italia-francia-marittimo-al-via-il-primo-bando-da-77-milioni-giani-importante-per-le-aree-costiere\/\" \/>\n<meta property=\"og:site_name\" content=\"intoscana\" \/>\n<meta property=\"article:publisher\" content=\"https:\/\/www.facebook.com\/intoscana.it\" \/>\n<meta property=\"article:published_time\" content=\"2023-04-20T07:50:30+00:00\" \/>\n<meta property=\"article:modified_time\" content=\"2023-04-26T07:36:47+00:00\" \/>\n<meta property=\"og:image\" content=\"https:\/\/www.intoscana.it\/wp-content\/uploads\/shutterstock_560209900-scaled.jpg\" \/>\n\t<meta property=\"og:image:width\" content=\"2048\" \/>\n\t<meta property=\"og:image:height\" content=\"1270\" \/>\n\t<meta property=\"og:image:type\" content=\"image\/jpeg\" \/>\n<meta name=\"author\" content=\"Redazione\" \/>\n<meta name=\"twitter:card\" content=\"summary_large_image\" \/>\n<meta name=\"twitter:creator\" content=\"@intoscana\" \/>\n<meta name=\"twitter:site\" content=\"@intoscana\" \/>\n<meta name=\"twitter:label1\" content=\"Written by\" \/>\n\t<meta name=\"twitter:data1\" content=\"Redazione\" \/>\n\t<meta name=\"twitter:label2\" content=\"Est. reading time\" \/>\n\t<meta name=\"twitter:data2\" content=\"3 minuti\" \/>\n<script type=\"application\/ld+json\" class=\"yoast-schema-graph\">{\"@context\":\"https:\/\/schema.org\",\"@graph\":[{\"@type\":\"WebPage\",\"@id\":\"https:\/\/www.intoscana.it\/it\/italia-francia-marittimo-al-via-il-primo-bando-da-77-milioni-giani-importante-per-le-aree-costiere\/\",\"url\":\"https:\/\/www.intoscana.it\/it\/italia-francia-marittimo-al-via-il-primo-bando-da-77-milioni-giani-importante-per-le-aree-costiere\/\",\"name\":\"Italia-Francia Marittimo, al via il primo bando da 77 milioni. Giani: \\\"Importante per le aree costiere\\\" - intoscana\",\"isPartOf\":{\"@id\":\"https:\/\/www.intoscana.it\/it\/#website\"},\"primaryImageOfPage\":{\"@id\":\"https:\/\/www.intoscana.it\/it\/italia-francia-marittimo-al-via-il-primo-bando-da-77-milioni-giani-importante-per-le-aree-costiere\/#primaryimage\"},\"image\":{\"@id\":\"https:\/\/www.intoscana.it\/it\/italia-francia-marittimo-al-via-il-primo-bando-da-77-milioni-giani-importante-per-le-aree-costiere\/#primaryimage\"},\"thumbnailUrl\":\"https:\/\/www.intoscana.it\/wp-content\/uploads\/shutterstock_560209900-scaled.jpg\",\"datePublished\":\"2023-04-20T07:50:30+00:00\",\"dateModified\":\"2023-04-26T07:36:47+00:00\",\"author\":{\"@id\":\"https:\/\/www.intoscana.it\/it\/#\/schema\/person\/9223810753230f20bd670fdd322661f8\"},\"description\":\"Presentato il primo dei quattro avvisi del progetto transfrontaliero per la coesione economica e sociale delle regioni di Italia e Francia bagnate dal Mediterraneo. Toscana capofila\",\"breadcrumb\":{\"@id\":\"https:\/\/www.intoscana.it\/it\/italia-francia-marittimo-al-via-il-primo-bando-da-77-milioni-giani-importante-per-le-aree-costiere\/#breadcrumb\"},\"inLanguage\":\"it-IT\",\"potentialAction\":[{\"@type\":\"ReadAction\",\"target\":[\"https:\/\/www.intoscana.it\/it\/italia-francia-marittimo-al-via-il-primo-bando-da-77-milioni-giani-importante-per-le-aree-costiere\/\"]}]},{\"@type\":\"ImageObject\",\"inLanguage\":\"it-IT\",\"@id\":\"https:\/\/www.intoscana.it\/it\/italia-francia-marittimo-al-via-il-primo-bando-da-77-milioni-giani-importante-per-le-aree-costiere\/#primaryimage\",\"url\":\"https:\/\/www.intoscana.it\/wp-content\/uploads\/shutterstock_560209900-scaled.jpg\",\"contentUrl\":\"https:\/\/www.intoscana.it\/wp-content\/uploads\/shutterstock_560209900-scaled.jpg\",\"width\":2048,\"height\":1270},{\"@type\":\"BreadcrumbList\",\"@id\":\"https:\/\/www.intoscana.it\/it\/italia-francia-marittimo-al-via-il-primo-bando-da-77-milioni-giani-importante-per-le-aree-costiere\/#breadcrumb\",\"itemListElement\":[{\"@type\":\"ListItem\",\"position\":1,\"name\":\"Home\",\"item\":\"https:\/\/www.intoscana.it\/it\/\"},{\"@type\":\"ListItem\",\"position\":2,\"name\":\"Italia-Francia Marittimo, al via il primo bando da 77 milioni. Giani: &#8220;Importante per le aree costiere&#8221;\"}]},{\"@type\":\"WebSite\",\"@id\":\"https:\/\/www.intoscana.it\/it\/#website\",\"url\":\"https:\/\/www.intoscana.it\/it\/\",\"name\":\"intoscana\",\"description\":\"\",\"potentialAction\":[{\"@type\":\"SearchAction\",\"target\":{\"@type\":\"EntryPoint\",\"urlTemplate\":\"https:\/\/www.intoscana.it\/it\/?s={search_term_string}\"},\"query-input\":{\"@type\":\"PropertyValueSpecification\",\"valueRequired\":true,\"valueName\":\"search_term_string\"}}],\"inLanguage\":\"it-IT\"},{\"@type\":\"Person\",\"@id\":\"https:\/\/www.intoscana.it\/it\/#\/schema\/person\/9223810753230f20bd670fdd322661f8\",\"name\":\"Redazione\",\"url\":\"https:\/\/www.intoscana.it\/it\/author\/redazione\/\"}]}<\/script>\n<!-- \/ Yoast SEO Premium plugin. -->","yoast_head_json":{"title":"Italia-Francia Marittimo, al via il primo bando da 77 milioni. Giani: \"Importante per le aree costiere\" - intoscana","description":"Presentato il primo dei quattro avvisi del progetto transfrontaliero per la coesione economica e sociale delle regioni di Italia e Francia bagnate dal Mediterraneo. Toscana capofila","robots":{"index":"index","follow":"follow","max-snippet":"max-snippet:-1","max-image-preview":"max-image-preview:large","max-video-preview":"max-video-preview:-1"},"canonical":"https:\/\/www.intoscana.it\/it\/italia-francia-marittimo-al-via-il-primo-bando-da-77-milioni-giani-importante-per-le-aree-costiere\/","og_locale":"it_IT","og_type":"article","og_title":"Italia-Francia Marittimo, al via il primo bando da 77 milioni. Giani: \"Importante per le aree costiere\"","og_description":"Presentato il primo dei quattro avvisi del progetto transfrontaliero per la coesione economica e sociale delle regioni di Italia e Francia bagnate dal Mediterraneo. Toscana capofila","og_url":"https:\/\/www.intoscana.it\/it\/italia-francia-marittimo-al-via-il-primo-bando-da-77-milioni-giani-importante-per-le-aree-costiere\/","og_site_name":"intoscana","article_publisher":"https:\/\/www.facebook.com\/intoscana.it","article_published_time":"2023-04-20T07:50:30+00:00","article_modified_time":"2023-04-26T07:36:47+00:00","og_image":[{"width":2048,"height":1270,"url":"https:\/\/www.intoscana.it\/wp-content\/uploads\/shutterstock_560209900-scaled.jpg","type":"image\/jpeg"}],"author":"Redazione","twitter_card":"summary_large_image","twitter_creator":"@intoscana","twitter_site":"@intoscana","twitter_misc":{"Written by":"Redazione","Est. reading time":"3 minuti"},"schema":{"@context":"https:\/\/schema.org","@graph":[{"@type":"WebPage","@id":"https:\/\/www.intoscana.it\/it\/italia-francia-marittimo-al-via-il-primo-bando-da-77-milioni-giani-importante-per-le-aree-costiere\/","url":"https:\/\/www.intoscana.it\/it\/italia-francia-marittimo-al-via-il-primo-bando-da-77-milioni-giani-importante-per-le-aree-costiere\/","name":"Italia-Francia Marittimo, al via il primo bando da 77 milioni. Giani: \"Importante per le aree costiere\" - intoscana","isPartOf":{"@id":"https:\/\/www.intoscana.it\/it\/#website"},"primaryImageOfPage":{"@id":"https:\/\/www.intoscana.it\/it\/italia-francia-marittimo-al-via-il-primo-bando-da-77-milioni-giani-importante-per-le-aree-costiere\/#primaryimage"},"image":{"@id":"https:\/\/www.intoscana.it\/it\/italia-francia-marittimo-al-via-il-primo-bando-da-77-milioni-giani-importante-per-le-aree-costiere\/#primaryimage"},"thumbnailUrl":"https:\/\/www.intoscana.it\/wp-content\/uploads\/shutterstock_560209900-scaled.jpg","datePublished":"2023-04-20T07:50:30+00:00","dateModified":"2023-04-26T07:36:47+00:00","author":{"@id":"https:\/\/www.intoscana.it\/it\/#\/schema\/person\/9223810753230f20bd670fdd322661f8"},"description":"Presentato il primo dei quattro avvisi del progetto transfrontaliero per la coesione economica e sociale delle regioni di Italia e Francia bagnate dal Mediterraneo. Toscana capofila","breadcrumb":{"@id":"https:\/\/www.intoscana.it\/it\/italia-francia-marittimo-al-via-il-primo-bando-da-77-milioni-giani-importante-per-le-aree-costiere\/#breadcrumb"},"inLanguage":"it-IT","potentialAction":[{"@type":"ReadAction","target":["https:\/\/www.intoscana.it\/it\/italia-francia-marittimo-al-via-il-primo-bando-da-77-milioni-giani-importante-per-le-aree-costiere\/"]}]},{"@type":"ImageObject","inLanguage":"it-IT","@id":"https:\/\/www.intoscana.it\/it\/italia-francia-marittimo-al-via-il-primo-bando-da-77-milioni-giani-importante-per-le-aree-costiere\/#primaryimage","url":"https:\/\/www.intoscana.it\/wp-content\/uploads\/shutterstock_560209900-scaled.jpg","contentUrl":"https:\/\/www.intoscana.it\/wp-content\/uploads\/shutterstock_560209900-scaled.jpg","width":2048,"height":1270},{"@type":"BreadcrumbList","@id":"https:\/\/www.intoscana.it\/it\/italia-francia-marittimo-al-via-il-primo-bando-da-77-milioni-giani-importante-per-le-aree-costiere\/#breadcrumb","itemListElement":[{"@type":"ListItem","position":1,"name":"Home","item":"https:\/\/www.intoscana.it\/it\/"},{"@type":"ListItem","position":2,"name":"Italia-Francia Marittimo, al via il primo bando da 77 milioni. Giani: &#8220;Importante per le aree costiere&#8221;"}]},{"@type":"WebSite","@id":"https:\/\/www.intoscana.it\/it\/#website","url":"https:\/\/www.intoscana.it\/it\/","name":"intoscana","description":"","potentialAction":[{"@type":"SearchAction","target":{"@type":"EntryPoint","urlTemplate":"https:\/\/www.intoscana.it\/it\/?s={search_term_string}"},"query-input":{"@type":"PropertyValueSpecification","valueRequired":true,"valueName":"search_term_string"}}],"inLanguage":"it-IT"},{"@type":"Person","@id":"https:\/\/www.intoscana.it\/it\/#\/schema\/person\/9223810753230f20bd670fdd322661f8","name":"Redazione","url":"https:\/\/www.intoscana.it\/it\/author\/redazione\/"}]}},"_links":{"self":[{"href":"https:\/\/www.intoscana.it\/it\/wp-json\/wp\/v2\/posts\/283375","targetHints":{"allow":["GET"]}}],"collection":[{"href":"https:\/\/www.intoscana.it\/it\/wp-json\/wp\/v2\/posts"}],"about":[{"href":"https:\/\/www.intoscana.it\/it\/wp-json\/wp\/v2\/types\/post"}],"author":[{"embeddable":true,"href":"https:\/\/www.intoscana.it\/it\/wp-json\/wp\/v2\/users\/525"}],"replies":[{"embeddable":true,"href":"https:\/\/www.intoscana.it\/it\/wp-json\/wp\/v2\/comments?post=283375"}],"version-history":[{"count":0,"href":"https:\/\/www.intoscana.it\/it\/wp-json\/wp\/v2\/posts\/283375\/revisions"}],"wp:featuredmedia":[{"embeddable":true,"href":"https:\/\/www.intoscana.it\/it\/wp-json\/wp\/v2\/media\/235045"}],"wp:attachment":[{"href":"https:\/\/www.intoscana.it\/it\/wp-json\/wp\/v2\/media?parent=283375"}],"wp:term":[{"taxonomy":"category","embeddable":true,"href":"https:\/\/www.intoscana.it\/it\/wp-json\/wp\/v2\/categories?post=283375"},{"taxonomy":"post_tag","embeddable":true,"href":"https:\/\/www.intoscana.it\/it\/wp-json\/wp\/v2\/tags?post=283375"}],"curies":[{"name":"wp","href":"https:\/\/api.w.org\/{rel}","templated":true}]}}