{"id":283432,"date":"2023-04-20T12:06:25","date_gmt":"2023-04-20T10:06:25","guid":{"rendered":"https:\/\/www.intoscana.it\/it\/?p=283432"},"modified":"2023-04-20T12:06:25","modified_gmt":"2023-04-20T10:06:25","slug":"la-citta-dei-lettori-100-ospiti-per-18-tappe-premio-alla-scrittrice-alba-donati","status":"publish","type":"post","link":"https:\/\/www.intoscana.it\/it\/la-citta-dei-lettori-100-ospiti-per-18-tappe-premio-alla-scrittrice-alba-donati\/","title":{"rendered":"La citt\u00e0 dei lettori, 100 ospiti per 18 tappe. Premio alla scrittrice Alba Donati"},"content":{"rendered":"<p>Cento ospiti, fino a 18 comuni coinvolti e una carrellata di eventi, presentazioni e incontri con i protagonisti della letteratura contemporanea, da maggio a ottobre. Sono i numeri de <strong>La citt\u00e0 dei lettori<\/strong>, il festival di Fondazione CR Firenze e Associazione Wimbledon APS dedicato al libro che da sei anni porta in <strong>Toscana<\/strong> autori, traduttori e curatori di primo piano con l\u2019obiettivo di promuovere la passione per la lettura.<\/p>\n<p>Il motto \u00e8 <mark>\u201cLeggere cambia tutto\u201d e per l&#8217;edizione 2023 si preannunciano novit\u00e0.<\/mark> Prima di tutto, sei nuove tappe nei piccoli e grandi centri, aderendo al Patto regionale per la lettura promosso dalla <strong>Regione Toscana<\/strong>, e poi, dal 4 al 6 maggio, a Firenze ci sar\u00e0 la prima edizione de <a href=\"https:\/\/www.intoscana.it\/it\/articolo\/la-citta-dei-giovani-lettori-dal-4-al-6-maggio-firenze-e-la-capitale-dei-libri-per-ragazzi\/\" target=\"_blank\" rel=\"noopener\">La citt\u00e0 dei giovani lettori<\/a>, manifestazione tutta dedicata al libro per bambini e ragazzi che porter\u00e0 a Villa Bardini illustratori, editori, scrittori e divulgatori tra i pi\u00f9 interessanti del panorama italiano e internazionale.<\/p>\n<figure id=\"post-283439 media-283439\" class=\"align-none\"><img decoding=\"async\" src=\"https:\/\/www.intoscana.it\/wp-content\/uploads\/La-citta\u0300-dei-lettori_Firenze-2022_ph-Cristina-Andolcetti.jpg\" alt=\"\" \/><\/figure>\n<div class=\"titleimg\">La citta\u0300 dei lettori_Firenze 2022_ph Cristina Andolcetti<\/div>\n<p>\u201cPortare il piacere della lettura in tutto il territorio toscano: questa \u00e8 stata fin dal primo momento la volont\u00e0 de La citt\u00e0 dei lettori &#8211; spiega <strong>Gabriele Ametrano<\/strong>, direttore del progetto e presidente dell\u2019Associazione Wimbledon APS &#8211; Una manifestazione cresciuta grazie alla grande accoglienza dei lettori che ci seguono in tutte le tappe, alla fiducia delle istituzioni che ci accolgono sui loro territori, al sostegno dei partner e alla preziosa collaborazione di Fondazione CR Firenze, con cui abbiamo progettato questo iter culturale. <mark>Leggere cambia tutto: lo abbiamo sempre sostenuto e lo ribadiamo oggi, con il nuovo percorso de La citt\u00e0 dei lettori&#8221;.<\/mark><\/p>\n<figure id=\"post-283440 media-283440\" class=\"align-none\"><img decoding=\"async\" src=\"https:\/\/www.intoscana.it\/wp-content\/uploads\/Gabriele-Ametrano_ph-Cristina-Andolcetti-0657-scaled.jpg\" alt=\"\" \/><\/figure>\n<div class=\"titleimg\">Gabriele Ametrano_ph Cristina Andolcetti<\/div>\n<h3><em>Il programma<\/em><\/h3>\n<p>Il calendario si aprir\u00e0 con l\u2019arrivo del festival per la prima volta a <strong>Prato<\/strong>, dal 25 al 27 maggio, per continuare poi con la sesta edizione della <strong>kermesse fiorentina<\/strong>, dal 7 all\u201911 giugno. Ancora prime edizioni a<strong> Poggibonsi<\/strong> (Siena) dal 15 al 16 giugno, e a <strong>San Miniato<\/strong> (Pisa) dal 17 al 18 giugno, mentre per il terzo anno consecutivo si confermano<strong> Grosseto<\/strong>, dal 21 al 22 giugno, e <strong>Arezzo<\/strong>, dal 24 al 25 giugno. <strong>Montaione<\/strong> (Firenze) diventer\u00e0 citt\u00e0 dei lettori per la prima volta dal 30 giugno al 2 luglio, mentre in continuit\u00e0 con i due anni passati torna l\u2019appuntamento a Villamagna \u2013 <strong>Volterra<\/strong>\u00a0il 2 luglio e a <strong>Montelupo Fiorentino<\/strong>\u00a0dal 6 al 7 luglio.<\/p>\n<p>Ancora: seconda edizione per <strong>Monteriggioni<\/strong> (Siena) dal 21 al 22 luglio, prima per <strong>Vicchio<\/strong> (Firenze) dal 1 al 3 settembre, terza per <strong>Calenzano<\/strong> (Firenze) dal 7 al 9 settembre e per <strong>Campi Bisenzio<\/strong> (Firenze) dal 13 al 14 settembre. Un\u2019ulteriore prima edizione a <strong>Piombino<\/strong>\u00a0dal 15 al 16 settembre, e poi ancora conferme: per il terzo anno consecutivo a <strong>Bagno a Ripoli<\/strong> (Firenze), dal 22 al 24 settembre, e per il secondo a <strong>Lucca<\/strong>, dal 30 settembre al 1 ottobre. Poi secondo a<strong> Impruneta<\/strong> dal 27 al 28 ottobre e primo a <strong>Cavriglia<\/strong> (Arezzo) in date da destinarsi.<\/p>\n<h3><em>Il premio ad Alba Donati<\/em><\/h3>\n<p>Prima di dare il via agli incontri verr\u00e0 consegnato il <strong>Premio La citt\u00e0 dei lettori<\/strong>: riconoscimento alla prima edizione sostenuto da Unicoop Firenze nato durante l\u2019edizione 2022 del festival che quest\u2019anno va ad <strong>Alba Donati<\/strong>, con il romanzo \u201cLa libreria sulla collina\u201d (Einaudi). <mark>L\u2019autrice \u00e8 stata selezionata, sia per meriti letterari che per empatia con il pubblico, da una giuria popolare composta dagli oltre 700 iscritti ai 27 circoli di lettura Unicoop Firenze<\/mark>: nella rosa dei finalisti anche Sacha Naspini, Luca Ricci, Alessia Gazzola, Simone Innocenti ed Elena Stancanelli.<\/p>\n<p>Il premio, consegnato proprio presso la libreria che d\u00e0 il titolo al libro, la \u201cLibreria sopra la penna\u201d a Lucignana (Lucca), oltre all\u2019invito alla prossima edizione de La citt\u00e0 dei lettori, prevede un premio in denaro e un soggiorno presso Le Lappe Relais, in localit\u00e0 Rimontoli (Arezzo), nel cuore del Chianti.<\/p>\n<figure id=\"post-283438 media-283438\" class=\"align-none\"><img decoding=\"async\" src=\"https:\/\/www.intoscana.it\/wp-content\/uploads\/La-consegna-del-premio-a-Alba-Donati.jpeg\" alt=\"\" \/><\/figure>\n<div class=\"titleimg\">La consegna del premio a Alba Donati<\/div>\n<p>Quest\u2019anno il progetto La citt\u00e0 dei lettori \u00e8 patrocinato dal Ministero della Cultura, dalla Polizia di Stato (nelle date fiorentine del progetto), dalla Regione Toscana, dalla Citt\u00e0 Metropolitana di Firenze e dai comuni toscani che partecipano al progetto.<\/p>\n","protected":false},"excerpt":{"rendered":"<p>Riparte il festival di Fondazione CR Firenze e Associazione Wimbledon dedicato al libro che da sei anni porta in Toscana autori di primo piano con l\u2019obiettivo di promuovere la lettura<\/p>\n","protected":false},"author":525,"featured_media":283435,"comment_status":"open","ping_status":"open","sticky":false,"template":"","format":"standard","meta":{"_acf_changed":false,"footnotes":""},"categories":[493],"tags":[3652],"class_list":["post-283432","post","type-post","status-publish","format-standard","has-post-thumbnail","hentry","category-cultura","tag-la-citta-dei-lettori"],"acf":[],"yoast_head":"<!-- This site is optimized with the Yoast SEO Premium plugin v24.2 (Yoast SEO v25.6) - https:\/\/yoast.com\/wordpress\/plugins\/seo\/ -->\n<title>La citt\u00e0 dei lettori, 100 ospiti per 18 tappe. Premio alla scrittrice Alba Donati - intoscana<\/title>\n<meta name=\"description\" content=\"Riparte il festival di Fondazione CR Firenze e Associazione Wimbledon dedicato al libro che da sei anni porta in Toscana autori di primo piano con l\u2019obiettivo di promuovere la lettura\" \/>\n<meta name=\"robots\" content=\"index, follow, max-snippet:-1, max-image-preview:large, max-video-preview:-1\" \/>\n<link rel=\"canonical\" href=\"https:\/\/www.intoscana.it\/it\/la-citta-dei-lettori-100-ospiti-per-18-tappe-premio-alla-scrittrice-alba-donati\/\" \/>\n<meta property=\"og:locale\" content=\"it_IT\" \/>\n<meta property=\"og:type\" content=\"article\" \/>\n<meta property=\"og:title\" content=\"La citt\u00e0 dei lettori, 100 ospiti per 18 tappe. Premio alla scrittrice Alba Donati\" \/>\n<meta property=\"og:description\" content=\"Riparte il festival di Fondazione CR Firenze e Associazione Wimbledon dedicato al libro che da sei anni porta in Toscana autori di primo piano con l\u2019obiettivo di promuovere la lettura\" \/>\n<meta property=\"og:url\" content=\"https:\/\/www.intoscana.it\/it\/la-citta-dei-lettori-100-ospiti-per-18-tappe-premio-alla-scrittrice-alba-donati\/\" \/>\n<meta property=\"og:site_name\" content=\"intoscana\" \/>\n<meta property=\"article:publisher\" content=\"https:\/\/www.facebook.com\/intoscana.it\" \/>\n<meta property=\"article:published_time\" content=\"2023-04-20T10:06:25+00:00\" \/>\n<meta property=\"og:image\" content=\"https:\/\/www.intoscana.it\/wp-content\/uploads\/La-citta\u0300-dei-lettori_Firenze-2022_ph-Cristina-Andolcetti-2.jpg\" \/>\n\t<meta property=\"og:image:width\" content=\"1194\" \/>\n\t<meta property=\"og:image:height\" content=\"798\" \/>\n\t<meta property=\"og:image:type\" content=\"image\/jpeg\" \/>\n<meta name=\"author\" content=\"Redazione\" \/>\n<meta name=\"twitter:card\" content=\"summary_large_image\" \/>\n<meta name=\"twitter:creator\" content=\"@intoscana\" \/>\n<meta name=\"twitter:site\" content=\"@intoscana\" \/>\n<meta name=\"twitter:label1\" content=\"Written by\" \/>\n\t<meta name=\"twitter:data1\" content=\"Redazione\" \/>\n\t<meta name=\"twitter:label2\" content=\"Est. reading time\" \/>\n\t<meta name=\"twitter:data2\" content=\"3 minuti\" \/>\n<script type=\"application\/ld+json\" class=\"yoast-schema-graph\">{\"@context\":\"https:\/\/schema.org\",\"@graph\":[{\"@type\":\"WebPage\",\"@id\":\"https:\/\/www.intoscana.it\/it\/la-citta-dei-lettori-100-ospiti-per-18-tappe-premio-alla-scrittrice-alba-donati\/\",\"url\":\"https:\/\/www.intoscana.it\/it\/la-citta-dei-lettori-100-ospiti-per-18-tappe-premio-alla-scrittrice-alba-donati\/\",\"name\":\"La citt\u00e0 dei lettori, 100 ospiti per 18 tappe. Premio alla scrittrice Alba Donati - intoscana\",\"isPartOf\":{\"@id\":\"https:\/\/www.intoscana.it\/it\/#website\"},\"primaryImageOfPage\":{\"@id\":\"https:\/\/www.intoscana.it\/it\/la-citta-dei-lettori-100-ospiti-per-18-tappe-premio-alla-scrittrice-alba-donati\/#primaryimage\"},\"image\":{\"@id\":\"https:\/\/www.intoscana.it\/it\/la-citta-dei-lettori-100-ospiti-per-18-tappe-premio-alla-scrittrice-alba-donati\/#primaryimage\"},\"thumbnailUrl\":\"https:\/\/www.intoscana.it\/wp-content\/uploads\/La-citta\u0300-dei-lettori_Firenze-2022_ph-Cristina-Andolcetti-2.jpg\",\"datePublished\":\"2023-04-20T10:06:25+00:00\",\"author\":{\"@id\":\"https:\/\/www.intoscana.it\/it\/#\/schema\/person\/9223810753230f20bd670fdd322661f8\"},\"description\":\"Riparte il festival di Fondazione CR Firenze e Associazione Wimbledon dedicato al libro che da sei anni porta in Toscana autori di primo piano con l\u2019obiettivo di promuovere la lettura\",\"breadcrumb\":{\"@id\":\"https:\/\/www.intoscana.it\/it\/la-citta-dei-lettori-100-ospiti-per-18-tappe-premio-alla-scrittrice-alba-donati\/#breadcrumb\"},\"inLanguage\":\"it-IT\",\"potentialAction\":[{\"@type\":\"ReadAction\",\"target\":[\"https:\/\/www.intoscana.it\/it\/la-citta-dei-lettori-100-ospiti-per-18-tappe-premio-alla-scrittrice-alba-donati\/\"]}]},{\"@type\":\"ImageObject\",\"inLanguage\":\"it-IT\",\"@id\":\"https:\/\/www.intoscana.it\/it\/la-citta-dei-lettori-100-ospiti-per-18-tappe-premio-alla-scrittrice-alba-donati\/#primaryimage\",\"url\":\"https:\/\/www.intoscana.it\/wp-content\/uploads\/La-citta\u0300-dei-lettori_Firenze-2022_ph-Cristina-Andolcetti-2.jpg\",\"contentUrl\":\"https:\/\/www.intoscana.it\/wp-content\/uploads\/La-citta\u0300-dei-lettori_Firenze-2022_ph-Cristina-Andolcetti-2.jpg\",\"width\":1194,\"height\":798},{\"@type\":\"BreadcrumbList\",\"@id\":\"https:\/\/www.intoscana.it\/it\/la-citta-dei-lettori-100-ospiti-per-18-tappe-premio-alla-scrittrice-alba-donati\/#breadcrumb\",\"itemListElement\":[{\"@type\":\"ListItem\",\"position\":1,\"name\":\"Home\",\"item\":\"https:\/\/www.intoscana.it\/it\/\"},{\"@type\":\"ListItem\",\"position\":2,\"name\":\"La citt\u00e0 dei lettori, 100 ospiti per 18 tappe. Premio alla scrittrice Alba Donati\"}]},{\"@type\":\"WebSite\",\"@id\":\"https:\/\/www.intoscana.it\/it\/#website\",\"url\":\"https:\/\/www.intoscana.it\/it\/\",\"name\":\"intoscana\",\"description\":\"\",\"potentialAction\":[{\"@type\":\"SearchAction\",\"target\":{\"@type\":\"EntryPoint\",\"urlTemplate\":\"https:\/\/www.intoscana.it\/it\/?s={search_term_string}\"},\"query-input\":{\"@type\":\"PropertyValueSpecification\",\"valueRequired\":true,\"valueName\":\"search_term_string\"}}],\"inLanguage\":\"it-IT\"},{\"@type\":\"Person\",\"@id\":\"https:\/\/www.intoscana.it\/it\/#\/schema\/person\/9223810753230f20bd670fdd322661f8\",\"name\":\"Redazione\",\"url\":\"https:\/\/www.intoscana.it\/it\/author\/redazione\/\"}]}<\/script>\n<!-- \/ Yoast SEO Premium plugin. -->","yoast_head_json":{"title":"La citt\u00e0 dei lettori, 100 ospiti per 18 tappe. Premio alla scrittrice Alba Donati - intoscana","description":"Riparte il festival di Fondazione CR Firenze e Associazione Wimbledon dedicato al libro che da sei anni porta in Toscana autori di primo piano con l\u2019obiettivo di promuovere la lettura","robots":{"index":"index","follow":"follow","max-snippet":"max-snippet:-1","max-image-preview":"max-image-preview:large","max-video-preview":"max-video-preview:-1"},"canonical":"https:\/\/www.intoscana.it\/it\/la-citta-dei-lettori-100-ospiti-per-18-tappe-premio-alla-scrittrice-alba-donati\/","og_locale":"it_IT","og_type":"article","og_title":"La citt\u00e0 dei lettori, 100 ospiti per 18 tappe. Premio alla scrittrice Alba Donati","og_description":"Riparte il festival di Fondazione CR Firenze e Associazione Wimbledon dedicato al libro che da sei anni porta in Toscana autori di primo piano con l\u2019obiettivo di promuovere la lettura","og_url":"https:\/\/www.intoscana.it\/it\/la-citta-dei-lettori-100-ospiti-per-18-tappe-premio-alla-scrittrice-alba-donati\/","og_site_name":"intoscana","article_publisher":"https:\/\/www.facebook.com\/intoscana.it","article_published_time":"2023-04-20T10:06:25+00:00","og_image":[{"width":1194,"height":798,"url":"https:\/\/www.intoscana.it\/wp-content\/uploads\/La-citta\u0300-dei-lettori_Firenze-2022_ph-Cristina-Andolcetti-2.jpg","type":"image\/jpeg"}],"author":"Redazione","twitter_card":"summary_large_image","twitter_creator":"@intoscana","twitter_site":"@intoscana","twitter_misc":{"Written by":"Redazione","Est. reading time":"3 minuti"},"schema":{"@context":"https:\/\/schema.org","@graph":[{"@type":"WebPage","@id":"https:\/\/www.intoscana.it\/it\/la-citta-dei-lettori-100-ospiti-per-18-tappe-premio-alla-scrittrice-alba-donati\/","url":"https:\/\/www.intoscana.it\/it\/la-citta-dei-lettori-100-ospiti-per-18-tappe-premio-alla-scrittrice-alba-donati\/","name":"La citt\u00e0 dei lettori, 100 ospiti per 18 tappe. Premio alla scrittrice Alba Donati - intoscana","isPartOf":{"@id":"https:\/\/www.intoscana.it\/it\/#website"},"primaryImageOfPage":{"@id":"https:\/\/www.intoscana.it\/it\/la-citta-dei-lettori-100-ospiti-per-18-tappe-premio-alla-scrittrice-alba-donati\/#primaryimage"},"image":{"@id":"https:\/\/www.intoscana.it\/it\/la-citta-dei-lettori-100-ospiti-per-18-tappe-premio-alla-scrittrice-alba-donati\/#primaryimage"},"thumbnailUrl":"https:\/\/www.intoscana.it\/wp-content\/uploads\/La-citta\u0300-dei-lettori_Firenze-2022_ph-Cristina-Andolcetti-2.jpg","datePublished":"2023-04-20T10:06:25+00:00","author":{"@id":"https:\/\/www.intoscana.it\/it\/#\/schema\/person\/9223810753230f20bd670fdd322661f8"},"description":"Riparte il festival di Fondazione CR Firenze e Associazione Wimbledon dedicato al libro che da sei anni porta in Toscana autori di primo piano con l\u2019obiettivo di promuovere la lettura","breadcrumb":{"@id":"https:\/\/www.intoscana.it\/it\/la-citta-dei-lettori-100-ospiti-per-18-tappe-premio-alla-scrittrice-alba-donati\/#breadcrumb"},"inLanguage":"it-IT","potentialAction":[{"@type":"ReadAction","target":["https:\/\/www.intoscana.it\/it\/la-citta-dei-lettori-100-ospiti-per-18-tappe-premio-alla-scrittrice-alba-donati\/"]}]},{"@type":"ImageObject","inLanguage":"it-IT","@id":"https:\/\/www.intoscana.it\/it\/la-citta-dei-lettori-100-ospiti-per-18-tappe-premio-alla-scrittrice-alba-donati\/#primaryimage","url":"https:\/\/www.intoscana.it\/wp-content\/uploads\/La-citta\u0300-dei-lettori_Firenze-2022_ph-Cristina-Andolcetti-2.jpg","contentUrl":"https:\/\/www.intoscana.it\/wp-content\/uploads\/La-citta\u0300-dei-lettori_Firenze-2022_ph-Cristina-Andolcetti-2.jpg","width":1194,"height":798},{"@type":"BreadcrumbList","@id":"https:\/\/www.intoscana.it\/it\/la-citta-dei-lettori-100-ospiti-per-18-tappe-premio-alla-scrittrice-alba-donati\/#breadcrumb","itemListElement":[{"@type":"ListItem","position":1,"name":"Home","item":"https:\/\/www.intoscana.it\/it\/"},{"@type":"ListItem","position":2,"name":"La citt\u00e0 dei lettori, 100 ospiti per 18 tappe. Premio alla scrittrice Alba Donati"}]},{"@type":"WebSite","@id":"https:\/\/www.intoscana.it\/it\/#website","url":"https:\/\/www.intoscana.it\/it\/","name":"intoscana","description":"","potentialAction":[{"@type":"SearchAction","target":{"@type":"EntryPoint","urlTemplate":"https:\/\/www.intoscana.it\/it\/?s={search_term_string}"},"query-input":{"@type":"PropertyValueSpecification","valueRequired":true,"valueName":"search_term_string"}}],"inLanguage":"it-IT"},{"@type":"Person","@id":"https:\/\/www.intoscana.it\/it\/#\/schema\/person\/9223810753230f20bd670fdd322661f8","name":"Redazione","url":"https:\/\/www.intoscana.it\/it\/author\/redazione\/"}]}},"_links":{"self":[{"href":"https:\/\/www.intoscana.it\/it\/wp-json\/wp\/v2\/posts\/283432","targetHints":{"allow":["GET"]}}],"collection":[{"href":"https:\/\/www.intoscana.it\/it\/wp-json\/wp\/v2\/posts"}],"about":[{"href":"https:\/\/www.intoscana.it\/it\/wp-json\/wp\/v2\/types\/post"}],"author":[{"embeddable":true,"href":"https:\/\/www.intoscana.it\/it\/wp-json\/wp\/v2\/users\/525"}],"replies":[{"embeddable":true,"href":"https:\/\/www.intoscana.it\/it\/wp-json\/wp\/v2\/comments?post=283432"}],"version-history":[{"count":0,"href":"https:\/\/www.intoscana.it\/it\/wp-json\/wp\/v2\/posts\/283432\/revisions"}],"wp:featuredmedia":[{"embeddable":true,"href":"https:\/\/www.intoscana.it\/it\/wp-json\/wp\/v2\/media\/283435"}],"wp:attachment":[{"href":"https:\/\/www.intoscana.it\/it\/wp-json\/wp\/v2\/media?parent=283432"}],"wp:term":[{"taxonomy":"category","embeddable":true,"href":"https:\/\/www.intoscana.it\/it\/wp-json\/wp\/v2\/categories?post=283432"},{"taxonomy":"post_tag","embeddable":true,"href":"https:\/\/www.intoscana.it\/it\/wp-json\/wp\/v2\/tags?post=283432"}],"curies":[{"name":"wp","href":"https:\/\/api.w.org\/{rel}","templated":true}]}}