{"id":283454,"date":"2023-05-09T09:50:20","date_gmt":"2023-05-09T07:50:20","guid":{"rendered":"https:\/\/www.intoscana.it\/it\/?p=283454"},"modified":"2023-05-09T10:48:34","modified_gmt":"2023-05-09T08:48:34","slug":"la-casa-del-calcio-diventa-piu-grande-via-libera-al-progetto-di-ristrutturazione-di-coverciano","status":"publish","type":"post","link":"https:\/\/www.intoscana.it\/it\/la-casa-del-calcio-diventa-piu-grande-via-libera-al-progetto-di-ristrutturazione-di-coverciano\/","title":{"rendered":"Cresce la &#8220;Casa del calcio&#8221;: via libera alla ristrutturazione di Coverciano"},"content":{"rendered":"<p>Il consiglio del Comune di <strong>Firenze<\/strong> ha dato il via libera alla ristrutturazione del <strong>Centro Tecnico Federale di Coverciano<\/strong>. Quindici i milioni di investimento per la storica struttura che dalla fine degli anni \u201950 \u00e8 riconosciuta come la <mark>\u201cCasa delle Nazionali italiane di calcio\u201d.<\/p>\n<p>\u00c8 qui infatti che si preparano tutti gli eventi internazionali, ma non solo: con il tempo \u00e8 diventata una vera e propria \u201cUniversit\u00e0 del calcio italiano\u201d,<\/mark> sede dei principali corsi per i ruoli tecnici e per i raduni arbitrali.<\/p>\n<h3>Un ambizioso progetto di recupero<\/h3>\n<p>Il progetto \u00e8 ambizioso, punta a rendere la struttura inaugurata nel 1958 un centro innovativo, sostenibile anche da un punto energetico e integrato con il paesaggio circostante. \u00c8 stato redatto sulla base delle indicazioni <strong>Uefa<\/strong> e presentato da Federcalcio Servizi Srl, la societ\u00e0 di gestione del patrimonio immobiliare della <strong>Figc<\/strong>-Federazione italiana giuoco calcio.<\/p>\n<p>Un intervento necessario per adeguare le funzioni all&#8217;evoluzione delle <strong>pratiche di allenamento<\/strong> delle squadre di calcio, sia sul campo che in palestra, cos\u00ec come delle attivit\u00e0 legate alla <strong>prevenzione<\/strong> e alla <strong>riabilitazione<\/strong>, all\u2019organizzazione logistica e alle necessit\u00e0 dei media al seguito della Nazionale.<\/p>\n<figure id=\"post-283459 media-283459\" class=\"align-none\"><img decoding=\"async\" src=\"https:\/\/www.intoscana.it\/wp-content\/uploads\/Coverciano-progetto.jpeg\" alt=\"\" \/><\/figure>\n<p>Per l&#8217;approvazione definitiva bisogner\u00e0 attendere il via libera del consiglio comunale.<\/p>\n<h3><em>Ampliamento della struttura e recupero edilizio<\/em><\/h3>\n<p>L&#8217;intervento determiner\u00e0 un <strong>ampliamento<\/strong> totale di 7.530 m2, dei quali 2.800 relativi al parcheggio. Sono previste nuove costruzioni e il recupero edilizio di altre. <mark>Una delle componenti strategiche del piano \u00e8 l\u2019autosufficienza energetica, grazie ad un impianto fotovoltaico di elevata produttivit\u00e0: una superficie totale di 3.180 metri quadrati per produzione a regime di circa 900.000 KWh annui.<\/mark><\/p>\n<p>Verr\u00e0 realizzato il <strong>cablaggio<\/strong> di principali campi da gioco, per favorire una produzione tv permanente per la ripresa delle gare e degli allenamenti e saranno rese funzionali e accoglienti le tribune del campo 1 e 2, cos\u00ec da facilitare la presenza del pubblico. Poi sono previste nuove alberature e illuminazioni.<\/p>\n<h3>A Coverciano la storia del calcio<\/h3>\n<p>\u201cCon questo intervento complesso vogliamo preservare il patrimonio storico del Centro Tecnico proiettandolo nel futuro \u2013 ha sottolineato il Presidente della Figc <strong>Gabriele Gravina<\/strong> \u2013 attraverso un piano di investimenti cospicui, Coverciano diventer\u00e0 una struttura completamente interconnessa, moderna e in linea con i principali standard di efficientamento e di sostenibilit\u00e0 integrale. <mark>Valorizzeremo un asset fondamentale per le Nazionali Azzurre e per tutto il calcio italiano, un modello di formazione e di innovazione per farlo ridiventare un punto di riferimento nel mondo come nel giorno della sua inaugurazione\u201d.<\/mark><\/p>\n<figure id=\"post-272268 media-272268\" class=\"align-none\"><img decoding=\"async\" src=\"https:\/\/www.intoscana.it\/wp-content\/uploads\/centro-tecnico-federale-coverciano-il-20-febbraio-lassegnazione-della-panchina-doro-2023-scaled.jpeg\" alt=\"\" \/><\/figure>\n<div class=\"titleimg\">centro tecnico federale coverciano il 20 febbraio l\u2019assegnazione della panchina d\u2019oro 2023 &#8211; \u00a9 FIGC<\/div>\n<p>&#8220;La storia del calcio si \u00e8 allenata su questi campi. I nomi stanno nell&#8217;enciclopedia dei nostri ricordi. Trapattoni, Maldini, Fabbri. Poi Rivera, Riva, Antognoni, Baggio&#8221;, ha ricordato il sindaco di Firenze <strong>Dario Nardella<\/strong>.\u00a0 &#8220;Il Centro tecnico federale \u00e8 un valore aggiunto per Firenze \u2013 ha aggiunto &#8211; grazie a questo intervento, caratterizzato da innovazione, integrazione paesaggistica, sostenibilit\u00e0 ed efficientamento energetico, Coverciano continuer\u00e0 ad essere un&#8217;eccellenza, un riferimento per tutto il mondo&#8221;.<\/p>\n<p>L&#8217;operazione, ha detto il sindaco, &#8220;lega definitivamente Coverciano a Firenze, ricordo ancora le notizie a fine 2015 che paventavano la chiusura di Coverciano e lo spostamento a Roma. Ora mi pare si dica la parola fine&#8221; a quelle voci &#8220;e si segni un risultato storico&#8221;.<\/p>\n<h3><em>Il progetto punto per punto<\/em><\/h3>\n<p>Il piano prevede la ristrutturazione della <strong>palestra<\/strong> grande e delle aree limitrofe. L\u2019edificio &#8211;\u00a0 classificato &#8220;di interesse documentale del moderno&#8221; &#8211;\u00a0 sar\u00e0 oggetto di un accurato intervento di restauro e di un contestuale miglioramento delle prestazioni energetiche. Diventer\u00e0 il cardine delle operazioni sportive nel Centro: <mark>al suo interno nasceranno una seri di spazi per le squadre, per le attivit\u00e0 media e per il lavoro quotidiano degli staff tecnici e dirigenziali su pi\u00f9 livelli.<\/mark><\/p>\n<figure id=\"post-283460 media-283460\" class=\"align-none\"><img decoding=\"async\" src=\"https:\/\/www.intoscana.it\/wp-content\/uploads\/Progetto-ampliamento-Coverciano.jpeg\" alt=\"\" \/><\/figure>\n<div class=\"titleimg\">Progetto ampliamento Coverciano<\/div>\n<p>Sul retro dell&#8217;edificio, area oggi occupata da campi da tennis e una piscina, entrambi in disuso, \u00e8 prevista la realizzazione di un nuovo edificio che avr\u00e0 la funzione di ospitare la palestra e l\u2019area per l\u2019idroterapia. Sar\u00e0 caratterizzato da una copertura cos\u00ec da creare un &#8220;ponte verde&#8221;.<\/p>\n<p>Nel campo 1 \u201cFabio Bresci\u201d \u00e8 prevista la copertura della <strong>tribuna<\/strong>, mentre nel campo 2 \u201cEnzo Bearzot\u201d, utilizzato per le gare delle <strong>Nazionali Giovanili,<\/strong> \u00e8 previsto il recupero del volume sottostante le gradonate della tribuna da utilizzare come deposito attrezzi da gioco e materiale d&#8217;uso per gli allenamenti.<\/p>\n<p>Le strutture che ospitano spogliatoi principali e palestra, lateralmente al campo 3 \u201cVittorio Pozzo\u201d subiranno una manutenzione straordinaria e un adeguamento funzionale. <mark>Verr\u00e0 realizzato un nuovo edificio di servizio (spazio polivalente) alla palestra di 230 metri quadrati dal quale si prevede un nuovo ingresso che ospiter\u00e0 punto ristoro, servizi igienici e un\u00a0 piccolo deposito.<\/mark> Questo ingresso sarebbe adiacente al futuro tracciato della <strong>tramvia<\/strong>, cos\u00ec da permettere di raggiungere il centro tecnico con mezzi pubblici. Un secondo ingresso, di fianco a quello del Museo del Calcio, permetter\u00e0\u0300 un diretto accesso al campo 2 in occasione di partite amichevoli.<\/p>\n<p>Per rendere pi\u00f9 accogliente la <strong>foresteria<\/strong> \u00e8 invece previsto un ampliamento (circa mille metri quadri) per 18 nuove camere oltre alle attuali 54. L&#8217;area su via D&#8217;Annunzio sar\u00e0 poi riqualificata: nascer\u00e0 un <strong>parcheggio<\/strong> su due livelli (da 2800 metri quadrati) di capienza di 139 posti auto, dei quali 8 a beneficio di utenti diversamente abili e colonnine per la ricarica delle auto elettriche.<\/p>\n","protected":false},"excerpt":{"rendered":"<p>La giunta comunale di Firenze d\u00e0 il via libera al rinnovamento del centro tecnico nazionale: sar\u00e0 una struttura innovativa e pi\u00f9 sostenibile<\/p>\n","protected":false},"author":525,"featured_media":272269,"comment_status":"open","ping_status":"open","sticky":false,"template":"","format":"standard","meta":{"_acf_changed":false,"footnotes":""},"categories":[494],"tags":[290,5828,4564,202,5827],"class_list":["post-283454","post","type-post","status-publish","format-standard","has-post-thumbnail","hentry","category-attualita","tag-calcio","tag-centro-tecnico-di-coverciano","tag-coverciano","tag-firenze","tag-nazionale-calcio"],"acf":[],"yoast_head":"<!-- This site is optimized with the Yoast SEO Premium plugin v24.2 (Yoast SEO v25.6) - https:\/\/yoast.com\/wordpress\/plugins\/seo\/ -->\n<title>Cresce la &quot;Casa del calcio&quot;: via libera alla ristrutturazione di Coverciano - intoscana<\/title>\n<meta name=\"description\" content=\"La giunta comunale di Firenze d\u00e0 il via libera al rinnovamento del centro tecnico nazionale: sar\u00e0 una struttura innovativa e pi\u00f9 sostenibile\" \/>\n<meta name=\"robots\" content=\"index, follow, max-snippet:-1, max-image-preview:large, max-video-preview:-1\" \/>\n<link rel=\"canonical\" href=\"https:\/\/www.intoscana.it\/it\/la-casa-del-calcio-diventa-piu-grande-via-libera-al-progetto-di-ristrutturazione-di-coverciano\/\" \/>\n<meta property=\"og:locale\" content=\"it_IT\" \/>\n<meta property=\"og:type\" content=\"article\" \/>\n<meta property=\"og:title\" content=\"Cresce la &quot;Casa del calcio&quot;: via libera alla ristrutturazione di Coverciano\" \/>\n<meta property=\"og:description\" content=\"La giunta comunale di Firenze d\u00e0 il via libera al rinnovamento del centro tecnico nazionale: sar\u00e0 una struttura innovativa e pi\u00f9 sostenibile\" \/>\n<meta property=\"og:url\" content=\"https:\/\/www.intoscana.it\/it\/la-casa-del-calcio-diventa-piu-grande-via-libera-al-progetto-di-ristrutturazione-di-coverciano\/\" \/>\n<meta property=\"og:site_name\" content=\"intoscana\" \/>\n<meta property=\"article:publisher\" content=\"https:\/\/www.facebook.com\/intoscana.it\" \/>\n<meta property=\"article:published_time\" content=\"2023-05-09T07:50:20+00:00\" \/>\n<meta property=\"article:modified_time\" content=\"2023-05-09T08:48:34+00:00\" \/>\n<meta property=\"og:image\" content=\"https:\/\/www.intoscana.it\/wp-content\/uploads\/centro-tecnico-coverciano-panchina-doro-2023-scaled.jpeg\" \/>\n\t<meta property=\"og:image:width\" content=\"2048\" \/>\n\t<meta property=\"og:image:height\" content=\"1263\" \/>\n\t<meta property=\"og:image:type\" content=\"image\/jpeg\" \/>\n<meta name=\"author\" content=\"Redazione\" \/>\n<meta name=\"twitter:card\" content=\"summary_large_image\" \/>\n<meta name=\"twitter:creator\" content=\"@intoscana\" \/>\n<meta name=\"twitter:site\" content=\"@intoscana\" \/>\n<meta name=\"twitter:label1\" content=\"Written by\" \/>\n\t<meta name=\"twitter:data1\" content=\"Redazione\" \/>\n\t<meta name=\"twitter:label2\" content=\"Est. reading time\" \/>\n\t<meta name=\"twitter:data2\" content=\"4 minuti\" \/>\n<script type=\"application\/ld+json\" class=\"yoast-schema-graph\">{\"@context\":\"https:\/\/schema.org\",\"@graph\":[{\"@type\":\"WebPage\",\"@id\":\"https:\/\/www.intoscana.it\/it\/la-casa-del-calcio-diventa-piu-grande-via-libera-al-progetto-di-ristrutturazione-di-coverciano\/\",\"url\":\"https:\/\/www.intoscana.it\/it\/la-casa-del-calcio-diventa-piu-grande-via-libera-al-progetto-di-ristrutturazione-di-coverciano\/\",\"name\":\"Cresce la \\\"Casa del calcio\\\": via libera alla ristrutturazione di Coverciano - intoscana\",\"isPartOf\":{\"@id\":\"https:\/\/www.intoscana.it\/it\/#website\"},\"primaryImageOfPage\":{\"@id\":\"https:\/\/www.intoscana.it\/it\/la-casa-del-calcio-diventa-piu-grande-via-libera-al-progetto-di-ristrutturazione-di-coverciano\/#primaryimage\"},\"image\":{\"@id\":\"https:\/\/www.intoscana.it\/it\/la-casa-del-calcio-diventa-piu-grande-via-libera-al-progetto-di-ristrutturazione-di-coverciano\/#primaryimage\"},\"thumbnailUrl\":\"https:\/\/www.intoscana.it\/wp-content\/uploads\/centro-tecnico-coverciano-panchina-doro-2023-scaled.jpeg\",\"datePublished\":\"2023-05-09T07:50:20+00:00\",\"dateModified\":\"2023-05-09T08:48:34+00:00\",\"author\":{\"@id\":\"https:\/\/www.intoscana.it\/it\/#\/schema\/person\/9223810753230f20bd670fdd322661f8\"},\"description\":\"La giunta comunale di Firenze d\u00e0 il via libera al rinnovamento del centro tecnico nazionale: sar\u00e0 una struttura innovativa e pi\u00f9 sostenibile\",\"breadcrumb\":{\"@id\":\"https:\/\/www.intoscana.it\/it\/la-casa-del-calcio-diventa-piu-grande-via-libera-al-progetto-di-ristrutturazione-di-coverciano\/#breadcrumb\"},\"inLanguage\":\"it-IT\",\"potentialAction\":[{\"@type\":\"ReadAction\",\"target\":[\"https:\/\/www.intoscana.it\/it\/la-casa-del-calcio-diventa-piu-grande-via-libera-al-progetto-di-ristrutturazione-di-coverciano\/\"]}]},{\"@type\":\"ImageObject\",\"inLanguage\":\"it-IT\",\"@id\":\"https:\/\/www.intoscana.it\/it\/la-casa-del-calcio-diventa-piu-grande-via-libera-al-progetto-di-ristrutturazione-di-coverciano\/#primaryimage\",\"url\":\"https:\/\/www.intoscana.it\/wp-content\/uploads\/centro-tecnico-coverciano-panchina-doro-2023-scaled.jpeg\",\"contentUrl\":\"https:\/\/www.intoscana.it\/wp-content\/uploads\/centro-tecnico-coverciano-panchina-doro-2023-scaled.jpeg\",\"width\":2048,\"height\":1263},{\"@type\":\"BreadcrumbList\",\"@id\":\"https:\/\/www.intoscana.it\/it\/la-casa-del-calcio-diventa-piu-grande-via-libera-al-progetto-di-ristrutturazione-di-coverciano\/#breadcrumb\",\"itemListElement\":[{\"@type\":\"ListItem\",\"position\":1,\"name\":\"Home\",\"item\":\"https:\/\/www.intoscana.it\/it\/\"},{\"@type\":\"ListItem\",\"position\":2,\"name\":\"Cresce la &#8220;Casa del calcio&#8221;: via libera alla ristrutturazione di Coverciano\"}]},{\"@type\":\"WebSite\",\"@id\":\"https:\/\/www.intoscana.it\/it\/#website\",\"url\":\"https:\/\/www.intoscana.it\/it\/\",\"name\":\"intoscana\",\"description\":\"\",\"potentialAction\":[{\"@type\":\"SearchAction\",\"target\":{\"@type\":\"EntryPoint\",\"urlTemplate\":\"https:\/\/www.intoscana.it\/it\/?s={search_term_string}\"},\"query-input\":{\"@type\":\"PropertyValueSpecification\",\"valueRequired\":true,\"valueName\":\"search_term_string\"}}],\"inLanguage\":\"it-IT\"},{\"@type\":\"Person\",\"@id\":\"https:\/\/www.intoscana.it\/it\/#\/schema\/person\/9223810753230f20bd670fdd322661f8\",\"name\":\"Redazione\",\"url\":\"https:\/\/www.intoscana.it\/it\/author\/redazione\/\"}]}<\/script>\n<!-- \/ Yoast SEO Premium plugin. -->","yoast_head_json":{"title":"Cresce la \"Casa del calcio\": via libera alla ristrutturazione di Coverciano - intoscana","description":"La giunta comunale di Firenze d\u00e0 il via libera al rinnovamento del centro tecnico nazionale: sar\u00e0 una struttura innovativa e pi\u00f9 sostenibile","robots":{"index":"index","follow":"follow","max-snippet":"max-snippet:-1","max-image-preview":"max-image-preview:large","max-video-preview":"max-video-preview:-1"},"canonical":"https:\/\/www.intoscana.it\/it\/la-casa-del-calcio-diventa-piu-grande-via-libera-al-progetto-di-ristrutturazione-di-coverciano\/","og_locale":"it_IT","og_type":"article","og_title":"Cresce la \"Casa del calcio\": via libera alla ristrutturazione di Coverciano","og_description":"La giunta comunale di Firenze d\u00e0 il via libera al rinnovamento del centro tecnico nazionale: sar\u00e0 una struttura innovativa e pi\u00f9 sostenibile","og_url":"https:\/\/www.intoscana.it\/it\/la-casa-del-calcio-diventa-piu-grande-via-libera-al-progetto-di-ristrutturazione-di-coverciano\/","og_site_name":"intoscana","article_publisher":"https:\/\/www.facebook.com\/intoscana.it","article_published_time":"2023-05-09T07:50:20+00:00","article_modified_time":"2023-05-09T08:48:34+00:00","og_image":[{"width":2048,"height":1263,"url":"https:\/\/www.intoscana.it\/wp-content\/uploads\/centro-tecnico-coverciano-panchina-doro-2023-scaled.jpeg","type":"image\/jpeg"}],"author":"Redazione","twitter_card":"summary_large_image","twitter_creator":"@intoscana","twitter_site":"@intoscana","twitter_misc":{"Written by":"Redazione","Est. reading time":"4 minuti"},"schema":{"@context":"https:\/\/schema.org","@graph":[{"@type":"WebPage","@id":"https:\/\/www.intoscana.it\/it\/la-casa-del-calcio-diventa-piu-grande-via-libera-al-progetto-di-ristrutturazione-di-coverciano\/","url":"https:\/\/www.intoscana.it\/it\/la-casa-del-calcio-diventa-piu-grande-via-libera-al-progetto-di-ristrutturazione-di-coverciano\/","name":"Cresce la \"Casa del calcio\": via libera alla ristrutturazione di Coverciano - intoscana","isPartOf":{"@id":"https:\/\/www.intoscana.it\/it\/#website"},"primaryImageOfPage":{"@id":"https:\/\/www.intoscana.it\/it\/la-casa-del-calcio-diventa-piu-grande-via-libera-al-progetto-di-ristrutturazione-di-coverciano\/#primaryimage"},"image":{"@id":"https:\/\/www.intoscana.it\/it\/la-casa-del-calcio-diventa-piu-grande-via-libera-al-progetto-di-ristrutturazione-di-coverciano\/#primaryimage"},"thumbnailUrl":"https:\/\/www.intoscana.it\/wp-content\/uploads\/centro-tecnico-coverciano-panchina-doro-2023-scaled.jpeg","datePublished":"2023-05-09T07:50:20+00:00","dateModified":"2023-05-09T08:48:34+00:00","author":{"@id":"https:\/\/www.intoscana.it\/it\/#\/schema\/person\/9223810753230f20bd670fdd322661f8"},"description":"La giunta comunale di Firenze d\u00e0 il via libera al rinnovamento del centro tecnico nazionale: sar\u00e0 una struttura innovativa e pi\u00f9 sostenibile","breadcrumb":{"@id":"https:\/\/www.intoscana.it\/it\/la-casa-del-calcio-diventa-piu-grande-via-libera-al-progetto-di-ristrutturazione-di-coverciano\/#breadcrumb"},"inLanguage":"it-IT","potentialAction":[{"@type":"ReadAction","target":["https:\/\/www.intoscana.it\/it\/la-casa-del-calcio-diventa-piu-grande-via-libera-al-progetto-di-ristrutturazione-di-coverciano\/"]}]},{"@type":"ImageObject","inLanguage":"it-IT","@id":"https:\/\/www.intoscana.it\/it\/la-casa-del-calcio-diventa-piu-grande-via-libera-al-progetto-di-ristrutturazione-di-coverciano\/#primaryimage","url":"https:\/\/www.intoscana.it\/wp-content\/uploads\/centro-tecnico-coverciano-panchina-doro-2023-scaled.jpeg","contentUrl":"https:\/\/www.intoscana.it\/wp-content\/uploads\/centro-tecnico-coverciano-panchina-doro-2023-scaled.jpeg","width":2048,"height":1263},{"@type":"BreadcrumbList","@id":"https:\/\/www.intoscana.it\/it\/la-casa-del-calcio-diventa-piu-grande-via-libera-al-progetto-di-ristrutturazione-di-coverciano\/#breadcrumb","itemListElement":[{"@type":"ListItem","position":1,"name":"Home","item":"https:\/\/www.intoscana.it\/it\/"},{"@type":"ListItem","position":2,"name":"Cresce la &#8220;Casa del calcio&#8221;: via libera alla ristrutturazione di Coverciano"}]},{"@type":"WebSite","@id":"https:\/\/www.intoscana.it\/it\/#website","url":"https:\/\/www.intoscana.it\/it\/","name":"intoscana","description":"","potentialAction":[{"@type":"SearchAction","target":{"@type":"EntryPoint","urlTemplate":"https:\/\/www.intoscana.it\/it\/?s={search_term_string}"},"query-input":{"@type":"PropertyValueSpecification","valueRequired":true,"valueName":"search_term_string"}}],"inLanguage":"it-IT"},{"@type":"Person","@id":"https:\/\/www.intoscana.it\/it\/#\/schema\/person\/9223810753230f20bd670fdd322661f8","name":"Redazione","url":"https:\/\/www.intoscana.it\/it\/author\/redazione\/"}]}},"_links":{"self":[{"href":"https:\/\/www.intoscana.it\/it\/wp-json\/wp\/v2\/posts\/283454","targetHints":{"allow":["GET"]}}],"collection":[{"href":"https:\/\/www.intoscana.it\/it\/wp-json\/wp\/v2\/posts"}],"about":[{"href":"https:\/\/www.intoscana.it\/it\/wp-json\/wp\/v2\/types\/post"}],"author":[{"embeddable":true,"href":"https:\/\/www.intoscana.it\/it\/wp-json\/wp\/v2\/users\/525"}],"replies":[{"embeddable":true,"href":"https:\/\/www.intoscana.it\/it\/wp-json\/wp\/v2\/comments?post=283454"}],"version-history":[{"count":0,"href":"https:\/\/www.intoscana.it\/it\/wp-json\/wp\/v2\/posts\/283454\/revisions"}],"wp:featuredmedia":[{"embeddable":true,"href":"https:\/\/www.intoscana.it\/it\/wp-json\/wp\/v2\/media\/272269"}],"wp:attachment":[{"href":"https:\/\/www.intoscana.it\/it\/wp-json\/wp\/v2\/media?parent=283454"}],"wp:term":[{"taxonomy":"category","embeddable":true,"href":"https:\/\/www.intoscana.it\/it\/wp-json\/wp\/v2\/categories?post=283454"},{"taxonomy":"post_tag","embeddable":true,"href":"https:\/\/www.intoscana.it\/it\/wp-json\/wp\/v2\/tags?post=283454"}],"curies":[{"name":"wp","href":"https:\/\/api.w.org\/{rel}","templated":true}]}}