{"id":283719,"date":"2023-04-21T11:59:58","date_gmt":"2023-04-21T09:59:58","guid":{"rendered":"https:\/\/www.intoscana.it\/it\/?p=283719"},"modified":"2023-04-21T12:04:18","modified_gmt":"2023-04-21T10:04:18","slug":"la-periferia-di-firenze-si-colora-con-le-tinte-vivaci-di-talia-zoref-al-via-la-sua-mostra-a-cielo-aperto","status":"publish","type":"post","link":"https:\/\/www.intoscana.it\/it\/la-periferia-di-firenze-si-colora-con-le-tinte-vivaci-di-talia-zoref-al-via-la-sua-mostra-a-cielo-aperto\/","title":{"rendered":"La periferia di Firenze si colora con le tinte vivaci di Talia Zoref: al via la sua mostra a cielo aperto"},"content":{"rendered":"<p>I colori delle opere della giovane artista israeliana <strong>Talia Zoref<\/strong> arrivano a Firenze. E non nelle strade pi\u00f9 battute del centro, ma in quelle pi\u00f9 vissute delle periferie della citt\u00e0. Si chiama proprio <mark>&#8220;Occhio alla periferia&#8221; la mostra a cielo aperto di Zoref, gi\u00e0 conosciuta per aver lavorato con Chanel, Fendi, Dior e per essere nella classifica Forbes 30 Under 30.\u00a0 Un progetto che accende, con le sue tinte vivaci, una riflessione sul tema della rigenerazione urbana.<\/mark><\/p>\n<figure id=\"post-283724 media-283724\" class=\"align-none\"><img decoding=\"async\" src=\"https:\/\/www.intoscana.it\/wp-content\/uploads\/2_Opera-Talia-Zoref.jpg\" alt=\"\" \/><\/figure>\n<div class=\"titleimg\">2_Opera Talia Zoref<\/div>\n<p>Gli spazi di solito destinati all&#8217;affissione diventano cos\u00ec delle grosse &#8220;tele&#8221; su cui viene costruita la narrativa della mostra. Anime colorate, figure create da un insieme di segni e tratti decisi sono il risultato di un processo creativo di disegno libero manuale e digitale, dove cattura l\u2019attenzione un grande occhio dai contorni forti, segno distintivo di <a href=\"https:\/\/shop.taliazoref.com\/\" target=\"_blank\" rel=\"noopener\" class=\"broken_link\">Zoref<\/a> perch\u00e9: <mark>\u201cLa gente guarda e giudica, la gente si limita a ci\u00f2 che l\u2019occhio riesce a scorgere, senza mai andare oltre\u201d.<\/mark><\/p>\n<div class=\"titleimg\">\n<figure id=\"post-283726 media-283726\" class=\"align-none\"><img decoding=\"async\" src=\"https:\/\/www.intoscana.it\/wp-content\/uploads\/1_artista-TALIA-ZOREF.jpg\" alt=\"\" \/><\/figure>\n<div class=\"titleimg\">1_artista TALIA ZOREF<\/div>\n<\/div>\n<p>Attraverso simboli, linee e forme, <strong>Talia Zoref<\/strong> rappresenta il passato, il presente e il futuro della condizione di ognuno: calma, tristezza, pacatezza, arrendevolezza, armonia. Si lascia ispirare dal contrasto fra il mondo della moda, colorato e divertente, e lo sguardo sempre critico rivolto a designer, donne e sognatrici.<\/p>\n<p>\u201cCon le opere esposte nelle strade e non in un museo, attraverso un insolito percorso fuori da quelli turistico-cultural tradizionali, <mark>la scuola vuole attivare un dialogo sul rapporto periferia\/centro affinch\u00e9 le aree extraurbane siano sempre pi\u00f9 integrate e diventino parte dell\u2019identit\u00e0 della citt\u00e0\u201d,<\/mark> dichiara <strong>Danilo Venturi<\/strong>, direttore IED Firenze.<\/p>\n<figure id=\"post-283727 media-283727\" class=\"align-none\"><img decoding=\"async\" src=\"https:\/\/www.intoscana.it\/wp-content\/uploads\/Mappa-mostra-Occhio-alla-periferia_IED-Firenze-scaled.jpg\" alt=\"\" \/><\/figure>\n<div class=\"titleimg\">Mappa mostra Occhio alla periferia!_IED Firenze<\/div>\n<p>Le venti opere, visibili su ledwall 4 metri per 3, <mark>saranno esposte dal 24 aprile per due settimane in venti strade periferiche,<\/mark> selezionate da Ied Firenze.<br \/>\nEcco il\u00a0 percorso della mostra: Baccio da Montelupo, Baccio da Montelupo-Ponte A Greve, Baracca, Canova (sia in entrata che in uscita), Chiantigiana (in entrata in uscita), Erbosa, Firenze Nord &#8211; Calenzano, Gignoro, Magellano, Redi, Talenti, via Di Prato, via Mariti, via Palagio Degli Spini, via Villamagna, viale Paoli, viale Paoli &#8211; Stadio, viale Xi Agosto (in uscita).<\/p>\n<p>&nbsp;<\/p>\n","protected":false},"excerpt":{"rendered":"<p>Il progetto promosso da Ied Firenze a partire dal 24 aprile: la giovane artista israeliana veste le strade della citt\u00e0 facendo diventare enormi tele gli spazi di affissione<\/p>\n","protected":false},"author":525,"featured_media":283723,"comment_status":"open","ping_status":"open","sticky":false,"template":"","format":"standard","meta":{"_acf_changed":false,"footnotes":""},"categories":[493],"tags":[174,222,4559,5290],"class_list":["post-283719","post","type-post","status-publish","format-standard","has-post-thumbnail","hentry","category-cultura","tag-arte","tag-mostre","tag-mostre-firenze","tag-rigenerazione-urbana"],"acf":[],"yoast_head":"<!-- This site is optimized with the Yoast SEO Premium plugin v24.2 (Yoast SEO v25.6) - https:\/\/yoast.com\/wordpress\/plugins\/seo\/ -->\n<title>La periferia di Firenze si colora con le tinte vivaci di Talia Zoref: al via la sua mostra a cielo aperto - intoscana<\/title>\n<meta name=\"description\" content=\"Il progetto promosso da Ied Firenze a partire dal 24 aprile: la giovane artista israeliana veste le strade della citt\u00e0 facendo diventare enormi tele gli spazi di affissione\" \/>\n<meta name=\"robots\" content=\"index, follow, max-snippet:-1, max-image-preview:large, max-video-preview:-1\" \/>\n<link rel=\"canonical\" href=\"https:\/\/www.intoscana.it\/it\/la-periferia-di-firenze-si-colora-con-le-tinte-vivaci-di-talia-zoref-al-via-la-sua-mostra-a-cielo-aperto\/\" \/>\n<meta property=\"og:locale\" content=\"it_IT\" \/>\n<meta property=\"og:type\" content=\"article\" \/>\n<meta property=\"og:title\" content=\"La periferia di Firenze si colora con le tinte vivaci di Talia Zoref: al via la sua mostra a cielo aperto\" \/>\n<meta property=\"og:description\" content=\"Il progetto promosso da Ied Firenze a partire dal 24 aprile: la giovane artista israeliana veste le strade della citt\u00e0 facendo diventare enormi tele gli spazi di affissione\" \/>\n<meta property=\"og:url\" content=\"https:\/\/www.intoscana.it\/it\/la-periferia-di-firenze-si-colora-con-le-tinte-vivaci-di-talia-zoref-al-via-la-sua-mostra-a-cielo-aperto\/\" \/>\n<meta property=\"og:site_name\" content=\"intoscana\" \/>\n<meta property=\"article:publisher\" content=\"https:\/\/www.facebook.com\/intoscana.it\" \/>\n<meta property=\"article:published_time\" content=\"2023-04-21T09:59:58+00:00\" \/>\n<meta property=\"article:modified_time\" content=\"2023-04-21T10:04:18+00:00\" \/>\n<meta property=\"og:image\" content=\"https:\/\/www.intoscana.it\/wp-content\/uploads\/1_Opera-Talia-Zoref-2.jpg\" \/>\n\t<meta property=\"og:image:width\" content=\"892\" \/>\n\t<meta property=\"og:image:height\" content=\"891\" \/>\n\t<meta property=\"og:image:type\" content=\"image\/jpeg\" \/>\n<meta name=\"author\" content=\"Redazione\" \/>\n<meta name=\"twitter:card\" content=\"summary_large_image\" \/>\n<meta name=\"twitter:creator\" content=\"@intoscana\" \/>\n<meta name=\"twitter:site\" content=\"@intoscana\" \/>\n<meta name=\"twitter:label1\" content=\"Written by\" \/>\n\t<meta name=\"twitter:data1\" content=\"Redazione\" \/>\n\t<meta name=\"twitter:label2\" content=\"Est. reading time\" \/>\n\t<meta name=\"twitter:data2\" content=\"2 minuti\" \/>\n<script type=\"application\/ld+json\" class=\"yoast-schema-graph\">{\"@context\":\"https:\/\/schema.org\",\"@graph\":[{\"@type\":\"WebPage\",\"@id\":\"https:\/\/www.intoscana.it\/it\/la-periferia-di-firenze-si-colora-con-le-tinte-vivaci-di-talia-zoref-al-via-la-sua-mostra-a-cielo-aperto\/\",\"url\":\"https:\/\/www.intoscana.it\/it\/la-periferia-di-firenze-si-colora-con-le-tinte-vivaci-di-talia-zoref-al-via-la-sua-mostra-a-cielo-aperto\/\",\"name\":\"La periferia di Firenze si colora con le tinte vivaci di Talia Zoref: al via la sua mostra a cielo aperto - intoscana\",\"isPartOf\":{\"@id\":\"https:\/\/www.intoscana.it\/it\/#website\"},\"primaryImageOfPage\":{\"@id\":\"https:\/\/www.intoscana.it\/it\/la-periferia-di-firenze-si-colora-con-le-tinte-vivaci-di-talia-zoref-al-via-la-sua-mostra-a-cielo-aperto\/#primaryimage\"},\"image\":{\"@id\":\"https:\/\/www.intoscana.it\/it\/la-periferia-di-firenze-si-colora-con-le-tinte-vivaci-di-talia-zoref-al-via-la-sua-mostra-a-cielo-aperto\/#primaryimage\"},\"thumbnailUrl\":\"https:\/\/www.intoscana.it\/wp-content\/uploads\/1_Opera-Talia-Zoref-2.jpg\",\"datePublished\":\"2023-04-21T09:59:58+00:00\",\"dateModified\":\"2023-04-21T10:04:18+00:00\",\"author\":{\"@id\":\"https:\/\/www.intoscana.it\/it\/#\/schema\/person\/9223810753230f20bd670fdd322661f8\"},\"description\":\"Il progetto promosso da Ied Firenze a partire dal 24 aprile: la giovane artista israeliana veste le strade della citt\u00e0 facendo diventare enormi tele gli spazi di affissione\",\"breadcrumb\":{\"@id\":\"https:\/\/www.intoscana.it\/it\/la-periferia-di-firenze-si-colora-con-le-tinte-vivaci-di-talia-zoref-al-via-la-sua-mostra-a-cielo-aperto\/#breadcrumb\"},\"inLanguage\":\"it-IT\",\"potentialAction\":[{\"@type\":\"ReadAction\",\"target\":[\"https:\/\/www.intoscana.it\/it\/la-periferia-di-firenze-si-colora-con-le-tinte-vivaci-di-talia-zoref-al-via-la-sua-mostra-a-cielo-aperto\/\"]}]},{\"@type\":\"ImageObject\",\"inLanguage\":\"it-IT\",\"@id\":\"https:\/\/www.intoscana.it\/it\/la-periferia-di-firenze-si-colora-con-le-tinte-vivaci-di-talia-zoref-al-via-la-sua-mostra-a-cielo-aperto\/#primaryimage\",\"url\":\"https:\/\/www.intoscana.it\/wp-content\/uploads\/1_Opera-Talia-Zoref-2.jpg\",\"contentUrl\":\"https:\/\/www.intoscana.it\/wp-content\/uploads\/1_Opera-Talia-Zoref-2.jpg\",\"width\":892,\"height\":891},{\"@type\":\"BreadcrumbList\",\"@id\":\"https:\/\/www.intoscana.it\/it\/la-periferia-di-firenze-si-colora-con-le-tinte-vivaci-di-talia-zoref-al-via-la-sua-mostra-a-cielo-aperto\/#breadcrumb\",\"itemListElement\":[{\"@type\":\"ListItem\",\"position\":1,\"name\":\"Home\",\"item\":\"https:\/\/www.intoscana.it\/it\/\"},{\"@type\":\"ListItem\",\"position\":2,\"name\":\"La periferia di Firenze si colora con le tinte vivaci di Talia Zoref: al via la sua mostra a cielo aperto\"}]},{\"@type\":\"WebSite\",\"@id\":\"https:\/\/www.intoscana.it\/it\/#website\",\"url\":\"https:\/\/www.intoscana.it\/it\/\",\"name\":\"intoscana\",\"description\":\"\",\"potentialAction\":[{\"@type\":\"SearchAction\",\"target\":{\"@type\":\"EntryPoint\",\"urlTemplate\":\"https:\/\/www.intoscana.it\/it\/?s={search_term_string}\"},\"query-input\":{\"@type\":\"PropertyValueSpecification\",\"valueRequired\":true,\"valueName\":\"search_term_string\"}}],\"inLanguage\":\"it-IT\"},{\"@type\":\"Person\",\"@id\":\"https:\/\/www.intoscana.it\/it\/#\/schema\/person\/9223810753230f20bd670fdd322661f8\",\"name\":\"Redazione\",\"url\":\"https:\/\/www.intoscana.it\/it\/author\/redazione\/\"}]}<\/script>\n<!-- \/ Yoast SEO Premium plugin. -->","yoast_head_json":{"title":"La periferia di Firenze si colora con le tinte vivaci di Talia Zoref: al via la sua mostra a cielo aperto - intoscana","description":"Il progetto promosso da Ied Firenze a partire dal 24 aprile: la giovane artista israeliana veste le strade della citt\u00e0 facendo diventare enormi tele gli spazi di affissione","robots":{"index":"index","follow":"follow","max-snippet":"max-snippet:-1","max-image-preview":"max-image-preview:large","max-video-preview":"max-video-preview:-1"},"canonical":"https:\/\/www.intoscana.it\/it\/la-periferia-di-firenze-si-colora-con-le-tinte-vivaci-di-talia-zoref-al-via-la-sua-mostra-a-cielo-aperto\/","og_locale":"it_IT","og_type":"article","og_title":"La periferia di Firenze si colora con le tinte vivaci di Talia Zoref: al via la sua mostra a cielo aperto","og_description":"Il progetto promosso da Ied Firenze a partire dal 24 aprile: la giovane artista israeliana veste le strade della citt\u00e0 facendo diventare enormi tele gli spazi di affissione","og_url":"https:\/\/www.intoscana.it\/it\/la-periferia-di-firenze-si-colora-con-le-tinte-vivaci-di-talia-zoref-al-via-la-sua-mostra-a-cielo-aperto\/","og_site_name":"intoscana","article_publisher":"https:\/\/www.facebook.com\/intoscana.it","article_published_time":"2023-04-21T09:59:58+00:00","article_modified_time":"2023-04-21T10:04:18+00:00","og_image":[{"width":892,"height":891,"url":"https:\/\/www.intoscana.it\/wp-content\/uploads\/1_Opera-Talia-Zoref-2.jpg","type":"image\/jpeg"}],"author":"Redazione","twitter_card":"summary_large_image","twitter_creator":"@intoscana","twitter_site":"@intoscana","twitter_misc":{"Written by":"Redazione","Est. reading time":"2 minuti"},"schema":{"@context":"https:\/\/schema.org","@graph":[{"@type":"WebPage","@id":"https:\/\/www.intoscana.it\/it\/la-periferia-di-firenze-si-colora-con-le-tinte-vivaci-di-talia-zoref-al-via-la-sua-mostra-a-cielo-aperto\/","url":"https:\/\/www.intoscana.it\/it\/la-periferia-di-firenze-si-colora-con-le-tinte-vivaci-di-talia-zoref-al-via-la-sua-mostra-a-cielo-aperto\/","name":"La periferia di Firenze si colora con le tinte vivaci di Talia Zoref: al via la sua mostra a cielo aperto - intoscana","isPartOf":{"@id":"https:\/\/www.intoscana.it\/it\/#website"},"primaryImageOfPage":{"@id":"https:\/\/www.intoscana.it\/it\/la-periferia-di-firenze-si-colora-con-le-tinte-vivaci-di-talia-zoref-al-via-la-sua-mostra-a-cielo-aperto\/#primaryimage"},"image":{"@id":"https:\/\/www.intoscana.it\/it\/la-periferia-di-firenze-si-colora-con-le-tinte-vivaci-di-talia-zoref-al-via-la-sua-mostra-a-cielo-aperto\/#primaryimage"},"thumbnailUrl":"https:\/\/www.intoscana.it\/wp-content\/uploads\/1_Opera-Talia-Zoref-2.jpg","datePublished":"2023-04-21T09:59:58+00:00","dateModified":"2023-04-21T10:04:18+00:00","author":{"@id":"https:\/\/www.intoscana.it\/it\/#\/schema\/person\/9223810753230f20bd670fdd322661f8"},"description":"Il progetto promosso da Ied Firenze a partire dal 24 aprile: la giovane artista israeliana veste le strade della citt\u00e0 facendo diventare enormi tele gli spazi di affissione","breadcrumb":{"@id":"https:\/\/www.intoscana.it\/it\/la-periferia-di-firenze-si-colora-con-le-tinte-vivaci-di-talia-zoref-al-via-la-sua-mostra-a-cielo-aperto\/#breadcrumb"},"inLanguage":"it-IT","potentialAction":[{"@type":"ReadAction","target":["https:\/\/www.intoscana.it\/it\/la-periferia-di-firenze-si-colora-con-le-tinte-vivaci-di-talia-zoref-al-via-la-sua-mostra-a-cielo-aperto\/"]}]},{"@type":"ImageObject","inLanguage":"it-IT","@id":"https:\/\/www.intoscana.it\/it\/la-periferia-di-firenze-si-colora-con-le-tinte-vivaci-di-talia-zoref-al-via-la-sua-mostra-a-cielo-aperto\/#primaryimage","url":"https:\/\/www.intoscana.it\/wp-content\/uploads\/1_Opera-Talia-Zoref-2.jpg","contentUrl":"https:\/\/www.intoscana.it\/wp-content\/uploads\/1_Opera-Talia-Zoref-2.jpg","width":892,"height":891},{"@type":"BreadcrumbList","@id":"https:\/\/www.intoscana.it\/it\/la-periferia-di-firenze-si-colora-con-le-tinte-vivaci-di-talia-zoref-al-via-la-sua-mostra-a-cielo-aperto\/#breadcrumb","itemListElement":[{"@type":"ListItem","position":1,"name":"Home","item":"https:\/\/www.intoscana.it\/it\/"},{"@type":"ListItem","position":2,"name":"La periferia di Firenze si colora con le tinte vivaci di Talia Zoref: al via la sua mostra a cielo aperto"}]},{"@type":"WebSite","@id":"https:\/\/www.intoscana.it\/it\/#website","url":"https:\/\/www.intoscana.it\/it\/","name":"intoscana","description":"","potentialAction":[{"@type":"SearchAction","target":{"@type":"EntryPoint","urlTemplate":"https:\/\/www.intoscana.it\/it\/?s={search_term_string}"},"query-input":{"@type":"PropertyValueSpecification","valueRequired":true,"valueName":"search_term_string"}}],"inLanguage":"it-IT"},{"@type":"Person","@id":"https:\/\/www.intoscana.it\/it\/#\/schema\/person\/9223810753230f20bd670fdd322661f8","name":"Redazione","url":"https:\/\/www.intoscana.it\/it\/author\/redazione\/"}]}},"_links":{"self":[{"href":"https:\/\/www.intoscana.it\/it\/wp-json\/wp\/v2\/posts\/283719","targetHints":{"allow":["GET"]}}],"collection":[{"href":"https:\/\/www.intoscana.it\/it\/wp-json\/wp\/v2\/posts"}],"about":[{"href":"https:\/\/www.intoscana.it\/it\/wp-json\/wp\/v2\/types\/post"}],"author":[{"embeddable":true,"href":"https:\/\/www.intoscana.it\/it\/wp-json\/wp\/v2\/users\/525"}],"replies":[{"embeddable":true,"href":"https:\/\/www.intoscana.it\/it\/wp-json\/wp\/v2\/comments?post=283719"}],"version-history":[{"count":0,"href":"https:\/\/www.intoscana.it\/it\/wp-json\/wp\/v2\/posts\/283719\/revisions"}],"wp:featuredmedia":[{"embeddable":true,"href":"https:\/\/www.intoscana.it\/it\/wp-json\/wp\/v2\/media\/283723"}],"wp:attachment":[{"href":"https:\/\/www.intoscana.it\/it\/wp-json\/wp\/v2\/media?parent=283719"}],"wp:term":[{"taxonomy":"category","embeddable":true,"href":"https:\/\/www.intoscana.it\/it\/wp-json\/wp\/v2\/categories?post=283719"},{"taxonomy":"post_tag","embeddable":true,"href":"https:\/\/www.intoscana.it\/it\/wp-json\/wp\/v2\/tags?post=283719"}],"curies":[{"name":"wp","href":"https:\/\/api.w.org\/{rel}","templated":true}]}}