{"id":283742,"date":"2023-04-21T15:38:46","date_gmt":"2023-04-21T13:38:46","guid":{"rendered":"https:\/\/www.intoscana.it\/it\/?p=283742"},"modified":"2023-04-21T15:41:12","modified_gmt":"2023-04-21T13:41:12","slug":"25-aprile-al-visarno-la-corsa-dellarno-e-il-cappello-di-firenze-piu-bello","status":"publish","type":"post","link":"https:\/\/www.intoscana.it\/it\/25-aprile-al-visarno-la-corsa-dellarno-e-il-cappello-di-firenze-piu-bello\/","title":{"rendered":"25 aprile, al Visarno la corsa dell&#8217;Arno e il cappello di Firenze pi\u00f9 bello"},"content":{"rendered":"<p><mark>Sport, moda e solidariet\u00e0 sotto lo stesso cappello<\/mark>, \u00e8 proprio il caso di dirlo, in occasione della storica <strong>corsa dell&#8217;Arno<\/strong>, la manifestazione al galoppo pi\u00f9 antica d&#8217;Italia. Da alcuni anni l&#8217;evento sportivo, che si corre al Visarno nel parco delle Cascine il 25 aprile ospita un evento particolare.<\/p>\n<p>Il concorso &#8220;Il cappello pi\u00f9 bello per Corri la vita&#8221;, dove la <strong>tradizione del cappello<\/strong> a Firenze e le iniziative benefiche di<strong> Corri la vita<\/strong> percorrono assieme la stessa strada. Il <strong>concorso del Cappello pi\u00f9 bello<\/strong> nato per sostenere la onlus fiorentina si propone di raccogliere fondi per le strutture pubbliche impegnate nella cura e nel supporto di donne malate di tumore al seno.<\/p>\n<h3>Firenze incontra Ascot alle Cascine<\/h3>\n<p>Una comunione d&#8217;intenti e di sforzi che vede la corsa al galoppo pi\u00f9 antica d&#8217;Italia ospitare un evento che fa pensare subito ad <strong>Ascot e alle nobildonne inglesi<\/strong> con i copricapi pi\u00f9 originali e insoliti. In questo caso, nel nome di una tradizione secolare nel campo del volontariato e dell&#8217;assistenza, Firenze mette in campo un&#8217;iniziativa che unisce il <strong>glamour alla solidariet\u00e0<\/strong>. Un concorso, giunto all&#8217;ottava edizione, che sostiene concretamente la onlus.<\/p>\n<h3>La tradizione del Cappello di Firenze<\/h3>\n<p>L&#8217;iniziativa promossa dal Consorzio \u201c<em>Il Cappello di Firenze<\/em>&#8221; e dall\u2019Ippodromo del Visarno \u201c<em>Cesare Meli<\/em>\u201d vede impegnate le aziende: <mark>Facopel Produzione, Angiolo Frasconi, Grevi, Italmind, Marzi, Memar<\/mark> che doneranno l\u2019intero ricavato della vendita dei cappelli nel <strong>temporary shop<\/strong> allestito all&#8217;interno dell&#8217;ippodromo.<\/p>\n<p>\u201c<em>Il Cappello di Firenze\u201d<\/em> costituito nel 1986 associa le principali aziende del settore, eredi dell\u2019antica lavorazione della paglia. Know-how ed esperienza per tutelare la lavorazione artigianale del <strong>Cappello Fiorentino<\/strong>.<\/p>\n<h3>Cappelli in gara al Visarno<\/h3>\n<p>Signore e bambine under 12 anni presenti nel pubblico potranno partecipare al concorso &#8220;Il cappello pi\u00f9 bello per Corri la vita\u201d. Saranno premiate <strong>le prime tre classificate<\/strong> per le categorie <em>&#8220;Eleganza&#8221;, &#8220;Creativit\u00e0&#8221; e &#8220;Junior&#8221;<\/em>.<\/p>\n<p>Potranno indossare <strong>un proprio cappello<\/strong> (versando 10 Euro a Corri la Vita) oppure, contribuire alla raccolta benefica, acquistando in loco uno dei <strong>preziosi copricapo<\/strong> di fattura artigianale realizzati dalle aziende del Consorzio &#8220;<em>Il Cappello di Firenze<\/em>\u201d.<\/p>\n<p><iframe loading=\"lazy\" title=\"Il Cappello pi\u00f9 Bello per CORRI LA VITA\" src=\"https:\/\/www.youtube.com\/embed\/g2splxXcmcA\" width=\"926\" height=\"521\" frameborder=\"0\" allowfullscreen=\"allowfullscreen\"><\/iframe><\/p>\n<h3>Una giuria di esperti<\/h3>\n<p>Le vincitrici saranno scelte da una giuria di esperti composta da <strong>Laura Meli<\/strong>\u00a0per l&#8217;Ippodromo del Visarno \u201cCesare Meli\u201d, la designer <strong>Francesca Frasconi<\/strong>, la presidente dell&#8217;Associazione Corri la vita Onlus Eleonora Frescobaldi, la Presidente del Museo della Paglia Angelita Benelli, la stilista <strong>Eva Cavalli<\/strong>, il fondatore e ambasciatore de Il Bisonte <strong>Wanny De Filippo<\/strong> e le giornaliste <strong>Chiara Dino, Titti Foti Giuliani, Olga Mugnaini<\/strong>.<\/p>\n<h3>I premi in palio<\/h3>\n<p>Alle vincitrici andranno in premio soggiorni offerti dall\u2019Hotel l\u2019Orologio Firenze-Roma, il Country Resort Monsignor della Casa in Mugello, una giornata alla Spa dell&#8217;Helvetia Bristol, trattamenti all&#8217;hotel Pontevecchio Suites e cena all&#8217;Atelier dei Nerli. Per i piccoli, grazie alla signora Silvia Dreoni, giochi da tavolo e biglietti per lo zoo di Pistoia.<\/p>\n","protected":false},"excerpt":{"rendered":"<p>Sport, moda, glamour e beneficenza per l&#8217;iniziativa che unisce la gara al galoppo pi\u00f9 antica d&#8217;Italia e l&#8217;iniziativa in sostegno di Corri la vita<\/p>\n","protected":false},"author":554,"featured_media":283744,"comment_status":"open","ping_status":"open","sticky":false,"template":"","format":"standard","meta":{"_acf_changed":false,"footnotes":""},"categories":[9],"tags":[6144],"class_list":["post-283742","post","type-post","status-publish","format-standard","has-post-thumbnail","hentry","category-made-in-toscana","tag-corri-la-vita"],"acf":[],"yoast_head":"<!-- This site is optimized with the Yoast SEO Premium plugin v24.2 (Yoast SEO v25.6) - https:\/\/yoast.com\/wordpress\/plugins\/seo\/ -->\n<title>25 aprile tra la corsa dell&#039;Arno e il cappello di Firenze pi\u00f9 bello - intoscana<\/title>\n<meta name=\"description\" content=\"Sport moda e solidariet\u00e0 alle Cascine per l&#039;iniziativa che unisce gara al galoppo pi\u00f9 antica d&#039;Italia e raccolta fondi per Corri la vita\" \/>\n<meta name=\"robots\" content=\"index, follow, max-snippet:-1, max-image-preview:large, max-video-preview:-1\" \/>\n<link rel=\"canonical\" href=\"https:\/\/www.intoscana.it\/it\/25-aprile-al-visarno-la-corsa-dellarno-e-il-cappello-di-firenze-piu-bello\/\" \/>\n<meta property=\"og:locale\" content=\"it_IT\" \/>\n<meta property=\"og:type\" content=\"article\" \/>\n<meta property=\"og:title\" content=\"25 aprile, al Visarno la corsa dell&#039;Arno e il cappello di Firenze pi\u00f9 bello\" \/>\n<meta property=\"og:description\" content=\"Sport moda e solidariet\u00e0 alle Cascine per l&#039;iniziativa che unisce gara al galoppo pi\u00f9 antica d&#039;Italia e raccolta fondi per Corri la vita\" \/>\n<meta property=\"og:url\" content=\"https:\/\/www.intoscana.it\/it\/25-aprile-al-visarno-la-corsa-dellarno-e-il-cappello-di-firenze-piu-bello\/\" \/>\n<meta property=\"og:site_name\" content=\"intoscana\" \/>\n<meta property=\"article:publisher\" content=\"https:\/\/www.facebook.com\/intoscana.it\" \/>\n<meta property=\"article:published_time\" content=\"2023-04-21T13:38:46+00:00\" \/>\n<meta property=\"article:modified_time\" content=\"2023-04-21T13:41:12+00:00\" \/>\n<meta property=\"og:image\" content=\"https:\/\/www.intoscana.it\/wp-content\/uploads\/unnamed-9-7.jpg\" \/>\n\t<meta property=\"og:image:width\" content=\"1417\" \/>\n\t<meta property=\"og:image:height\" content=\"945\" \/>\n\t<meta property=\"og:image:type\" content=\"image\/jpeg\" \/>\n<meta name=\"author\" content=\"Raffaella Galamini\" \/>\n<meta name=\"twitter:card\" content=\"summary_large_image\" \/>\n<meta name=\"twitter:creator\" content=\"@orio\" \/>\n<meta name=\"twitter:site\" content=\"@intoscana\" \/>\n<meta name=\"twitter:label1\" content=\"Written by\" \/>\n\t<meta name=\"twitter:data1\" content=\"Raffaella Galamini\" \/>\n\t<meta name=\"twitter:label2\" content=\"Est. reading time\" \/>\n\t<meta name=\"twitter:data2\" content=\"2 minuti\" \/>\n<script type=\"application\/ld+json\" class=\"yoast-schema-graph\">{\"@context\":\"https:\/\/schema.org\",\"@graph\":[{\"@type\":\"WebPage\",\"@id\":\"https:\/\/www.intoscana.it\/it\/25-aprile-al-visarno-la-corsa-dellarno-e-il-cappello-di-firenze-piu-bello\/\",\"url\":\"https:\/\/www.intoscana.it\/it\/25-aprile-al-visarno-la-corsa-dellarno-e-il-cappello-di-firenze-piu-bello\/\",\"name\":\"25 aprile tra la corsa dell'Arno e il cappello di Firenze pi\u00f9 bello - intoscana\",\"isPartOf\":{\"@id\":\"https:\/\/www.intoscana.it\/it\/#website\"},\"primaryImageOfPage\":{\"@id\":\"https:\/\/www.intoscana.it\/it\/25-aprile-al-visarno-la-corsa-dellarno-e-il-cappello-di-firenze-piu-bello\/#primaryimage\"},\"image\":{\"@id\":\"https:\/\/www.intoscana.it\/it\/25-aprile-al-visarno-la-corsa-dellarno-e-il-cappello-di-firenze-piu-bello\/#primaryimage\"},\"thumbnailUrl\":\"https:\/\/www.intoscana.it\/wp-content\/uploads\/unnamed-9-7.jpg\",\"datePublished\":\"2023-04-21T13:38:46+00:00\",\"dateModified\":\"2023-04-21T13:41:12+00:00\",\"author\":{\"@id\":\"https:\/\/www.intoscana.it\/it\/#\/schema\/person\/9eb9daa846a49fe51af39a73d9d1986b\"},\"description\":\"Sport moda e solidariet\u00e0 alle Cascine per l'iniziativa che unisce gara al galoppo pi\u00f9 antica d'Italia e raccolta fondi per Corri la vita\",\"breadcrumb\":{\"@id\":\"https:\/\/www.intoscana.it\/it\/25-aprile-al-visarno-la-corsa-dellarno-e-il-cappello-di-firenze-piu-bello\/#breadcrumb\"},\"inLanguage\":\"it-IT\",\"potentialAction\":[{\"@type\":\"ReadAction\",\"target\":[\"https:\/\/www.intoscana.it\/it\/25-aprile-al-visarno-la-corsa-dellarno-e-il-cappello-di-firenze-piu-bello\/\"]}]},{\"@type\":\"ImageObject\",\"inLanguage\":\"it-IT\",\"@id\":\"https:\/\/www.intoscana.it\/it\/25-aprile-al-visarno-la-corsa-dellarno-e-il-cappello-di-firenze-piu-bello\/#primaryimage\",\"url\":\"https:\/\/www.intoscana.it\/wp-content\/uploads\/unnamed-9-7.jpg\",\"contentUrl\":\"https:\/\/www.intoscana.it\/wp-content\/uploads\/unnamed-9-7.jpg\",\"width\":1417,\"height\":945},{\"@type\":\"BreadcrumbList\",\"@id\":\"https:\/\/www.intoscana.it\/it\/25-aprile-al-visarno-la-corsa-dellarno-e-il-cappello-di-firenze-piu-bello\/#breadcrumb\",\"itemListElement\":[{\"@type\":\"ListItem\",\"position\":1,\"name\":\"Home\",\"item\":\"https:\/\/www.intoscana.it\/it\/\"},{\"@type\":\"ListItem\",\"position\":2,\"name\":\"25 aprile, al Visarno la corsa dell&#8217;Arno e il cappello di Firenze pi\u00f9 bello\"}]},{\"@type\":\"WebSite\",\"@id\":\"https:\/\/www.intoscana.it\/it\/#website\",\"url\":\"https:\/\/www.intoscana.it\/it\/\",\"name\":\"intoscana\",\"description\":\"\",\"potentialAction\":[{\"@type\":\"SearchAction\",\"target\":{\"@type\":\"EntryPoint\",\"urlTemplate\":\"https:\/\/www.intoscana.it\/it\/?s={search_term_string}\"},\"query-input\":{\"@type\":\"PropertyValueSpecification\",\"valueRequired\":true,\"valueName\":\"search_term_string\"}}],\"inLanguage\":\"it-IT\"},{\"@type\":\"Person\",\"@id\":\"https:\/\/www.intoscana.it\/it\/#\/schema\/person\/9eb9daa846a49fe51af39a73d9d1986b\",\"name\":\"Raffaella Galamini\",\"sameAs\":[\"https:\/\/x.com\/orio\"],\"url\":\"https:\/\/www.intoscana.it\/it\/author\/r-galamini\/\"}]}<\/script>\n<!-- \/ Yoast SEO Premium plugin. -->","yoast_head_json":{"title":"25 aprile tra la corsa dell'Arno e il cappello di Firenze pi\u00f9 bello - intoscana","description":"Sport moda e solidariet\u00e0 alle Cascine per l'iniziativa che unisce gara al galoppo pi\u00f9 antica d'Italia e raccolta fondi per Corri la vita","robots":{"index":"index","follow":"follow","max-snippet":"max-snippet:-1","max-image-preview":"max-image-preview:large","max-video-preview":"max-video-preview:-1"},"canonical":"https:\/\/www.intoscana.it\/it\/25-aprile-al-visarno-la-corsa-dellarno-e-il-cappello-di-firenze-piu-bello\/","og_locale":"it_IT","og_type":"article","og_title":"25 aprile, al Visarno la corsa dell'Arno e il cappello di Firenze pi\u00f9 bello","og_description":"Sport moda e solidariet\u00e0 alle Cascine per l'iniziativa che unisce gara al galoppo pi\u00f9 antica d'Italia e raccolta fondi per Corri la vita","og_url":"https:\/\/www.intoscana.it\/it\/25-aprile-al-visarno-la-corsa-dellarno-e-il-cappello-di-firenze-piu-bello\/","og_site_name":"intoscana","article_publisher":"https:\/\/www.facebook.com\/intoscana.it","article_published_time":"2023-04-21T13:38:46+00:00","article_modified_time":"2023-04-21T13:41:12+00:00","og_image":[{"width":1417,"height":945,"url":"https:\/\/www.intoscana.it\/wp-content\/uploads\/unnamed-9-7.jpg","type":"image\/jpeg"}],"author":"Raffaella Galamini","twitter_card":"summary_large_image","twitter_creator":"@orio","twitter_site":"@intoscana","twitter_misc":{"Written by":"Raffaella Galamini","Est. reading time":"2 minuti"},"schema":{"@context":"https:\/\/schema.org","@graph":[{"@type":"WebPage","@id":"https:\/\/www.intoscana.it\/it\/25-aprile-al-visarno-la-corsa-dellarno-e-il-cappello-di-firenze-piu-bello\/","url":"https:\/\/www.intoscana.it\/it\/25-aprile-al-visarno-la-corsa-dellarno-e-il-cappello-di-firenze-piu-bello\/","name":"25 aprile tra la corsa dell'Arno e il cappello di Firenze pi\u00f9 bello - intoscana","isPartOf":{"@id":"https:\/\/www.intoscana.it\/it\/#website"},"primaryImageOfPage":{"@id":"https:\/\/www.intoscana.it\/it\/25-aprile-al-visarno-la-corsa-dellarno-e-il-cappello-di-firenze-piu-bello\/#primaryimage"},"image":{"@id":"https:\/\/www.intoscana.it\/it\/25-aprile-al-visarno-la-corsa-dellarno-e-il-cappello-di-firenze-piu-bello\/#primaryimage"},"thumbnailUrl":"https:\/\/www.intoscana.it\/wp-content\/uploads\/unnamed-9-7.jpg","datePublished":"2023-04-21T13:38:46+00:00","dateModified":"2023-04-21T13:41:12+00:00","author":{"@id":"https:\/\/www.intoscana.it\/it\/#\/schema\/person\/9eb9daa846a49fe51af39a73d9d1986b"},"description":"Sport moda e solidariet\u00e0 alle Cascine per l'iniziativa che unisce gara al galoppo pi\u00f9 antica d'Italia e raccolta fondi per Corri la vita","breadcrumb":{"@id":"https:\/\/www.intoscana.it\/it\/25-aprile-al-visarno-la-corsa-dellarno-e-il-cappello-di-firenze-piu-bello\/#breadcrumb"},"inLanguage":"it-IT","potentialAction":[{"@type":"ReadAction","target":["https:\/\/www.intoscana.it\/it\/25-aprile-al-visarno-la-corsa-dellarno-e-il-cappello-di-firenze-piu-bello\/"]}]},{"@type":"ImageObject","inLanguage":"it-IT","@id":"https:\/\/www.intoscana.it\/it\/25-aprile-al-visarno-la-corsa-dellarno-e-il-cappello-di-firenze-piu-bello\/#primaryimage","url":"https:\/\/www.intoscana.it\/wp-content\/uploads\/unnamed-9-7.jpg","contentUrl":"https:\/\/www.intoscana.it\/wp-content\/uploads\/unnamed-9-7.jpg","width":1417,"height":945},{"@type":"BreadcrumbList","@id":"https:\/\/www.intoscana.it\/it\/25-aprile-al-visarno-la-corsa-dellarno-e-il-cappello-di-firenze-piu-bello\/#breadcrumb","itemListElement":[{"@type":"ListItem","position":1,"name":"Home","item":"https:\/\/www.intoscana.it\/it\/"},{"@type":"ListItem","position":2,"name":"25 aprile, al Visarno la corsa dell&#8217;Arno e il cappello di Firenze pi\u00f9 bello"}]},{"@type":"WebSite","@id":"https:\/\/www.intoscana.it\/it\/#website","url":"https:\/\/www.intoscana.it\/it\/","name":"intoscana","description":"","potentialAction":[{"@type":"SearchAction","target":{"@type":"EntryPoint","urlTemplate":"https:\/\/www.intoscana.it\/it\/?s={search_term_string}"},"query-input":{"@type":"PropertyValueSpecification","valueRequired":true,"valueName":"search_term_string"}}],"inLanguage":"it-IT"},{"@type":"Person","@id":"https:\/\/www.intoscana.it\/it\/#\/schema\/person\/9eb9daa846a49fe51af39a73d9d1986b","name":"Raffaella Galamini","sameAs":["https:\/\/x.com\/orio"],"url":"https:\/\/www.intoscana.it\/it\/author\/r-galamini\/"}]}},"_links":{"self":[{"href":"https:\/\/www.intoscana.it\/it\/wp-json\/wp\/v2\/posts\/283742","targetHints":{"allow":["GET"]}}],"collection":[{"href":"https:\/\/www.intoscana.it\/it\/wp-json\/wp\/v2\/posts"}],"about":[{"href":"https:\/\/www.intoscana.it\/it\/wp-json\/wp\/v2\/types\/post"}],"author":[{"embeddable":true,"href":"https:\/\/www.intoscana.it\/it\/wp-json\/wp\/v2\/users\/554"}],"replies":[{"embeddable":true,"href":"https:\/\/www.intoscana.it\/it\/wp-json\/wp\/v2\/comments?post=283742"}],"version-history":[{"count":0,"href":"https:\/\/www.intoscana.it\/it\/wp-json\/wp\/v2\/posts\/283742\/revisions"}],"wp:featuredmedia":[{"embeddable":true,"href":"https:\/\/www.intoscana.it\/it\/wp-json\/wp\/v2\/media\/283744"}],"wp:attachment":[{"href":"https:\/\/www.intoscana.it\/it\/wp-json\/wp\/v2\/media?parent=283742"}],"wp:term":[{"taxonomy":"category","embeddable":true,"href":"https:\/\/www.intoscana.it\/it\/wp-json\/wp\/v2\/categories?post=283742"},{"taxonomy":"post_tag","embeddable":true,"href":"https:\/\/www.intoscana.it\/it\/wp-json\/wp\/v2\/tags?post=283742"}],"curies":[{"name":"wp","href":"https:\/\/api.w.org\/{rel}","templated":true}]}}