{"id":283770,"date":"2023-04-21T16:19:10","date_gmt":"2023-04-21T14:19:10","guid":{"rendered":"https:\/\/www.intoscana.it\/it\/?p=283770"},"modified":"2023-04-21T16:19:10","modified_gmt":"2023-04-21T14:19:10","slug":"terre-degli-uffizi-a-montespertoli-con-la-preziosa-predella-barbadori-di-filippino-lippi","status":"publish","type":"post","link":"https:\/\/www.intoscana.it\/it\/terre-degli-uffizi-a-montespertoli-con-la-preziosa-predella-barbadori-di-filippino-lippi\/","title":{"rendered":"Terre degli Uffizi a Montespertoli con la preziosa &#8220;predella Barbadori&#8221; di Filippino Lippi"},"content":{"rendered":"<p>Terre degli Uffizi torna in Valdesa, a <strong>Montespertoli<\/strong>, con un prestito eccezionale dalla raccolta delle Gallerie degli Uffizi: la cosiddetta &#8220;predella Barbadori&#8221; di fra\u2019 Filippo Lippi. <mark>\u00c8 La terza tappa del programma di Fondazione CR Firenze e Gallerie degli Uffizi, all\u2019interno dei rispettivi progetti Piccoli Grandi Musei e Uffizi Diffusi.<\/mark><\/p>\n<p>Dal 22 aprile al 29 ottobre, si arricchiesce cos\u00ec la mostra <strong>\u201cFilippo Lippi in Valdesa\u201d<\/strong> al Museo d\u2019Arte Sacra di San Piero in Mercato, che gi\u00e0 custodisce permanentemente un\u2019altra opera del maestro di pittura rinascimentale, la <strong>Madonna col Bambino<\/strong> proveniente dalla chiesa di Sant\u2019Andrea a Botinaccio. &#8220;Abbiamo cos\u00ec a confronto due opere di Filippo Lippi &#8211; spiega\u00a0 <strong>Eike Schmidt<\/strong>, direttore de Le Gallerie degli Uffizi &#8211; che illustrano il culmine della sua attivit\u00e0 e <mark>due aspetti della sua arte: quella pi\u00f9 narrativa e attenta ai dettagli nelle storiette della predella, e quella altamente lirica della Madonna. Con questo accostamento si offre al visitatore una prelibatezza del Rinascimento in Toscana e un invito ad approfondire la conoscenza di questo straordinario artista\u201d.<\/mark><\/p>\n<figure id=\"post-283797 media-283797\" class=\"align-none\"><img decoding=\"async\" src=\"https:\/\/www.intoscana.it\/wp-content\/uploads\/30-FCRF-Filippo-Lippi-Valdelsa-ph-Cristina-Andolcetti-1691-scaled.jpg\" alt=\"\" \/><\/figure>\n<h3><em>La predella Barbadori<\/em><\/h3>\n<p>La \u201cpredella Barbadori\u201d \u00e8 il gradino della tavola d\u2019altare che in origine arredava la cappella di patronato Barbadori nella chiesa di <strong>Santo Spirito<\/strong> a Firenze, opera somma per la cui esecuzione Filippo Lippi nel 1437 ricevette il lauto compenso di 40 fiorini d\u2019oro.<\/p>\n<p>Le tre tavolette che la compongono facevano parte della pala d\u2019altare che sormontava la cappella intitolata a San Frediano nella sacrestia della chiesa agostiniana. <mark>La pala d\u2019altare e la cappella erano state realizzate per volont\u00e0 testamentaria di Gherardo di Bartolomeo Barbadori, un ricco e pio abitante del quartiere fiorentino di San Frediano, morto nel 1429.<\/mark> Fu la confraternita di Orsanmichele, di cui il Gherardo Barbadori era stato membro, a portare a compimento la commissione e a realizzare il desiderio del defunto.<\/p>\n<p>La tavola che sovrastava la predella, oggi nel museo del <strong>Louvre a Parigi<\/strong>, raffigura la Vergine col Bambino affiancata da angeli e dai santi Agostino e Frediano. Maria \u00e8 raffigurata in piedi davanti ad una nicchia decorata a somiglianza di una valva di conchiglia, un motivo che Filippo Lippi adotta ripetutamente e che fa da sfondo anche alla Madonna col Bambino della collezione del museo di Montespertoli.<\/p>\n<p><strong>Fra\u2019 Filippo Lippi<\/strong> ha lavorato alla pala Barbadori nel 1437 e nel 1438 l\u2019opera non era ancora stata ultimata. Per l\u2019esecuzione della predella, fra\u2019 Filippo si avvalse probabilmente della collaborazione della bottega, anche se \u00e8 da riferire interamente al Lippi la concezione delle tre scene, unificate da uno studiato impianto luministico, con lunghe ombre scure proiettate dai corpi e dalle architetture.<\/p>\n<p>Nel 1810, con la soppressione delle corporazioni religiose avvenuta sotto la dominazione napoleonica della Toscana, la pala d\u2019altare Barbadori, con la sua predella, venne asportata dal convento di Santo Spirito e trasferita alla Galleria dell\u2019Accademia di Firenze. <mark>Nel 1814, la tavola soprastante fu portata in Francia senza mai fare ritorno in Italia. La predella fu invece trasferita agli Uffizi nel 1919.<\/mark><\/p>\n<p>Un prestito eccezionale, secondo il residente di Fondazione CR Firenze <strong>Luigi Salvadori<\/strong>: &#8220;Ancora una volta, con questi appuntamenti cerchiamo di offrire, oltre alla bellezza del luogo e delle opere esposte, l\u2019opportunit\u00e0 di conoscere e forse di scoprire una realt\u00e0 tra le pi\u00f9 suggestive del nostro territorio. Montespertoli ha infatti saputo armonizzare nei secoli la sapienza del suo alto artigianato, la qualit\u00e0 della sua produzione vinicola e quel concentrato di ricchezza artistica conservato nel Museo di arte sacra\u2019\u2019.<\/p>\n","protected":false},"excerpt":{"rendered":"<p>Prestito eccezionale per la terza tappa del programma di Fondazione CR Firenze e Gallerie degli Uffizi: la mostra da 22 aprile al Museo d\u2019Arte Sacra di San Piero in Mercato<\/p>\n","protected":false},"author":525,"featured_media":283792,"comment_status":"open","ping_status":"open","sticky":false,"template":"","format":"standard","meta":{"_acf_changed":false,"footnotes":""},"categories":[493],"tags":[222,207],"class_list":["post-283770","post","type-post","status-publish","format-standard","has-post-thumbnail","hentry","category-cultura","tag-mostre","tag-uffizi"],"acf":[],"yoast_head":"<!-- This site is optimized with the Yoast SEO Premium plugin v24.2 (Yoast SEO v25.6) - https:\/\/yoast.com\/wordpress\/plugins\/seo\/ -->\n<title>Terre degli Uffizi a Montespertoli con la preziosa &quot;predella Barbadori&quot; di Filippino Lippi - intoscana<\/title>\n<meta name=\"description\" content=\"Prestito eccezionale per la terza tappa del programma di Fondazione CR Firenze e Gallerie degli Uffizi: la mostra da 22 aprile al Museo d\u2019Arte Sacra di San Piero in Mercato\" \/>\n<meta name=\"robots\" content=\"index, follow, max-snippet:-1, max-image-preview:large, max-video-preview:-1\" \/>\n<link rel=\"canonical\" href=\"https:\/\/www.intoscana.it\/it\/terre-degli-uffizi-a-montespertoli-con-la-preziosa-predella-barbadori-di-filippino-lippi\/\" \/>\n<meta property=\"og:locale\" content=\"it_IT\" \/>\n<meta property=\"og:type\" content=\"article\" \/>\n<meta property=\"og:title\" content=\"Terre degli Uffizi a Montespertoli con la preziosa &quot;predella Barbadori&quot; di Filippino Lippi\" \/>\n<meta property=\"og:description\" content=\"Prestito eccezionale per la terza tappa del programma di Fondazione CR Firenze e Gallerie degli Uffizi: la mostra da 22 aprile al Museo d\u2019Arte Sacra di San Piero in Mercato\" \/>\n<meta property=\"og:url\" content=\"https:\/\/www.intoscana.it\/it\/terre-degli-uffizi-a-montespertoli-con-la-preziosa-predella-barbadori-di-filippino-lippi\/\" \/>\n<meta property=\"og:site_name\" content=\"intoscana\" \/>\n<meta property=\"article:publisher\" content=\"https:\/\/www.facebook.com\/intoscana.it\" \/>\n<meta property=\"article:published_time\" content=\"2023-04-21T14:19:10+00:00\" \/>\n<meta property=\"og:image\" content=\"https:\/\/www.intoscana.it\/wp-content\/uploads\/06-FCRF-Filippo-Lippi-Valdelsa-ph-Cristina-Andolcetti-1352-scaled.jpg\" \/>\n\t<meta property=\"og:image:width\" content=\"2048\" \/>\n\t<meta property=\"og:image:height\" content=\"1366\" \/>\n\t<meta property=\"og:image:type\" content=\"image\/jpeg\" \/>\n<meta name=\"author\" content=\"Redazione\" \/>\n<meta name=\"twitter:card\" content=\"summary_large_image\" \/>\n<meta name=\"twitter:creator\" content=\"@intoscana\" \/>\n<meta name=\"twitter:site\" content=\"@intoscana\" \/>\n<meta name=\"twitter:label1\" content=\"Written by\" \/>\n\t<meta name=\"twitter:data1\" content=\"Redazione\" \/>\n\t<meta name=\"twitter:label2\" content=\"Est. reading time\" \/>\n\t<meta name=\"twitter:data2\" content=\"3 minuti\" \/>\n<script type=\"application\/ld+json\" class=\"yoast-schema-graph\">{\"@context\":\"https:\/\/schema.org\",\"@graph\":[{\"@type\":\"WebPage\",\"@id\":\"https:\/\/www.intoscana.it\/it\/terre-degli-uffizi-a-montespertoli-con-la-preziosa-predella-barbadori-di-filippino-lippi\/\",\"url\":\"https:\/\/www.intoscana.it\/it\/terre-degli-uffizi-a-montespertoli-con-la-preziosa-predella-barbadori-di-filippino-lippi\/\",\"name\":\"Terre degli Uffizi a Montespertoli con la preziosa \\\"predella Barbadori\\\" di Filippino Lippi - intoscana\",\"isPartOf\":{\"@id\":\"https:\/\/www.intoscana.it\/it\/#website\"},\"primaryImageOfPage\":{\"@id\":\"https:\/\/www.intoscana.it\/it\/terre-degli-uffizi-a-montespertoli-con-la-preziosa-predella-barbadori-di-filippino-lippi\/#primaryimage\"},\"image\":{\"@id\":\"https:\/\/www.intoscana.it\/it\/terre-degli-uffizi-a-montespertoli-con-la-preziosa-predella-barbadori-di-filippino-lippi\/#primaryimage\"},\"thumbnailUrl\":\"https:\/\/www.intoscana.it\/wp-content\/uploads\/06-FCRF-Filippo-Lippi-Valdelsa-ph-Cristina-Andolcetti-1352-scaled.jpg\",\"datePublished\":\"2023-04-21T14:19:10+00:00\",\"author\":{\"@id\":\"https:\/\/www.intoscana.it\/it\/#\/schema\/person\/9223810753230f20bd670fdd322661f8\"},\"description\":\"Prestito eccezionale per la terza tappa del programma di Fondazione CR Firenze e Gallerie degli Uffizi: la mostra da 22 aprile al Museo d\u2019Arte Sacra di San Piero in Mercato\",\"breadcrumb\":{\"@id\":\"https:\/\/www.intoscana.it\/it\/terre-degli-uffizi-a-montespertoli-con-la-preziosa-predella-barbadori-di-filippino-lippi\/#breadcrumb\"},\"inLanguage\":\"it-IT\",\"potentialAction\":[{\"@type\":\"ReadAction\",\"target\":[\"https:\/\/www.intoscana.it\/it\/terre-degli-uffizi-a-montespertoli-con-la-preziosa-predella-barbadori-di-filippino-lippi\/\"]}]},{\"@type\":\"ImageObject\",\"inLanguage\":\"it-IT\",\"@id\":\"https:\/\/www.intoscana.it\/it\/terre-degli-uffizi-a-montespertoli-con-la-preziosa-predella-barbadori-di-filippino-lippi\/#primaryimage\",\"url\":\"https:\/\/www.intoscana.it\/wp-content\/uploads\/06-FCRF-Filippo-Lippi-Valdelsa-ph-Cristina-Andolcetti-1352-scaled.jpg\",\"contentUrl\":\"https:\/\/www.intoscana.it\/wp-content\/uploads\/06-FCRF-Filippo-Lippi-Valdelsa-ph-Cristina-Andolcetti-1352-scaled.jpg\",\"width\":2048,\"height\":1366},{\"@type\":\"BreadcrumbList\",\"@id\":\"https:\/\/www.intoscana.it\/it\/terre-degli-uffizi-a-montespertoli-con-la-preziosa-predella-barbadori-di-filippino-lippi\/#breadcrumb\",\"itemListElement\":[{\"@type\":\"ListItem\",\"position\":1,\"name\":\"Home\",\"item\":\"https:\/\/www.intoscana.it\/it\/\"},{\"@type\":\"ListItem\",\"position\":2,\"name\":\"Terre degli Uffizi a Montespertoli con la preziosa &#8220;predella Barbadori&#8221; di Filippino Lippi\"}]},{\"@type\":\"WebSite\",\"@id\":\"https:\/\/www.intoscana.it\/it\/#website\",\"url\":\"https:\/\/www.intoscana.it\/it\/\",\"name\":\"intoscana\",\"description\":\"\",\"potentialAction\":[{\"@type\":\"SearchAction\",\"target\":{\"@type\":\"EntryPoint\",\"urlTemplate\":\"https:\/\/www.intoscana.it\/it\/?s={search_term_string}\"},\"query-input\":{\"@type\":\"PropertyValueSpecification\",\"valueRequired\":true,\"valueName\":\"search_term_string\"}}],\"inLanguage\":\"it-IT\"},{\"@type\":\"Person\",\"@id\":\"https:\/\/www.intoscana.it\/it\/#\/schema\/person\/9223810753230f20bd670fdd322661f8\",\"name\":\"Redazione\",\"url\":\"https:\/\/www.intoscana.it\/it\/author\/redazione\/\"}]}<\/script>\n<!-- \/ Yoast SEO Premium plugin. -->","yoast_head_json":{"title":"Terre degli Uffizi a Montespertoli con la preziosa \"predella Barbadori\" di Filippino Lippi - intoscana","description":"Prestito eccezionale per la terza tappa del programma di Fondazione CR Firenze e Gallerie degli Uffizi: la mostra da 22 aprile al Museo d\u2019Arte Sacra di San Piero in Mercato","robots":{"index":"index","follow":"follow","max-snippet":"max-snippet:-1","max-image-preview":"max-image-preview:large","max-video-preview":"max-video-preview:-1"},"canonical":"https:\/\/www.intoscana.it\/it\/terre-degli-uffizi-a-montespertoli-con-la-preziosa-predella-barbadori-di-filippino-lippi\/","og_locale":"it_IT","og_type":"article","og_title":"Terre degli Uffizi a Montespertoli con la preziosa \"predella Barbadori\" di Filippino Lippi","og_description":"Prestito eccezionale per la terza tappa del programma di Fondazione CR Firenze e Gallerie degli Uffizi: la mostra da 22 aprile al Museo d\u2019Arte Sacra di San Piero in Mercato","og_url":"https:\/\/www.intoscana.it\/it\/terre-degli-uffizi-a-montespertoli-con-la-preziosa-predella-barbadori-di-filippino-lippi\/","og_site_name":"intoscana","article_publisher":"https:\/\/www.facebook.com\/intoscana.it","article_published_time":"2023-04-21T14:19:10+00:00","og_image":[{"width":2048,"height":1366,"url":"https:\/\/www.intoscana.it\/wp-content\/uploads\/06-FCRF-Filippo-Lippi-Valdelsa-ph-Cristina-Andolcetti-1352-scaled.jpg","type":"image\/jpeg"}],"author":"Redazione","twitter_card":"summary_large_image","twitter_creator":"@intoscana","twitter_site":"@intoscana","twitter_misc":{"Written by":"Redazione","Est. reading time":"3 minuti"},"schema":{"@context":"https:\/\/schema.org","@graph":[{"@type":"WebPage","@id":"https:\/\/www.intoscana.it\/it\/terre-degli-uffizi-a-montespertoli-con-la-preziosa-predella-barbadori-di-filippino-lippi\/","url":"https:\/\/www.intoscana.it\/it\/terre-degli-uffizi-a-montespertoli-con-la-preziosa-predella-barbadori-di-filippino-lippi\/","name":"Terre degli Uffizi a Montespertoli con la preziosa \"predella Barbadori\" di Filippino Lippi - intoscana","isPartOf":{"@id":"https:\/\/www.intoscana.it\/it\/#website"},"primaryImageOfPage":{"@id":"https:\/\/www.intoscana.it\/it\/terre-degli-uffizi-a-montespertoli-con-la-preziosa-predella-barbadori-di-filippino-lippi\/#primaryimage"},"image":{"@id":"https:\/\/www.intoscana.it\/it\/terre-degli-uffizi-a-montespertoli-con-la-preziosa-predella-barbadori-di-filippino-lippi\/#primaryimage"},"thumbnailUrl":"https:\/\/www.intoscana.it\/wp-content\/uploads\/06-FCRF-Filippo-Lippi-Valdelsa-ph-Cristina-Andolcetti-1352-scaled.jpg","datePublished":"2023-04-21T14:19:10+00:00","author":{"@id":"https:\/\/www.intoscana.it\/it\/#\/schema\/person\/9223810753230f20bd670fdd322661f8"},"description":"Prestito eccezionale per la terza tappa del programma di Fondazione CR Firenze e Gallerie degli Uffizi: la mostra da 22 aprile al Museo d\u2019Arte Sacra di San Piero in Mercato","breadcrumb":{"@id":"https:\/\/www.intoscana.it\/it\/terre-degli-uffizi-a-montespertoli-con-la-preziosa-predella-barbadori-di-filippino-lippi\/#breadcrumb"},"inLanguage":"it-IT","potentialAction":[{"@type":"ReadAction","target":["https:\/\/www.intoscana.it\/it\/terre-degli-uffizi-a-montespertoli-con-la-preziosa-predella-barbadori-di-filippino-lippi\/"]}]},{"@type":"ImageObject","inLanguage":"it-IT","@id":"https:\/\/www.intoscana.it\/it\/terre-degli-uffizi-a-montespertoli-con-la-preziosa-predella-barbadori-di-filippino-lippi\/#primaryimage","url":"https:\/\/www.intoscana.it\/wp-content\/uploads\/06-FCRF-Filippo-Lippi-Valdelsa-ph-Cristina-Andolcetti-1352-scaled.jpg","contentUrl":"https:\/\/www.intoscana.it\/wp-content\/uploads\/06-FCRF-Filippo-Lippi-Valdelsa-ph-Cristina-Andolcetti-1352-scaled.jpg","width":2048,"height":1366},{"@type":"BreadcrumbList","@id":"https:\/\/www.intoscana.it\/it\/terre-degli-uffizi-a-montespertoli-con-la-preziosa-predella-barbadori-di-filippino-lippi\/#breadcrumb","itemListElement":[{"@type":"ListItem","position":1,"name":"Home","item":"https:\/\/www.intoscana.it\/it\/"},{"@type":"ListItem","position":2,"name":"Terre degli Uffizi a Montespertoli con la preziosa &#8220;predella Barbadori&#8221; di Filippino Lippi"}]},{"@type":"WebSite","@id":"https:\/\/www.intoscana.it\/it\/#website","url":"https:\/\/www.intoscana.it\/it\/","name":"intoscana","description":"","potentialAction":[{"@type":"SearchAction","target":{"@type":"EntryPoint","urlTemplate":"https:\/\/www.intoscana.it\/it\/?s={search_term_string}"},"query-input":{"@type":"PropertyValueSpecification","valueRequired":true,"valueName":"search_term_string"}}],"inLanguage":"it-IT"},{"@type":"Person","@id":"https:\/\/www.intoscana.it\/it\/#\/schema\/person\/9223810753230f20bd670fdd322661f8","name":"Redazione","url":"https:\/\/www.intoscana.it\/it\/author\/redazione\/"}]}},"_links":{"self":[{"href":"https:\/\/www.intoscana.it\/it\/wp-json\/wp\/v2\/posts\/283770","targetHints":{"allow":["GET"]}}],"collection":[{"href":"https:\/\/www.intoscana.it\/it\/wp-json\/wp\/v2\/posts"}],"about":[{"href":"https:\/\/www.intoscana.it\/it\/wp-json\/wp\/v2\/types\/post"}],"author":[{"embeddable":true,"href":"https:\/\/www.intoscana.it\/it\/wp-json\/wp\/v2\/users\/525"}],"replies":[{"embeddable":true,"href":"https:\/\/www.intoscana.it\/it\/wp-json\/wp\/v2\/comments?post=283770"}],"version-history":[{"count":0,"href":"https:\/\/www.intoscana.it\/it\/wp-json\/wp\/v2\/posts\/283770\/revisions"}],"wp:featuredmedia":[{"embeddable":true,"href":"https:\/\/www.intoscana.it\/it\/wp-json\/wp\/v2\/media\/283792"}],"wp:attachment":[{"href":"https:\/\/www.intoscana.it\/it\/wp-json\/wp\/v2\/media?parent=283770"}],"wp:term":[{"taxonomy":"category","embeddable":true,"href":"https:\/\/www.intoscana.it\/it\/wp-json\/wp\/v2\/categories?post=283770"},{"taxonomy":"post_tag","embeddable":true,"href":"https:\/\/www.intoscana.it\/it\/wp-json\/wp\/v2\/tags?post=283770"}],"curies":[{"name":"wp","href":"https:\/\/api.w.org\/{rel}","templated":true}]}}