{"id":283921,"date":"2023-04-24T10:11:15","date_gmt":"2023-04-24T08:11:15","guid":{"rendered":"https:\/\/www.intoscana.it\/it\/?p=283921"},"modified":"2023-04-24T10:53:05","modified_gmt":"2023-04-24T08:53:05","slug":"grosseto-fiera-del-madonnino","status":"publish","type":"post","link":"https:\/\/www.intoscana.it\/it\/grosseto-fiera-del-madonnino\/","title":{"rendered":"300 espositori a Grosseto per la Fiera del Madonnino"},"content":{"rendered":"<p>Si \u00e8 aperta ieri a Grosseto, pochi chilometri fuori dal centro, la 43esima edizione della <strong>Fiera del Madonnino,<\/strong> la tre giorni dedicata all&#8217;agricoltura che prosegue fino al 25 aprile.<br \/>\n<mark>In mostra macchinari agricoli e manifestazioni zootecniche di livello nazionale, degustazioni e cucina<\/mark> che vedono protagoniste tutte le principali filiere produttive della Toscana e una grande area dedicata al vivaismo e al giardinaggio.<\/p>\n<p>L&#8217;evento raccoglie <strong>300 espositori,<\/strong> come negli anni migliori della fiera, la tradizione della semplicit\u00e0 ma anche un padiglione dedicato alle nuove tecnologie, all&#8217;agricoltura di precisione e &#8220;intelligente&#8221; e alla sostenibilit\u00e0.<\/p>\n<figure id=\"post-283933 media-283933\" class=\"align-none\">\n<p><figure style=\"width: 2048px\" class=\"wp-caption alignnone\"><img loading=\"lazy\" decoding=\"async\" src=\"https:\/\/www.intoscana.it\/wp-content\/uploads\/WhatsApp-Image-2023-04-23-at-11.20.54.jpeg\" alt=\"\" width=\"2048\" height=\"1536\" \/><figcaption class=\"wp-caption-text\">Il taglio del nastro della Fiera del Madonnino<\/figcaption><\/figure><\/figure>\n<h3>La fiera dell&#8217;agricoltura per eccellenza<\/h3>\n<p>La fiera \u00e8 patrocinata anche dalla Regione Toscana e ieri all&#8217;inaugurazione \u00e8 intervenuta la vicepresidente ed assessore all&#8217;agricoltura della giunta regionale <strong>Stefania Saccardi<\/strong>, assieme all&#8217;assessore all&#8217;economia <strong>Leonardo Marras.<\/strong><\/p>\n<p><em>&#8220;Quella del Madonnino<\/em> &#8211; ha detto la vicepresidente <strong>Saccardi<\/strong> &#8211;<em> non \u00e8 una fiera dell&#8217;agricoltura, ma la fiera dell&#8217;agricoltura in Toscana: un luogo dove le eccellenze, i valori e la qualit\u00e0 di questa regione si mostrano al mondo. Ne siamo dunque fiere ed orgogliosi: ci sono anche le <strong>vacche maremmane,<\/strong> simbolo della tenuta regionale di Alberese&#8221;<\/em>.<\/p>\n<p><em>&#8220;L&#8217;agricoltura<\/em> &#8211; ha aggiunto Saccardi &#8211;<em> vive momenti di difficolt\u00e0 per i cambiamenti climatici. Ma sono certa che sapr\u00e0 reagire nel modo migliore per continuare a dare qualit\u00e0, bellezza e valore alla nostra terra&#8221;.<\/em><\/p>\n","protected":false},"excerpt":{"rendered":"<p>Continua fino al 25 aprile l&#8217;evento dedicato all&#8217;agricoltura, con macchinari agricoli, animali e degustazioni<\/p>\n","protected":false},"author":525,"featured_media":235117,"comment_status":"open","ping_status":"open","sticky":false,"template":"","format":"standard","meta":{"_acf_changed":false,"footnotes":""},"categories":[494],"tags":[363,4583,4769],"class_list":["post-283921","post","type-post","status-publish","format-standard","has-post-thumbnail","hentry","category-attualita","tag-agricoltura","tag-grosseto","tag-stefania-saccardi"],"acf":[],"yoast_head":"<!-- This site is optimized with the Yoast SEO Premium plugin v24.2 (Yoast SEO v25.6) - https:\/\/yoast.com\/wordpress\/plugins\/seo\/ -->\n<title>300 espositori a Grosseto per la Fiera del Madonnino - intoscana<\/title>\n<meta name=\"description\" content=\"Taglio del nastro ieri a Grosseto per la Fiera del Madonnino, il grande evento dedicato all&#039;agricoltura che prosegue fino al 25 aprile.\" \/>\n<meta name=\"robots\" content=\"index, follow, max-snippet:-1, max-image-preview:large, max-video-preview:-1\" \/>\n<link rel=\"canonical\" href=\"https:\/\/www.intoscana.it\/it\/grosseto-fiera-del-madonnino\/\" \/>\n<meta property=\"og:locale\" content=\"it_IT\" \/>\n<meta property=\"og:type\" content=\"article\" \/>\n<meta property=\"og:title\" content=\"300 espositori a Grosseto per la Fiera del Madonnino\" \/>\n<meta property=\"og:description\" content=\"Taglio del nastro ieri a Grosseto per la Fiera del Madonnino, il grande evento dedicato all&#039;agricoltura che prosegue fino al 25 aprile.\" \/>\n<meta property=\"og:url\" content=\"https:\/\/www.intoscana.it\/it\/grosseto-fiera-del-madonnino\/\" \/>\n<meta property=\"og:site_name\" content=\"intoscana\" \/>\n<meta property=\"article:publisher\" content=\"https:\/\/www.facebook.com\/intoscana.it\" \/>\n<meta property=\"article:published_time\" content=\"2023-04-24T08:11:15+00:00\" \/>\n<meta property=\"article:modified_time\" content=\"2023-04-24T08:53:05+00:00\" \/>\n<meta property=\"og:image\" content=\"https:\/\/www.intoscana.it\/wp-content\/uploads\/Mucche-1-scaled.jpg\" \/>\n\t<meta property=\"og:image:width\" content=\"2048\" \/>\n\t<meta property=\"og:image:height\" content=\"1365\" \/>\n\t<meta property=\"og:image:type\" content=\"image\/jpeg\" \/>\n<meta name=\"author\" content=\"Redazione\" \/>\n<meta name=\"twitter:card\" content=\"summary_large_image\" \/>\n<meta name=\"twitter:creator\" content=\"@intoscana\" \/>\n<meta name=\"twitter:site\" content=\"@intoscana\" \/>\n<meta name=\"twitter:label1\" content=\"Written by\" \/>\n\t<meta name=\"twitter:data1\" content=\"Redazione\" \/>\n\t<meta name=\"twitter:label2\" content=\"Est. reading time\" \/>\n\t<meta name=\"twitter:data2\" content=\"1 minuto\" \/>\n<script type=\"application\/ld+json\" class=\"yoast-schema-graph\">{\"@context\":\"https:\/\/schema.org\",\"@graph\":[{\"@type\":\"WebPage\",\"@id\":\"https:\/\/www.intoscana.it\/it\/grosseto-fiera-del-madonnino\/\",\"url\":\"https:\/\/www.intoscana.it\/it\/grosseto-fiera-del-madonnino\/\",\"name\":\"300 espositori a Grosseto per la Fiera del Madonnino - intoscana\",\"isPartOf\":{\"@id\":\"https:\/\/www.intoscana.it\/it\/#website\"},\"primaryImageOfPage\":{\"@id\":\"https:\/\/www.intoscana.it\/it\/grosseto-fiera-del-madonnino\/#primaryimage\"},\"image\":{\"@id\":\"https:\/\/www.intoscana.it\/it\/grosseto-fiera-del-madonnino\/#primaryimage\"},\"thumbnailUrl\":\"https:\/\/www.intoscana.it\/wp-content\/uploads\/Mucche-1-scaled.jpg\",\"datePublished\":\"2023-04-24T08:11:15+00:00\",\"dateModified\":\"2023-04-24T08:53:05+00:00\",\"author\":{\"@id\":\"https:\/\/www.intoscana.it\/it\/#\/schema\/person\/9223810753230f20bd670fdd322661f8\"},\"description\":\"Taglio del nastro ieri a Grosseto per la Fiera del Madonnino, il grande evento dedicato all'agricoltura che prosegue fino al 25 aprile.\",\"breadcrumb\":{\"@id\":\"https:\/\/www.intoscana.it\/it\/grosseto-fiera-del-madonnino\/#breadcrumb\"},\"inLanguage\":\"it-IT\",\"potentialAction\":[{\"@type\":\"ReadAction\",\"target\":[\"https:\/\/www.intoscana.it\/it\/grosseto-fiera-del-madonnino\/\"]}]},{\"@type\":\"ImageObject\",\"inLanguage\":\"it-IT\",\"@id\":\"https:\/\/www.intoscana.it\/it\/grosseto-fiera-del-madonnino\/#primaryimage\",\"url\":\"https:\/\/www.intoscana.it\/wp-content\/uploads\/Mucche-1-scaled.jpg\",\"contentUrl\":\"https:\/\/www.intoscana.it\/wp-content\/uploads\/Mucche-1-scaled.jpg\",\"width\":2048,\"height\":1365},{\"@type\":\"BreadcrumbList\",\"@id\":\"https:\/\/www.intoscana.it\/it\/grosseto-fiera-del-madonnino\/#breadcrumb\",\"itemListElement\":[{\"@type\":\"ListItem\",\"position\":1,\"name\":\"Home\",\"item\":\"https:\/\/www.intoscana.it\/it\/\"},{\"@type\":\"ListItem\",\"position\":2,\"name\":\"300 espositori a Grosseto per la Fiera del Madonnino\"}]},{\"@type\":\"WebSite\",\"@id\":\"https:\/\/www.intoscana.it\/it\/#website\",\"url\":\"https:\/\/www.intoscana.it\/it\/\",\"name\":\"intoscana\",\"description\":\"\",\"potentialAction\":[{\"@type\":\"SearchAction\",\"target\":{\"@type\":\"EntryPoint\",\"urlTemplate\":\"https:\/\/www.intoscana.it\/it\/?s={search_term_string}\"},\"query-input\":{\"@type\":\"PropertyValueSpecification\",\"valueRequired\":true,\"valueName\":\"search_term_string\"}}],\"inLanguage\":\"it-IT\"},{\"@type\":\"Person\",\"@id\":\"https:\/\/www.intoscana.it\/it\/#\/schema\/person\/9223810753230f20bd670fdd322661f8\",\"name\":\"Redazione\",\"url\":\"https:\/\/www.intoscana.it\/it\/author\/redazione\/\"}]}<\/script>\n<!-- \/ Yoast SEO Premium plugin. -->","yoast_head_json":{"title":"300 espositori a Grosseto per la Fiera del Madonnino - intoscana","description":"Taglio del nastro ieri a Grosseto per la Fiera del Madonnino, il grande evento dedicato all'agricoltura che prosegue fino al 25 aprile.","robots":{"index":"index","follow":"follow","max-snippet":"max-snippet:-1","max-image-preview":"max-image-preview:large","max-video-preview":"max-video-preview:-1"},"canonical":"https:\/\/www.intoscana.it\/it\/grosseto-fiera-del-madonnino\/","og_locale":"it_IT","og_type":"article","og_title":"300 espositori a Grosseto per la Fiera del Madonnino","og_description":"Taglio del nastro ieri a Grosseto per la Fiera del Madonnino, il grande evento dedicato all'agricoltura che prosegue fino al 25 aprile.","og_url":"https:\/\/www.intoscana.it\/it\/grosseto-fiera-del-madonnino\/","og_site_name":"intoscana","article_publisher":"https:\/\/www.facebook.com\/intoscana.it","article_published_time":"2023-04-24T08:11:15+00:00","article_modified_time":"2023-04-24T08:53:05+00:00","og_image":[{"width":2048,"height":1365,"url":"https:\/\/www.intoscana.it\/wp-content\/uploads\/Mucche-1-scaled.jpg","type":"image\/jpeg"}],"author":"Redazione","twitter_card":"summary_large_image","twitter_creator":"@intoscana","twitter_site":"@intoscana","twitter_misc":{"Written by":"Redazione","Est. reading time":"1 minuto"},"schema":{"@context":"https:\/\/schema.org","@graph":[{"@type":"WebPage","@id":"https:\/\/www.intoscana.it\/it\/grosseto-fiera-del-madonnino\/","url":"https:\/\/www.intoscana.it\/it\/grosseto-fiera-del-madonnino\/","name":"300 espositori a Grosseto per la Fiera del Madonnino - intoscana","isPartOf":{"@id":"https:\/\/www.intoscana.it\/it\/#website"},"primaryImageOfPage":{"@id":"https:\/\/www.intoscana.it\/it\/grosseto-fiera-del-madonnino\/#primaryimage"},"image":{"@id":"https:\/\/www.intoscana.it\/it\/grosseto-fiera-del-madonnino\/#primaryimage"},"thumbnailUrl":"https:\/\/www.intoscana.it\/wp-content\/uploads\/Mucche-1-scaled.jpg","datePublished":"2023-04-24T08:11:15+00:00","dateModified":"2023-04-24T08:53:05+00:00","author":{"@id":"https:\/\/www.intoscana.it\/it\/#\/schema\/person\/9223810753230f20bd670fdd322661f8"},"description":"Taglio del nastro ieri a Grosseto per la Fiera del Madonnino, il grande evento dedicato all'agricoltura che prosegue fino al 25 aprile.","breadcrumb":{"@id":"https:\/\/www.intoscana.it\/it\/grosseto-fiera-del-madonnino\/#breadcrumb"},"inLanguage":"it-IT","potentialAction":[{"@type":"ReadAction","target":["https:\/\/www.intoscana.it\/it\/grosseto-fiera-del-madonnino\/"]}]},{"@type":"ImageObject","inLanguage":"it-IT","@id":"https:\/\/www.intoscana.it\/it\/grosseto-fiera-del-madonnino\/#primaryimage","url":"https:\/\/www.intoscana.it\/wp-content\/uploads\/Mucche-1-scaled.jpg","contentUrl":"https:\/\/www.intoscana.it\/wp-content\/uploads\/Mucche-1-scaled.jpg","width":2048,"height":1365},{"@type":"BreadcrumbList","@id":"https:\/\/www.intoscana.it\/it\/grosseto-fiera-del-madonnino\/#breadcrumb","itemListElement":[{"@type":"ListItem","position":1,"name":"Home","item":"https:\/\/www.intoscana.it\/it\/"},{"@type":"ListItem","position":2,"name":"300 espositori a Grosseto per la Fiera del Madonnino"}]},{"@type":"WebSite","@id":"https:\/\/www.intoscana.it\/it\/#website","url":"https:\/\/www.intoscana.it\/it\/","name":"intoscana","description":"","potentialAction":[{"@type":"SearchAction","target":{"@type":"EntryPoint","urlTemplate":"https:\/\/www.intoscana.it\/it\/?s={search_term_string}"},"query-input":{"@type":"PropertyValueSpecification","valueRequired":true,"valueName":"search_term_string"}}],"inLanguage":"it-IT"},{"@type":"Person","@id":"https:\/\/www.intoscana.it\/it\/#\/schema\/person\/9223810753230f20bd670fdd322661f8","name":"Redazione","url":"https:\/\/www.intoscana.it\/it\/author\/redazione\/"}]}},"_links":{"self":[{"href":"https:\/\/www.intoscana.it\/it\/wp-json\/wp\/v2\/posts\/283921","targetHints":{"allow":["GET"]}}],"collection":[{"href":"https:\/\/www.intoscana.it\/it\/wp-json\/wp\/v2\/posts"}],"about":[{"href":"https:\/\/www.intoscana.it\/it\/wp-json\/wp\/v2\/types\/post"}],"author":[{"embeddable":true,"href":"https:\/\/www.intoscana.it\/it\/wp-json\/wp\/v2\/users\/525"}],"replies":[{"embeddable":true,"href":"https:\/\/www.intoscana.it\/it\/wp-json\/wp\/v2\/comments?post=283921"}],"version-history":[{"count":0,"href":"https:\/\/www.intoscana.it\/it\/wp-json\/wp\/v2\/posts\/283921\/revisions"}],"wp:featuredmedia":[{"embeddable":true,"href":"https:\/\/www.intoscana.it\/it\/wp-json\/wp\/v2\/media\/235117"}],"wp:attachment":[{"href":"https:\/\/www.intoscana.it\/it\/wp-json\/wp\/v2\/media?parent=283921"}],"wp:term":[{"taxonomy":"category","embeddable":true,"href":"https:\/\/www.intoscana.it\/it\/wp-json\/wp\/v2\/categories?post=283921"},{"taxonomy":"post_tag","embeddable":true,"href":"https:\/\/www.intoscana.it\/it\/wp-json\/wp\/v2\/tags?post=283921"}],"curies":[{"name":"wp","href":"https:\/\/api.w.org\/{rel}","templated":true}]}}