{"id":283942,"date":"2023-04-24T10:24:48","date_gmt":"2023-04-24T08:24:48","guid":{"rendered":"https:\/\/www.intoscana.it\/it\/?p=283942"},"modified":"2023-04-24T10:25:31","modified_gmt":"2023-04-24T08:25:31","slug":"marialina-marcucci-carnevale-viareggio","status":"publish","type":"post","link":"https:\/\/www.intoscana.it\/it\/marialina-marcucci-carnevale-viareggio\/","title":{"rendered":"Marialina Marcucci confermata alla guida del Carnevale di Viareggio"},"content":{"rendered":"<p><strong>Marialina Marcucci<\/strong> viene confermata alla guida del <strong>Carnevale di Viareggio.<\/strong> Il sindaco Giorgio Del Ghingaro ha reso noti ieri i nomi dei componenti del Cda e del Cdi della <strong>Fondazione Carnevale<\/strong> e nei prossimi giorni firmer\u00e0 i decreti di nomina.<\/p>\n<p>I nuovi ingressi sono due nel consiglio di amministrazione, Velia Chiericoni e Paride Pieraccini, e tre per il consiglio di indirizzo, Lorenzo Pagnini, Veronica Ferretti e Manuela Granaiola. Confermati poi Simi e Taccola per il cdi, cos\u00ec come Szorenyi e Guidi per il cda.<\/p>\n<h3>Il nuovo Cda della Fondazione Carnevale<\/h3>\n<p><em>&#8220;Con la scelta dei nuovi componenti della Fondazione si \u00e8 voluto dotare gli organi societari della di nuove energie e competenze per portare avanti gli ambiziosi progetti aperti e disegnarne di nuovi &#8211;<\/em> commenta il sindaco <strong>Giorgio Del Ghingaro<\/strong> &#8211; <mark><em>il Carnevale \u00e8 una delle manifestazioni pi\u00f9 amate dai viareggini e sicuramente una delle pi\u00f9 conosciute a livello internazionale. <\/mark>Non vi aspetta un compito semplice: ma sono certo che saprete affrontarlo con entusiasmo e passione&#8221;.<\/em><\/p>\n<p>I membri del Cda sono, oltre a Maria Lina Marcucci, poi Marco Szorenyi, Monica Guidi, Velia Chiericoni, Paride Pieraccini. Il consiglio di indirizzo \u00e8 invece composto da Beatrice Taccola, <strong>Giampaolo Simi,<\/strong> Lorenzo Pagnini, Veronica Ferretti e Manuela Granaiola.<\/p>\n<p>Quella del 2023 \u00e8 stato un anno da record per il Carnevale di Viareggio, che ha festeggiato la sua<a href=\"https:\/\/www.intoscana.it\/it\/articolo\/carnevale-di-viareggio-edizione-dei-150-anni-da-record-incassi-a-38-milioni-di-euro\/\" target=\"_blank\" rel=\"noopener\"> 150esima edizione<\/a> con una grande partecipazione di pubblico che si \u00e8 tradotta in un incasso complessivo di oltre 3 milioni e 800mila euro per i sei corsi mascherati.<\/p>\n","protected":false},"excerpt":{"rendered":"<p>Il sindaco Giorgio Del Ghingaro ha reso noti i nomi del Cda della Fondazione Carnevale: Marcucci prosegue il suo incarico di presidente<\/p>\n","protected":false},"author":525,"featured_media":270589,"comment_status":"open","ping_status":"open","sticky":false,"template":"","format":"standard","meta":{"_acf_changed":false,"footnotes":""},"categories":[494],"tags":[1533],"class_list":["post-283942","post","type-post","status-publish","format-standard","has-post-thumbnail","hentry","category-attualita","tag-carnevale-di-viareggio"],"acf":[],"yoast_head":"<!-- This site is optimized with the Yoast SEO Premium plugin v24.2 (Yoast SEO v25.6) - https:\/\/yoast.com\/wordpress\/plugins\/seo\/ -->\n<title>Marialina Marcucci confermata alla guida del Carnevale di Viareggio - intoscana<\/title>\n<meta name=\"description\" content=\"Marialina Marcucci \u00e8 stata confermata presidente del Cda della Fondazione Carnevale di Viareggio.\" \/>\n<meta name=\"robots\" content=\"index, follow, max-snippet:-1, max-image-preview:large, max-video-preview:-1\" \/>\n<link rel=\"canonical\" href=\"https:\/\/www.intoscana.it\/it\/marialina-marcucci-carnevale-viareggio\/\" \/>\n<meta property=\"og:locale\" content=\"it_IT\" \/>\n<meta property=\"og:type\" content=\"article\" \/>\n<meta property=\"og:title\" content=\"Marialina Marcucci confermata alla guida del Carnevale di Viareggio\" \/>\n<meta property=\"og:description\" content=\"Marialina Marcucci \u00e8 stata confermata presidente del Cda della Fondazione Carnevale di Viareggio.\" \/>\n<meta property=\"og:url\" content=\"https:\/\/www.intoscana.it\/it\/marialina-marcucci-carnevale-viareggio\/\" \/>\n<meta property=\"og:site_name\" content=\"intoscana\" \/>\n<meta property=\"article:publisher\" content=\"https:\/\/www.facebook.com\/intoscana.it\" \/>\n<meta property=\"article:published_time\" content=\"2023-04-24T08:24:48+00:00\" \/>\n<meta property=\"article:modified_time\" content=\"2023-04-24T08:25:31+00:00\" \/>\n<meta property=\"og:image\" content=\"https:\/\/www.intoscana.it\/wp-content\/uploads\/IMG_0357-scaled.jpeg\" \/>\n\t<meta property=\"og:image:width\" content=\"2048\" \/>\n\t<meta property=\"og:image:height\" content=\"1536\" \/>\n\t<meta property=\"og:image:type\" content=\"image\/jpeg\" \/>\n<meta name=\"author\" content=\"Redazione\" \/>\n<meta name=\"twitter:card\" content=\"summary_large_image\" \/>\n<meta name=\"twitter:creator\" content=\"@intoscana\" \/>\n<meta name=\"twitter:site\" content=\"@intoscana\" \/>\n<meta name=\"twitter:label1\" content=\"Written by\" \/>\n\t<meta name=\"twitter:data1\" content=\"Redazione\" \/>\n\t<meta name=\"twitter:label2\" content=\"Est. reading time\" \/>\n\t<meta name=\"twitter:data2\" content=\"1 minuto\" \/>\n<script type=\"application\/ld+json\" class=\"yoast-schema-graph\">{\"@context\":\"https:\/\/schema.org\",\"@graph\":[{\"@type\":\"WebPage\",\"@id\":\"https:\/\/www.intoscana.it\/it\/marialina-marcucci-carnevale-viareggio\/\",\"url\":\"https:\/\/www.intoscana.it\/it\/marialina-marcucci-carnevale-viareggio\/\",\"name\":\"Marialina Marcucci confermata alla guida del Carnevale di Viareggio - intoscana\",\"isPartOf\":{\"@id\":\"https:\/\/www.intoscana.it\/it\/#website\"},\"primaryImageOfPage\":{\"@id\":\"https:\/\/www.intoscana.it\/it\/marialina-marcucci-carnevale-viareggio\/#primaryimage\"},\"image\":{\"@id\":\"https:\/\/www.intoscana.it\/it\/marialina-marcucci-carnevale-viareggio\/#primaryimage\"},\"thumbnailUrl\":\"https:\/\/www.intoscana.it\/wp-content\/uploads\/IMG_0357-scaled.jpeg\",\"datePublished\":\"2023-04-24T08:24:48+00:00\",\"dateModified\":\"2023-04-24T08:25:31+00:00\",\"author\":{\"@id\":\"https:\/\/www.intoscana.it\/it\/#\/schema\/person\/9223810753230f20bd670fdd322661f8\"},\"description\":\"Marialina Marcucci \u00e8 stata confermata presidente del Cda della Fondazione Carnevale di Viareggio.\",\"breadcrumb\":{\"@id\":\"https:\/\/www.intoscana.it\/it\/marialina-marcucci-carnevale-viareggio\/#breadcrumb\"},\"inLanguage\":\"it-IT\",\"potentialAction\":[{\"@type\":\"ReadAction\",\"target\":[\"https:\/\/www.intoscana.it\/it\/marialina-marcucci-carnevale-viareggio\/\"]}]},{\"@type\":\"ImageObject\",\"inLanguage\":\"it-IT\",\"@id\":\"https:\/\/www.intoscana.it\/it\/marialina-marcucci-carnevale-viareggio\/#primaryimage\",\"url\":\"https:\/\/www.intoscana.it\/wp-content\/uploads\/IMG_0357-scaled.jpeg\",\"contentUrl\":\"https:\/\/www.intoscana.it\/wp-content\/uploads\/IMG_0357-scaled.jpeg\",\"width\":2048,\"height\":1536,\"caption\":\"\u201cUna storia fantastica\u201d di Jacopo Allegrucci al Carnevale di Viareggio 2023\"},{\"@type\":\"BreadcrumbList\",\"@id\":\"https:\/\/www.intoscana.it\/it\/marialina-marcucci-carnevale-viareggio\/#breadcrumb\",\"itemListElement\":[{\"@type\":\"ListItem\",\"position\":1,\"name\":\"Home\",\"item\":\"https:\/\/www.intoscana.it\/it\/\"},{\"@type\":\"ListItem\",\"position\":2,\"name\":\"Marialina Marcucci confermata alla guida del Carnevale di Viareggio\"}]},{\"@type\":\"WebSite\",\"@id\":\"https:\/\/www.intoscana.it\/it\/#website\",\"url\":\"https:\/\/www.intoscana.it\/it\/\",\"name\":\"intoscana\",\"description\":\"\",\"potentialAction\":[{\"@type\":\"SearchAction\",\"target\":{\"@type\":\"EntryPoint\",\"urlTemplate\":\"https:\/\/www.intoscana.it\/it\/?s={search_term_string}\"},\"query-input\":{\"@type\":\"PropertyValueSpecification\",\"valueRequired\":true,\"valueName\":\"search_term_string\"}}],\"inLanguage\":\"it-IT\"},{\"@type\":\"Person\",\"@id\":\"https:\/\/www.intoscana.it\/it\/#\/schema\/person\/9223810753230f20bd670fdd322661f8\",\"name\":\"Redazione\",\"url\":\"https:\/\/www.intoscana.it\/it\/author\/redazione\/\"}]}<\/script>\n<!-- \/ Yoast SEO Premium plugin. -->","yoast_head_json":{"title":"Marialina Marcucci confermata alla guida del Carnevale di Viareggio - intoscana","description":"Marialina Marcucci \u00e8 stata confermata presidente del Cda della Fondazione Carnevale di Viareggio.","robots":{"index":"index","follow":"follow","max-snippet":"max-snippet:-1","max-image-preview":"max-image-preview:large","max-video-preview":"max-video-preview:-1"},"canonical":"https:\/\/www.intoscana.it\/it\/marialina-marcucci-carnevale-viareggio\/","og_locale":"it_IT","og_type":"article","og_title":"Marialina Marcucci confermata alla guida del Carnevale di Viareggio","og_description":"Marialina Marcucci \u00e8 stata confermata presidente del Cda della Fondazione Carnevale di Viareggio.","og_url":"https:\/\/www.intoscana.it\/it\/marialina-marcucci-carnevale-viareggio\/","og_site_name":"intoscana","article_publisher":"https:\/\/www.facebook.com\/intoscana.it","article_published_time":"2023-04-24T08:24:48+00:00","article_modified_time":"2023-04-24T08:25:31+00:00","og_image":[{"width":2048,"height":1536,"url":"https:\/\/www.intoscana.it\/wp-content\/uploads\/IMG_0357-scaled.jpeg","type":"image\/jpeg"}],"author":"Redazione","twitter_card":"summary_large_image","twitter_creator":"@intoscana","twitter_site":"@intoscana","twitter_misc":{"Written by":"Redazione","Est. reading time":"1 minuto"},"schema":{"@context":"https:\/\/schema.org","@graph":[{"@type":"WebPage","@id":"https:\/\/www.intoscana.it\/it\/marialina-marcucci-carnevale-viareggio\/","url":"https:\/\/www.intoscana.it\/it\/marialina-marcucci-carnevale-viareggio\/","name":"Marialina Marcucci confermata alla guida del Carnevale di Viareggio - intoscana","isPartOf":{"@id":"https:\/\/www.intoscana.it\/it\/#website"},"primaryImageOfPage":{"@id":"https:\/\/www.intoscana.it\/it\/marialina-marcucci-carnevale-viareggio\/#primaryimage"},"image":{"@id":"https:\/\/www.intoscana.it\/it\/marialina-marcucci-carnevale-viareggio\/#primaryimage"},"thumbnailUrl":"https:\/\/www.intoscana.it\/wp-content\/uploads\/IMG_0357-scaled.jpeg","datePublished":"2023-04-24T08:24:48+00:00","dateModified":"2023-04-24T08:25:31+00:00","author":{"@id":"https:\/\/www.intoscana.it\/it\/#\/schema\/person\/9223810753230f20bd670fdd322661f8"},"description":"Marialina Marcucci \u00e8 stata confermata presidente del Cda della Fondazione Carnevale di Viareggio.","breadcrumb":{"@id":"https:\/\/www.intoscana.it\/it\/marialina-marcucci-carnevale-viareggio\/#breadcrumb"},"inLanguage":"it-IT","potentialAction":[{"@type":"ReadAction","target":["https:\/\/www.intoscana.it\/it\/marialina-marcucci-carnevale-viareggio\/"]}]},{"@type":"ImageObject","inLanguage":"it-IT","@id":"https:\/\/www.intoscana.it\/it\/marialina-marcucci-carnevale-viareggio\/#primaryimage","url":"https:\/\/www.intoscana.it\/wp-content\/uploads\/IMG_0357-scaled.jpeg","contentUrl":"https:\/\/www.intoscana.it\/wp-content\/uploads\/IMG_0357-scaled.jpeg","width":2048,"height":1536,"caption":"\u201cUna storia fantastica\u201d di Jacopo Allegrucci al Carnevale di Viareggio 2023"},{"@type":"BreadcrumbList","@id":"https:\/\/www.intoscana.it\/it\/marialina-marcucci-carnevale-viareggio\/#breadcrumb","itemListElement":[{"@type":"ListItem","position":1,"name":"Home","item":"https:\/\/www.intoscana.it\/it\/"},{"@type":"ListItem","position":2,"name":"Marialina Marcucci confermata alla guida del Carnevale di Viareggio"}]},{"@type":"WebSite","@id":"https:\/\/www.intoscana.it\/it\/#website","url":"https:\/\/www.intoscana.it\/it\/","name":"intoscana","description":"","potentialAction":[{"@type":"SearchAction","target":{"@type":"EntryPoint","urlTemplate":"https:\/\/www.intoscana.it\/it\/?s={search_term_string}"},"query-input":{"@type":"PropertyValueSpecification","valueRequired":true,"valueName":"search_term_string"}}],"inLanguage":"it-IT"},{"@type":"Person","@id":"https:\/\/www.intoscana.it\/it\/#\/schema\/person\/9223810753230f20bd670fdd322661f8","name":"Redazione","url":"https:\/\/www.intoscana.it\/it\/author\/redazione\/"}]}},"_links":{"self":[{"href":"https:\/\/www.intoscana.it\/it\/wp-json\/wp\/v2\/posts\/283942","targetHints":{"allow":["GET"]}}],"collection":[{"href":"https:\/\/www.intoscana.it\/it\/wp-json\/wp\/v2\/posts"}],"about":[{"href":"https:\/\/www.intoscana.it\/it\/wp-json\/wp\/v2\/types\/post"}],"author":[{"embeddable":true,"href":"https:\/\/www.intoscana.it\/it\/wp-json\/wp\/v2\/users\/525"}],"replies":[{"embeddable":true,"href":"https:\/\/www.intoscana.it\/it\/wp-json\/wp\/v2\/comments?post=283942"}],"version-history":[{"count":0,"href":"https:\/\/www.intoscana.it\/it\/wp-json\/wp\/v2\/posts\/283942\/revisions"}],"wp:featuredmedia":[{"embeddable":true,"href":"https:\/\/www.intoscana.it\/it\/wp-json\/wp\/v2\/media\/270589"}],"wp:attachment":[{"href":"https:\/\/www.intoscana.it\/it\/wp-json\/wp\/v2\/media?parent=283942"}],"wp:term":[{"taxonomy":"category","embeddable":true,"href":"https:\/\/www.intoscana.it\/it\/wp-json\/wp\/v2\/categories?post=283942"},{"taxonomy":"post_tag","embeddable":true,"href":"https:\/\/www.intoscana.it\/it\/wp-json\/wp\/v2\/tags?post=283942"}],"curies":[{"name":"wp","href":"https:\/\/api.w.org\/{rel}","templated":true}]}}