{"id":284133,"date":"2023-04-26T10:03:04","date_gmt":"2023-04-26T08:03:04","guid":{"rendered":"https:\/\/www.intoscana.it\/it\/?p=284133"},"modified":"2023-04-27T11:41:02","modified_gmt":"2023-04-27T09:41:02","slug":"covid-sono-67-i-nuovi-casi-due-i-decessi","status":"publish","type":"post","link":"https:\/\/www.intoscana.it\/it\/covid-sono-67-i-nuovi-casi-due-i-decessi\/","title":{"rendered":"Covid, sono 67 i nuovi casi. Due i decessi"},"content":{"rendered":"<p>Sono<strong> 67<\/strong> i nuovi casi di Covid-19 registrati nelle ultime ventiquattro ore in Toscana: 15 sono stati confermati con tampone molecolare e gli altri 52 con test rapido.<\/p>\n<p><mark>Il numero dei contagiati rilevati nella regione dall&#8217;inizio della pandemia sale dunque a 1.599.947. I nuovi casi sono lo 0,00% in pi\u00f9 rispetto al totale del giorno precedente<\/mark>. I guariti crescono dello 0,00% (43 persone) e raggiungono quota 1.582.177 (98,9% dei casi totali).<\/p>\n<p>Al momento in Toscana risultano pertanto 6.075 positivi, +0,4% rispetto a ieri. Di questi 182 (2 in meno rispetto a ieri) sono ricoverati in ospedale: 5 (1 in pi\u00f9) si trovano in terapia intensiva.<\/p>\n<p>Dall&#8217;ultimo bollettino quotidiano sono stati eseguiti 126 tamponi molecolari e 640 tamponi antigenici rapidi: di questi l&#8217;8,7% \u00e8 risultato positivo. Sono invece 128 i soggetti testati, escludendo i tamponi di controllo: il 52,3% di questi \u00e8 risultato positivo.<\/p>\n<h3>L&#8217;andamento per provincia<\/h3>\n<p>Con gli ultimi casi salgono a 428.344 i positivi dall&#8217;inizio dell&#8217;emergenza nei comuni della Citt\u00e0 metropolitana di Firenze (16 in pi\u00f9 rispetto a ieri), 104.129 in provincia di Prato (3 in pi\u00f9), 123.940 a Pistoia (3 in pi\u00f9), 83.727 a Massa Carrara (1 in pi\u00f9), 174.336 a Lucca (6 in pi\u00f9), 187.256 a Pisa (4 in pi\u00f9), 147.569 a Livorno (6 in pi\u00f9), 144.571 ad Arezzo (12 in pi\u00f9), 114.816 a Siena (7 in pi\u00f9) e 89.922 a Grosseto (9 in pi\u00f9). A questi vanno aggiunti 569 casi di positivit\u00e0 notificati in Toscana ma che riguardano residenti in altre regioni.<\/p>\n<p>La Toscana ha circa <strong>43.676<\/strong> casi complessivi ogni 100.000 abitanti dall&#8217;inizio della pandemia (tra residenti e non residenti). Al momento la provincia di notifica con il tasso pi\u00f9 alto \u00e9 Lucca (con 45.582 casi ogni 100 mila abitanti), seguita da Livorno (45.092) e Pisa (44.901). La pi\u00f9 bassa concentrazione si riscontra a Prato (con un tasso di 40.341).<\/p>\n<p>In 5.893 sono in isolamento a casa, perch\u00e9 presentano sintomi lievi che non richiedono cure ospedaliere o risultano prive di sintomi (24 in pi\u00f9 rispetto a ieri, pi\u00f9 0,4%).<\/p>\n<p>I 1.582.177 guariti registrati a oggi lo sono a tutti gli effetti, da un punto di vista virale, certificati con tampone negativo.<\/p>\n<h3>I decessi<\/h3>\n<p>La lista dei decessi si aggiorna con <strong>2 nuovi decessi:<\/strong> un uomo e una donna con un&#8217;et\u00e0 media di 75,5 anni.<\/p>\n<p>Relativamente alla provincia di residenza, le persone decedute sono: 1 a Pisa, 1 a Livorno.<\/p>\n<p>Sono 11.695 i deceduti dall&#8217;inizio dell&#8217;epidemia: 3.699 nella Citt\u00e0 metropolitana di Firenze, 950 in provincia di Prato, 1.040 a Pistoia, 719 a Massa Carrara, 1.073 a Lucca, 1.304 a Pisa, 878 a Livorno, 761 ad Arezzo, 668 a Siena, 430 a Grosseto. Vanno aggiunte 173 persone decedute sul suolo toscano ma erano residenti fuori regione.<\/p>\n<p>Il tasso grezzo di mortalit\u00e0 per Covid-19 (numero di deceduti\/popolazione residente) \u00e8 al momento 319,3 ogni 100 mila residenti. Per quanto riguarda le province, il tasso di mortalit\u00e0 pi\u00f9 alto si riscontra a Massa Carrara (381,5 ogni 100 mila abitanti), seguita da Firenze (374,7 x100.000) e Prato (368,0 x100.000), mentre il pi\u00f9 basso \u00e8 a Grosseto (198,1 x100.000).<\/p>\n","protected":false},"excerpt":{"rendered":"<p>Al momento in Toscana risultano pertanto 6.075 positivi, +0,4% rispetto a ieri. Di questi 182 (2 in meno rispetto a ieri) sono ricoverati in ospedale: 5 (1 in pi\u00f9) si trovano in terapia intensiva<\/p>\n","protected":false},"author":525,"featured_media":260000,"comment_status":"open","ping_status":"open","sticky":false,"template":"","format":"standard","meta":{"_acf_changed":false,"footnotes":""},"categories":[494],"tags":[4809,272,349],"class_list":["post-284133","post","type-post","status-publish","format-standard","has-post-thumbnail","hentry","category-attualita","tag-covid","tag-salute-e-benessere","tag-sanita"],"acf":[],"yoast_head":"<!-- This site is optimized with the Yoast SEO Premium plugin v24.2 (Yoast SEO v25.6) - https:\/\/yoast.com\/wordpress\/plugins\/seo\/ -->\n<title>Covid, sono 67 i nuovi casi. Due i decessi - intoscana<\/title>\n<meta name=\"description\" content=\"Al momento in Toscana risultano 6.075 positivi. Di questi 182 (2 in meno rispetto a ieri) sono ricoverati in ospedale\" \/>\n<meta name=\"robots\" content=\"index, follow, max-snippet:-1, max-image-preview:large, max-video-preview:-1\" \/>\n<link rel=\"canonical\" href=\"https:\/\/www.intoscana.it\/it\/covid-sono-67-i-nuovi-casi-due-i-decessi\/\" \/>\n<meta property=\"og:locale\" content=\"it_IT\" \/>\n<meta property=\"og:type\" content=\"article\" \/>\n<meta property=\"og:title\" content=\"Covid, sono 67 i nuovi casi. Due i decessi\" \/>\n<meta property=\"og:description\" content=\"Al momento in Toscana risultano 6.075 positivi. Di questi 182 (2 in meno rispetto a ieri) sono ricoverati in ospedale\" \/>\n<meta property=\"og:url\" content=\"https:\/\/www.intoscana.it\/it\/covid-sono-67-i-nuovi-casi-due-i-decessi\/\" \/>\n<meta property=\"og:site_name\" content=\"intoscana\" \/>\n<meta property=\"article:publisher\" content=\"https:\/\/www.facebook.com\/intoscana.it\" \/>\n<meta property=\"article:published_time\" content=\"2023-04-26T08:03:04+00:00\" \/>\n<meta property=\"article:modified_time\" content=\"2023-04-27T09:41:02+00:00\" \/>\n<meta property=\"og:image\" content=\"https:\/\/www.intoscana.it\/wp-content\/uploads\/antigen-6939138_1920.jpg\" \/>\n\t<meta property=\"og:image:width\" content=\"1920\" \/>\n\t<meta property=\"og:image:height\" content=\"1081\" \/>\n\t<meta property=\"og:image:type\" content=\"image\/jpeg\" \/>\n<meta name=\"author\" content=\"Redazione\" \/>\n<meta name=\"twitter:card\" content=\"summary_large_image\" \/>\n<meta name=\"twitter:creator\" content=\"@intoscana\" \/>\n<meta name=\"twitter:site\" content=\"@intoscana\" \/>\n<meta name=\"twitter:label1\" content=\"Written by\" \/>\n\t<meta name=\"twitter:data1\" content=\"Redazione\" \/>\n\t<meta name=\"twitter:label2\" content=\"Est. reading time\" \/>\n\t<meta name=\"twitter:data2\" content=\"2 minuti\" \/>\n<script type=\"application\/ld+json\" class=\"yoast-schema-graph\">{\"@context\":\"https:\/\/schema.org\",\"@graph\":[{\"@type\":\"WebPage\",\"@id\":\"https:\/\/www.intoscana.it\/it\/covid-sono-67-i-nuovi-casi-due-i-decessi\/\",\"url\":\"https:\/\/www.intoscana.it\/it\/covid-sono-67-i-nuovi-casi-due-i-decessi\/\",\"name\":\"Covid, sono 67 i nuovi casi. Due i decessi - intoscana\",\"isPartOf\":{\"@id\":\"https:\/\/www.intoscana.it\/it\/#website\"},\"primaryImageOfPage\":{\"@id\":\"https:\/\/www.intoscana.it\/it\/covid-sono-67-i-nuovi-casi-due-i-decessi\/#primaryimage\"},\"image\":{\"@id\":\"https:\/\/www.intoscana.it\/it\/covid-sono-67-i-nuovi-casi-due-i-decessi\/#primaryimage\"},\"thumbnailUrl\":\"https:\/\/www.intoscana.it\/wp-content\/uploads\/antigen-6939138_1920.jpg\",\"datePublished\":\"2023-04-26T08:03:04+00:00\",\"dateModified\":\"2023-04-27T09:41:02+00:00\",\"author\":{\"@id\":\"https:\/\/www.intoscana.it\/it\/#\/schema\/person\/9223810753230f20bd670fdd322661f8\"},\"description\":\"Al momento in Toscana risultano 6.075 positivi. Di questi 182 (2 in meno rispetto a ieri) sono ricoverati in ospedale\",\"breadcrumb\":{\"@id\":\"https:\/\/www.intoscana.it\/it\/covid-sono-67-i-nuovi-casi-due-i-decessi\/#breadcrumb\"},\"inLanguage\":\"it-IT\",\"potentialAction\":[{\"@type\":\"ReadAction\",\"target\":[\"https:\/\/www.intoscana.it\/it\/covid-sono-67-i-nuovi-casi-due-i-decessi\/\"]}]},{\"@type\":\"ImageObject\",\"inLanguage\":\"it-IT\",\"@id\":\"https:\/\/www.intoscana.it\/it\/covid-sono-67-i-nuovi-casi-due-i-decessi\/#primaryimage\",\"url\":\"https:\/\/www.intoscana.it\/wp-content\/uploads\/antigen-6939138_1920.jpg\",\"contentUrl\":\"https:\/\/www.intoscana.it\/wp-content\/uploads\/antigen-6939138_1920.jpg\",\"width\":1920,\"height\":1081,\"caption\":\"Un test rapido per il Covid-19\"},{\"@type\":\"BreadcrumbList\",\"@id\":\"https:\/\/www.intoscana.it\/it\/covid-sono-67-i-nuovi-casi-due-i-decessi\/#breadcrumb\",\"itemListElement\":[{\"@type\":\"ListItem\",\"position\":1,\"name\":\"Home\",\"item\":\"https:\/\/www.intoscana.it\/it\/\"},{\"@type\":\"ListItem\",\"position\":2,\"name\":\"Covid, sono 67 i nuovi casi. Due i decessi\"}]},{\"@type\":\"WebSite\",\"@id\":\"https:\/\/www.intoscana.it\/it\/#website\",\"url\":\"https:\/\/www.intoscana.it\/it\/\",\"name\":\"intoscana\",\"description\":\"\",\"potentialAction\":[{\"@type\":\"SearchAction\",\"target\":{\"@type\":\"EntryPoint\",\"urlTemplate\":\"https:\/\/www.intoscana.it\/it\/?s={search_term_string}\"},\"query-input\":{\"@type\":\"PropertyValueSpecification\",\"valueRequired\":true,\"valueName\":\"search_term_string\"}}],\"inLanguage\":\"it-IT\"},{\"@type\":\"Person\",\"@id\":\"https:\/\/www.intoscana.it\/it\/#\/schema\/person\/9223810753230f20bd670fdd322661f8\",\"name\":\"Redazione\",\"url\":\"https:\/\/www.intoscana.it\/it\/author\/redazione\/\"}]}<\/script>\n<!-- \/ Yoast SEO Premium plugin. -->","yoast_head_json":{"title":"Covid, sono 67 i nuovi casi. Due i decessi - intoscana","description":"Al momento in Toscana risultano 6.075 positivi. Di questi 182 (2 in meno rispetto a ieri) sono ricoverati in ospedale","robots":{"index":"index","follow":"follow","max-snippet":"max-snippet:-1","max-image-preview":"max-image-preview:large","max-video-preview":"max-video-preview:-1"},"canonical":"https:\/\/www.intoscana.it\/it\/covid-sono-67-i-nuovi-casi-due-i-decessi\/","og_locale":"it_IT","og_type":"article","og_title":"Covid, sono 67 i nuovi casi. Due i decessi","og_description":"Al momento in Toscana risultano 6.075 positivi. Di questi 182 (2 in meno rispetto a ieri) sono ricoverati in ospedale","og_url":"https:\/\/www.intoscana.it\/it\/covid-sono-67-i-nuovi-casi-due-i-decessi\/","og_site_name":"intoscana","article_publisher":"https:\/\/www.facebook.com\/intoscana.it","article_published_time":"2023-04-26T08:03:04+00:00","article_modified_time":"2023-04-27T09:41:02+00:00","og_image":[{"width":1920,"height":1081,"url":"https:\/\/www.intoscana.it\/wp-content\/uploads\/antigen-6939138_1920.jpg","type":"image\/jpeg"}],"author":"Redazione","twitter_card":"summary_large_image","twitter_creator":"@intoscana","twitter_site":"@intoscana","twitter_misc":{"Written by":"Redazione","Est. reading time":"2 minuti"},"schema":{"@context":"https:\/\/schema.org","@graph":[{"@type":"WebPage","@id":"https:\/\/www.intoscana.it\/it\/covid-sono-67-i-nuovi-casi-due-i-decessi\/","url":"https:\/\/www.intoscana.it\/it\/covid-sono-67-i-nuovi-casi-due-i-decessi\/","name":"Covid, sono 67 i nuovi casi. Due i decessi - intoscana","isPartOf":{"@id":"https:\/\/www.intoscana.it\/it\/#website"},"primaryImageOfPage":{"@id":"https:\/\/www.intoscana.it\/it\/covid-sono-67-i-nuovi-casi-due-i-decessi\/#primaryimage"},"image":{"@id":"https:\/\/www.intoscana.it\/it\/covid-sono-67-i-nuovi-casi-due-i-decessi\/#primaryimage"},"thumbnailUrl":"https:\/\/www.intoscana.it\/wp-content\/uploads\/antigen-6939138_1920.jpg","datePublished":"2023-04-26T08:03:04+00:00","dateModified":"2023-04-27T09:41:02+00:00","author":{"@id":"https:\/\/www.intoscana.it\/it\/#\/schema\/person\/9223810753230f20bd670fdd322661f8"},"description":"Al momento in Toscana risultano 6.075 positivi. Di questi 182 (2 in meno rispetto a ieri) sono ricoverati in ospedale","breadcrumb":{"@id":"https:\/\/www.intoscana.it\/it\/covid-sono-67-i-nuovi-casi-due-i-decessi\/#breadcrumb"},"inLanguage":"it-IT","potentialAction":[{"@type":"ReadAction","target":["https:\/\/www.intoscana.it\/it\/covid-sono-67-i-nuovi-casi-due-i-decessi\/"]}]},{"@type":"ImageObject","inLanguage":"it-IT","@id":"https:\/\/www.intoscana.it\/it\/covid-sono-67-i-nuovi-casi-due-i-decessi\/#primaryimage","url":"https:\/\/www.intoscana.it\/wp-content\/uploads\/antigen-6939138_1920.jpg","contentUrl":"https:\/\/www.intoscana.it\/wp-content\/uploads\/antigen-6939138_1920.jpg","width":1920,"height":1081,"caption":"Un test rapido per il Covid-19"},{"@type":"BreadcrumbList","@id":"https:\/\/www.intoscana.it\/it\/covid-sono-67-i-nuovi-casi-due-i-decessi\/#breadcrumb","itemListElement":[{"@type":"ListItem","position":1,"name":"Home","item":"https:\/\/www.intoscana.it\/it\/"},{"@type":"ListItem","position":2,"name":"Covid, sono 67 i nuovi casi. Due i decessi"}]},{"@type":"WebSite","@id":"https:\/\/www.intoscana.it\/it\/#website","url":"https:\/\/www.intoscana.it\/it\/","name":"intoscana","description":"","potentialAction":[{"@type":"SearchAction","target":{"@type":"EntryPoint","urlTemplate":"https:\/\/www.intoscana.it\/it\/?s={search_term_string}"},"query-input":{"@type":"PropertyValueSpecification","valueRequired":true,"valueName":"search_term_string"}}],"inLanguage":"it-IT"},{"@type":"Person","@id":"https:\/\/www.intoscana.it\/it\/#\/schema\/person\/9223810753230f20bd670fdd322661f8","name":"Redazione","url":"https:\/\/www.intoscana.it\/it\/author\/redazione\/"}]}},"_links":{"self":[{"href":"https:\/\/www.intoscana.it\/it\/wp-json\/wp\/v2\/posts\/284133","targetHints":{"allow":["GET"]}}],"collection":[{"href":"https:\/\/www.intoscana.it\/it\/wp-json\/wp\/v2\/posts"}],"about":[{"href":"https:\/\/www.intoscana.it\/it\/wp-json\/wp\/v2\/types\/post"}],"author":[{"embeddable":true,"href":"https:\/\/www.intoscana.it\/it\/wp-json\/wp\/v2\/users\/525"}],"replies":[{"embeddable":true,"href":"https:\/\/www.intoscana.it\/it\/wp-json\/wp\/v2\/comments?post=284133"}],"version-history":[{"count":0,"href":"https:\/\/www.intoscana.it\/it\/wp-json\/wp\/v2\/posts\/284133\/revisions"}],"wp:featuredmedia":[{"embeddable":true,"href":"https:\/\/www.intoscana.it\/it\/wp-json\/wp\/v2\/media\/260000"}],"wp:attachment":[{"href":"https:\/\/www.intoscana.it\/it\/wp-json\/wp\/v2\/media?parent=284133"}],"wp:term":[{"taxonomy":"category","embeddable":true,"href":"https:\/\/www.intoscana.it\/it\/wp-json\/wp\/v2\/categories?post=284133"},{"taxonomy":"post_tag","embeddable":true,"href":"https:\/\/www.intoscana.it\/it\/wp-json\/wp\/v2\/tags?post=284133"}],"curies":[{"name":"wp","href":"https:\/\/api.w.org\/{rel}","templated":true}]}}