{"id":284179,"date":"2023-04-26T14:43:29","date_gmt":"2023-04-26T12:43:29","guid":{"rendered":"https:\/\/www.intoscana.it\/it\/?p=284179"},"modified":"2023-04-26T14:44:11","modified_gmt":"2023-04-26T12:44:11","slug":"oscura-e-celeste-marco-malvaldi","status":"publish","type":"post","link":"https:\/\/www.intoscana.it\/it\/oscura-e-celeste-marco-malvaldi\/","title":{"rendered":"Oscura e celeste: Marco Malvaldi torna al giallo storico con un omaggio a Galileo"},"content":{"rendered":"<p><strong>Marco Malvaldi<\/strong> torna al giallo storico con <strong>&#8220;Oscura e celeste&#8221;,<\/strong> il suo nuovo romanzo che esce oggi per Giunti dove lo scrittore pisano rende omaggio a <strong>Galileo Galilei,<\/strong> il padre della scienza moderna, dopo il successo de &#8220;La misura dell&#8217;uomo&#8221;, incentrato su Leonardo da Vinci, che ha venduto oltre 100mila copie ed \u00e8 stato tradotto in venti Paesi.<\/p>\n<p>\u00c8 il 1631, l&#8217;Europa in guerra e le risorse scarseggiano, mentre a Firenze infuria la peste. Il Granduca d\u00e0 disposizioni per limitare i contagi ma c\u2019\u00e8 chi sa trarre beneficio dalle situazioni di emergenza. <mark>Galileo infatti sta per pubblicare il &#8220;Dialogo sopra i due massimi sistemi del mondo&#8221;, la sua opera scritta in volgare per divulgare a tutti, anche a chi non legge in latino, la sua scoperta pi\u00f9 importante:<\/mark> al centro dell&#8217;universo non c&#8217;\u00e8 l&#8217;uomo con i suoi dogmi, come dice la Chiesa, ma il Sole.<\/p>\n<h3>I misteri del convento di San Matteo in Arcetri<\/h3>\n<p>Con la scusa della pandemia il &#8220;filosofo naturale&#8221; Galileo riesce ad eludere i controlli dell<strong>&#8216;Inquisizione<\/strong> e a stampare il suo libro a Firenze, invece che a Roma. Ma il matematico ha un altro problema: la sua vista ogni giorno \u00e8 sempre pi\u00f9 appannata ed \u00e8 la sua figlia preferita Virginia, che ha preso il velo nel <strong>convento fiorentino di San Matteo in Arcetri<\/strong> diventando Suor Maria Celeste, ad aiutarlo a trascrivere le minute del suo &#8220;Dialogo&#8221;. Nello stesso convento si trova anche l&#8217;altra figlia di Galileo, Livia diventata Suor Arcangela, che a differenza della sorella \u00e8 stata costretta a prendere i voti dal padre e non \u00e8 affatto contenta della vita monacale.<\/p>\n<figure id=\"post-284186 media-284186\" class=\"align-none\"><img decoding=\"async\" src=\"https:\/\/www.intoscana.it\/wp-content\/uploads\/cop_piatto_Oscura-e-celeste-scaled.jpg\" alt=\"\" \/><\/figure>\n<div class=\"titleimg\"><\/div>\n<p>Fin qui Malvaldi si attiene alle vicende storiche realmente accadute, testimoniate anche dalle lettere che Galileo si scambiava quotidianamente con la figlia Virginia. I due non si scrissero soltanto tra <strong>tra il 1631 e il 1632<\/strong>, perch\u00e9 appunto si vedevano tutti i giorni, abitando Galileo vicino al convento di Arcetri: lo scrittore sfrutta proprio questo intervallo per immaginare un Galileo che diventa anche investigatore.<\/p>\n<h3>Il Galileo di Malvaldi: un toscano verace<\/h3>\n<p>In &#8220;Oscura e celeste&#8221; infatti San Matteo in Arcetri non \u00e8 solo un tranquillo luogo di preghiera, ma il teatro di eventi strani: in alcune celle il lume rimane acceso ben oltre il tempo consentito, le monache ricevono visitatori e una notte si sente il tonfo di un corpo che cade. <mark><\/mark>Galileo, che con il suo cannocchiale ha scoperto i satelliti di Giove e le fasi di Venere, si ritrover\u00e0 cos\u00ec a dover portare alla luce un mistero,<mark><\/mark> ma nulla pu\u00f2 fermarlo perch\u00e9 lui sa che ogni cosa illuminata ha una parte oscura: sta a noi capire da che lato osservarla.<\/p>\n<p>Malvaldi traccia cos\u00ec a un Galileo vivido, che \u00e8 un toscano verace, <strong>amante del vino<\/strong> e della tavola, incline alle facezie ma capace di volgere il proprio straordinario ingegno alla <strong>conoscenza,<\/strong> consegnandoci gli strumenti attraverso cui pensare il futuro.<\/p>\n","protected":false},"excerpt":{"rendered":"<p>Esce per Giunti il nuovo romanzo dello scrittore pisano che riporta in vita il padre della scienza moderna, alle prese con un mistero da risolvere nel convento fiorentino dove ha preso i voti sua figlia, Suor Maria Celeste<\/p>\n","protected":false},"author":502,"featured_media":284181,"comment_status":"open","ping_status":"open","sticky":false,"template":"","format":"standard","meta":{"_acf_changed":false,"footnotes":""},"categories":[493],"tags":[5398,210,3653],"class_list":["post-284179","post","type-post","status-publish","format-standard","has-post-thumbnail","hentry","category-cultura","tag-galileo-galilei","tag-libri","tag-scrittori-toscani"],"acf":[],"yoast_head":"<!-- This site is optimized with the Yoast SEO Premium plugin v24.2 (Yoast SEO v25.6) - https:\/\/yoast.com\/wordpress\/plugins\/seo\/ -->\n<title>Oscura e celeste: Marco Malvaldi torna al giallo storico con un omaggio a Galileo - intoscana<\/title>\n<meta name=\"description\" content=\"Il nuovo romanzo di Marco Malvaldi &quot;Oscura e celeste&quot; (Giunti) \u00e8 un giallo storico che omaggia la figura di Galileo Galilei.\" \/>\n<meta name=\"robots\" content=\"index, follow, max-snippet:-1, max-image-preview:large, max-video-preview:-1\" \/>\n<link rel=\"canonical\" href=\"https:\/\/www.intoscana.it\/it\/oscura-e-celeste-marco-malvaldi\/\" \/>\n<meta property=\"og:locale\" content=\"it_IT\" \/>\n<meta property=\"og:type\" content=\"article\" \/>\n<meta property=\"og:title\" content=\"Oscura e celeste: Marco Malvaldi torna al giallo storico con un omaggio a Galileo\" \/>\n<meta property=\"og:description\" content=\"Il nuovo romanzo di Marco Malvaldi &quot;Oscura e celeste&quot; (Giunti) \u00e8 un giallo storico che omaggia la figura di Galileo Galilei.\" \/>\n<meta property=\"og:url\" content=\"https:\/\/www.intoscana.it\/it\/oscura-e-celeste-marco-malvaldi\/\" \/>\n<meta property=\"og:site_name\" content=\"intoscana\" \/>\n<meta property=\"article:publisher\" content=\"https:\/\/www.facebook.com\/intoscana.it\" \/>\n<meta property=\"article:published_time\" content=\"2023-04-26T12:43:29+00:00\" \/>\n<meta property=\"article:modified_time\" content=\"2023-04-26T12:44:11+00:00\" \/>\n<meta property=\"og:image\" content=\"https:\/\/www.intoscana.it\/wp-content\/uploads\/IMG_3416-scaled.jpg\" \/>\n\t<meta property=\"og:image:width\" content=\"2048\" \/>\n\t<meta property=\"og:image:height\" content=\"1152\" \/>\n\t<meta property=\"og:image:type\" content=\"image\/jpeg\" \/>\n<meta name=\"author\" content=\"Ilaria Giannini\" \/>\n<meta name=\"twitter:card\" content=\"summary_large_image\" \/>\n<meta name=\"twitter:creator\" content=\"@i.giannini@fst.it\" \/>\n<meta name=\"twitter:site\" content=\"@intoscana\" \/>\n<meta name=\"twitter:label1\" content=\"Written by\" \/>\n\t<meta name=\"twitter:data1\" content=\"Ilaria Giannini\" \/>\n\t<meta name=\"twitter:label2\" content=\"Est. reading time\" \/>\n\t<meta name=\"twitter:data2\" content=\"2 minuti\" \/>\n<script type=\"application\/ld+json\" class=\"yoast-schema-graph\">{\"@context\":\"https:\/\/schema.org\",\"@graph\":[{\"@type\":\"WebPage\",\"@id\":\"https:\/\/www.intoscana.it\/it\/oscura-e-celeste-marco-malvaldi\/\",\"url\":\"https:\/\/www.intoscana.it\/it\/oscura-e-celeste-marco-malvaldi\/\",\"name\":\"Oscura e celeste: Marco Malvaldi torna al giallo storico con un omaggio a Galileo - intoscana\",\"isPartOf\":{\"@id\":\"https:\/\/www.intoscana.it\/it\/#website\"},\"primaryImageOfPage\":{\"@id\":\"https:\/\/www.intoscana.it\/it\/oscura-e-celeste-marco-malvaldi\/#primaryimage\"},\"image\":{\"@id\":\"https:\/\/www.intoscana.it\/it\/oscura-e-celeste-marco-malvaldi\/#primaryimage\"},\"thumbnailUrl\":\"https:\/\/www.intoscana.it\/wp-content\/uploads\/IMG_3416-scaled.jpg\",\"datePublished\":\"2023-04-26T12:43:29+00:00\",\"dateModified\":\"2023-04-26T12:44:11+00:00\",\"author\":{\"@id\":\"https:\/\/www.intoscana.it\/it\/#\/schema\/person\/de95e1ed2c1c8c30a6922bbba3a90185\"},\"description\":\"Il nuovo romanzo di Marco Malvaldi \\\"Oscura e celeste\\\" (Giunti) \u00e8 un giallo storico che omaggia la figura di Galileo Galilei.\",\"breadcrumb\":{\"@id\":\"https:\/\/www.intoscana.it\/it\/oscura-e-celeste-marco-malvaldi\/#breadcrumb\"},\"inLanguage\":\"it-IT\",\"potentialAction\":[{\"@type\":\"ReadAction\",\"target\":[\"https:\/\/www.intoscana.it\/it\/oscura-e-celeste-marco-malvaldi\/\"]}]},{\"@type\":\"ImageObject\",\"inLanguage\":\"it-IT\",\"@id\":\"https:\/\/www.intoscana.it\/it\/oscura-e-celeste-marco-malvaldi\/#primaryimage\",\"url\":\"https:\/\/www.intoscana.it\/wp-content\/uploads\/IMG_3416-scaled.jpg\",\"contentUrl\":\"https:\/\/www.intoscana.it\/wp-content\/uploads\/IMG_3416-scaled.jpg\",\"width\":2048,\"height\":1152,\"caption\":\"Marco Malvaldi\"},{\"@type\":\"BreadcrumbList\",\"@id\":\"https:\/\/www.intoscana.it\/it\/oscura-e-celeste-marco-malvaldi\/#breadcrumb\",\"itemListElement\":[{\"@type\":\"ListItem\",\"position\":1,\"name\":\"Home\",\"item\":\"https:\/\/www.intoscana.it\/it\/\"},{\"@type\":\"ListItem\",\"position\":2,\"name\":\"Oscura e celeste: Marco Malvaldi torna al giallo storico con un omaggio a Galileo\"}]},{\"@type\":\"WebSite\",\"@id\":\"https:\/\/www.intoscana.it\/it\/#website\",\"url\":\"https:\/\/www.intoscana.it\/it\/\",\"name\":\"intoscana\",\"description\":\"\",\"potentialAction\":[{\"@type\":\"SearchAction\",\"target\":{\"@type\":\"EntryPoint\",\"urlTemplate\":\"https:\/\/www.intoscana.it\/it\/?s={search_term_string}\"},\"query-input\":{\"@type\":\"PropertyValueSpecification\",\"valueRequired\":true,\"valueName\":\"search_term_string\"}}],\"inLanguage\":\"it-IT\"},{\"@type\":\"Person\",\"@id\":\"https:\/\/www.intoscana.it\/it\/#\/schema\/person\/de95e1ed2c1c8c30a6922bbba3a90185\",\"name\":\"Ilaria Giannini\",\"sameAs\":[\"https:\/\/x.com\/i.giannini@fst.it\"],\"url\":\"https:\/\/www.intoscana.it\/it\/author\/ilaria-giannini\/\"}]}<\/script>\n<!-- \/ Yoast SEO Premium plugin. -->","yoast_head_json":{"title":"Oscura e celeste: Marco Malvaldi torna al giallo storico con un omaggio a Galileo - intoscana","description":"Il nuovo romanzo di Marco Malvaldi \"Oscura e celeste\" (Giunti) \u00e8 un giallo storico che omaggia la figura di Galileo Galilei.","robots":{"index":"index","follow":"follow","max-snippet":"max-snippet:-1","max-image-preview":"max-image-preview:large","max-video-preview":"max-video-preview:-1"},"canonical":"https:\/\/www.intoscana.it\/it\/oscura-e-celeste-marco-malvaldi\/","og_locale":"it_IT","og_type":"article","og_title":"Oscura e celeste: Marco Malvaldi torna al giallo storico con un omaggio a Galileo","og_description":"Il nuovo romanzo di Marco Malvaldi \"Oscura e celeste\" (Giunti) \u00e8 un giallo storico che omaggia la figura di Galileo Galilei.","og_url":"https:\/\/www.intoscana.it\/it\/oscura-e-celeste-marco-malvaldi\/","og_site_name":"intoscana","article_publisher":"https:\/\/www.facebook.com\/intoscana.it","article_published_time":"2023-04-26T12:43:29+00:00","article_modified_time":"2023-04-26T12:44:11+00:00","og_image":[{"width":2048,"height":1152,"url":"https:\/\/www.intoscana.it\/wp-content\/uploads\/IMG_3416-scaled.jpg","type":"image\/jpeg"}],"author":"Ilaria Giannini","twitter_card":"summary_large_image","twitter_creator":"@i.giannini@fst.it","twitter_site":"@intoscana","twitter_misc":{"Written by":"Ilaria Giannini","Est. reading time":"2 minuti"},"schema":{"@context":"https:\/\/schema.org","@graph":[{"@type":"WebPage","@id":"https:\/\/www.intoscana.it\/it\/oscura-e-celeste-marco-malvaldi\/","url":"https:\/\/www.intoscana.it\/it\/oscura-e-celeste-marco-malvaldi\/","name":"Oscura e celeste: Marco Malvaldi torna al giallo storico con un omaggio a Galileo - intoscana","isPartOf":{"@id":"https:\/\/www.intoscana.it\/it\/#website"},"primaryImageOfPage":{"@id":"https:\/\/www.intoscana.it\/it\/oscura-e-celeste-marco-malvaldi\/#primaryimage"},"image":{"@id":"https:\/\/www.intoscana.it\/it\/oscura-e-celeste-marco-malvaldi\/#primaryimage"},"thumbnailUrl":"https:\/\/www.intoscana.it\/wp-content\/uploads\/IMG_3416-scaled.jpg","datePublished":"2023-04-26T12:43:29+00:00","dateModified":"2023-04-26T12:44:11+00:00","author":{"@id":"https:\/\/www.intoscana.it\/it\/#\/schema\/person\/de95e1ed2c1c8c30a6922bbba3a90185"},"description":"Il nuovo romanzo di Marco Malvaldi \"Oscura e celeste\" (Giunti) \u00e8 un giallo storico che omaggia la figura di Galileo Galilei.","breadcrumb":{"@id":"https:\/\/www.intoscana.it\/it\/oscura-e-celeste-marco-malvaldi\/#breadcrumb"},"inLanguage":"it-IT","potentialAction":[{"@type":"ReadAction","target":["https:\/\/www.intoscana.it\/it\/oscura-e-celeste-marco-malvaldi\/"]}]},{"@type":"ImageObject","inLanguage":"it-IT","@id":"https:\/\/www.intoscana.it\/it\/oscura-e-celeste-marco-malvaldi\/#primaryimage","url":"https:\/\/www.intoscana.it\/wp-content\/uploads\/IMG_3416-scaled.jpg","contentUrl":"https:\/\/www.intoscana.it\/wp-content\/uploads\/IMG_3416-scaled.jpg","width":2048,"height":1152,"caption":"Marco Malvaldi"},{"@type":"BreadcrumbList","@id":"https:\/\/www.intoscana.it\/it\/oscura-e-celeste-marco-malvaldi\/#breadcrumb","itemListElement":[{"@type":"ListItem","position":1,"name":"Home","item":"https:\/\/www.intoscana.it\/it\/"},{"@type":"ListItem","position":2,"name":"Oscura e celeste: Marco Malvaldi torna al giallo storico con un omaggio a Galileo"}]},{"@type":"WebSite","@id":"https:\/\/www.intoscana.it\/it\/#website","url":"https:\/\/www.intoscana.it\/it\/","name":"intoscana","description":"","potentialAction":[{"@type":"SearchAction","target":{"@type":"EntryPoint","urlTemplate":"https:\/\/www.intoscana.it\/it\/?s={search_term_string}"},"query-input":{"@type":"PropertyValueSpecification","valueRequired":true,"valueName":"search_term_string"}}],"inLanguage":"it-IT"},{"@type":"Person","@id":"https:\/\/www.intoscana.it\/it\/#\/schema\/person\/de95e1ed2c1c8c30a6922bbba3a90185","name":"Ilaria Giannini","sameAs":["https:\/\/x.com\/i.giannini@fst.it"],"url":"https:\/\/www.intoscana.it\/it\/author\/ilaria-giannini\/"}]}},"_links":{"self":[{"href":"https:\/\/www.intoscana.it\/it\/wp-json\/wp\/v2\/posts\/284179","targetHints":{"allow":["GET"]}}],"collection":[{"href":"https:\/\/www.intoscana.it\/it\/wp-json\/wp\/v2\/posts"}],"about":[{"href":"https:\/\/www.intoscana.it\/it\/wp-json\/wp\/v2\/types\/post"}],"author":[{"embeddable":true,"href":"https:\/\/www.intoscana.it\/it\/wp-json\/wp\/v2\/users\/502"}],"replies":[{"embeddable":true,"href":"https:\/\/www.intoscana.it\/it\/wp-json\/wp\/v2\/comments?post=284179"}],"version-history":[{"count":0,"href":"https:\/\/www.intoscana.it\/it\/wp-json\/wp\/v2\/posts\/284179\/revisions"}],"wp:featuredmedia":[{"embeddable":true,"href":"https:\/\/www.intoscana.it\/it\/wp-json\/wp\/v2\/media\/284181"}],"wp:attachment":[{"href":"https:\/\/www.intoscana.it\/it\/wp-json\/wp\/v2\/media?parent=284179"}],"wp:term":[{"taxonomy":"category","embeddable":true,"href":"https:\/\/www.intoscana.it\/it\/wp-json\/wp\/v2\/categories?post=284179"},{"taxonomy":"post_tag","embeddable":true,"href":"https:\/\/www.intoscana.it\/it\/wp-json\/wp\/v2\/tags?post=284179"}],"curies":[{"name":"wp","href":"https:\/\/api.w.org\/{rel}","templated":true}]}}