{"id":284601,"date":"2023-04-28T11:13:35","date_gmt":"2023-04-28T09:13:35","guid":{"rendered":"https:\/\/www.intoscana.it\/it\/?p=284601"},"modified":"2023-05-01T20:50:47","modified_gmt":"2023-05-01T18:50:47","slug":"rugassificatore-piombino-conferenza-servizi","status":"publish","type":"post","link":"https:\/\/www.intoscana.it\/it\/rugassificatore-piombino-conferenza-servizi\/","title":{"rendered":"Rigassificatore di Piombino, c&#8217;\u00e8 l&#8217;ok della conferenza dei servizi. A met\u00e0 maggio la prima nave metaniera"},"content":{"rendered":"<p>La conferenza dei servizi ha dato parere positivo per la concessione dell&#8217;autorizzazione all&#8217;esercizio del rigassificatore posizionato nel porto di Piombino: &#8220;Massima soddisfazione per l&#8217;esito di una conferenza dei servizi che ha confermato il buon lavoro che abbiamo fatto. A questo punto, nella prima met\u00e0 di maggio arriver\u00e0 la prima nave metaniera che ci consentir\u00e0 la verifica del sistema e anche le autorizzazioni che fino a questo momento mancano, sar\u00e0 una sorta di collaudo&#8221;, cos\u00ec il presidente della Regione Eugenio Giani da sempre convinto che il <a href=\"https:\/\/www.intoscana.it\/it\/articolo\/lavori-spediti-a-piombino-rigassificatore-in-funzione-entro-maggio\/\">rigassificatore<\/a> rappresenter\u00e0 per la Toscana, e non solo, l&#8217; indipendenza da gas russo e l&#8217;opportunit\u00e0 di bollette meno care.<\/p>\n<p>Resta un &#8220;No&#8221; deciso invece quello del Comune di Piombino che anche in conferenza dei servizi ha confermato il proprio parere negativo. In una nota il sindaco Francesco Ferrari ha fatto sapere che durante la riunione &#8220;abbiamo ribadito e confermato la posizione di contrariet\u00e0 del Comune a questo progetto, la cui sicurezza \u00e8 dubbia ogni giorno di pi\u00f9. Cos\u00ec come molto dubbio \u00e8 il percorso amministrativo che va dritto, purtroppo, verso l&#8217;autorizzazione all&#8217;esercizio dell&#8217;impianto&#8221;.<\/p>\n<p>Intanto \u00e8 attesa per la prossima settimana l&#8217;arrivo della prima nave metaniera.<\/p>\n","protected":false},"excerpt":{"rendered":"<p>Giani: &#8220;Si conferma il buon lavoro che abbiamo fatto. A met\u00e0 maggio arriver\u00e0 la prima nave metaniera&#8221;. Ancora netto invece il parere contrario del sindaco di Piombino.<\/p>\n","protected":false},"author":525,"featured_media":95599,"comment_status":"open","ping_status":"open","sticky":false,"template":"","format":"standard","meta":{"_acf_changed":false,"footnotes":""},"categories":[494],"tags":[177,380,308],"class_list":["post-284601","post","type-post","status-publish","format-standard","has-post-thumbnail","hentry","category-attualita","tag-ambiente","tag-energia","tag-piombino"],"acf":[],"yoast_head":"<!-- This site is optimized with the Yoast SEO Premium plugin v24.2 (Yoast SEO v25.6) - https:\/\/yoast.com\/wordpress\/plugins\/seo\/ -->\n<title>Rigassificatore,c&#039;\u00e8 l&#039;ok della conferenza dei servizi.Attesa per la prima nave<\/title>\n<meta name=\"description\" content=\"Giani: &quot;Si conferma il buon lavoro che abbiamo fatto. La prima met\u00e0 di maggio arriver\u00e0 la prima nave metaniera&quot;\" \/>\n<meta name=\"robots\" content=\"index, follow, max-snippet:-1, max-image-preview:large, max-video-preview:-1\" \/>\n<link rel=\"canonical\" href=\"https:\/\/www.intoscana.it\/it\/rugassificatore-piombino-conferenza-servizi\/\" \/>\n<meta property=\"og:locale\" content=\"it_IT\" \/>\n<meta property=\"og:type\" content=\"article\" \/>\n<meta property=\"og:title\" content=\"Rigassificatore di Piombino, c&#039;\u00e8 l&#039;ok della conferenza dei servizi. A met\u00e0 maggio la prima nave metaniera\" \/>\n<meta property=\"og:description\" content=\"Giani: &quot;Si conferma il buon lavoro che abbiamo fatto. La prima met\u00e0 di maggio arriver\u00e0 la prima nave metaniera&quot;\" \/>\n<meta property=\"og:url\" content=\"https:\/\/www.intoscana.it\/it\/rugassificatore-piombino-conferenza-servizi\/\" \/>\n<meta property=\"og:site_name\" content=\"intoscana\" \/>\n<meta property=\"article:publisher\" content=\"https:\/\/www.facebook.com\/intoscana.it\" \/>\n<meta property=\"article:published_time\" content=\"2023-04-28T09:13:35+00:00\" \/>\n<meta property=\"article:modified_time\" content=\"2023-05-01T18:50:47+00:00\" \/>\n<meta property=\"og:image\" content=\"https:\/\/www.intoscana.it\/wp-content\/uploads\/31118639313a7c3610557861378b970d-1.jpg\" \/>\n\t<meta property=\"og:image:width\" content=\"660\" \/>\n\t<meta property=\"og:image:height\" content=\"440\" \/>\n\t<meta property=\"og:image:type\" content=\"image\/jpeg\" \/>\n<meta name=\"author\" content=\"Redazione\" \/>\n<meta name=\"twitter:card\" content=\"summary_large_image\" \/>\n<meta name=\"twitter:creator\" content=\"@intoscana\" \/>\n<meta name=\"twitter:site\" content=\"@intoscana\" \/>\n<meta name=\"twitter:label1\" content=\"Written by\" \/>\n\t<meta name=\"twitter:data1\" content=\"Redazione\" \/>\n\t<meta name=\"twitter:label2\" content=\"Est. reading time\" \/>\n\t<meta name=\"twitter:data2\" content=\"1 minuto\" \/>\n<script type=\"application\/ld+json\" class=\"yoast-schema-graph\">{\"@context\":\"https:\/\/schema.org\",\"@graph\":[{\"@type\":\"WebPage\",\"@id\":\"https:\/\/www.intoscana.it\/it\/rugassificatore-piombino-conferenza-servizi\/\",\"url\":\"https:\/\/www.intoscana.it\/it\/rugassificatore-piombino-conferenza-servizi\/\",\"name\":\"Rigassificatore,c'\u00e8 l'ok della conferenza dei servizi.Attesa per la prima nave\",\"isPartOf\":{\"@id\":\"https:\/\/www.intoscana.it\/it\/#website\"},\"primaryImageOfPage\":{\"@id\":\"https:\/\/www.intoscana.it\/it\/rugassificatore-piombino-conferenza-servizi\/#primaryimage\"},\"image\":{\"@id\":\"https:\/\/www.intoscana.it\/it\/rugassificatore-piombino-conferenza-servizi\/#primaryimage\"},\"thumbnailUrl\":\"https:\/\/www.intoscana.it\/wp-content\/uploads\/31118639313a7c3610557861378b970d-1.jpg\",\"datePublished\":\"2023-04-28T09:13:35+00:00\",\"dateModified\":\"2023-05-01T18:50:47+00:00\",\"author\":{\"@id\":\"https:\/\/www.intoscana.it\/it\/#\/schema\/person\/9223810753230f20bd670fdd322661f8\"},\"description\":\"Giani: \\\"Si conferma il buon lavoro che abbiamo fatto. La prima met\u00e0 di maggio arriver\u00e0 la prima nave metaniera\\\"\",\"breadcrumb\":{\"@id\":\"https:\/\/www.intoscana.it\/it\/rugassificatore-piombino-conferenza-servizi\/#breadcrumb\"},\"inLanguage\":\"it-IT\",\"potentialAction\":[{\"@type\":\"ReadAction\",\"target\":[\"https:\/\/www.intoscana.it\/it\/rugassificatore-piombino-conferenza-servizi\/\"]}]},{\"@type\":\"ImageObject\",\"inLanguage\":\"it-IT\",\"@id\":\"https:\/\/www.intoscana.it\/it\/rugassificatore-piombino-conferenza-servizi\/#primaryimage\",\"url\":\"https:\/\/www.intoscana.it\/wp-content\/uploads\/31118639313a7c3610557861378b970d-1.jpg\",\"contentUrl\":\"https:\/\/www.intoscana.it\/wp-content\/uploads\/31118639313a7c3610557861378b970d-1.jpg\",\"width\":660,\"height\":440},{\"@type\":\"BreadcrumbList\",\"@id\":\"https:\/\/www.intoscana.it\/it\/rugassificatore-piombino-conferenza-servizi\/#breadcrumb\",\"itemListElement\":[{\"@type\":\"ListItem\",\"position\":1,\"name\":\"Home\",\"item\":\"https:\/\/www.intoscana.it\/it\/\"},{\"@type\":\"ListItem\",\"position\":2,\"name\":\"Rigassificatore di Piombino, c&#8217;\u00e8 l&#8217;ok della conferenza dei servizi. A met\u00e0 maggio la prima nave metaniera\"}]},{\"@type\":\"WebSite\",\"@id\":\"https:\/\/www.intoscana.it\/it\/#website\",\"url\":\"https:\/\/www.intoscana.it\/it\/\",\"name\":\"intoscana\",\"description\":\"\",\"potentialAction\":[{\"@type\":\"SearchAction\",\"target\":{\"@type\":\"EntryPoint\",\"urlTemplate\":\"https:\/\/www.intoscana.it\/it\/?s={search_term_string}\"},\"query-input\":{\"@type\":\"PropertyValueSpecification\",\"valueRequired\":true,\"valueName\":\"search_term_string\"}}],\"inLanguage\":\"it-IT\"},{\"@type\":\"Person\",\"@id\":\"https:\/\/www.intoscana.it\/it\/#\/schema\/person\/9223810753230f20bd670fdd322661f8\",\"name\":\"Redazione\",\"url\":\"https:\/\/www.intoscana.it\/it\/author\/redazione\/\"}]}<\/script>\n<!-- \/ Yoast SEO Premium plugin. -->","yoast_head_json":{"title":"Rigassificatore,c'\u00e8 l'ok della conferenza dei servizi.Attesa per la prima nave","description":"Giani: \"Si conferma il buon lavoro che abbiamo fatto. La prima met\u00e0 di maggio arriver\u00e0 la prima nave metaniera\"","robots":{"index":"index","follow":"follow","max-snippet":"max-snippet:-1","max-image-preview":"max-image-preview:large","max-video-preview":"max-video-preview:-1"},"canonical":"https:\/\/www.intoscana.it\/it\/rugassificatore-piombino-conferenza-servizi\/","og_locale":"it_IT","og_type":"article","og_title":"Rigassificatore di Piombino, c'\u00e8 l'ok della conferenza dei servizi. A met\u00e0 maggio la prima nave metaniera","og_description":"Giani: \"Si conferma il buon lavoro che abbiamo fatto. La prima met\u00e0 di maggio arriver\u00e0 la prima nave metaniera\"","og_url":"https:\/\/www.intoscana.it\/it\/rugassificatore-piombino-conferenza-servizi\/","og_site_name":"intoscana","article_publisher":"https:\/\/www.facebook.com\/intoscana.it","article_published_time":"2023-04-28T09:13:35+00:00","article_modified_time":"2023-05-01T18:50:47+00:00","og_image":[{"width":660,"height":440,"url":"https:\/\/www.intoscana.it\/wp-content\/uploads\/31118639313a7c3610557861378b970d-1.jpg","type":"image\/jpeg"}],"author":"Redazione","twitter_card":"summary_large_image","twitter_creator":"@intoscana","twitter_site":"@intoscana","twitter_misc":{"Written by":"Redazione","Est. reading time":"1 minuto"},"schema":{"@context":"https:\/\/schema.org","@graph":[{"@type":"WebPage","@id":"https:\/\/www.intoscana.it\/it\/rugassificatore-piombino-conferenza-servizi\/","url":"https:\/\/www.intoscana.it\/it\/rugassificatore-piombino-conferenza-servizi\/","name":"Rigassificatore,c'\u00e8 l'ok della conferenza dei servizi.Attesa per la prima nave","isPartOf":{"@id":"https:\/\/www.intoscana.it\/it\/#website"},"primaryImageOfPage":{"@id":"https:\/\/www.intoscana.it\/it\/rugassificatore-piombino-conferenza-servizi\/#primaryimage"},"image":{"@id":"https:\/\/www.intoscana.it\/it\/rugassificatore-piombino-conferenza-servizi\/#primaryimage"},"thumbnailUrl":"https:\/\/www.intoscana.it\/wp-content\/uploads\/31118639313a7c3610557861378b970d-1.jpg","datePublished":"2023-04-28T09:13:35+00:00","dateModified":"2023-05-01T18:50:47+00:00","author":{"@id":"https:\/\/www.intoscana.it\/it\/#\/schema\/person\/9223810753230f20bd670fdd322661f8"},"description":"Giani: \"Si conferma il buon lavoro che abbiamo fatto. La prima met\u00e0 di maggio arriver\u00e0 la prima nave metaniera\"","breadcrumb":{"@id":"https:\/\/www.intoscana.it\/it\/rugassificatore-piombino-conferenza-servizi\/#breadcrumb"},"inLanguage":"it-IT","potentialAction":[{"@type":"ReadAction","target":["https:\/\/www.intoscana.it\/it\/rugassificatore-piombino-conferenza-servizi\/"]}]},{"@type":"ImageObject","inLanguage":"it-IT","@id":"https:\/\/www.intoscana.it\/it\/rugassificatore-piombino-conferenza-servizi\/#primaryimage","url":"https:\/\/www.intoscana.it\/wp-content\/uploads\/31118639313a7c3610557861378b970d-1.jpg","contentUrl":"https:\/\/www.intoscana.it\/wp-content\/uploads\/31118639313a7c3610557861378b970d-1.jpg","width":660,"height":440},{"@type":"BreadcrumbList","@id":"https:\/\/www.intoscana.it\/it\/rugassificatore-piombino-conferenza-servizi\/#breadcrumb","itemListElement":[{"@type":"ListItem","position":1,"name":"Home","item":"https:\/\/www.intoscana.it\/it\/"},{"@type":"ListItem","position":2,"name":"Rigassificatore di Piombino, c&#8217;\u00e8 l&#8217;ok della conferenza dei servizi. A met\u00e0 maggio la prima nave metaniera"}]},{"@type":"WebSite","@id":"https:\/\/www.intoscana.it\/it\/#website","url":"https:\/\/www.intoscana.it\/it\/","name":"intoscana","description":"","potentialAction":[{"@type":"SearchAction","target":{"@type":"EntryPoint","urlTemplate":"https:\/\/www.intoscana.it\/it\/?s={search_term_string}"},"query-input":{"@type":"PropertyValueSpecification","valueRequired":true,"valueName":"search_term_string"}}],"inLanguage":"it-IT"},{"@type":"Person","@id":"https:\/\/www.intoscana.it\/it\/#\/schema\/person\/9223810753230f20bd670fdd322661f8","name":"Redazione","url":"https:\/\/www.intoscana.it\/it\/author\/redazione\/"}]}},"_links":{"self":[{"href":"https:\/\/www.intoscana.it\/it\/wp-json\/wp\/v2\/posts\/284601","targetHints":{"allow":["GET"]}}],"collection":[{"href":"https:\/\/www.intoscana.it\/it\/wp-json\/wp\/v2\/posts"}],"about":[{"href":"https:\/\/www.intoscana.it\/it\/wp-json\/wp\/v2\/types\/post"}],"author":[{"embeddable":true,"href":"https:\/\/www.intoscana.it\/it\/wp-json\/wp\/v2\/users\/525"}],"replies":[{"embeddable":true,"href":"https:\/\/www.intoscana.it\/it\/wp-json\/wp\/v2\/comments?post=284601"}],"version-history":[{"count":0,"href":"https:\/\/www.intoscana.it\/it\/wp-json\/wp\/v2\/posts\/284601\/revisions"}],"wp:featuredmedia":[{"embeddable":true,"href":"https:\/\/www.intoscana.it\/it\/wp-json\/wp\/v2\/media\/95599"}],"wp:attachment":[{"href":"https:\/\/www.intoscana.it\/it\/wp-json\/wp\/v2\/media?parent=284601"}],"wp:term":[{"taxonomy":"category","embeddable":true,"href":"https:\/\/www.intoscana.it\/it\/wp-json\/wp\/v2\/categories?post=284601"},{"taxonomy":"post_tag","embeddable":true,"href":"https:\/\/www.intoscana.it\/it\/wp-json\/wp\/v2\/tags?post=284601"}],"curies":[{"name":"wp","href":"https:\/\/api.w.org\/{rel}","templated":true}]}}