{"id":284860,"date":"2023-05-02T09:40:31","date_gmt":"2023-05-02T07:40:31","guid":{"rendered":"https:\/\/www.intoscana.it\/it\/?p=284860"},"modified":"2023-05-02T12:33:09","modified_gmt":"2023-05-02T10:33:09","slug":"mostra-dellartigianato-da-record-sfiorate-le-70mila-presenze","status":"publish","type":"post","link":"https:\/\/www.intoscana.it\/it\/mostra-dellartigianato-da-record-sfiorate-le-70mila-presenze\/","title":{"rendered":"Mostra dell&#8217;Artigianato da record, sfiorate le 70mila presenze"},"content":{"rendered":"<p>Chiusura con il botto per <strong>Mida 2023<\/strong>. La 87\/a <strong>Mostra internazionale dell&#8217;artigianato<\/strong> si conclude con quasi <strong>70mila presenze<\/strong>. Un bilancio, spiegano gli organizzatori, &#8220;<em>pi\u00f9 che positivo quanto a soddisfazione degli espositori e affluenza di pubblico<\/em>&#8220;.<\/p>\n<p>Tanti i visitatori in 7 giorni di svolgimento della manifestazione alla Fortezza da Basso di Firenze, promossa da <strong>Firenze Fiera<\/strong> in collaborazione con le principali istituzioni e associazioni di categoria.<\/p>\n<p>Un &#8220;<em>successo<\/em>&#8221; che, afferma <strong>Lorenzo Becattini<\/strong>, presidente di Firenze fiera, &#8220;<em>ci spinge a proseguire sulla strada intrapresa per una fiera che metta al centro l&#8217;eccellenza del mondo artigiano in un contesto unico ed esclusivo come la Fortezza da Basso. Le sinergie instaurate non solo con istituzioni e associazioni di categoria ma anche con importanti realt\u00e0 museali come il Museo Bardini, il prestigio delle mostre collaterali e il valore culturale dei workshop e convegni su tematiche di stretta attualit\u00e0 quali il metaverso e il restauro sostenibile, ci hanno permesso di raggiungere gli obiettivi prefissati di crescita in termini di qualit\u00e0 e di numeri oltrech\u00e9 di affermazione di Mida in importanti mercati internazionali quali Stati Uniti, Gran Bretagna, Lussemburgo, Qatar, Emirati Arabi, Corea<\/em>&#8220;.<\/p>\n<figure id=\"post-284863 media-284863\" class=\"align-none\"><img decoding=\"async\" src=\"https:\/\/www.intoscana.it\/wp-content\/uploads\/La-Mostra-dellArtigianato-2023-\u00a9-Mida-2-e1683012701158.jpeg\" alt=\"\" \/><\/figure>\n<div class=\"titleimg\">La Mostra dell\u2019Artigianato 2023 \u2013 \u00a9 Mida<\/div>\n<p>&#8220;<em>Crediamo<\/em> &#8211; le parole di <strong>Giacomo Cioni<\/strong>, presidente Cna Firenze Metropolitana &#8211; <em>si possa fare un ulteriore passo in avanti, sviluppando il carattere internazionale della mostra: Mida potrebbe infatti accogliere al suo interno un momento di riflessione economica, culturale e scientifica, una sorta di Stati generali dell&#8217;artigianato a livello europeo. Ringrazio tutti gli artigiani che stanno partecipando a quest&#8217;edizione e le istituzioni che a vario titolo, in questi anni difficili, sono state vicine a Firenze Fiera. Proteggendo l&#8217;artigianato, proteggendo i piccoli imprenditori, proteggiamo anche quel sapere che deve essere trasmesso alle generazioni future e quel modello di imprenditoria che ancora oggi rappresenta oltre il 95% della nostra produzione<\/em>&#8220;.<\/p>\n<figure id=\"post-284862 media-284862\" class=\"align-none\"><img decoding=\"async\" src=\"https:\/\/www.intoscana.it\/wp-content\/uploads\/La-Mostra-dellArtigianato-2023-\u00a9-Mida-1-e1683012678152.jpeg\" alt=\"\" \/><\/figure>\n<div class=\"titleimg\">La Mostra dell\u2019Artigianato 2023 \u2013 \u00a9 Mida 1<\/div>\n<p>&#8220;<em>Anche quest&#8217;anno la mostra ha dato conferma di essere un polo estramemanete attrattivo per gli artigiani non solo del territorio ma anche a livello internazionale. Le tante presenze e le lunghe code fin dall&#8217;apertura hanno dimostrato l&#8217;interesse della citt\u00e0 nei confronti delle opere dei nostri artigiani. L&#8217;importante adesso \u00e8 mettersi subito al lavoro per la prossima edizione cercando di allargare e coinvolgere ancora di pi\u00f9 la citt\u00e0 verso questa importante manifestazione che testimionia come l&#8217;artigianato occupi ancora un posto importante nel cuore di tanti fiorentini e non solo<\/em>&#8221; il commento del presidente di Confartigianato Firenze, <strong>Alessandro Sorani<\/strong>.<\/p>\n","protected":false},"excerpt":{"rendered":"<p>Gi\u00f9 il sipario per l&#8217;87esima edizione: l&#8217;eccellenza del mondo artigiano tra espositori da tutto il mondo e mostre collaterali<\/p>\n","protected":false},"author":525,"featured_media":284861,"comment_status":"open","ping_status":"open","sticky":false,"template":"","format":"standard","meta":{"_acf_changed":false,"footnotes":""},"categories":[9],"tags":[5924,5894],"class_list":["post-284860","post","type-post","status-publish","format-standard","has-post-thumbnail","hentry","category-made-in-toscana","tag-artigianato-artistico","tag-mostra-internazionale-dellartigianato"],"acf":[],"yoast_head":"<!-- This site is optimized with the Yoast SEO Premium plugin v24.2 (Yoast SEO v25.6) - https:\/\/yoast.com\/wordpress\/plugins\/seo\/ -->\n<title>Mostra dell&#039;Artigianato da record, sfiorate le 70mila presenze - intoscana<\/title>\n<meta name=\"description\" content=\"Gi\u00f9 il sipario per l&#039;87esima edizione: l&#039;eccellenza del mondo artigiano tra espositori da tutto il mondo e mostre collaterali\" \/>\n<meta name=\"robots\" content=\"index, follow, max-snippet:-1, max-image-preview:large, max-video-preview:-1\" \/>\n<link rel=\"canonical\" href=\"https:\/\/www.intoscana.it\/it\/mostra-dellartigianato-da-record-sfiorate-le-70mila-presenze\/\" \/>\n<meta property=\"og:locale\" content=\"it_IT\" \/>\n<meta property=\"og:type\" content=\"article\" \/>\n<meta property=\"og:title\" content=\"Mostra dell&#039;Artigianato da record, sfiorate le 70mila presenze\" \/>\n<meta property=\"og:description\" content=\"Gi\u00f9 il sipario per l&#039;87esima edizione: l&#039;eccellenza del mondo artigiano tra espositori da tutto il mondo e mostre collaterali\" \/>\n<meta property=\"og:url\" content=\"https:\/\/www.intoscana.it\/it\/mostra-dellartigianato-da-record-sfiorate-le-70mila-presenze\/\" \/>\n<meta property=\"og:site_name\" content=\"intoscana\" \/>\n<meta property=\"article:publisher\" content=\"https:\/\/www.facebook.com\/intoscana.it\" \/>\n<meta property=\"article:published_time\" content=\"2023-05-02T07:40:31+00:00\" \/>\n<meta property=\"article:modified_time\" content=\"2023-05-02T10:33:09+00:00\" \/>\n<meta property=\"og:image\" content=\"https:\/\/www.intoscana.it\/wp-content\/uploads\/La-Mostra-dellArtigianato-2023-\u00a9-Mida-e1683012519917.jpeg\" \/>\n\t<meta property=\"og:image:width\" content=\"1080\" \/>\n\t<meta property=\"og:image:height\" content=\"850\" \/>\n\t<meta property=\"og:image:type\" content=\"image\/jpeg\" \/>\n<meta name=\"author\" content=\"Redazione\" \/>\n<meta name=\"twitter:card\" content=\"summary_large_image\" \/>\n<meta name=\"twitter:creator\" content=\"@intoscana\" \/>\n<meta name=\"twitter:site\" content=\"@intoscana\" \/>\n<meta name=\"twitter:label1\" content=\"Written by\" \/>\n\t<meta name=\"twitter:data1\" content=\"Redazione\" \/>\n\t<meta name=\"twitter:label2\" content=\"Est. reading time\" \/>\n\t<meta name=\"twitter:data2\" content=\"2 minuti\" \/>\n<script type=\"application\/ld+json\" class=\"yoast-schema-graph\">{\"@context\":\"https:\/\/schema.org\",\"@graph\":[{\"@type\":\"WebPage\",\"@id\":\"https:\/\/www.intoscana.it\/it\/mostra-dellartigianato-da-record-sfiorate-le-70mila-presenze\/\",\"url\":\"https:\/\/www.intoscana.it\/it\/mostra-dellartigianato-da-record-sfiorate-le-70mila-presenze\/\",\"name\":\"Mostra dell'Artigianato da record, sfiorate le 70mila presenze - intoscana\",\"isPartOf\":{\"@id\":\"https:\/\/www.intoscana.it\/it\/#website\"},\"primaryImageOfPage\":{\"@id\":\"https:\/\/www.intoscana.it\/it\/mostra-dellartigianato-da-record-sfiorate-le-70mila-presenze\/#primaryimage\"},\"image\":{\"@id\":\"https:\/\/www.intoscana.it\/it\/mostra-dellartigianato-da-record-sfiorate-le-70mila-presenze\/#primaryimage\"},\"thumbnailUrl\":\"https:\/\/www.intoscana.it\/wp-content\/uploads\/La-Mostra-dellArtigianato-2023-\u00a9-Mida-e1683012519917.jpeg\",\"datePublished\":\"2023-05-02T07:40:31+00:00\",\"dateModified\":\"2023-05-02T10:33:09+00:00\",\"author\":{\"@id\":\"https:\/\/www.intoscana.it\/it\/#\/schema\/person\/9223810753230f20bd670fdd322661f8\"},\"description\":\"Gi\u00f9 il sipario per l'87esima edizione: l'eccellenza del mondo artigiano tra espositori da tutto il mondo e mostre collaterali\",\"breadcrumb\":{\"@id\":\"https:\/\/www.intoscana.it\/it\/mostra-dellartigianato-da-record-sfiorate-le-70mila-presenze\/#breadcrumb\"},\"inLanguage\":\"it-IT\",\"potentialAction\":[{\"@type\":\"ReadAction\",\"target\":[\"https:\/\/www.intoscana.it\/it\/mostra-dellartigianato-da-record-sfiorate-le-70mila-presenze\/\"]}]},{\"@type\":\"ImageObject\",\"inLanguage\":\"it-IT\",\"@id\":\"https:\/\/www.intoscana.it\/it\/mostra-dellartigianato-da-record-sfiorate-le-70mila-presenze\/#primaryimage\",\"url\":\"https:\/\/www.intoscana.it\/wp-content\/uploads\/La-Mostra-dellArtigianato-2023-\u00a9-Mida-e1683012519917.jpeg\",\"contentUrl\":\"https:\/\/www.intoscana.it\/wp-content\/uploads\/La-Mostra-dellArtigianato-2023-\u00a9-Mida-e1683012519917.jpeg\",\"width\":1080,\"height\":850,\"caption\":\"La Mostra dell'Artigianato 2023 - \u00a9 Mida\"},{\"@type\":\"BreadcrumbList\",\"@id\":\"https:\/\/www.intoscana.it\/it\/mostra-dellartigianato-da-record-sfiorate-le-70mila-presenze\/#breadcrumb\",\"itemListElement\":[{\"@type\":\"ListItem\",\"position\":1,\"name\":\"Home\",\"item\":\"https:\/\/www.intoscana.it\/it\/\"},{\"@type\":\"ListItem\",\"position\":2,\"name\":\"Mostra dell&#8217;Artigianato da record, sfiorate le 70mila presenze\"}]},{\"@type\":\"WebSite\",\"@id\":\"https:\/\/www.intoscana.it\/it\/#website\",\"url\":\"https:\/\/www.intoscana.it\/it\/\",\"name\":\"intoscana\",\"description\":\"\",\"potentialAction\":[{\"@type\":\"SearchAction\",\"target\":{\"@type\":\"EntryPoint\",\"urlTemplate\":\"https:\/\/www.intoscana.it\/it\/?s={search_term_string}\"},\"query-input\":{\"@type\":\"PropertyValueSpecification\",\"valueRequired\":true,\"valueName\":\"search_term_string\"}}],\"inLanguage\":\"it-IT\"},{\"@type\":\"Person\",\"@id\":\"https:\/\/www.intoscana.it\/it\/#\/schema\/person\/9223810753230f20bd670fdd322661f8\",\"name\":\"Redazione\",\"url\":\"https:\/\/www.intoscana.it\/it\/author\/redazione\/\"}]}<\/script>\n<!-- \/ Yoast SEO Premium plugin. -->","yoast_head_json":{"title":"Mostra dell'Artigianato da record, sfiorate le 70mila presenze - intoscana","description":"Gi\u00f9 il sipario per l'87esima edizione: l'eccellenza del mondo artigiano tra espositori da tutto il mondo e mostre collaterali","robots":{"index":"index","follow":"follow","max-snippet":"max-snippet:-1","max-image-preview":"max-image-preview:large","max-video-preview":"max-video-preview:-1"},"canonical":"https:\/\/www.intoscana.it\/it\/mostra-dellartigianato-da-record-sfiorate-le-70mila-presenze\/","og_locale":"it_IT","og_type":"article","og_title":"Mostra dell'Artigianato da record, sfiorate le 70mila presenze","og_description":"Gi\u00f9 il sipario per l'87esima edizione: l'eccellenza del mondo artigiano tra espositori da tutto il mondo e mostre collaterali","og_url":"https:\/\/www.intoscana.it\/it\/mostra-dellartigianato-da-record-sfiorate-le-70mila-presenze\/","og_site_name":"intoscana","article_publisher":"https:\/\/www.facebook.com\/intoscana.it","article_published_time":"2023-05-02T07:40:31+00:00","article_modified_time":"2023-05-02T10:33:09+00:00","og_image":[{"width":1080,"height":850,"url":"https:\/\/www.intoscana.it\/wp-content\/uploads\/La-Mostra-dellArtigianato-2023-\u00a9-Mida-e1683012519917.jpeg","type":"image\/jpeg"}],"author":"Redazione","twitter_card":"summary_large_image","twitter_creator":"@intoscana","twitter_site":"@intoscana","twitter_misc":{"Written by":"Redazione","Est. reading time":"2 minuti"},"schema":{"@context":"https:\/\/schema.org","@graph":[{"@type":"WebPage","@id":"https:\/\/www.intoscana.it\/it\/mostra-dellartigianato-da-record-sfiorate-le-70mila-presenze\/","url":"https:\/\/www.intoscana.it\/it\/mostra-dellartigianato-da-record-sfiorate-le-70mila-presenze\/","name":"Mostra dell'Artigianato da record, sfiorate le 70mila presenze - intoscana","isPartOf":{"@id":"https:\/\/www.intoscana.it\/it\/#website"},"primaryImageOfPage":{"@id":"https:\/\/www.intoscana.it\/it\/mostra-dellartigianato-da-record-sfiorate-le-70mila-presenze\/#primaryimage"},"image":{"@id":"https:\/\/www.intoscana.it\/it\/mostra-dellartigianato-da-record-sfiorate-le-70mila-presenze\/#primaryimage"},"thumbnailUrl":"https:\/\/www.intoscana.it\/wp-content\/uploads\/La-Mostra-dellArtigianato-2023-\u00a9-Mida-e1683012519917.jpeg","datePublished":"2023-05-02T07:40:31+00:00","dateModified":"2023-05-02T10:33:09+00:00","author":{"@id":"https:\/\/www.intoscana.it\/it\/#\/schema\/person\/9223810753230f20bd670fdd322661f8"},"description":"Gi\u00f9 il sipario per l'87esima edizione: l'eccellenza del mondo artigiano tra espositori da tutto il mondo e mostre collaterali","breadcrumb":{"@id":"https:\/\/www.intoscana.it\/it\/mostra-dellartigianato-da-record-sfiorate-le-70mila-presenze\/#breadcrumb"},"inLanguage":"it-IT","potentialAction":[{"@type":"ReadAction","target":["https:\/\/www.intoscana.it\/it\/mostra-dellartigianato-da-record-sfiorate-le-70mila-presenze\/"]}]},{"@type":"ImageObject","inLanguage":"it-IT","@id":"https:\/\/www.intoscana.it\/it\/mostra-dellartigianato-da-record-sfiorate-le-70mila-presenze\/#primaryimage","url":"https:\/\/www.intoscana.it\/wp-content\/uploads\/La-Mostra-dellArtigianato-2023-\u00a9-Mida-e1683012519917.jpeg","contentUrl":"https:\/\/www.intoscana.it\/wp-content\/uploads\/La-Mostra-dellArtigianato-2023-\u00a9-Mida-e1683012519917.jpeg","width":1080,"height":850,"caption":"La Mostra dell'Artigianato 2023 - \u00a9 Mida"},{"@type":"BreadcrumbList","@id":"https:\/\/www.intoscana.it\/it\/mostra-dellartigianato-da-record-sfiorate-le-70mila-presenze\/#breadcrumb","itemListElement":[{"@type":"ListItem","position":1,"name":"Home","item":"https:\/\/www.intoscana.it\/it\/"},{"@type":"ListItem","position":2,"name":"Mostra dell&#8217;Artigianato da record, sfiorate le 70mila presenze"}]},{"@type":"WebSite","@id":"https:\/\/www.intoscana.it\/it\/#website","url":"https:\/\/www.intoscana.it\/it\/","name":"intoscana","description":"","potentialAction":[{"@type":"SearchAction","target":{"@type":"EntryPoint","urlTemplate":"https:\/\/www.intoscana.it\/it\/?s={search_term_string}"},"query-input":{"@type":"PropertyValueSpecification","valueRequired":true,"valueName":"search_term_string"}}],"inLanguage":"it-IT"},{"@type":"Person","@id":"https:\/\/www.intoscana.it\/it\/#\/schema\/person\/9223810753230f20bd670fdd322661f8","name":"Redazione","url":"https:\/\/www.intoscana.it\/it\/author\/redazione\/"}]}},"_links":{"self":[{"href":"https:\/\/www.intoscana.it\/it\/wp-json\/wp\/v2\/posts\/284860","targetHints":{"allow":["GET"]}}],"collection":[{"href":"https:\/\/www.intoscana.it\/it\/wp-json\/wp\/v2\/posts"}],"about":[{"href":"https:\/\/www.intoscana.it\/it\/wp-json\/wp\/v2\/types\/post"}],"author":[{"embeddable":true,"href":"https:\/\/www.intoscana.it\/it\/wp-json\/wp\/v2\/users\/525"}],"replies":[{"embeddable":true,"href":"https:\/\/www.intoscana.it\/it\/wp-json\/wp\/v2\/comments?post=284860"}],"version-history":[{"count":0,"href":"https:\/\/www.intoscana.it\/it\/wp-json\/wp\/v2\/posts\/284860\/revisions"}],"wp:featuredmedia":[{"embeddable":true,"href":"https:\/\/www.intoscana.it\/it\/wp-json\/wp\/v2\/media\/284861"}],"wp:attachment":[{"href":"https:\/\/www.intoscana.it\/it\/wp-json\/wp\/v2\/media?parent=284860"}],"wp:term":[{"taxonomy":"category","embeddable":true,"href":"https:\/\/www.intoscana.it\/it\/wp-json\/wp\/v2\/categories?post=284860"},{"taxonomy":"post_tag","embeddable":true,"href":"https:\/\/www.intoscana.it\/it\/wp-json\/wp\/v2\/tags?post=284860"}],"curies":[{"name":"wp","href":"https:\/\/api.w.org\/{rel}","templated":true}]}}