{"id":285021,"date":"2023-05-03T11:51:42","date_gmt":"2023-05-03T09:51:42","guid":{"rendered":"https:\/\/www.intoscana.it\/it\/?p=285021"},"modified":"2023-05-04T15:33:52","modified_gmt":"2023-05-04T13:33:52","slug":"covid-323-positivi","status":"publish","type":"post","link":"https:\/\/www.intoscana.it\/it\/covid-323-positivi\/","title":{"rendered":"Covid, 323 nuovi casi. Sei i decessi"},"content":{"rendered":"<p>Sono <strong>323<\/strong> i nuovi casi di Covid-19 registrati nelle ultime ventiquattro ore in Toscana: <strong>70<\/strong> sono stati confermati con tampone molecolare e gli altri <strong>253<\/strong> con test rapido.<\/p>\n<p>Il numero dei contagiati rilevati nella regione dall&#8217;inizio della pandemia sale dunque a <strong>1.601.321<\/strong>.\u00a0 I nuovi casi sono lo 0,02% in pi\u00f9 rispetto al totale del giorno precedente. I guariti crescono dello 0,00% (53 persone) e raggiungono quota 1.585.225 (99% dei casi totali).<\/p>\n<p>Al momento in Toscana risultano <strong>4.390 positivi<\/strong>, +6,4% rispetto a ieri. Di questi 180 (9 in pi\u00f9 rispetto a ieri) sono ricoverati in ospedale: 5 (1 in meno) si trovano in terapia intensiva.<\/p>\n<p>Dall&#8217;ultimo bollettino quotidiano sono stati eseguiti 350 tamponi molecolari e 3.950 tamponi antigenici rapidi: di questi il 7,5% \u00e8 risultato positivo. Sono invece 510 i soggetti testati, escludendo i tamponi di controllo: il 63,3% di questi \u00e8 risultato positivo.<\/p>\n<h3>L&#8217;andamento per provincia<\/h3>\n<p>Con gli ultimi casi salgono a 428.682 i positivi dall&#8217;inizio dell&#8217;emergenza nei comuni della Citt\u00e0 metropolitana di Firenze (79 in pi\u00f9 rispetto a ieri), 104.203 in provincia di Prato (14 in pi\u00f9), 124.031 a Pistoia (29 in pi\u00f9), 83.791 a Massa-Carrara (18 in pi\u00f9), 174.509 a Lucca (36 in pi\u00f9), 187.415 a Pisa (36 in pi\u00f9), 147.689 a Livorno (30 in pi\u00f9), 144.734 ad Arezzo (33 in pi\u00f9), 114.916 a Siena (30 in pi\u00f9) e 90.009 a Grosseto (17 in pi\u00f9). A questi vanno aggiunti 569 casi di positivit\u00e0 notificati in Toscana ma che riguardano residenti in altre regioni.<\/p>\n<p>La Toscana ha circa 43.714 casi complessivi ogni 100.000 abitanti dall&#8217;inizio della pandemia (tra residenti e non residenti). Al momento la provincia di notifica con il tasso pi\u00f9 alto \u00e8 Lucca (con 45.628 casi ogni 100 mila abitanti), seguita da Livorno (45.129) e Pisa (44.939). La pi\u00f9 bassa concentrazione si riscontra a Prato (con un tasso di 40.370).<\/p>\n<p>In 4.210 sono in isolamento a casa, perch\u00e9 presentano sintomi lievi che non richiedono cure ospedaliere o risultano prive di sintomi (255 in pi\u00f9 rispetto a ieri, pi\u00f9 6,4%).<\/p>\n<p>I 1.585.225 guariti registrati a oggi lo sono a tutti gli effetti, da un punto di vista virale, certificati con tampone negativo.<\/p>\n<h3>I decessi<\/h3>\n<p>La lista dei decessi si aggiorna con <strong>6 nuovi decessi:<\/strong> 3 uomini e 3 donne con un&#8217;et\u00e0 media di 85,5 anni. Relativamente alla provincia di residenza, le persone decedute sono: 2 a Firenze, 2 a Pistoia, 2 a Arezzo.<\/p>\n<p>Sono 11.706 i deceduti dall&#8217;inizio dell&#8217;epidemia: 3.702 nella Citt\u00e0 metropolitana di Firenze, 950 in provincia di Prato, 1.042 a Pistoia, 719 a Massa-Carrara, 1.073 a Lucca, 1.304 a Pisa, 878 a Livorno, 765 ad Arezzo, 670 a Siena, 430 a Grosseto. Vanno aggiunte 173 persone decedute sul suolo toscano ma erano residenti fuori regione.<\/p>\n<p>Il tasso grezzo di mortalit\u00e0 per Covid-19 (numero di deceduti\/popolazione residente) \u00e8 al momento 319,6 ogni 100 mila residenti. Per quanto riguarda le province, il tasso di mortalit\u00e0 pi\u00f9 alto si riscontra a Massa-Carrara (381,5 ogni 100 mila abitanti), seguita da Firenze (375,0 x100.000) e Prato (368,0 x100.000), mentre il pi\u00f9 basso \u00e8 a Grosseto (198,1 x100.000).<\/p>\n","protected":false},"excerpt":{"rendered":"<p>Al momento in Toscana risultano 4.390 positivi. Di questi 180 (9 in pi\u00f9 rispetto a ieri) sono ricoverati in ospedale: 5 (1 in meno) si trovano in terapia intensiva<\/p>\n","protected":false},"author":525,"featured_media":189488,"comment_status":"open","ping_status":"open","sticky":false,"template":"","format":"standard","meta":{"_acf_changed":false,"footnotes":""},"categories":[494],"tags":[4868,4809,3471,349],"class_list":["post-285021","post","type-post","status-publish","format-standard","has-post-thumbnail","hentry","category-attualita","tag-bollettino-covid-toscana","tag-covid","tag-protezione-civile","tag-sanita"],"acf":[],"yoast_head":"<!-- This site is optimized with the Yoast SEO Premium plugin v24.2 (Yoast SEO v25.6) - https:\/\/yoast.com\/wordpress\/plugins\/seo\/ -->\n<title>Covid, 323 nuovi casi. Sei i decessi - intoscana<\/title>\n<meta name=\"description\" content=\"Al momento in Toscana risultano 4.390 positivi. Di questi 180 sono ricoverati in ospedale: 5 si trovano in terapia intensiva\" \/>\n<meta name=\"robots\" content=\"index, follow, max-snippet:-1, max-image-preview:large, max-video-preview:-1\" \/>\n<link rel=\"canonical\" href=\"https:\/\/www.intoscana.it\/it\/covid-323-positivi\/\" \/>\n<meta property=\"og:locale\" content=\"it_IT\" \/>\n<meta property=\"og:type\" content=\"article\" \/>\n<meta property=\"og:title\" content=\"Covid, 323 nuovi casi. Sei i decessi\" \/>\n<meta property=\"og:description\" content=\"Al momento in Toscana risultano 4.390 positivi. Di questi 180 sono ricoverati in ospedale: 5 si trovano in terapia intensiva\" \/>\n<meta property=\"og:url\" content=\"https:\/\/www.intoscana.it\/it\/covid-323-positivi\/\" \/>\n<meta property=\"og:site_name\" content=\"intoscana\" \/>\n<meta property=\"article:publisher\" content=\"https:\/\/www.facebook.com\/intoscana.it\" \/>\n<meta property=\"article:published_time\" content=\"2023-05-03T09:51:42+00:00\" \/>\n<meta property=\"article:modified_time\" content=\"2023-05-04T13:33:52+00:00\" \/>\n<meta property=\"og:image\" content=\"https:\/\/www.intoscana.it\/wp-content\/uploads\/Test-covid-Mufid-Majnun-Unsplash.jpg\" \/>\n\t<meta property=\"og:image:width\" content=\"1920\" \/>\n\t<meta property=\"og:image:height\" content=\"1280\" \/>\n\t<meta property=\"og:image:type\" content=\"image\/jpeg\" \/>\n<meta name=\"author\" content=\"Redazione\" \/>\n<meta name=\"twitter:card\" content=\"summary_large_image\" \/>\n<meta name=\"twitter:creator\" content=\"@intoscana\" \/>\n<meta name=\"twitter:site\" content=\"@intoscana\" \/>\n<meta name=\"twitter:label1\" content=\"Written by\" \/>\n\t<meta name=\"twitter:data1\" content=\"Redazione\" \/>\n\t<meta name=\"twitter:label2\" content=\"Est. reading time\" \/>\n\t<meta name=\"twitter:data2\" content=\"2 minuti\" \/>\n<script type=\"application\/ld+json\" class=\"yoast-schema-graph\">{\"@context\":\"https:\/\/schema.org\",\"@graph\":[{\"@type\":\"WebPage\",\"@id\":\"https:\/\/www.intoscana.it\/it\/covid-323-positivi\/\",\"url\":\"https:\/\/www.intoscana.it\/it\/covid-323-positivi\/\",\"name\":\"Covid, 323 nuovi casi. Sei i decessi - intoscana\",\"isPartOf\":{\"@id\":\"https:\/\/www.intoscana.it\/it\/#website\"},\"primaryImageOfPage\":{\"@id\":\"https:\/\/www.intoscana.it\/it\/covid-323-positivi\/#primaryimage\"},\"image\":{\"@id\":\"https:\/\/www.intoscana.it\/it\/covid-323-positivi\/#primaryimage\"},\"thumbnailUrl\":\"https:\/\/www.intoscana.it\/wp-content\/uploads\/Test-covid-Mufid-Majnun-Unsplash.jpg\",\"datePublished\":\"2023-05-03T09:51:42+00:00\",\"dateModified\":\"2023-05-04T13:33:52+00:00\",\"author\":{\"@id\":\"https:\/\/www.intoscana.it\/it\/#\/schema\/person\/9223810753230f20bd670fdd322661f8\"},\"description\":\"Al momento in Toscana risultano 4.390 positivi. Di questi 180 sono ricoverati in ospedale: 5 si trovano in terapia intensiva\",\"breadcrumb\":{\"@id\":\"https:\/\/www.intoscana.it\/it\/covid-323-positivi\/#breadcrumb\"},\"inLanguage\":\"it-IT\",\"potentialAction\":[{\"@type\":\"ReadAction\",\"target\":[\"https:\/\/www.intoscana.it\/it\/covid-323-positivi\/\"]}]},{\"@type\":\"ImageObject\",\"inLanguage\":\"it-IT\",\"@id\":\"https:\/\/www.intoscana.it\/it\/covid-323-positivi\/#primaryimage\",\"url\":\"https:\/\/www.intoscana.it\/wp-content\/uploads\/Test-covid-Mufid-Majnun-Unsplash.jpg\",\"contentUrl\":\"https:\/\/www.intoscana.it\/wp-content\/uploads\/Test-covid-Mufid-Majnun-Unsplash.jpg\",\"width\":1920,\"height\":1280,\"caption\":\"Un tampone per il Covid-19\"},{\"@type\":\"BreadcrumbList\",\"@id\":\"https:\/\/www.intoscana.it\/it\/covid-323-positivi\/#breadcrumb\",\"itemListElement\":[{\"@type\":\"ListItem\",\"position\":1,\"name\":\"Home\",\"item\":\"https:\/\/www.intoscana.it\/it\/\"},{\"@type\":\"ListItem\",\"position\":2,\"name\":\"Covid, 323 nuovi casi. Sei i decessi\"}]},{\"@type\":\"WebSite\",\"@id\":\"https:\/\/www.intoscana.it\/it\/#website\",\"url\":\"https:\/\/www.intoscana.it\/it\/\",\"name\":\"intoscana\",\"description\":\"\",\"potentialAction\":[{\"@type\":\"SearchAction\",\"target\":{\"@type\":\"EntryPoint\",\"urlTemplate\":\"https:\/\/www.intoscana.it\/it\/?s={search_term_string}\"},\"query-input\":{\"@type\":\"PropertyValueSpecification\",\"valueRequired\":true,\"valueName\":\"search_term_string\"}}],\"inLanguage\":\"it-IT\"},{\"@type\":\"Person\",\"@id\":\"https:\/\/www.intoscana.it\/it\/#\/schema\/person\/9223810753230f20bd670fdd322661f8\",\"name\":\"Redazione\",\"url\":\"https:\/\/www.intoscana.it\/it\/author\/redazione\/\"}]}<\/script>\n<!-- \/ Yoast SEO Premium plugin. -->","yoast_head_json":{"title":"Covid, 323 nuovi casi. Sei i decessi - intoscana","description":"Al momento in Toscana risultano 4.390 positivi. Di questi 180 sono ricoverati in ospedale: 5 si trovano in terapia intensiva","robots":{"index":"index","follow":"follow","max-snippet":"max-snippet:-1","max-image-preview":"max-image-preview:large","max-video-preview":"max-video-preview:-1"},"canonical":"https:\/\/www.intoscana.it\/it\/covid-323-positivi\/","og_locale":"it_IT","og_type":"article","og_title":"Covid, 323 nuovi casi. Sei i decessi","og_description":"Al momento in Toscana risultano 4.390 positivi. Di questi 180 sono ricoverati in ospedale: 5 si trovano in terapia intensiva","og_url":"https:\/\/www.intoscana.it\/it\/covid-323-positivi\/","og_site_name":"intoscana","article_publisher":"https:\/\/www.facebook.com\/intoscana.it","article_published_time":"2023-05-03T09:51:42+00:00","article_modified_time":"2023-05-04T13:33:52+00:00","og_image":[{"width":1920,"height":1280,"url":"https:\/\/www.intoscana.it\/wp-content\/uploads\/Test-covid-Mufid-Majnun-Unsplash.jpg","type":"image\/jpeg"}],"author":"Redazione","twitter_card":"summary_large_image","twitter_creator":"@intoscana","twitter_site":"@intoscana","twitter_misc":{"Written by":"Redazione","Est. reading time":"2 minuti"},"schema":{"@context":"https:\/\/schema.org","@graph":[{"@type":"WebPage","@id":"https:\/\/www.intoscana.it\/it\/covid-323-positivi\/","url":"https:\/\/www.intoscana.it\/it\/covid-323-positivi\/","name":"Covid, 323 nuovi casi. Sei i decessi - intoscana","isPartOf":{"@id":"https:\/\/www.intoscana.it\/it\/#website"},"primaryImageOfPage":{"@id":"https:\/\/www.intoscana.it\/it\/covid-323-positivi\/#primaryimage"},"image":{"@id":"https:\/\/www.intoscana.it\/it\/covid-323-positivi\/#primaryimage"},"thumbnailUrl":"https:\/\/www.intoscana.it\/wp-content\/uploads\/Test-covid-Mufid-Majnun-Unsplash.jpg","datePublished":"2023-05-03T09:51:42+00:00","dateModified":"2023-05-04T13:33:52+00:00","author":{"@id":"https:\/\/www.intoscana.it\/it\/#\/schema\/person\/9223810753230f20bd670fdd322661f8"},"description":"Al momento in Toscana risultano 4.390 positivi. Di questi 180 sono ricoverati in ospedale: 5 si trovano in terapia intensiva","breadcrumb":{"@id":"https:\/\/www.intoscana.it\/it\/covid-323-positivi\/#breadcrumb"},"inLanguage":"it-IT","potentialAction":[{"@type":"ReadAction","target":["https:\/\/www.intoscana.it\/it\/covid-323-positivi\/"]}]},{"@type":"ImageObject","inLanguage":"it-IT","@id":"https:\/\/www.intoscana.it\/it\/covid-323-positivi\/#primaryimage","url":"https:\/\/www.intoscana.it\/wp-content\/uploads\/Test-covid-Mufid-Majnun-Unsplash.jpg","contentUrl":"https:\/\/www.intoscana.it\/wp-content\/uploads\/Test-covid-Mufid-Majnun-Unsplash.jpg","width":1920,"height":1280,"caption":"Un tampone per il Covid-19"},{"@type":"BreadcrumbList","@id":"https:\/\/www.intoscana.it\/it\/covid-323-positivi\/#breadcrumb","itemListElement":[{"@type":"ListItem","position":1,"name":"Home","item":"https:\/\/www.intoscana.it\/it\/"},{"@type":"ListItem","position":2,"name":"Covid, 323 nuovi casi. Sei i decessi"}]},{"@type":"WebSite","@id":"https:\/\/www.intoscana.it\/it\/#website","url":"https:\/\/www.intoscana.it\/it\/","name":"intoscana","description":"","potentialAction":[{"@type":"SearchAction","target":{"@type":"EntryPoint","urlTemplate":"https:\/\/www.intoscana.it\/it\/?s={search_term_string}"},"query-input":{"@type":"PropertyValueSpecification","valueRequired":true,"valueName":"search_term_string"}}],"inLanguage":"it-IT"},{"@type":"Person","@id":"https:\/\/www.intoscana.it\/it\/#\/schema\/person\/9223810753230f20bd670fdd322661f8","name":"Redazione","url":"https:\/\/www.intoscana.it\/it\/author\/redazione\/"}]}},"_links":{"self":[{"href":"https:\/\/www.intoscana.it\/it\/wp-json\/wp\/v2\/posts\/285021","targetHints":{"allow":["GET"]}}],"collection":[{"href":"https:\/\/www.intoscana.it\/it\/wp-json\/wp\/v2\/posts"}],"about":[{"href":"https:\/\/www.intoscana.it\/it\/wp-json\/wp\/v2\/types\/post"}],"author":[{"embeddable":true,"href":"https:\/\/www.intoscana.it\/it\/wp-json\/wp\/v2\/users\/525"}],"replies":[{"embeddable":true,"href":"https:\/\/www.intoscana.it\/it\/wp-json\/wp\/v2\/comments?post=285021"}],"version-history":[{"count":0,"href":"https:\/\/www.intoscana.it\/it\/wp-json\/wp\/v2\/posts\/285021\/revisions"}],"wp:featuredmedia":[{"embeddable":true,"href":"https:\/\/www.intoscana.it\/it\/wp-json\/wp\/v2\/media\/189488"}],"wp:attachment":[{"href":"https:\/\/www.intoscana.it\/it\/wp-json\/wp\/v2\/media?parent=285021"}],"wp:term":[{"taxonomy":"category","embeddable":true,"href":"https:\/\/www.intoscana.it\/it\/wp-json\/wp\/v2\/categories?post=285021"},{"taxonomy":"post_tag","embeddable":true,"href":"https:\/\/www.intoscana.it\/it\/wp-json\/wp\/v2\/tags?post=285021"}],"curies":[{"name":"wp","href":"https:\/\/api.w.org\/{rel}","templated":true}]}}