{"id":285049,"date":"2023-05-03T14:34:54","date_gmt":"2023-05-03T12:34:54","guid":{"rendered":"https:\/\/www.intoscana.it\/it\/?p=285049"},"modified":"2023-05-03T17:26:59","modified_gmt":"2023-05-03T15:26:59","slug":"giovanisi-montepulciano","status":"publish","type":"post","link":"https:\/\/www.intoscana.it\/it\/giovanisi-montepulciano\/","title":{"rendered":"&#8220;Giovanis\u00ec in tour&#8221; fa tappa a Montepulciano: &#8220;Cos\u00ec i giovani scoprono le opportunit\u00e0 per loro&#8221;"},"content":{"rendered":"<p>Il viaggio di \u201cGiovanis\u00ec in tour\u201d tocca la provincia senese e oggi fa sosta all&#8217;I.I.S.S Agnolo Poliziano di Montepulciano. Questa mattina, 3 maggio, sono decine le studentesse e gli studenti che il camper e il suo staff a bordo stanno incontrando per presentare le <mark>opportunit\u00e0 che il progetto regionale per l\u2019autonomia dei giovani offre a ragazze e ragazzi toscani e per fornire strumenti e informazioni utili al fine di orientarsi nel mondo del lavoro, della formazione e dell\u2019imprenditoria <\/mark>.<\/p>\n<p>Con la squadra di <strong>Giovanis\u00ec<\/strong> &#8211; accolta dalla vicesindaca di Montepulciano <strong>Alice Raspanti,<\/strong> dal consigliere comunale con delega alle politiche giovanili <strong>Gianluca F\u00e8<\/strong> e dal dirigente scolastico del <strong>Poliziano<\/strong> &#8211; c\u2019\u00e8 il portavoce del presidente Giani <strong>Bernard Dika.<\/strong><\/p>\n<figure id=\"post-285055 media-285055\" class=\"align-none\"><img decoding=\"async\" src=\"https:\/\/www.intoscana.it\/wp-content\/uploads\/giovanisi\u0300-tour-montepulciano-2.jpeg\" alt=\"\" \/><\/figure>\n<div class=\"titleimg\">giovanisi\u0300 tour \u2013 montepulciano 2<\/div>\n<p>\u201cCon questo tour \u2013 ha osservato Dika \u2013 non andiamo a dire ai rag azzi cosa devono fare, ma cosa possono fare per crescere autonomi, seguire le loro passioni e ambizioni, essere cittadini attivi e consapevoli. Con Giovanis\u00ec possono scegliere il loro futuro, sapendo che c\u2019\u00e8 una regione che li prende per mano e li accompagna\u201d. \u201cDal 2011 \u2013 ha ricordato il portavoce \u2013 <mark>sono stati oltre 470.000 i beneficiari delle opportunit\u00e0 del progetto della Regione Toscana per l&#8217;autonomia dei giovani <\/mark>e pi\u00f9 di 1.4 miliardi di euro di risorse impegnate, grazie all\u2019amministrazione regionale e grazie al fondamentale contributi degli strumenti di finanziamento dell\u2019Unione europea\u201d.<\/p>\n<p>&#8220;Grazie alla Regione Toscana che ci da questa magnifica opportunit\u00e0 per far aiutare i ragazzi a scoprire il proprio talento \u2013 ha dichiarato la vicesindaca Raspanti -. <mark>Tramite l&#8217;esperienza di Giovanis\u00ec tanti giovani hanno capito qual era la loro strada, e questo \u00e8 un arricchimento per tutta la comunit\u00e0. Per la Regione significa aver investito le risorse di Giovanis\u00ec in maniera proficua con un risultato concreto&#8221; <\/mark>.<\/p>\n<p>Nella giornata di domani, gioved\u00ec 4 maggio, il camper di \u201cGiovanis\u00ec in tour\u201d sar\u00e0 dalle 8.30 al Liceo statale Antonio Rosmini di Grosseto.<\/p>\n","protected":false},"excerpt":{"rendered":"<div class=\"row\">\n<div id=\"column-1\" class=\"col-md-12 portlet-column portlet-column-only\">\n<section class=\"rt-subheader rt-subheader--news\">\n<div class=\"rt-subheader__wrapper\">\n<div class=\"rt-subheader__excerpt\">\n<p>Il camper \u00e8 all&#8217;I.I.S.S Agnolo Poliziano. Il 4 maggio appuntamento dalle 8.30 al Rosmini di Grosseto per proseguire il viaggio nelle scuole di tutte le province toscane<\/p>\n<\/div>\n<\/div>\n<\/section>\n<\/div>\n<\/div>\n","protected":false},"author":525,"featured_media":285068,"comment_status":"open","ping_status":"open","sticky":false,"template":"","format":"standard","meta":{"_acf_changed":false,"footnotes":""},"categories":[494],"tags":[221,244,260,5641],"class_list":["post-285049","post","type-post","status-publish","format-standard","has-post-thumbnail","hentry","category-attualita","tag-giovani","tag-giovanisi","tag-lavoro","tag-pari-opportunita"],"acf":[],"yoast_head":"<!-- This site is optimized with the Yoast SEO Premium plugin v24.2 (Yoast SEO v25.6) - https:\/\/yoast.com\/wordpress\/plugins\/seo\/ -->\n<title>&quot;Giovanis\u00ec in tour&quot; fa tappa a Montepulciano: &quot;Cos\u00ec i giovani scoprono le opportunit\u00e0 per loro&quot; - intoscana<\/title>\n<meta name=\"description\" content=\"Domani appuntamento dalle 8.30 al Rosmini di Grosseto per proseguire il viaggio nelle scuole di tutte le province toscane\" \/>\n<meta name=\"robots\" content=\"index, follow, max-snippet:-1, max-image-preview:large, max-video-preview:-1\" \/>\n<link rel=\"canonical\" href=\"https:\/\/www.intoscana.it\/it\/giovanisi-montepulciano\/\" \/>\n<meta property=\"og:locale\" content=\"it_IT\" \/>\n<meta property=\"og:type\" content=\"article\" \/>\n<meta property=\"og:title\" content=\"&quot;Giovanis\u00ec in tour&quot; fa tappa a Montepulciano: &quot;Cos\u00ec i giovani scoprono le opportunit\u00e0 per loro&quot;\" \/>\n<meta property=\"og:description\" content=\"Domani appuntamento dalle 8.30 al Rosmini di Grosseto per proseguire il viaggio nelle scuole di tutte le province toscane\" \/>\n<meta property=\"og:url\" content=\"https:\/\/www.intoscana.it\/it\/giovanisi-montepulciano\/\" \/>\n<meta property=\"og:site_name\" content=\"intoscana\" \/>\n<meta property=\"article:publisher\" content=\"https:\/\/www.facebook.com\/intoscana.it\" \/>\n<meta property=\"article:published_time\" content=\"2023-05-03T12:34:54+00:00\" \/>\n<meta property=\"article:modified_time\" content=\"2023-05-03T15:26:59+00:00\" \/>\n<meta property=\"og:image\" content=\"https:\/\/www.intoscana.it\/wp-content\/uploads\/Gsi\u0300-Tour-Pontedera.jpeg\" \/>\n\t<meta property=\"og:image:width\" content=\"1080\" \/>\n\t<meta property=\"og:image:height\" content=\"1080\" \/>\n\t<meta property=\"og:image:type\" content=\"image\/jpeg\" \/>\n<meta name=\"author\" content=\"Redazione\" \/>\n<meta name=\"twitter:card\" content=\"summary_large_image\" \/>\n<meta name=\"twitter:creator\" content=\"@intoscana\" \/>\n<meta name=\"twitter:site\" content=\"@intoscana\" \/>\n<meta name=\"twitter:label1\" content=\"Written by\" \/>\n\t<meta name=\"twitter:data1\" content=\"Redazione\" \/>\n\t<meta name=\"twitter:label2\" content=\"Est. reading time\" \/>\n\t<meta name=\"twitter:data2\" content=\"2 minuti\" \/>\n<script type=\"application\/ld+json\" class=\"yoast-schema-graph\">{\"@context\":\"https:\/\/schema.org\",\"@graph\":[{\"@type\":\"WebPage\",\"@id\":\"https:\/\/www.intoscana.it\/it\/giovanisi-montepulciano\/\",\"url\":\"https:\/\/www.intoscana.it\/it\/giovanisi-montepulciano\/\",\"name\":\"\\\"Giovanis\u00ec in tour\\\" fa tappa a Montepulciano: \\\"Cos\u00ec i giovani scoprono le opportunit\u00e0 per loro\\\" - intoscana\",\"isPartOf\":{\"@id\":\"https:\/\/www.intoscana.it\/it\/#website\"},\"primaryImageOfPage\":{\"@id\":\"https:\/\/www.intoscana.it\/it\/giovanisi-montepulciano\/#primaryimage\"},\"image\":{\"@id\":\"https:\/\/www.intoscana.it\/it\/giovanisi-montepulciano\/#primaryimage\"},\"thumbnailUrl\":\"https:\/\/www.intoscana.it\/wp-content\/uploads\/Gsi\u0300-Tour-Pontedera.jpeg\",\"datePublished\":\"2023-05-03T12:34:54+00:00\",\"dateModified\":\"2023-05-03T15:26:59+00:00\",\"author\":{\"@id\":\"https:\/\/www.intoscana.it\/it\/#\/schema\/person\/9223810753230f20bd670fdd322661f8\"},\"description\":\"Domani appuntamento dalle 8.30 al Rosmini di Grosseto per proseguire il viaggio nelle scuole di tutte le province toscane\",\"breadcrumb\":{\"@id\":\"https:\/\/www.intoscana.it\/it\/giovanisi-montepulciano\/#breadcrumb\"},\"inLanguage\":\"it-IT\",\"potentialAction\":[{\"@type\":\"ReadAction\",\"target\":[\"https:\/\/www.intoscana.it\/it\/giovanisi-montepulciano\/\"]}]},{\"@type\":\"ImageObject\",\"inLanguage\":\"it-IT\",\"@id\":\"https:\/\/www.intoscana.it\/it\/giovanisi-montepulciano\/#primaryimage\",\"url\":\"https:\/\/www.intoscana.it\/wp-content\/uploads\/Gsi\u0300-Tour-Pontedera.jpeg\",\"contentUrl\":\"https:\/\/www.intoscana.it\/wp-content\/uploads\/Gsi\u0300-Tour-Pontedera.jpeg\",\"width\":1080,\"height\":1080},{\"@type\":\"BreadcrumbList\",\"@id\":\"https:\/\/www.intoscana.it\/it\/giovanisi-montepulciano\/#breadcrumb\",\"itemListElement\":[{\"@type\":\"ListItem\",\"position\":1,\"name\":\"Home\",\"item\":\"https:\/\/www.intoscana.it\/it\/\"},{\"@type\":\"ListItem\",\"position\":2,\"name\":\"&#8220;Giovanis\u00ec in tour&#8221; fa tappa a Montepulciano: &#8220;Cos\u00ec i giovani scoprono le opportunit\u00e0 per loro&#8221;\"}]},{\"@type\":\"WebSite\",\"@id\":\"https:\/\/www.intoscana.it\/it\/#website\",\"url\":\"https:\/\/www.intoscana.it\/it\/\",\"name\":\"intoscana\",\"description\":\"\",\"potentialAction\":[{\"@type\":\"SearchAction\",\"target\":{\"@type\":\"EntryPoint\",\"urlTemplate\":\"https:\/\/www.intoscana.it\/it\/?s={search_term_string}\"},\"query-input\":{\"@type\":\"PropertyValueSpecification\",\"valueRequired\":true,\"valueName\":\"search_term_string\"}}],\"inLanguage\":\"it-IT\"},{\"@type\":\"Person\",\"@id\":\"https:\/\/www.intoscana.it\/it\/#\/schema\/person\/9223810753230f20bd670fdd322661f8\",\"name\":\"Redazione\",\"url\":\"https:\/\/www.intoscana.it\/it\/author\/redazione\/\"}]}<\/script>\n<!-- \/ Yoast SEO Premium plugin. -->","yoast_head_json":{"title":"\"Giovanis\u00ec in tour\" fa tappa a Montepulciano: \"Cos\u00ec i giovani scoprono le opportunit\u00e0 per loro\" - intoscana","description":"Domani appuntamento dalle 8.30 al Rosmini di Grosseto per proseguire il viaggio nelle scuole di tutte le province toscane","robots":{"index":"index","follow":"follow","max-snippet":"max-snippet:-1","max-image-preview":"max-image-preview:large","max-video-preview":"max-video-preview:-1"},"canonical":"https:\/\/www.intoscana.it\/it\/giovanisi-montepulciano\/","og_locale":"it_IT","og_type":"article","og_title":"\"Giovanis\u00ec in tour\" fa tappa a Montepulciano: \"Cos\u00ec i giovani scoprono le opportunit\u00e0 per loro\"","og_description":"Domani appuntamento dalle 8.30 al Rosmini di Grosseto per proseguire il viaggio nelle scuole di tutte le province toscane","og_url":"https:\/\/www.intoscana.it\/it\/giovanisi-montepulciano\/","og_site_name":"intoscana","article_publisher":"https:\/\/www.facebook.com\/intoscana.it","article_published_time":"2023-05-03T12:34:54+00:00","article_modified_time":"2023-05-03T15:26:59+00:00","og_image":[{"width":1080,"height":1080,"url":"https:\/\/www.intoscana.it\/wp-content\/uploads\/Gsi\u0300-Tour-Pontedera.jpeg","type":"image\/jpeg"}],"author":"Redazione","twitter_card":"summary_large_image","twitter_creator":"@intoscana","twitter_site":"@intoscana","twitter_misc":{"Written by":"Redazione","Est. reading time":"2 minuti"},"schema":{"@context":"https:\/\/schema.org","@graph":[{"@type":"WebPage","@id":"https:\/\/www.intoscana.it\/it\/giovanisi-montepulciano\/","url":"https:\/\/www.intoscana.it\/it\/giovanisi-montepulciano\/","name":"\"Giovanis\u00ec in tour\" fa tappa a Montepulciano: \"Cos\u00ec i giovani scoprono le opportunit\u00e0 per loro\" - intoscana","isPartOf":{"@id":"https:\/\/www.intoscana.it\/it\/#website"},"primaryImageOfPage":{"@id":"https:\/\/www.intoscana.it\/it\/giovanisi-montepulciano\/#primaryimage"},"image":{"@id":"https:\/\/www.intoscana.it\/it\/giovanisi-montepulciano\/#primaryimage"},"thumbnailUrl":"https:\/\/www.intoscana.it\/wp-content\/uploads\/Gsi\u0300-Tour-Pontedera.jpeg","datePublished":"2023-05-03T12:34:54+00:00","dateModified":"2023-05-03T15:26:59+00:00","author":{"@id":"https:\/\/www.intoscana.it\/it\/#\/schema\/person\/9223810753230f20bd670fdd322661f8"},"description":"Domani appuntamento dalle 8.30 al Rosmini di Grosseto per proseguire il viaggio nelle scuole di tutte le province toscane","breadcrumb":{"@id":"https:\/\/www.intoscana.it\/it\/giovanisi-montepulciano\/#breadcrumb"},"inLanguage":"it-IT","potentialAction":[{"@type":"ReadAction","target":["https:\/\/www.intoscana.it\/it\/giovanisi-montepulciano\/"]}]},{"@type":"ImageObject","inLanguage":"it-IT","@id":"https:\/\/www.intoscana.it\/it\/giovanisi-montepulciano\/#primaryimage","url":"https:\/\/www.intoscana.it\/wp-content\/uploads\/Gsi\u0300-Tour-Pontedera.jpeg","contentUrl":"https:\/\/www.intoscana.it\/wp-content\/uploads\/Gsi\u0300-Tour-Pontedera.jpeg","width":1080,"height":1080},{"@type":"BreadcrumbList","@id":"https:\/\/www.intoscana.it\/it\/giovanisi-montepulciano\/#breadcrumb","itemListElement":[{"@type":"ListItem","position":1,"name":"Home","item":"https:\/\/www.intoscana.it\/it\/"},{"@type":"ListItem","position":2,"name":"&#8220;Giovanis\u00ec in tour&#8221; fa tappa a Montepulciano: &#8220;Cos\u00ec i giovani scoprono le opportunit\u00e0 per loro&#8221;"}]},{"@type":"WebSite","@id":"https:\/\/www.intoscana.it\/it\/#website","url":"https:\/\/www.intoscana.it\/it\/","name":"intoscana","description":"","potentialAction":[{"@type":"SearchAction","target":{"@type":"EntryPoint","urlTemplate":"https:\/\/www.intoscana.it\/it\/?s={search_term_string}"},"query-input":{"@type":"PropertyValueSpecification","valueRequired":true,"valueName":"search_term_string"}}],"inLanguage":"it-IT"},{"@type":"Person","@id":"https:\/\/www.intoscana.it\/it\/#\/schema\/person\/9223810753230f20bd670fdd322661f8","name":"Redazione","url":"https:\/\/www.intoscana.it\/it\/author\/redazione\/"}]}},"_links":{"self":[{"href":"https:\/\/www.intoscana.it\/it\/wp-json\/wp\/v2\/posts\/285049","targetHints":{"allow":["GET"]}}],"collection":[{"href":"https:\/\/www.intoscana.it\/it\/wp-json\/wp\/v2\/posts"}],"about":[{"href":"https:\/\/www.intoscana.it\/it\/wp-json\/wp\/v2\/types\/post"}],"author":[{"embeddable":true,"href":"https:\/\/www.intoscana.it\/it\/wp-json\/wp\/v2\/users\/525"}],"replies":[{"embeddable":true,"href":"https:\/\/www.intoscana.it\/it\/wp-json\/wp\/v2\/comments?post=285049"}],"version-history":[{"count":0,"href":"https:\/\/www.intoscana.it\/it\/wp-json\/wp\/v2\/posts\/285049\/revisions"}],"wp:featuredmedia":[{"embeddable":true,"href":"https:\/\/www.intoscana.it\/it\/wp-json\/wp\/v2\/media\/285068"}],"wp:attachment":[{"href":"https:\/\/www.intoscana.it\/it\/wp-json\/wp\/v2\/media?parent=285049"}],"wp:term":[{"taxonomy":"category","embeddable":true,"href":"https:\/\/www.intoscana.it\/it\/wp-json\/wp\/v2\/categories?post=285049"},{"taxonomy":"post_tag","embeddable":true,"href":"https:\/\/www.intoscana.it\/it\/wp-json\/wp\/v2\/tags?post=285049"}],"curies":[{"name":"wp","href":"https:\/\/api.w.org\/{rel}","templated":true}]}}