{"id":285172,"date":"2023-05-04T09:59:54","date_gmt":"2023-05-04T07:59:54","guid":{"rendered":"https:\/\/www.intoscana.it\/it\/?p=285172"},"modified":"2023-05-04T16:58:46","modified_gmt":"2023-05-04T14:58:46","slug":"festa-europa-seduta-consiglio","status":"publish","type":"post","link":"https:\/\/www.intoscana.it\/it\/festa-europa-seduta-consiglio\/","title":{"rendered":"Festa dell\u2019Europa: la seduta solenne del Consiglio regionale della Toscana. La diretta"},"content":{"rendered":"<p>Si \u00e8 aperta con l\u2019Inno alla Gioia e con l\u2019Inno di Mameli suonati dall\u2019orchestra \u2018Sar\u00e0Banda\u2019 della scuola &#8220;Massimiliano Guerri&#8221; di Reggello la seduta solenne del <strong>Consiglio regionale della Toscana<\/strong> dedicata alla Festa dell\u2019Europa.<\/p>\n<p><em>\u201cAbbiamo voluto che ad aprire questa giornata fossero delle ragazze e dei ragazzi<\/em> \u2013 ha spiegato il presidente dell\u2019Assemblea legislativa <strong>Antonio Mazzeo<\/strong> \u2013 <em>perch\u00e9 l\u2019Europa \u00e8 la loro casa. Non \u00e8 solo il loro futuro, ma anche il loro e il nostro presente, perch\u00e9 sono loro a dover prendere il testimone della costruzione dell\u2019Europa unita\u201d.<\/em><\/p>\n<h3>Mazzeo: celebrare il 25 aprile il giorno europeo della Liberazione dal nazifascismo<\/h3>\n<p>Il presidente del Consiglio regionale, dopo il saluto alle autorit\u00e0 intervenute e al ministro degli Affari esteri e della cooperazione internazionale <strong>Antonio Tajani<\/strong>, ha aperto una riflessione sui valori, i risultati e le prospettive dell&#8217;Unione Europea: <em>\u201cUn cammino che \u00e8 passato attraverso fasi di fiducia e periodi di difficolt\u00e0, ma non venendo mai meno alla sua fondamentale promessa di pace, stabilit\u00e0 e prosperit\u00e0 per i popoli europei. <strong>L\u2019Europa unita<\/strong> ci ha consegnato settant\u2019anni anni di pace, oggi per\u00f2 nessuno pu\u00f2 restare indifferente di fronte alla brutale aggressione della Russia all\u2019Ucraina, un Paese sovrano, libero, indipendente, democratico, la cui popolazione \u00e8 oggetto di attacchi mirati e criminali che uccidono con ferocia uomini, donne e bambini. L\u2019Europa nasce come grande progetto di pace, come visione di sviluppo capace di superare storiche contrapposizioni. Europa che ha bisogno di un nuovo progetto di speranza, un progetto che ci accomuni e che possa incarnare i nostri valori e la nostra civilt\u00e0\u201d.<\/em><\/p>\n<p><em>\u201cLa Toscana<\/em> \u2013 ha aggiunto Mazzeo \u2013 <em>come tutta l\u2019Italia, sta affrontando la sfida enorme del Piano nazionale di ripresa e resilienza e dei fondi europei per la coesione territoriale. Grazie all\u2019Europa potremmo dare delle risposte sempre migliori alle cittadine e ai cittadini della Toscana. <mark>Dobbiamo lavorare insieme per costruire un&#8217;Europa che sia pi\u00f9 giusta, equa e solidale.<\/mark> <\/em><em>Diversi toscani hanno contribuito a formare il pensiero europeo<\/em> <em>e la Toscana ha un ruolo fondamentale nell&#8217;Europa, anche come luogo di arte, cultura, bellezza e di storia. Oggi vorrei ricordarne due: <strong>Don Milani<\/strong> e <strong>David Sassoli<\/strong>. Dobbiamo guardare al futuro con speranza e determinazione. L&#8217;Europa pu\u00f2 e deve essere una fonte di ispirazione per tutti coloro che credono nei valori di giustizia e uguaglianza.&#8221;<\/em><\/p>\n<p>Il presidente dell\u2019Assemblea legislativa ha chiuso il suo intervento con una proposta<em>: \u201cQualche giorno fa era il <strong>25 aprile.<\/strong><\/em> L<em>a Festa della Liberazione si celebra in Italia e in Portogallo, due paesi che conquistarono la libert\u00e0 da dittature fasciste. Il sogno dell\u2019Europa unita nasce a Ventotene, da un antifascista, Altiero Spinelli che parteciper\u00e0 anche alla Resistenza. La Resistenza \u00e8 stata un fenomeno europeo, perfino in Germania dove gli studenti della Rosa Bianca si opponevano al nazismo. Per questo mi appello al ministro Tajani, proprio come ho fatto qualche giorno fa a Sant\u2019Anna di Stazzema con la vicepresidente del Parlamento europeo Pina Picierno: <mark>facciamo diventare il 25 aprile il giorno europeo della Liberazione dal nazifascismo. Perch\u00e9 sarebbe bello e importante poter condividere questi valori che sono alla base del nostro sogno europeo\u201d.<\/mark><\/em><\/p>\n<h3>Tajani: l\u2019Italia dovr\u00e0 essere protagonista in un\u2019Europa che deve contare sempre di pi\u00f9<\/h3>\n<p><em>\u201cFesteggiamo la Festa dell\u2019Europa, ma le feste devono sempre non essere soltanto un atto burocratico previsto dal calendario\u201d,<\/em> ha esordito il ministro <strong>Antonio Tajani<\/strong>, intervenuto alla seduta solenne del Consiglio regionale.<\/p>\n<p>Quello che serve, aggiunge il ministro, <em>\u201c\u00e8 un\u2019Europa che conti di pi\u00f9. Credo che il Comitato delle Regioni debba avere un ruolo ancora maggiore, perch\u00e9 sindaci e amministratori regionali sono pi\u00f9 a contatto con i cittadini. Cos\u00ec come mi sono sempre battuto perch\u00e9 il Parlamento europeo avesse potere d\u2019iniziativa legislativa. Il Parlamento europeo \u00e8 un Parlamento monco e si deve andare avanti anche con un Consiglio europeo meno ingessato\u201d<\/em>.<\/p>\n<p>Un\u2019Europa democratica e unita, <em>\u201cche deve contare di pi\u00f9. Credo nella Nato, ma nella Nato dobbiamo contare di pi\u00f9 come Europa e noi italiani dobbiamo contare di pi\u00f9 in Europa. Per farlo, dobbiamo lavorare di pi\u00f9, partecipare, essere incisivi<\/em> &#8211; conclude Tajani &#8211; <em>non possiamo fare a meno dell\u2019Europa, non soltanto perch\u00e9 \u00e8 la nostra vocazione e rappresenta la nostra identit\u00e0. C\u2019\u00e8 molto da fare, ma resto ottimista, finita questa guerra ci troveremo in un mondo un po\u2019 cambiato, con grandi potenze la Cina, gli Stai Uniti, l\u2019India, la Russia, che anche se avr\u00e0 subito, come ritengo, una sconfitta, rester\u00e0 un grande Paese. <mark>In questa sfida globale, potremo essere competitivi solo se saremo parte protagonista di una squadra pi\u00f9 ampia, in un\u2019Europa che ci permetta di essere parte di un progetto pi\u00f9 ampio<\/mark> e ci protegga. L\u2019Italia \u00e8 la seconda manifattura d\u2019Europa, non lo dobbiamo dimenticare, ha tutti i requisiti per essere protagonisti di questa Europa.&#8221;<\/em><\/p>\n<h3>Giani: l&#8217;Europa \u00e8 in noi e con noi<\/h3>\n<p>A concludere la seduta solenne dedicata alla Festa dell\u2019Europa sono state le parole del presidente della Giunta regionale <strong>Eugenio Giani<\/strong>. Dopo i saluti alle istituzioni presenti, ringraziate per il loro spirito di collaborazione, il presidente Giani ha aperto il suo intervento sottolineando come <em>\u201cL\u2019Europa \u00e8 in noi e con noi\u201d<\/em>. \u201c<em>Basti pensare<\/em> &#8211; ha aggiunto \u2013<em> che il 70% delle norme che regolano la nostra comunit\u00e0 sono direttamente o indirettamente connesse all\u2019Europa. Ma ci sono anche le risorse economiche, per una Regione che ha un bilancio di un miliardo e 200milioni di euro, cosa diremmo ai cittadini e cosa faremmo in termini di servizi, se non utilizzassimo nei prossimi sei anni le fonti del <strong>Piano nazionale di ripresa e resilienza<\/strong>, che significano 6mila 120 progetti approvati in modo definitivo, al 31 di marzo del 2023, per un valore di 6miliardi e 600milioni di euro. E acconto a questo ci sono i fondi strutturali per un valore pari a 3miliardi e 300milioni di euro\u201d.<\/em><\/p>\n<p><em>\u201cSenza Europa non si va da nessuna parte<\/em> \u2013 ha ammonito il presidente Giani \u2013<em> i soggetti attori sul palcoscenico internazionale oggi sono gli Stati Uniti, la Cina, l\u2019India e la Russia ed \u00e8 evidente come sia fondamentale rapportarsi come Europa non certo come singoli Paesi. E purtroppo nella disgrazia e nel dramma lo dimostra la vicenda dell\u2019Ucraina. La solidariet\u00e0 verso l\u2019Ucraina ha indubbiamente cementato di pi\u00f9, ha fatto capire che l\u2019Europa degli Erasmus \u00e8 un\u2019Europa che vive un\u2019identit\u00e0 sovranazionale che difende i propri confini che sono tra Europa e Russia\u201d.\u00a0\u00a0\u00a0<\/em><\/p>\n<p>Al termine della seduta solenne il presidente Mazzeo ha consegnato al ministro Tajani la <strong>\u2018Festina Lente\u2019<\/strong>, il simbolo della flotta di Cosimo I dei Medici, che rappresenta nel suo motto \u2018affrettati lentamente\u2019, la prudenza, ma anche il vento in poppa per svolgere al meglio i propri compiti.<\/p>\n<p>&nbsp;<\/p>\n<p><iframe loading=\"lazy\" title=\"YouTube video player\" src=\"https:\/\/www.youtube.com\/embed\/9glr6dSOo1Q\" width=\"560\" height=\"315\" frameborder=\"0\" allowfullscreen=\"allowfullscreen\"><\/iframe><\/p>\n","protected":false},"excerpt":{"rendered":"<p>Nell&#8217;Aula consiliare di palazzo del Pegaso \u00e8 intervenuto anche il ministro degli Affari esteri Antonio Tajani. Mazzeo: &#8220;Facciamo diventare il 25 aprile il giorno europeo della Liberazione dal nazifascismo&#8221;<\/p>\n","protected":false},"author":525,"featured_media":285286,"comment_status":"open","ping_status":"open","sticky":false,"template":"","format":"standard","meta":{"_acf_changed":false,"footnotes":""},"categories":[494],"tags":[4753,6469],"class_list":["post-285172","post","type-post","status-publish","format-standard","has-post-thumbnail","hentry","category-attualita","tag-consiglio-regionale-della-toscana","tag-festa-delleuropa"],"acf":[],"yoast_head":"<!-- This site is optimized with the Yoast SEO Premium plugin v24.2 (Yoast SEO v25.6) - https:\/\/yoast.com\/wordpress\/plugins\/seo\/ -->\n<title>Festa dell\u2019Europa: la seduta solenne del Consiglio regionale della Toscana. La diretta - intoscana<\/title>\n<meta name=\"description\" content=\"Il Consiglio regionale della Toscana oggi in seduta solenne per la Festa dell&#039;Europa: interverr\u00e0 anche il ministro degli esteri Tajani.\" \/>\n<meta name=\"robots\" content=\"index, follow, max-snippet:-1, max-image-preview:large, max-video-preview:-1\" \/>\n<link rel=\"canonical\" href=\"https:\/\/www.intoscana.it\/it\/festa-europa-seduta-consiglio\/\" \/>\n<meta property=\"og:locale\" content=\"it_IT\" \/>\n<meta property=\"og:type\" content=\"article\" \/>\n<meta property=\"og:title\" content=\"Festa dell\u2019Europa: la seduta solenne del Consiglio regionale della Toscana. La diretta\" \/>\n<meta property=\"og:description\" content=\"Il Consiglio regionale della Toscana oggi in seduta solenne per la Festa dell&#039;Europa: interverr\u00e0 anche il ministro degli esteri Tajani.\" \/>\n<meta property=\"og:url\" content=\"https:\/\/www.intoscana.it\/it\/festa-europa-seduta-consiglio\/\" \/>\n<meta property=\"og:site_name\" content=\"intoscana\" \/>\n<meta property=\"article:publisher\" content=\"https:\/\/www.facebook.com\/intoscana.it\" \/>\n<meta property=\"article:published_time\" content=\"2023-05-04T07:59:54+00:00\" \/>\n<meta property=\"article:modified_time\" content=\"2023-05-04T14:58:46+00:00\" \/>\n<meta property=\"og:image\" content=\"https:\/\/www.intoscana.it\/wp-content\/uploads\/Festa-dellEuropa-seduta-solenne-44.jpg\" \/>\n\t<meta property=\"og:image:width\" content=\"2000\" \/>\n\t<meta property=\"og:image:height\" content=\"1333\" \/>\n\t<meta property=\"og:image:type\" content=\"image\/jpeg\" \/>\n<meta name=\"author\" content=\"Redazione\" \/>\n<meta name=\"twitter:card\" content=\"summary_large_image\" \/>\n<meta name=\"twitter:creator\" content=\"@intoscana\" \/>\n<meta name=\"twitter:site\" content=\"@intoscana\" \/>\n<meta name=\"twitter:label1\" content=\"Written by\" \/>\n\t<meta name=\"twitter:data1\" content=\"Redazione\" \/>\n\t<meta name=\"twitter:label2\" content=\"Est. reading time\" \/>\n\t<meta name=\"twitter:data2\" content=\"6 minuti\" \/>\n<script type=\"application\/ld+json\" class=\"yoast-schema-graph\">{\"@context\":\"https:\/\/schema.org\",\"@graph\":[{\"@type\":\"WebPage\",\"@id\":\"https:\/\/www.intoscana.it\/it\/festa-europa-seduta-consiglio\/\",\"url\":\"https:\/\/www.intoscana.it\/it\/festa-europa-seduta-consiglio\/\",\"name\":\"Festa dell\u2019Europa: la seduta solenne del Consiglio regionale della Toscana. La diretta - intoscana\",\"isPartOf\":{\"@id\":\"https:\/\/www.intoscana.it\/it\/#website\"},\"primaryImageOfPage\":{\"@id\":\"https:\/\/www.intoscana.it\/it\/festa-europa-seduta-consiglio\/#primaryimage\"},\"image\":{\"@id\":\"https:\/\/www.intoscana.it\/it\/festa-europa-seduta-consiglio\/#primaryimage\"},\"thumbnailUrl\":\"https:\/\/www.intoscana.it\/wp-content\/uploads\/Festa-dellEuropa-seduta-solenne-44.jpg\",\"datePublished\":\"2023-05-04T07:59:54+00:00\",\"dateModified\":\"2023-05-04T14:58:46+00:00\",\"author\":{\"@id\":\"https:\/\/www.intoscana.it\/it\/#\/schema\/person\/9223810753230f20bd670fdd322661f8\"},\"description\":\"Il Consiglio regionale della Toscana oggi in seduta solenne per la Festa dell'Europa: interverr\u00e0 anche il ministro degli esteri Tajani.\",\"breadcrumb\":{\"@id\":\"https:\/\/www.intoscana.it\/it\/festa-europa-seduta-consiglio\/#breadcrumb\"},\"inLanguage\":\"it-IT\",\"potentialAction\":[{\"@type\":\"ReadAction\",\"target\":[\"https:\/\/www.intoscana.it\/it\/festa-europa-seduta-consiglio\/\"]}]},{\"@type\":\"ImageObject\",\"inLanguage\":\"it-IT\",\"@id\":\"https:\/\/www.intoscana.it\/it\/festa-europa-seduta-consiglio\/#primaryimage\",\"url\":\"https:\/\/www.intoscana.it\/wp-content\/uploads\/Festa-dellEuropa-seduta-solenne-44.jpg\",\"contentUrl\":\"https:\/\/www.intoscana.it\/wp-content\/uploads\/Festa-dellEuropa-seduta-solenne-44.jpg\",\"width\":2000,\"height\":1333,\"caption\":\"La seduta solenne del Consiglio regionale della Toscana per la Festa dell'Europa\"},{\"@type\":\"BreadcrumbList\",\"@id\":\"https:\/\/www.intoscana.it\/it\/festa-europa-seduta-consiglio\/#breadcrumb\",\"itemListElement\":[{\"@type\":\"ListItem\",\"position\":1,\"name\":\"Home\",\"item\":\"https:\/\/www.intoscana.it\/it\/\"},{\"@type\":\"ListItem\",\"position\":2,\"name\":\"Festa dell\u2019Europa: la seduta solenne del Consiglio regionale della Toscana. La diretta\"}]},{\"@type\":\"WebSite\",\"@id\":\"https:\/\/www.intoscana.it\/it\/#website\",\"url\":\"https:\/\/www.intoscana.it\/it\/\",\"name\":\"intoscana\",\"description\":\"\",\"potentialAction\":[{\"@type\":\"SearchAction\",\"target\":{\"@type\":\"EntryPoint\",\"urlTemplate\":\"https:\/\/www.intoscana.it\/it\/?s={search_term_string}\"},\"query-input\":{\"@type\":\"PropertyValueSpecification\",\"valueRequired\":true,\"valueName\":\"search_term_string\"}}],\"inLanguage\":\"it-IT\"},{\"@type\":\"Person\",\"@id\":\"https:\/\/www.intoscana.it\/it\/#\/schema\/person\/9223810753230f20bd670fdd322661f8\",\"name\":\"Redazione\",\"url\":\"https:\/\/www.intoscana.it\/it\/author\/redazione\/\"}]}<\/script>\n<!-- \/ Yoast SEO Premium plugin. -->","yoast_head_json":{"title":"Festa dell\u2019Europa: la seduta solenne del Consiglio regionale della Toscana. La diretta - intoscana","description":"Il Consiglio regionale della Toscana oggi in seduta solenne per la Festa dell'Europa: interverr\u00e0 anche il ministro degli esteri Tajani.","robots":{"index":"index","follow":"follow","max-snippet":"max-snippet:-1","max-image-preview":"max-image-preview:large","max-video-preview":"max-video-preview:-1"},"canonical":"https:\/\/www.intoscana.it\/it\/festa-europa-seduta-consiglio\/","og_locale":"it_IT","og_type":"article","og_title":"Festa dell\u2019Europa: la seduta solenne del Consiglio regionale della Toscana. La diretta","og_description":"Il Consiglio regionale della Toscana oggi in seduta solenne per la Festa dell'Europa: interverr\u00e0 anche il ministro degli esteri Tajani.","og_url":"https:\/\/www.intoscana.it\/it\/festa-europa-seduta-consiglio\/","og_site_name":"intoscana","article_publisher":"https:\/\/www.facebook.com\/intoscana.it","article_published_time":"2023-05-04T07:59:54+00:00","article_modified_time":"2023-05-04T14:58:46+00:00","og_image":[{"width":2000,"height":1333,"url":"https:\/\/www.intoscana.it\/wp-content\/uploads\/Festa-dellEuropa-seduta-solenne-44.jpg","type":"image\/jpeg"}],"author":"Redazione","twitter_card":"summary_large_image","twitter_creator":"@intoscana","twitter_site":"@intoscana","twitter_misc":{"Written by":"Redazione","Est. reading time":"6 minuti"},"schema":{"@context":"https:\/\/schema.org","@graph":[{"@type":"WebPage","@id":"https:\/\/www.intoscana.it\/it\/festa-europa-seduta-consiglio\/","url":"https:\/\/www.intoscana.it\/it\/festa-europa-seduta-consiglio\/","name":"Festa dell\u2019Europa: la seduta solenne del Consiglio regionale della Toscana. La diretta - intoscana","isPartOf":{"@id":"https:\/\/www.intoscana.it\/it\/#website"},"primaryImageOfPage":{"@id":"https:\/\/www.intoscana.it\/it\/festa-europa-seduta-consiglio\/#primaryimage"},"image":{"@id":"https:\/\/www.intoscana.it\/it\/festa-europa-seduta-consiglio\/#primaryimage"},"thumbnailUrl":"https:\/\/www.intoscana.it\/wp-content\/uploads\/Festa-dellEuropa-seduta-solenne-44.jpg","datePublished":"2023-05-04T07:59:54+00:00","dateModified":"2023-05-04T14:58:46+00:00","author":{"@id":"https:\/\/www.intoscana.it\/it\/#\/schema\/person\/9223810753230f20bd670fdd322661f8"},"description":"Il Consiglio regionale della Toscana oggi in seduta solenne per la Festa dell'Europa: interverr\u00e0 anche il ministro degli esteri Tajani.","breadcrumb":{"@id":"https:\/\/www.intoscana.it\/it\/festa-europa-seduta-consiglio\/#breadcrumb"},"inLanguage":"it-IT","potentialAction":[{"@type":"ReadAction","target":["https:\/\/www.intoscana.it\/it\/festa-europa-seduta-consiglio\/"]}]},{"@type":"ImageObject","inLanguage":"it-IT","@id":"https:\/\/www.intoscana.it\/it\/festa-europa-seduta-consiglio\/#primaryimage","url":"https:\/\/www.intoscana.it\/wp-content\/uploads\/Festa-dellEuropa-seduta-solenne-44.jpg","contentUrl":"https:\/\/www.intoscana.it\/wp-content\/uploads\/Festa-dellEuropa-seduta-solenne-44.jpg","width":2000,"height":1333,"caption":"La seduta solenne del Consiglio regionale della Toscana per la Festa dell'Europa"},{"@type":"BreadcrumbList","@id":"https:\/\/www.intoscana.it\/it\/festa-europa-seduta-consiglio\/#breadcrumb","itemListElement":[{"@type":"ListItem","position":1,"name":"Home","item":"https:\/\/www.intoscana.it\/it\/"},{"@type":"ListItem","position":2,"name":"Festa dell\u2019Europa: la seduta solenne del Consiglio regionale della Toscana. La diretta"}]},{"@type":"WebSite","@id":"https:\/\/www.intoscana.it\/it\/#website","url":"https:\/\/www.intoscana.it\/it\/","name":"intoscana","description":"","potentialAction":[{"@type":"SearchAction","target":{"@type":"EntryPoint","urlTemplate":"https:\/\/www.intoscana.it\/it\/?s={search_term_string}"},"query-input":{"@type":"PropertyValueSpecification","valueRequired":true,"valueName":"search_term_string"}}],"inLanguage":"it-IT"},{"@type":"Person","@id":"https:\/\/www.intoscana.it\/it\/#\/schema\/person\/9223810753230f20bd670fdd322661f8","name":"Redazione","url":"https:\/\/www.intoscana.it\/it\/author\/redazione\/"}]}},"_links":{"self":[{"href":"https:\/\/www.intoscana.it\/it\/wp-json\/wp\/v2\/posts\/285172","targetHints":{"allow":["GET"]}}],"collection":[{"href":"https:\/\/www.intoscana.it\/it\/wp-json\/wp\/v2\/posts"}],"about":[{"href":"https:\/\/www.intoscana.it\/it\/wp-json\/wp\/v2\/types\/post"}],"author":[{"embeddable":true,"href":"https:\/\/www.intoscana.it\/it\/wp-json\/wp\/v2\/users\/525"}],"replies":[{"embeddable":true,"href":"https:\/\/www.intoscana.it\/it\/wp-json\/wp\/v2\/comments?post=285172"}],"version-history":[{"count":0,"href":"https:\/\/www.intoscana.it\/it\/wp-json\/wp\/v2\/posts\/285172\/revisions"}],"wp:featuredmedia":[{"embeddable":true,"href":"https:\/\/www.intoscana.it\/it\/wp-json\/wp\/v2\/media\/285286"}],"wp:attachment":[{"href":"https:\/\/www.intoscana.it\/it\/wp-json\/wp\/v2\/media?parent=285172"}],"wp:term":[{"taxonomy":"category","embeddable":true,"href":"https:\/\/www.intoscana.it\/it\/wp-json\/wp\/v2\/categories?post=285172"},{"taxonomy":"post_tag","embeddable":true,"href":"https:\/\/www.intoscana.it\/it\/wp-json\/wp\/v2\/tags?post=285172"}],"curies":[{"name":"wp","href":"https:\/\/api.w.org\/{rel}","templated":true}]}}