{"id":285382,"date":"2023-05-05T13:00:39","date_gmt":"2023-05-05T11:00:39","guid":{"rendered":"https:\/\/www.intoscana.it\/it\/?p=285382"},"modified":"2023-05-05T13:18:16","modified_gmt":"2023-05-05T11:18:16","slug":"scudetto-napoli-toscana","status":"publish","type":"post","link":"https:\/\/www.intoscana.it\/it\/scudetto-napoli-toscana\/","title":{"rendered":"Scudetto Napoli: l&#8217;apporto decisivo di Spalletti e Di Lorenzo, orgogliosamente toscani"},"content":{"rendered":"<p>Dopo il gol di <strong>Osimhen, <\/strong>che ha segnato il pareggio con l\u2019Udinese e sancito la vittoria del terzo scudetto per il <strong>Napoli, <\/strong>sono esplosi la gioia e i festeggiamenti nella citt\u00e0 partenopea e in tutta Italia. In questo risultato c\u2019\u00e8 tanta <strong>Toscana<\/strong> a partire proprio dall\u2019allenatore <strong>Luciano Spalletti<\/strong>, nato a Certaldo, e il capitano del Napoli <strong>Giovanni Di Lorenzo<\/strong>, anch&#8217;esso di origine toscana, di Ghivizzano. Nello staff tecnico di Spalletti c\u2019\u00e8 poi il suo vice Daniele Baldini e il collaboratore Marco Domenichini, entrambi empolesi.<\/p>\n<p>Il Napoli pu\u00f2 cos\u00ec finalmente festeggiare e cucirsi sulla maglia lo scudetto che arriva dopo un&#8217;attesa lunghissima che durava <strong>da 33 anni<\/strong> (il terzo titolo dopo quelli vinti con Maradona nel 1987 e nel 1990). Un <strong>campionato dominato<\/strong>, dove la squadra azzurra ha fin dall\u2019inizio spazzato via la concorrenza e mostrato un gioco impressionate grazie ai campioni che brillano nella sua rosa: da Osimhen a <strong>Kvaratskhelia<\/strong>, da Di Lorenzo a Kim, da Lobotka ad Anguissa.<\/p>\n<figure id=\"post-285436 media-285436\" class=\"align-none\"><img decoding=\"async\" src=\"https:\/\/www.intoscana.it\/wp-content\/uploads\/napoli-scuddetto.jpeg\" alt=\"\" \/><\/figure>\n<div class=\"titleimg\">\u00a9 SSC Napoli<\/div>\n<p>Il merito per\u00f2 va a <strong>Luciano Spalletti<\/strong>, al suo secondo anno a Napoli, che ha saputo forgiare la squadra nello spirito e nel gioco. Spalletti \u00e8, infatti, un allenatore molto esperto e con una lunga carriera alle spalle. Ha guidato diverse squadre di calcio italiane, tra cui la Roma, l&#8217;Inter e la <strong>Fiorentina<\/strong>. La sua abilit\u00e0 nel motivare i giocatori e nel trovare le tattiche giuste ha sicuramente contribuito al successo del Napoli in questa stagione e gli ha permesso finalmente di vincere il suo <strong>primo scudetto<\/strong> consacrandolo come uno dei <strong>migliori allenatori italiani<\/strong>.<\/p>\n<p>Il mister a fine partita ha dedicato lo scudetto al fratello, scomparso quattro anni fa. Queste le sue parole: &#8220;<em>Per quelli abituati a lavorare duramente come sono stato abituato io, non riesco a godere delle vittorie, perch\u00e9 la felicit\u00e0 \u00e8 una cosa fugace, bisogna subito rimettersi al lavoro. Bisognerebbe fermarsi a festeggiare, ma mi viene da <strong>continuare a lavorare<\/strong>. Vedere i napoletani sorridere e felici \u00e8 la pi\u00f9 grande emozione, sono loro che trasferiscono a noi la gioia. L&#8217;importante era arrivare a questo punto, perch\u00e9 hai il sentimento di una citt\u00e0 sul groppone e <strong>non vuoi deluderla<\/strong>. Molte di queste persone nei momenti duri della loro vita riusciranno a superarli pensando al nostro scudetto. \u00c8 una <strong>responsabilit\u00e0 enorme<\/strong>, mi sento sollevato. Ai miei figli avevo detto <strong>&#8216;vado a Napoli per vincere<\/strong>, perch\u00e9 qui hanno visto giocare grandi campioni, come <strong>Maradona<\/strong>, dentro questo risultato c&#8217;\u00e8 la sua protezione&#8217;. Dediche: la prima alla squadra, che meritava questa gioia; al pubblico e a tutta Napoli. A tutti quelli che lavorano al Napoli, dai collaboratori a Giuntoli, alla societ\u00e0, a Matilde, mia figlia e tutta la famiglia, gli amici, <strong>a mio fratello Marcello<\/strong><\/em>&#8220;.<\/p>\n<p>I complimenti a Spalletti sono arrivati anche dal primo cittadino di Certaldo, <strong>Giacomo Cucini<\/strong>, che ha scritto in un post su Facebook: \u201c<em>Esultano Napoli e i napoletani<strong>. Esulta anche tutta Certaldo<\/strong>. <\/em><em>Il nostro Luciano Spalletti ha fatto la storia. Complimenti da tutta la tua comunit\u00e0. Complimenti a una squadra e una citt\u00e0 che aspettava questo momento di nuovo da oltre 30 anni<\/em>\u201d.<\/p>\n<p>Passiamo poi al calciatore <strong>Giovanni di Lorenzo<\/strong>, <strong>capitano<\/strong> del Napoli, che ha dimostrato di essere un giocatore di grande valore, non solo per le sue capacit\u00e0 difensive, ma anche per la sua abilit\u00e0 di inserirsi in fase offensiva con <strong>due gol e 4 assist<\/strong> in questa stagione. Grazie alla sua guida il Napoli \u00e8 <strong>rimasto unito<\/strong> anche nei momenti pi\u00f9 difficili e il suo contributo \u00e8 stato fondamentale per il successo e la conquista dello scudetto.<\/p>\n","protected":false},"excerpt":{"rendered":"<p>Da Certaldo a Ghivizzano fino a Empoli: i luoghi d&#8217;origine (e crescita) di Spalletti e Di Lorenzo, protagonisti dello scudetto del Napoli<\/p>\n","protected":false},"author":507,"featured_media":285435,"comment_status":"open","ping_status":"open","sticky":false,"template":"","format":"standard","meta":{"_acf_changed":false,"footnotes":""},"categories":[4],"tags":[290,4639,6612,6610,6611],"class_list":["post-285382","post","type-post","status-publish","format-standard","has-post-thumbnail","hentry","category-storie","tag-calcio","tag-certaldo","tag-luciano-spalletti","tag-napoli","tag-scudetto"],"acf":[],"yoast_head":"<!-- This site is optimized with the Yoast SEO Premium plugin v24.2 (Yoast SEO v25.6) - https:\/\/yoast.com\/wordpress\/plugins\/seo\/ -->\n<title>Scudetto Napoli: l&#039;apporto decisivo di Spalletti e Di Lorenzo, orgogliosamente toscani - intoscana<\/title>\n<meta name=\"robots\" content=\"index, follow, max-snippet:-1, max-image-preview:large, max-video-preview:-1\" \/>\n<link rel=\"canonical\" href=\"https:\/\/www.intoscana.it\/it\/scudetto-napoli-toscana\/\" \/>\n<meta property=\"og:locale\" content=\"it_IT\" \/>\n<meta property=\"og:type\" content=\"article\" \/>\n<meta property=\"og:title\" content=\"Scudetto Napoli: l&#039;apporto decisivo di Spalletti e Di Lorenzo, orgogliosamente toscani\" \/>\n<meta property=\"og:description\" content=\"Da Certaldo a Ghivizzano fino a Empoli: i luoghi d&#039;origine (e crescita) di Spalletti e Di Lorenzo, protagonisti dello scudetto del Napoli\" \/>\n<meta property=\"og:url\" content=\"https:\/\/www.intoscana.it\/it\/scudetto-napoli-toscana\/\" \/>\n<meta property=\"og:site_name\" content=\"intoscana\" \/>\n<meta property=\"article:publisher\" content=\"https:\/\/www.facebook.com\/intoscana.it\" \/>\n<meta property=\"article:published_time\" content=\"2023-05-05T11:00:39+00:00\" \/>\n<meta property=\"article:modified_time\" content=\"2023-05-05T11:18:16+00:00\" \/>\n<meta property=\"og:image\" content=\"https:\/\/www.intoscana.it\/wp-content\/uploads\/luciano-spalletti-napoli-e1683284817108.png\" \/>\n\t<meta property=\"og:image:width\" content=\"1463\" \/>\n\t<meta property=\"og:image:height\" content=\"1078\" \/>\n\t<meta property=\"og:image:type\" content=\"image\/png\" \/>\n<meta name=\"author\" content=\"Chiara Bianchini\" \/>\n<meta name=\"twitter:card\" content=\"summary_large_image\" \/>\n<meta name=\"twitter:creator\" content=\"@intoscana\" \/>\n<meta name=\"twitter:site\" content=\"@intoscana\" \/>\n<meta name=\"twitter:label1\" content=\"Written by\" \/>\n\t<meta name=\"twitter:data1\" content=\"Chiara Bianchini\" \/>\n\t<meta name=\"twitter:label2\" content=\"Est. reading time\" \/>\n\t<meta name=\"twitter:data2\" content=\"3 minuti\" \/>\n<script type=\"application\/ld+json\" class=\"yoast-schema-graph\">{\"@context\":\"https:\/\/schema.org\",\"@graph\":[{\"@type\":\"WebPage\",\"@id\":\"https:\/\/www.intoscana.it\/it\/scudetto-napoli-toscana\/\",\"url\":\"https:\/\/www.intoscana.it\/it\/scudetto-napoli-toscana\/\",\"name\":\"Scudetto Napoli: l'apporto decisivo di Spalletti e Di Lorenzo, orgogliosamente toscani - intoscana\",\"isPartOf\":{\"@id\":\"https:\/\/www.intoscana.it\/it\/#website\"},\"primaryImageOfPage\":{\"@id\":\"https:\/\/www.intoscana.it\/it\/scudetto-napoli-toscana\/#primaryimage\"},\"image\":{\"@id\":\"https:\/\/www.intoscana.it\/it\/scudetto-napoli-toscana\/#primaryimage\"},\"thumbnailUrl\":\"https:\/\/www.intoscana.it\/wp-content\/uploads\/luciano-spalletti-napoli-e1683284817108.png\",\"datePublished\":\"2023-05-05T11:00:39+00:00\",\"dateModified\":\"2023-05-05T11:18:16+00:00\",\"author\":{\"@id\":\"https:\/\/www.intoscana.it\/it\/#\/schema\/person\/010af92117f50561886339ad5b873a41\"},\"breadcrumb\":{\"@id\":\"https:\/\/www.intoscana.it\/it\/scudetto-napoli-toscana\/#breadcrumb\"},\"inLanguage\":\"it-IT\",\"potentialAction\":[{\"@type\":\"ReadAction\",\"target\":[\"https:\/\/www.intoscana.it\/it\/scudetto-napoli-toscana\/\"]}]},{\"@type\":\"ImageObject\",\"inLanguage\":\"it-IT\",\"@id\":\"https:\/\/www.intoscana.it\/it\/scudetto-napoli-toscana\/#primaryimage\",\"url\":\"https:\/\/www.intoscana.it\/wp-content\/uploads\/luciano-spalletti-napoli-e1683284817108.png\",\"contentUrl\":\"https:\/\/www.intoscana.it\/wp-content\/uploads\/luciano-spalletti-napoli-e1683284817108.png\",\"width\":1463,\"height\":1078,\"caption\":\"Luciano Spalletti\"},{\"@type\":\"BreadcrumbList\",\"@id\":\"https:\/\/www.intoscana.it\/it\/scudetto-napoli-toscana\/#breadcrumb\",\"itemListElement\":[{\"@type\":\"ListItem\",\"position\":1,\"name\":\"Home\",\"item\":\"https:\/\/www.intoscana.it\/it\/\"},{\"@type\":\"ListItem\",\"position\":2,\"name\":\"Scudetto Napoli: l&#8217;apporto decisivo di Spalletti e Di Lorenzo, orgogliosamente toscani\"}]},{\"@type\":\"WebSite\",\"@id\":\"https:\/\/www.intoscana.it\/it\/#website\",\"url\":\"https:\/\/www.intoscana.it\/it\/\",\"name\":\"intoscana\",\"description\":\"\",\"potentialAction\":[{\"@type\":\"SearchAction\",\"target\":{\"@type\":\"EntryPoint\",\"urlTemplate\":\"https:\/\/www.intoscana.it\/it\/?s={search_term_string}\"},\"query-input\":{\"@type\":\"PropertyValueSpecification\",\"valueRequired\":true,\"valueName\":\"search_term_string\"}}],\"inLanguage\":\"it-IT\"},{\"@type\":\"Person\",\"@id\":\"https:\/\/www.intoscana.it\/it\/#\/schema\/person\/010af92117f50561886339ad5b873a41\",\"name\":\"Chiara Bianchini\",\"sameAs\":[\"c.bianchini@fst.it\"],\"url\":\"https:\/\/www.intoscana.it\/it\/author\/chiara-bianchini\/\"}]}<\/script>\n<!-- \/ Yoast SEO Premium plugin. -->","yoast_head_json":{"title":"Scudetto Napoli: l'apporto decisivo di Spalletti e Di Lorenzo, orgogliosamente toscani - intoscana","robots":{"index":"index","follow":"follow","max-snippet":"max-snippet:-1","max-image-preview":"max-image-preview:large","max-video-preview":"max-video-preview:-1"},"canonical":"https:\/\/www.intoscana.it\/it\/scudetto-napoli-toscana\/","og_locale":"it_IT","og_type":"article","og_title":"Scudetto Napoli: l'apporto decisivo di Spalletti e Di Lorenzo, orgogliosamente toscani","og_description":"Da Certaldo a Ghivizzano fino a Empoli: i luoghi d'origine (e crescita) di Spalletti e Di Lorenzo, protagonisti dello scudetto del Napoli","og_url":"https:\/\/www.intoscana.it\/it\/scudetto-napoli-toscana\/","og_site_name":"intoscana","article_publisher":"https:\/\/www.facebook.com\/intoscana.it","article_published_time":"2023-05-05T11:00:39+00:00","article_modified_time":"2023-05-05T11:18:16+00:00","og_image":[{"width":1463,"height":1078,"url":"https:\/\/www.intoscana.it\/wp-content\/uploads\/luciano-spalletti-napoli-e1683284817108.png","type":"image\/png"}],"author":"Chiara Bianchini","twitter_card":"summary_large_image","twitter_creator":"@intoscana","twitter_site":"@intoscana","twitter_misc":{"Written by":"Chiara Bianchini","Est. reading time":"3 minuti"},"schema":{"@context":"https:\/\/schema.org","@graph":[{"@type":"WebPage","@id":"https:\/\/www.intoscana.it\/it\/scudetto-napoli-toscana\/","url":"https:\/\/www.intoscana.it\/it\/scudetto-napoli-toscana\/","name":"Scudetto Napoli: l'apporto decisivo di Spalletti e Di Lorenzo, orgogliosamente toscani - intoscana","isPartOf":{"@id":"https:\/\/www.intoscana.it\/it\/#website"},"primaryImageOfPage":{"@id":"https:\/\/www.intoscana.it\/it\/scudetto-napoli-toscana\/#primaryimage"},"image":{"@id":"https:\/\/www.intoscana.it\/it\/scudetto-napoli-toscana\/#primaryimage"},"thumbnailUrl":"https:\/\/www.intoscana.it\/wp-content\/uploads\/luciano-spalletti-napoli-e1683284817108.png","datePublished":"2023-05-05T11:00:39+00:00","dateModified":"2023-05-05T11:18:16+00:00","author":{"@id":"https:\/\/www.intoscana.it\/it\/#\/schema\/person\/010af92117f50561886339ad5b873a41"},"breadcrumb":{"@id":"https:\/\/www.intoscana.it\/it\/scudetto-napoli-toscana\/#breadcrumb"},"inLanguage":"it-IT","potentialAction":[{"@type":"ReadAction","target":["https:\/\/www.intoscana.it\/it\/scudetto-napoli-toscana\/"]}]},{"@type":"ImageObject","inLanguage":"it-IT","@id":"https:\/\/www.intoscana.it\/it\/scudetto-napoli-toscana\/#primaryimage","url":"https:\/\/www.intoscana.it\/wp-content\/uploads\/luciano-spalletti-napoli-e1683284817108.png","contentUrl":"https:\/\/www.intoscana.it\/wp-content\/uploads\/luciano-spalletti-napoli-e1683284817108.png","width":1463,"height":1078,"caption":"Luciano Spalletti"},{"@type":"BreadcrumbList","@id":"https:\/\/www.intoscana.it\/it\/scudetto-napoli-toscana\/#breadcrumb","itemListElement":[{"@type":"ListItem","position":1,"name":"Home","item":"https:\/\/www.intoscana.it\/it\/"},{"@type":"ListItem","position":2,"name":"Scudetto Napoli: l&#8217;apporto decisivo di Spalletti e Di Lorenzo, orgogliosamente toscani"}]},{"@type":"WebSite","@id":"https:\/\/www.intoscana.it\/it\/#website","url":"https:\/\/www.intoscana.it\/it\/","name":"intoscana","description":"","potentialAction":[{"@type":"SearchAction","target":{"@type":"EntryPoint","urlTemplate":"https:\/\/www.intoscana.it\/it\/?s={search_term_string}"},"query-input":{"@type":"PropertyValueSpecification","valueRequired":true,"valueName":"search_term_string"}}],"inLanguage":"it-IT"},{"@type":"Person","@id":"https:\/\/www.intoscana.it\/it\/#\/schema\/person\/010af92117f50561886339ad5b873a41","name":"Chiara Bianchini","sameAs":["c.bianchini@fst.it"],"url":"https:\/\/www.intoscana.it\/it\/author\/chiara-bianchini\/"}]}},"_links":{"self":[{"href":"https:\/\/www.intoscana.it\/it\/wp-json\/wp\/v2\/posts\/285382","targetHints":{"allow":["GET"]}}],"collection":[{"href":"https:\/\/www.intoscana.it\/it\/wp-json\/wp\/v2\/posts"}],"about":[{"href":"https:\/\/www.intoscana.it\/it\/wp-json\/wp\/v2\/types\/post"}],"author":[{"embeddable":true,"href":"https:\/\/www.intoscana.it\/it\/wp-json\/wp\/v2\/users\/507"}],"replies":[{"embeddable":true,"href":"https:\/\/www.intoscana.it\/it\/wp-json\/wp\/v2\/comments?post=285382"}],"version-history":[{"count":0,"href":"https:\/\/www.intoscana.it\/it\/wp-json\/wp\/v2\/posts\/285382\/revisions"}],"wp:featuredmedia":[{"embeddable":true,"href":"https:\/\/www.intoscana.it\/it\/wp-json\/wp\/v2\/media\/285435"}],"wp:attachment":[{"href":"https:\/\/www.intoscana.it\/it\/wp-json\/wp\/v2\/media?parent=285382"}],"wp:term":[{"taxonomy":"category","embeddable":true,"href":"https:\/\/www.intoscana.it\/it\/wp-json\/wp\/v2\/categories?post=285382"},{"taxonomy":"post_tag","embeddable":true,"href":"https:\/\/www.intoscana.it\/it\/wp-json\/wp\/v2\/tags?post=285382"}],"curies":[{"name":"wp","href":"https:\/\/api.w.org\/{rel}","templated":true}]}}