{"id":285569,"date":"2023-05-06T10:22:19","date_gmt":"2023-05-06T08:22:19","guid":{"rendered":"https:\/\/www.intoscana.it\/it\/?p=285569"},"modified":"2023-05-06T14:38:46","modified_gmt":"2023-05-06T12:38:46","slug":"collezione-egizia-maec","status":"publish","type":"post","link":"https:\/\/www.intoscana.it\/it\/collezione-egizia-maec\/","title":{"rendered":"Un nuovo allestimento per la Collezione Egizia del Maec di Cortona"},"content":{"rendered":"<p>Un nuovo allestimento per la<strong> Collezione Egizia del Maec<\/strong>, il Museo dell\u2019Accademia Etrusca e della citt\u00e0 di Cortona. Il percorso \u00e8 stato inaugurato ieri negli ambienti al secondo piano di Palazzo Casali e permette cos\u00ec al Maec di proporre una specifica offerta culturale dedicata all\u2019antica civilt\u00e0 degli egizi. I lavori sono stati realizzati grazie ad un cofinanziamento tra il Comune di Cortona e il Fondo Europeo di Sviluppo Regionale, relativo al progetto &#8220;Gli Etruschi in Toscana le citt\u00e0 dell\u2019Etruria&#8221;.<\/p>\n<h3>Un percorso nella storia e nella quotidianit\u00e0 degli egizi<\/h3>\n<p>L&#8217;allestimento ha interessato sale libere che sono state restaurate, dotate di tutti gli impianti, compreso quello di climatizzazione, e riallestite con un <mark>progetto espositivo e grafico per accompagnare il visitatore all\u2019interno di un racconto che lo spinge ad approfondire la conoscenza del mondo egizio,<\/mark> attraverso un percorso tra le opere esposte.<\/p>\n<p>Il progetto grafico guida il visitatore ad attraversare la storia della proposta museale, segnando il passaggio da un\u2019introduzione sulla generale questione della collezione e del collezionismo, al racconto della<strong> quotidianit\u00e0 degli egizi,<\/strong> documentati nella prima sala, quella dedicata alla vita, fino alla drammaticit\u00e0 della morte e della mummificazione, nella seconda.<\/p>\n<figure id=\"post-285576 media-285576\" class=\"align-none\">\n<p><figure style=\"width: 1350px\" class=\"wp-caption alignnone\"><img loading=\"lazy\" decoding=\"async\" src=\"https:\/\/www.intoscana.it\/wp-content\/uploads\/maec-egizia-1.jpeg\" alt=\"\" width=\"1350\" height=\"1800\" \/><figcaption class=\"wp-caption-text\">La Collezione Egizia del Maec<\/figcaption><\/figure><\/figure>\n<p>Nella prima sala, il progetto comprende quattro vetrine che raccolgono le opere della collezione e un apparato didascalico. Nella seconda sala, una grande teca accoglie la descrizione del <mark>tema dell\u2019inumazione con l\u2019esposizione di sarcofagi, mummie e arredi tombali.<\/mark><\/p>\n<p><em>\u00a0&#8220;L\u2019obiettivo \u00e8 quello di far entrare il pubblico in una suggestione avvolgente del racconto, a partire dalla prima sala, dove si parla della vita quotidiana degli egizi, fino alla seconda dove si descrivono le sepolture<\/em> &#8211; spiega l\u2019architetto curatore del progetto espositivo, Andrea Mandara &#8211; <em>in quest\u2019ultima sala prevale la presenza di una grande teca nella quale <strong>le mummie,<\/strong> prima esposte in sarcofagi singoli, ora sono esposte in una nuova ambientazione unica, nella quale si ricrea quasi l\u2019interno di una tomba, completa dei suoi arredi.&#8221;<\/em><\/p>\n<h3>Un intervento da 190mila euro<\/h3>\n<p>L\u2019investimento complessivo sfiora i <strong>190mila euro<\/strong> ed \u00e8 sostenuto dall\u2019amministrazione comunale per una quota pari al 30% del totale, mentre il restante 70% \u00e8 stato finanziato dalla <strong>Regione Toscana.<\/strong><\/p>\n<p><em>&#8220;Con questo nuovo investimento l\u2019offerta culturale del Maec cresce ulteriormente &#8211; <\/em>sottolinea il sindaco di Cortona, <strong>Luciano Meoni<\/strong><em> &#8211; dopo la realizzazione delle sale dedicate a Gino Severini e prima dell\u2019apertura della mostra dedicata a Luca Signorelli, oggi l\u2019Amministrazione comunale pone un altro mattone sul percorso di crescita del proprio patrimonio. Con queste sale possiamo offrire un\u2019esperienza pi\u00f9 accattivante per i visitatori e in particolare modo alle<strong> famiglie<\/strong>, oltre che al mondo dell\u2019istruzione.&#8221;<\/em><\/p>\n<p>&nbsp;<\/p>\n","protected":false},"excerpt":{"rendered":"<p>Il nuovo percorso si snoda attraverso due sale al secondo piano di Palazzo Casali: un vero viaggio nella vita di questa antica civilt\u00e0<\/p>\n","protected":false},"author":525,"featured_media":285577,"comment_status":"open","ping_status":"open","sticky":false,"template":"","format":"standard","meta":{"_acf_changed":false,"footnotes":""},"categories":[493],"tags":[174,2503,226],"class_list":["post-285569","post","type-post","status-publish","format-standard","has-post-thumbnail","hentry","category-cultura","tag-arte","tag-cortona","tag-musei"],"acf":[],"yoast_head":"<!-- This site is optimized with the Yoast SEO Premium plugin v24.2 (Yoast SEO v25.6) - https:\/\/yoast.com\/wordpress\/plugins\/seo\/ -->\n<title>Un nuovo allestimento per la Collezione Egizia del Maec di Cortona - intoscana<\/title>\n<meta name=\"description\" content=\"Un nuovo allestimento espositivo in due sale per la Collezione Egizia del Maec, il Museo dell&#039;Accademia Etrusca e della citt\u00e0 di Cortona.\" \/>\n<meta name=\"robots\" content=\"index, follow, max-snippet:-1, max-image-preview:large, max-video-preview:-1\" \/>\n<link rel=\"canonical\" href=\"https:\/\/www.intoscana.it\/it\/collezione-egizia-maec\/\" \/>\n<meta property=\"og:locale\" content=\"it_IT\" \/>\n<meta property=\"og:type\" content=\"article\" \/>\n<meta property=\"og:title\" content=\"Un nuovo allestimento per la Collezione Egizia del Maec di Cortona\" \/>\n<meta property=\"og:description\" content=\"Un nuovo allestimento espositivo in due sale per la Collezione Egizia del Maec, il Museo dell&#039;Accademia Etrusca e della citt\u00e0 di Cortona.\" \/>\n<meta property=\"og:url\" content=\"https:\/\/www.intoscana.it\/it\/collezione-egizia-maec\/\" \/>\n<meta property=\"og:site_name\" content=\"intoscana\" \/>\n<meta property=\"article:publisher\" content=\"https:\/\/www.facebook.com\/intoscana.it\" \/>\n<meta property=\"article:published_time\" content=\"2023-05-06T08:22:19+00:00\" \/>\n<meta property=\"article:modified_time\" content=\"2023-05-06T12:38:46+00:00\" \/>\n<meta property=\"og:image\" content=\"https:\/\/www.intoscana.it\/wp-content\/uploads\/maec-collezioneegizia.jpeg\" \/>\n\t<meta property=\"og:image:width\" content=\"1800\" \/>\n\t<meta property=\"og:image:height\" content=\"1350\" \/>\n\t<meta property=\"og:image:type\" content=\"image\/jpeg\" \/>\n<meta name=\"author\" content=\"Redazione\" \/>\n<meta name=\"twitter:card\" content=\"summary_large_image\" \/>\n<meta name=\"twitter:creator\" content=\"@intoscana\" \/>\n<meta name=\"twitter:site\" content=\"@intoscana\" \/>\n<meta name=\"twitter:label1\" content=\"Written by\" \/>\n\t<meta name=\"twitter:data1\" content=\"Redazione\" \/>\n\t<meta name=\"twitter:label2\" content=\"Est. reading time\" \/>\n\t<meta name=\"twitter:data2\" content=\"2 minuti\" \/>\n<script type=\"application\/ld+json\" class=\"yoast-schema-graph\">{\"@context\":\"https:\/\/schema.org\",\"@graph\":[{\"@type\":\"WebPage\",\"@id\":\"https:\/\/www.intoscana.it\/it\/collezione-egizia-maec\/\",\"url\":\"https:\/\/www.intoscana.it\/it\/collezione-egizia-maec\/\",\"name\":\"Un nuovo allestimento per la Collezione Egizia del Maec di Cortona - intoscana\",\"isPartOf\":{\"@id\":\"https:\/\/www.intoscana.it\/it\/#website\"},\"primaryImageOfPage\":{\"@id\":\"https:\/\/www.intoscana.it\/it\/collezione-egizia-maec\/#primaryimage\"},\"image\":{\"@id\":\"https:\/\/www.intoscana.it\/it\/collezione-egizia-maec\/#primaryimage\"},\"thumbnailUrl\":\"https:\/\/www.intoscana.it\/wp-content\/uploads\/maec-collezioneegizia.jpeg\",\"datePublished\":\"2023-05-06T08:22:19+00:00\",\"dateModified\":\"2023-05-06T12:38:46+00:00\",\"author\":{\"@id\":\"https:\/\/www.intoscana.it\/it\/#\/schema\/person\/9223810753230f20bd670fdd322661f8\"},\"description\":\"Un nuovo allestimento espositivo in due sale per la Collezione Egizia del Maec, il Museo dell'Accademia Etrusca e della citt\u00e0 di Cortona.\",\"breadcrumb\":{\"@id\":\"https:\/\/www.intoscana.it\/it\/collezione-egizia-maec\/#breadcrumb\"},\"inLanguage\":\"it-IT\",\"potentialAction\":[{\"@type\":\"ReadAction\",\"target\":[\"https:\/\/www.intoscana.it\/it\/collezione-egizia-maec\/\"]}]},{\"@type\":\"ImageObject\",\"inLanguage\":\"it-IT\",\"@id\":\"https:\/\/www.intoscana.it\/it\/collezione-egizia-maec\/#primaryimage\",\"url\":\"https:\/\/www.intoscana.it\/wp-content\/uploads\/maec-collezioneegizia.jpeg\",\"contentUrl\":\"https:\/\/www.intoscana.it\/wp-content\/uploads\/maec-collezioneegizia.jpeg\",\"width\":1800,\"height\":1350,\"caption\":\"La Collezione Egizia del Mae\"},{\"@type\":\"BreadcrumbList\",\"@id\":\"https:\/\/www.intoscana.it\/it\/collezione-egizia-maec\/#breadcrumb\",\"itemListElement\":[{\"@type\":\"ListItem\",\"position\":1,\"name\":\"Home\",\"item\":\"https:\/\/www.intoscana.it\/it\/\"},{\"@type\":\"ListItem\",\"position\":2,\"name\":\"Un nuovo allestimento per la Collezione Egizia del Maec di Cortona\"}]},{\"@type\":\"WebSite\",\"@id\":\"https:\/\/www.intoscana.it\/it\/#website\",\"url\":\"https:\/\/www.intoscana.it\/it\/\",\"name\":\"intoscana\",\"description\":\"\",\"potentialAction\":[{\"@type\":\"SearchAction\",\"target\":{\"@type\":\"EntryPoint\",\"urlTemplate\":\"https:\/\/www.intoscana.it\/it\/?s={search_term_string}\"},\"query-input\":{\"@type\":\"PropertyValueSpecification\",\"valueRequired\":true,\"valueName\":\"search_term_string\"}}],\"inLanguage\":\"it-IT\"},{\"@type\":\"Person\",\"@id\":\"https:\/\/www.intoscana.it\/it\/#\/schema\/person\/9223810753230f20bd670fdd322661f8\",\"name\":\"Redazione\",\"url\":\"https:\/\/www.intoscana.it\/it\/author\/redazione\/\"}]}<\/script>\n<!-- \/ Yoast SEO Premium plugin. -->","yoast_head_json":{"title":"Un nuovo allestimento per la Collezione Egizia del Maec di Cortona - intoscana","description":"Un nuovo allestimento espositivo in due sale per la Collezione Egizia del Maec, il Museo dell'Accademia Etrusca e della citt\u00e0 di Cortona.","robots":{"index":"index","follow":"follow","max-snippet":"max-snippet:-1","max-image-preview":"max-image-preview:large","max-video-preview":"max-video-preview:-1"},"canonical":"https:\/\/www.intoscana.it\/it\/collezione-egizia-maec\/","og_locale":"it_IT","og_type":"article","og_title":"Un nuovo allestimento per la Collezione Egizia del Maec di Cortona","og_description":"Un nuovo allestimento espositivo in due sale per la Collezione Egizia del Maec, il Museo dell'Accademia Etrusca e della citt\u00e0 di Cortona.","og_url":"https:\/\/www.intoscana.it\/it\/collezione-egizia-maec\/","og_site_name":"intoscana","article_publisher":"https:\/\/www.facebook.com\/intoscana.it","article_published_time":"2023-05-06T08:22:19+00:00","article_modified_time":"2023-05-06T12:38:46+00:00","og_image":[{"width":1800,"height":1350,"url":"https:\/\/www.intoscana.it\/wp-content\/uploads\/maec-collezioneegizia.jpeg","type":"image\/jpeg"}],"author":"Redazione","twitter_card":"summary_large_image","twitter_creator":"@intoscana","twitter_site":"@intoscana","twitter_misc":{"Written by":"Redazione","Est. reading time":"2 minuti"},"schema":{"@context":"https:\/\/schema.org","@graph":[{"@type":"WebPage","@id":"https:\/\/www.intoscana.it\/it\/collezione-egizia-maec\/","url":"https:\/\/www.intoscana.it\/it\/collezione-egizia-maec\/","name":"Un nuovo allestimento per la Collezione Egizia del Maec di Cortona - intoscana","isPartOf":{"@id":"https:\/\/www.intoscana.it\/it\/#website"},"primaryImageOfPage":{"@id":"https:\/\/www.intoscana.it\/it\/collezione-egizia-maec\/#primaryimage"},"image":{"@id":"https:\/\/www.intoscana.it\/it\/collezione-egizia-maec\/#primaryimage"},"thumbnailUrl":"https:\/\/www.intoscana.it\/wp-content\/uploads\/maec-collezioneegizia.jpeg","datePublished":"2023-05-06T08:22:19+00:00","dateModified":"2023-05-06T12:38:46+00:00","author":{"@id":"https:\/\/www.intoscana.it\/it\/#\/schema\/person\/9223810753230f20bd670fdd322661f8"},"description":"Un nuovo allestimento espositivo in due sale per la Collezione Egizia del Maec, il Museo dell'Accademia Etrusca e della citt\u00e0 di Cortona.","breadcrumb":{"@id":"https:\/\/www.intoscana.it\/it\/collezione-egizia-maec\/#breadcrumb"},"inLanguage":"it-IT","potentialAction":[{"@type":"ReadAction","target":["https:\/\/www.intoscana.it\/it\/collezione-egizia-maec\/"]}]},{"@type":"ImageObject","inLanguage":"it-IT","@id":"https:\/\/www.intoscana.it\/it\/collezione-egizia-maec\/#primaryimage","url":"https:\/\/www.intoscana.it\/wp-content\/uploads\/maec-collezioneegizia.jpeg","contentUrl":"https:\/\/www.intoscana.it\/wp-content\/uploads\/maec-collezioneegizia.jpeg","width":1800,"height":1350,"caption":"La Collezione Egizia del Mae"},{"@type":"BreadcrumbList","@id":"https:\/\/www.intoscana.it\/it\/collezione-egizia-maec\/#breadcrumb","itemListElement":[{"@type":"ListItem","position":1,"name":"Home","item":"https:\/\/www.intoscana.it\/it\/"},{"@type":"ListItem","position":2,"name":"Un nuovo allestimento per la Collezione Egizia del Maec di Cortona"}]},{"@type":"WebSite","@id":"https:\/\/www.intoscana.it\/it\/#website","url":"https:\/\/www.intoscana.it\/it\/","name":"intoscana","description":"","potentialAction":[{"@type":"SearchAction","target":{"@type":"EntryPoint","urlTemplate":"https:\/\/www.intoscana.it\/it\/?s={search_term_string}"},"query-input":{"@type":"PropertyValueSpecification","valueRequired":true,"valueName":"search_term_string"}}],"inLanguage":"it-IT"},{"@type":"Person","@id":"https:\/\/www.intoscana.it\/it\/#\/schema\/person\/9223810753230f20bd670fdd322661f8","name":"Redazione","url":"https:\/\/www.intoscana.it\/it\/author\/redazione\/"}]}},"_links":{"self":[{"href":"https:\/\/www.intoscana.it\/it\/wp-json\/wp\/v2\/posts\/285569","targetHints":{"allow":["GET"]}}],"collection":[{"href":"https:\/\/www.intoscana.it\/it\/wp-json\/wp\/v2\/posts"}],"about":[{"href":"https:\/\/www.intoscana.it\/it\/wp-json\/wp\/v2\/types\/post"}],"author":[{"embeddable":true,"href":"https:\/\/www.intoscana.it\/it\/wp-json\/wp\/v2\/users\/525"}],"replies":[{"embeddable":true,"href":"https:\/\/www.intoscana.it\/it\/wp-json\/wp\/v2\/comments?post=285569"}],"version-history":[{"count":0,"href":"https:\/\/www.intoscana.it\/it\/wp-json\/wp\/v2\/posts\/285569\/revisions"}],"wp:featuredmedia":[{"embeddable":true,"href":"https:\/\/www.intoscana.it\/it\/wp-json\/wp\/v2\/media\/285577"}],"wp:attachment":[{"href":"https:\/\/www.intoscana.it\/it\/wp-json\/wp\/v2\/media?parent=285569"}],"wp:term":[{"taxonomy":"category","embeddable":true,"href":"https:\/\/www.intoscana.it\/it\/wp-json\/wp\/v2\/categories?post=285569"},{"taxonomy":"post_tag","embeddable":true,"href":"https:\/\/www.intoscana.it\/it\/wp-json\/wp\/v2\/tags?post=285569"}],"curies":[{"name":"wp","href":"https:\/\/api.w.org\/{rel}","templated":true}]}}