{"id":285584,"date":"2023-05-06T10:41:46","date_gmt":"2023-05-06T08:41:46","guid":{"rendered":"https:\/\/www.intoscana.it\/it\/?p=285584"},"modified":"2023-05-08T11:29:31","modified_gmt":"2023-05-08T09:29:31","slug":"premio-informatica-universita-di-pisa","status":"publish","type":"post","link":"https:\/\/www.intoscana.it\/it\/premio-informatica-universita-di-pisa\/","title":{"rendered":"Due docenti dell\u2019Universit\u00e0\u00a0di\u00a0Pisa\u00a0nella storia dell\u2019informatica"},"content":{"rendered":"<p style=\"font-weight: 400;\">Due docenti dell&#8217;<strong>Universit\u00e0 di Pisa<\/strong> sono i primi italiani e i quarti europei a ricevere il <strong>\u201cParis Kanellakis Theory and Practice Award\u201d<\/strong>, il premio internazionale istituito nel 1996 che \u00e8 considerato per rilievo nel campo dell\u2019informatica secondo solo al Premio Turing.<\/p>\n<p style=\"font-weight: 400;\"><mark>I professori <strong style=\"font-weight: 400;\">Paolo Ferragina e Giovanni Manzini dell\u2019Universit\u00e0\u00a0di\u00a0Pisa<\/strong> hanno ricevuto il prestigioso riconoscimento,<\/mark> assegnato ogni anno dall&#8217;Association for Computing Machinery (ACM), che viene attribuito per <em>&#8220;specifici risultati teorici che hanno avuto un impatto significativo e dimostrabile sulla pratica dell&#8217;informatica\u201d<\/em>.<\/p>\n<h3>Premiati per l&#8217;invenzione dell&#8217;FM-index<\/h3>\n<p style=\"font-weight: 400;\">I professori Ferragina e Manzini sono stati premiati per <strong>l\u2019invenzione dell\u2019FM-index<\/strong>, con risultati scientifici che hanno rivoluzionato la compressione dati e le applicazioni dell\u2019informatica alla genomica. Oltre ai due docenti del Dipartimento di Informatica, il premio \u00e8 stato assegnato anche a <strong>Michael Burrows<\/strong>, ricercatore inglese che lavora a Google.<\/p>\n<p style=\"font-weight: 400;\">Nel 1994 Michael Burrows e David Wheeler (scomparso nel 2004) hanno pubblicato un articolo che descriveva un rivoluzionario algoritmo di compressione dati basato su una trasformata reversibile dell&#8217;input, in seguito chiamato &#8220;Burrows-Wheeler Transform&#8221;.<br \/>\nNel 2000 Paolo Ferragina e Giovanni Manzini hanno esteso il risultato di Burrows e Wheeler con nuove tecniche algoritmiche, mostrando come costruire un <mark>\u201cindice compresso\u201d, in seguito chiamato FM-index dalle iniziali dei due ricercatori, che supportava ricerche veloci nel testo usando uno spazio asintoticamente uguale a quello dei migliori compressori noti.<\/mark><\/p>\n<p style=\"font-weight: 400;\"><em>\u201cIl premio<\/em> \u2013 ha detto il professor\u00a0<strong>Giovanni Manzini<\/strong> &#8211; <em>\u00e8 un riconoscimento agli studi nei settori della compressione dati e dei motori di ricerca, sui quali la comunit\u00e0 italiana \u00e8 sempre stata all\u2019avanguardia e ha espresso negli anni risultati scientifici molto apprezzati a livello internazionale. Questa tradizione ha ispirato e nutrito le nostre ricerche di inizio anni 2000 e tutta la nostra attivit\u00e0 di ricerca successiva.\u201d<\/em><\/p>\n<h3>Il primato di Pisa nell&#8217;informatica<\/h3>\n<p style=\"font-weight: 400;\">Oltre alla sua importanza teorica, la semplicit\u00e0 e l&#8217;efficacia dell\u2019FM-index lo hanno reso una scelta molto diffusa per la realizzazione di strumenti software che lavorano su <strong>Big Data<\/strong>, con rivoluzionarie applicazioni nella genomica, come i tool BowTie e BWA che sono oggi gli strumenti pi\u00f9 usati per l\u2019allineamento di sequenze di <strong>DNA.<\/strong><\/p>\n<p style=\"font-weight: 400;\"><em>&#8220;Questo premio ha radici profonde, che derivano dalla grande tradizione e dai primati che l\u2019Ateneo e Pisa vantano nell\u2019informatica<\/em> &#8211; sottolinea il rettore <strong>Riccardo Zucchi<\/strong> &#8211; <mark><em>a partire dalla Calcolatrice Elettronica Pisana (la CEP) di met\u00e0 anni Cinquanta del secolo scorso, dal primo corso di laurea italiano in Informatica e dal<a href=\"https:\/\/www.intoscana.it\/it\/articolo\/35-anni-fa-a-pisa-litalia-si-collego-per-la-prima-volta-a-internet\/\" target=\"_blank\" rel=\"noopener\"> primo collegamento alla rete Internet in Italia<\/a>.<\/mark> Anche oggi il settore informatico pisano conferma di saper raccogliere e rilanciare le sfide del futuro, con un un prestigio che ci viene riconosciuto in tutto il mondo\u201d.<\/em><\/p>\n<p style=\"font-weight: 400;\"><em>\u201cIl premio<\/em> \u2013 ha aggiunto il professor\u00a0<strong>Paolo Ferragina<\/strong>\u00a0&#8211; <em>\u00e8 frutto\u00a0di\u00a0una ricerca che \u00e8 nata ed \u00e8 stata condotta in Italia, in un ambiente fertile\u00a0di\u00a0iniziative e collaborazioni, quale il nostro Dipartimento\u00a0di\u00a0Informatica. Speriamo che questo riconoscimento sia\u00a0di\u00a0stimolo per i giovani ricercatori e per le future generazioni\u00a0di\u00a0studenti che sceglieranno\u00a0Pisa\u00a0per i loro studi informatici\u201d.<\/em><\/p>\n","protected":false},"excerpt":{"rendered":"<p>I professori Paolo Ferragina e Giovanni Manzini sono i primi italiani a ricevere il prestigioso premio internazionale \u201cACM Paris Kanellakis Award\u201d<\/p>\n","protected":false},"author":525,"featured_media":285589,"comment_status":"open","ping_status":"open","sticky":false,"template":"","format":"standard","meta":{"_acf_changed":false,"footnotes":""},"categories":[475],"tags":[213,368],"class_list":["post-285584","post","type-post","status-publish","format-standard","has-post-thumbnail","hentry","category-innovazione","tag-ricerca","tag-universita-di-pisa"],"acf":[],"yoast_head":"<!-- This site is optimized with the Yoast SEO Premium plugin v24.2 (Yoast SEO v25.6) - https:\/\/yoast.com\/wordpress\/plugins\/seo\/ -->\n<title>Due docenti dell\u2019Universit\u00e0\u00a0di\u00a0Pisa\u00a0nella storia dell\u2019informatica - intoscana<\/title>\n<meta name=\"description\" content=\"I professori Ferragina e Manzini dell&#039;Universit\u00e0 di Pisa sono i primi italiani a ricevere il premio per l&#039;informatica \u201cACM Paris Kanellakis\u201d.\" \/>\n<meta name=\"robots\" content=\"index, follow, max-snippet:-1, max-image-preview:large, max-video-preview:-1\" \/>\n<link rel=\"canonical\" href=\"https:\/\/www.intoscana.it\/it\/premio-informatica-universita-di-pisa\/\" \/>\n<meta property=\"og:locale\" content=\"it_IT\" \/>\n<meta property=\"og:type\" content=\"article\" \/>\n<meta property=\"og:title\" content=\"Due docenti dell\u2019Universit\u00e0\u00a0di\u00a0Pisa\u00a0nella storia dell\u2019informatica\" \/>\n<meta property=\"og:description\" content=\"I professori Ferragina e Manzini dell&#039;Universit\u00e0 di Pisa sono i primi italiani a ricevere il premio per l&#039;informatica \u201cACM Paris Kanellakis\u201d.\" \/>\n<meta property=\"og:url\" content=\"https:\/\/www.intoscana.it\/it\/premio-informatica-universita-di-pisa\/\" \/>\n<meta property=\"og:site_name\" content=\"intoscana\" \/>\n<meta property=\"article:publisher\" content=\"https:\/\/www.facebook.com\/intoscana.it\" \/>\n<meta property=\"article:published_time\" content=\"2023-05-06T08:41:46+00:00\" \/>\n<meta property=\"article:modified_time\" content=\"2023-05-08T09:29:31+00:00\" \/>\n<meta property=\"og:image\" content=\"https:\/\/www.intoscana.it\/wp-content\/uploads\/Ferragina-e-Manzini-davanti-alla-Calcolatrice-Elettronica-Pisana-CEP-custodita-al-Museo-degli-strumenti-per-il-calcolo-dellUniversita\u0300-di-Pisa.jpg\" \/>\n\t<meta property=\"og:image:width\" content=\"1280\" \/>\n\t<meta property=\"og:image:height\" content=\"853\" \/>\n\t<meta property=\"og:image:type\" content=\"image\/jpeg\" \/>\n<meta name=\"author\" content=\"Redazione\" \/>\n<meta name=\"twitter:card\" content=\"summary_large_image\" \/>\n<meta name=\"twitter:creator\" content=\"@intoscana\" \/>\n<meta name=\"twitter:site\" content=\"@intoscana\" \/>\n<meta name=\"twitter:label1\" content=\"Written by\" \/>\n\t<meta name=\"twitter:data1\" content=\"Redazione\" \/>\n\t<meta name=\"twitter:label2\" content=\"Est. reading time\" \/>\n\t<meta name=\"twitter:data2\" content=\"2 minuti\" \/>\n<script type=\"application\/ld+json\" class=\"yoast-schema-graph\">{\"@context\":\"https:\/\/schema.org\",\"@graph\":[{\"@type\":\"WebPage\",\"@id\":\"https:\/\/www.intoscana.it\/it\/premio-informatica-universita-di-pisa\/\",\"url\":\"https:\/\/www.intoscana.it\/it\/premio-informatica-universita-di-pisa\/\",\"name\":\"Due docenti dell\u2019Universit\u00e0\u00a0di\u00a0Pisa\u00a0nella storia dell\u2019informatica - intoscana\",\"isPartOf\":{\"@id\":\"https:\/\/www.intoscana.it\/it\/#website\"},\"primaryImageOfPage\":{\"@id\":\"https:\/\/www.intoscana.it\/it\/premio-informatica-universita-di-pisa\/#primaryimage\"},\"image\":{\"@id\":\"https:\/\/www.intoscana.it\/it\/premio-informatica-universita-di-pisa\/#primaryimage\"},\"thumbnailUrl\":\"https:\/\/www.intoscana.it\/wp-content\/uploads\/Ferragina-e-Manzini-davanti-alla-Calcolatrice-Elettronica-Pisana-CEP-custodita-al-Museo-degli-strumenti-per-il-calcolo-dellUniversita\u0300-di-Pisa.jpg\",\"datePublished\":\"2023-05-06T08:41:46+00:00\",\"dateModified\":\"2023-05-08T09:29:31+00:00\",\"author\":{\"@id\":\"https:\/\/www.intoscana.it\/it\/#\/schema\/person\/9223810753230f20bd670fdd322661f8\"},\"description\":\"I professori Ferragina e Manzini dell'Universit\u00e0 di Pisa sono i primi italiani a ricevere il premio per l'informatica \u201cACM Paris Kanellakis\u201d.\",\"breadcrumb\":{\"@id\":\"https:\/\/www.intoscana.it\/it\/premio-informatica-universita-di-pisa\/#breadcrumb\"},\"inLanguage\":\"it-IT\",\"potentialAction\":[{\"@type\":\"ReadAction\",\"target\":[\"https:\/\/www.intoscana.it\/it\/premio-informatica-universita-di-pisa\/\"]}]},{\"@type\":\"ImageObject\",\"inLanguage\":\"it-IT\",\"@id\":\"https:\/\/www.intoscana.it\/it\/premio-informatica-universita-di-pisa\/#primaryimage\",\"url\":\"https:\/\/www.intoscana.it\/wp-content\/uploads\/Ferragina-e-Manzini-davanti-alla-Calcolatrice-Elettronica-Pisana-CEP-custodita-al-Museo-degli-strumenti-per-il-calcolo-dellUniversita\u0300-di-Pisa.jpg\",\"contentUrl\":\"https:\/\/www.intoscana.it\/wp-content\/uploads\/Ferragina-e-Manzini-davanti-alla-Calcolatrice-Elettronica-Pisana-CEP-custodita-al-Museo-degli-strumenti-per-il-calcolo-dellUniversita\u0300-di-Pisa.jpg\",\"width\":1280,\"height\":853,\"caption\":\"I professori Ferragina e Manzini al Museo degli strumenti per il calcolo dell\u2019Universita\u0300 di Pisa\"},{\"@type\":\"BreadcrumbList\",\"@id\":\"https:\/\/www.intoscana.it\/it\/premio-informatica-universita-di-pisa\/#breadcrumb\",\"itemListElement\":[{\"@type\":\"ListItem\",\"position\":1,\"name\":\"Home\",\"item\":\"https:\/\/www.intoscana.it\/it\/\"},{\"@type\":\"ListItem\",\"position\":2,\"name\":\"Due docenti dell\u2019Universit\u00e0\u00a0di\u00a0Pisa\u00a0nella storia dell\u2019informatica\"}]},{\"@type\":\"WebSite\",\"@id\":\"https:\/\/www.intoscana.it\/it\/#website\",\"url\":\"https:\/\/www.intoscana.it\/it\/\",\"name\":\"intoscana\",\"description\":\"\",\"potentialAction\":[{\"@type\":\"SearchAction\",\"target\":{\"@type\":\"EntryPoint\",\"urlTemplate\":\"https:\/\/www.intoscana.it\/it\/?s={search_term_string}\"},\"query-input\":{\"@type\":\"PropertyValueSpecification\",\"valueRequired\":true,\"valueName\":\"search_term_string\"}}],\"inLanguage\":\"it-IT\"},{\"@type\":\"Person\",\"@id\":\"https:\/\/www.intoscana.it\/it\/#\/schema\/person\/9223810753230f20bd670fdd322661f8\",\"name\":\"Redazione\",\"url\":\"https:\/\/www.intoscana.it\/it\/author\/redazione\/\"}]}<\/script>\n<!-- \/ Yoast SEO Premium plugin. -->","yoast_head_json":{"title":"Due docenti dell\u2019Universit\u00e0\u00a0di\u00a0Pisa\u00a0nella storia dell\u2019informatica - intoscana","description":"I professori Ferragina e Manzini dell'Universit\u00e0 di Pisa sono i primi italiani a ricevere il premio per l'informatica \u201cACM Paris Kanellakis\u201d.","robots":{"index":"index","follow":"follow","max-snippet":"max-snippet:-1","max-image-preview":"max-image-preview:large","max-video-preview":"max-video-preview:-1"},"canonical":"https:\/\/www.intoscana.it\/it\/premio-informatica-universita-di-pisa\/","og_locale":"it_IT","og_type":"article","og_title":"Due docenti dell\u2019Universit\u00e0\u00a0di\u00a0Pisa\u00a0nella storia dell\u2019informatica","og_description":"I professori Ferragina e Manzini dell'Universit\u00e0 di Pisa sono i primi italiani a ricevere il premio per l'informatica \u201cACM Paris Kanellakis\u201d.","og_url":"https:\/\/www.intoscana.it\/it\/premio-informatica-universita-di-pisa\/","og_site_name":"intoscana","article_publisher":"https:\/\/www.facebook.com\/intoscana.it","article_published_time":"2023-05-06T08:41:46+00:00","article_modified_time":"2023-05-08T09:29:31+00:00","og_image":[{"width":1280,"height":853,"url":"https:\/\/www.intoscana.it\/wp-content\/uploads\/Ferragina-e-Manzini-davanti-alla-Calcolatrice-Elettronica-Pisana-CEP-custodita-al-Museo-degli-strumenti-per-il-calcolo-dellUniversita\u0300-di-Pisa.jpg","type":"image\/jpeg"}],"author":"Redazione","twitter_card":"summary_large_image","twitter_creator":"@intoscana","twitter_site":"@intoscana","twitter_misc":{"Written by":"Redazione","Est. reading time":"2 minuti"},"schema":{"@context":"https:\/\/schema.org","@graph":[{"@type":"WebPage","@id":"https:\/\/www.intoscana.it\/it\/premio-informatica-universita-di-pisa\/","url":"https:\/\/www.intoscana.it\/it\/premio-informatica-universita-di-pisa\/","name":"Due docenti dell\u2019Universit\u00e0\u00a0di\u00a0Pisa\u00a0nella storia dell\u2019informatica - intoscana","isPartOf":{"@id":"https:\/\/www.intoscana.it\/it\/#website"},"primaryImageOfPage":{"@id":"https:\/\/www.intoscana.it\/it\/premio-informatica-universita-di-pisa\/#primaryimage"},"image":{"@id":"https:\/\/www.intoscana.it\/it\/premio-informatica-universita-di-pisa\/#primaryimage"},"thumbnailUrl":"https:\/\/www.intoscana.it\/wp-content\/uploads\/Ferragina-e-Manzini-davanti-alla-Calcolatrice-Elettronica-Pisana-CEP-custodita-al-Museo-degli-strumenti-per-il-calcolo-dellUniversita\u0300-di-Pisa.jpg","datePublished":"2023-05-06T08:41:46+00:00","dateModified":"2023-05-08T09:29:31+00:00","author":{"@id":"https:\/\/www.intoscana.it\/it\/#\/schema\/person\/9223810753230f20bd670fdd322661f8"},"description":"I professori Ferragina e Manzini dell'Universit\u00e0 di Pisa sono i primi italiani a ricevere il premio per l'informatica \u201cACM Paris Kanellakis\u201d.","breadcrumb":{"@id":"https:\/\/www.intoscana.it\/it\/premio-informatica-universita-di-pisa\/#breadcrumb"},"inLanguage":"it-IT","potentialAction":[{"@type":"ReadAction","target":["https:\/\/www.intoscana.it\/it\/premio-informatica-universita-di-pisa\/"]}]},{"@type":"ImageObject","inLanguage":"it-IT","@id":"https:\/\/www.intoscana.it\/it\/premio-informatica-universita-di-pisa\/#primaryimage","url":"https:\/\/www.intoscana.it\/wp-content\/uploads\/Ferragina-e-Manzini-davanti-alla-Calcolatrice-Elettronica-Pisana-CEP-custodita-al-Museo-degli-strumenti-per-il-calcolo-dellUniversita\u0300-di-Pisa.jpg","contentUrl":"https:\/\/www.intoscana.it\/wp-content\/uploads\/Ferragina-e-Manzini-davanti-alla-Calcolatrice-Elettronica-Pisana-CEP-custodita-al-Museo-degli-strumenti-per-il-calcolo-dellUniversita\u0300-di-Pisa.jpg","width":1280,"height":853,"caption":"I professori Ferragina e Manzini al Museo degli strumenti per il calcolo dell\u2019Universita\u0300 di Pisa"},{"@type":"BreadcrumbList","@id":"https:\/\/www.intoscana.it\/it\/premio-informatica-universita-di-pisa\/#breadcrumb","itemListElement":[{"@type":"ListItem","position":1,"name":"Home","item":"https:\/\/www.intoscana.it\/it\/"},{"@type":"ListItem","position":2,"name":"Due docenti dell\u2019Universit\u00e0\u00a0di\u00a0Pisa\u00a0nella storia dell\u2019informatica"}]},{"@type":"WebSite","@id":"https:\/\/www.intoscana.it\/it\/#website","url":"https:\/\/www.intoscana.it\/it\/","name":"intoscana","description":"","potentialAction":[{"@type":"SearchAction","target":{"@type":"EntryPoint","urlTemplate":"https:\/\/www.intoscana.it\/it\/?s={search_term_string}"},"query-input":{"@type":"PropertyValueSpecification","valueRequired":true,"valueName":"search_term_string"}}],"inLanguage":"it-IT"},{"@type":"Person","@id":"https:\/\/www.intoscana.it\/it\/#\/schema\/person\/9223810753230f20bd670fdd322661f8","name":"Redazione","url":"https:\/\/www.intoscana.it\/it\/author\/redazione\/"}]}},"_links":{"self":[{"href":"https:\/\/www.intoscana.it\/it\/wp-json\/wp\/v2\/posts\/285584","targetHints":{"allow":["GET"]}}],"collection":[{"href":"https:\/\/www.intoscana.it\/it\/wp-json\/wp\/v2\/posts"}],"about":[{"href":"https:\/\/www.intoscana.it\/it\/wp-json\/wp\/v2\/types\/post"}],"author":[{"embeddable":true,"href":"https:\/\/www.intoscana.it\/it\/wp-json\/wp\/v2\/users\/525"}],"replies":[{"embeddable":true,"href":"https:\/\/www.intoscana.it\/it\/wp-json\/wp\/v2\/comments?post=285584"}],"version-history":[{"count":0,"href":"https:\/\/www.intoscana.it\/it\/wp-json\/wp\/v2\/posts\/285584\/revisions"}],"wp:featuredmedia":[{"embeddable":true,"href":"https:\/\/www.intoscana.it\/it\/wp-json\/wp\/v2\/media\/285589"}],"wp:attachment":[{"href":"https:\/\/www.intoscana.it\/it\/wp-json\/wp\/v2\/media?parent=285584"}],"wp:term":[{"taxonomy":"category","embeddable":true,"href":"https:\/\/www.intoscana.it\/it\/wp-json\/wp\/v2\/categories?post=285584"},{"taxonomy":"post_tag","embeddable":true,"href":"https:\/\/www.intoscana.it\/it\/wp-json\/wp\/v2\/tags?post=285584"}],"curies":[{"name":"wp","href":"https:\/\/api.w.org\/{rel}","templated":true}]}}